{"id":154844,"date":"2026-01-14T13:45:00","date_gmt":"2026-01-14T16:45:00","guid":{"rendered":"https:\/\/www.em.com.br\/emfoco\/?p=154844"},"modified":"2026-01-13T19:56:10","modified_gmt":"2026-01-13T22:56:10","slug":"a-marca-de-roupas-mais-popular-do-pais-comeca-a-fechar-mais-de-130-lojas","status":"publish","type":"post","link":"https:\/\/www.em.com.br\/emfoco\/2026\/01\/14\/a-marca-de-roupas-mais-popular-do-pais-comeca-a-fechar-mais-de-130-lojas\/","title":{"rendered":"A marca de roupas mais popular do pa\u00eds come\u00e7a a fechar mais de 130 lojas"},"content":{"rendered":"\n<p>A decis\u00e3o de fechar dezenas de lojas f\u00edsicas de uma grande rede varejista de moda nos Estados Unidos exp\u00f5e um movimento mais amplo e atual de transforma\u00e7\u00e3o do com\u00e9rcio. A <strong>Macy\u2019s<\/strong>, uma das marcas mais tradicionais do setor, vem reduzindo sua presen\u00e7a em shoppings e centros comerciais desde 2024, em resposta \u00e0 mudan\u00e7a no comportamento de compra, ao avan\u00e7o do com\u00e9rcio eletr\u00f4nico e \u00e0 press\u00e3o por opera\u00e7\u00f5es mais enxutas e eficientes.<\/p>\n\n\n\n<h2 class=\"wp-block-heading\">O que est\u00e1 por tr\u00e1s do fechamento de lojas da Macy\u2019s<\/h2>\n\n\n\n<p>O fechamento de lojas da Macy\u2019s est\u00e1 ligado a mudan\u00e7as estruturais no varejo de moda e \u00e0 necessidade de adapta\u00e7\u00e3o a um consumidor hiperconectado. A expans\u00e3o acelerada do com\u00e9rcio online, o aumento dos custos operacionais e a urg\u00eancia em modernizar a experi\u00eancia de compra levaram a companhia a rever sua rede f\u00edsica e priorizar canais digitais.<\/p>\n\n\n\n<p>O processo come\u00e7ou com o fechamento de 14 lojas em 12 estados, incluindo <strong>Calif\u00f3rnia<\/strong>, <strong>Nova York<\/strong>, <strong>Texas <\/strong>e <strong>Nova Jersey<\/strong>, dentro da estrat\u00e9gia <strong>Bold New Chapter<\/strong>. O plano prev\u00ea o encerramento gradual de cerca de 150 unidades com baixo desempenho at\u00e9 2026, focando em espa\u00e7os mais compactos, integra\u00e7\u00e3o entre loja f\u00edsica e ambiente digital e fortalecimento de pontos de venda mais rent\u00e1veis.<\/p>\n\n\n\n<figure class=\"wp-block-image\"><img decoding=\"async\" src=\"https:\/\/www.em.com.br\/emfoco\/wp-content\/uploads\/2026\/01\/Gemini_Generated_Image_rvzb0rvzb0rvzb0r-1-1024x576.png\" alt=\"\"\/><figcaption class=\"wp-element-caption\">Lojas fecham e o varejo nunca mais ser\u00e1 o mesmo<\/figcaption><\/figure>\n\n\n\n<h2 class=\"wp-block-heading\">Principais fatores que explicam a reestrutura\u00e7\u00e3o<\/h2>\n\n\n\n<p>A Macy\u2019s n\u00e3o \u00e9 um caso isolado, mas um s\u00edmbolo de um varejo em redesenho acelerado. A empresa, assim como outros grandes players, responde a press\u00f5es tecnol\u00f3gicas, econ\u00f4micas e comportamentais que tornam invi\u00e1vel manter uma rede extensa de lojas f\u00edsicas com baixa rentabilidade.<\/p>\n\n\n\n<p>Entre os fatores que impulsionam essa reestrutura\u00e7\u00e3o, alguns se destacam pela for\u00e7a com que mudam o jogo competitivo:<\/p>\n\n\n\n<ul class=\"wp-block-list\">\n<li><strong>Migra\u00e7\u00e3o para o e-commerce:<\/strong>\u00a0parte relevante das vendas de roupas e acess\u00f3rios passou a ser feita pela internet, com entrega r\u00e1pida e m\u00faltiplas op\u00e7\u00f5es de pagamento.<\/li>\n\n\n\n<li><strong>Custos fixos elevados:<\/strong>\u00a0alugu\u00e9is em shoppings, energia, manuten\u00e7\u00e3o e folha de pagamento pressionam a margem de lucro das lojas tradicionais.<\/li>\n\n\n\n<li><strong>Mudan\u00e7a no h\u00e1bito de consumo:<\/strong>\u00a0consumidores comparam pre\u00e7os em tempo real, buscam promo\u00e7\u00f5es constantes e valorizam conveni\u00eancia, o que favorece plataformas digitais.<\/li>\n\n\n\n<li><strong>Concorr\u00eancia mais intensa:<\/strong>\u00a0grandes varejistas online e marcas que vendem diretamente ao consumidor ampliaram a disputa por p\u00fablico e por pre\u00e7os.<\/li>\n<\/ul>\n\n\n\n<h2 class=\"wp-block-heading\">Como o fechamento impacta empregos e economias locais<\/h2>\n\n\n\n<p>O impacto imediato do fechamento de lojas da Macy\u2019s recai sobre o emprego e o entorno econ\u00f4mico. Cada unidade encerra dezenas ou at\u00e9 centenas de postos de trabalho, afetando vendedores, equipes de estoque, gerentes e profissionais de apoio, sobretudo em cidades menores que dependem do setor de servi\u00e7os.<\/p>\n\n\n\n<p>A sa\u00edda de uma \u00e2ncora varejista tamb\u00e9m reduz o fluxo de consumidores em shoppings e centros comerciais, afetando restaurantes, quiosques e pequenas lojas vizinhas. Embora parte do consumo migre para o e-commerce da pr\u00f3pria Macy\u2019s e de concorrentes digitais, munic\u00edpios podem sentir queda na arrecada\u00e7\u00e3o de impostos e aumento da press\u00e3o por recoloca\u00e7\u00e3o profissional.<\/p>\n\n\n\n<figure class=\"wp-block-image\"><img decoding=\"async\" src=\"https:\/\/www.em.com.br\/emfoco\/wp-content\/uploads\/2025\/07\/loja-falida_1752499313198-1024x576.jpg\" alt=\"\"\/><figcaption class=\"wp-element-caption\">Lojas est\u00e3o encerrando suas atividades &#8211; Cr\u00e9ditos: depositphotos.com \/ buecax<\/figcaption><\/figure>\n\n\n\n<h2 class=\"wp-block-heading\">Que futuro o Bold New Chapter indica para o varejo de moda<\/h2>\n\n\n\n<p>A estrat\u00e9gia Bold New Chapter aponta para um varejo com menos lojas f\u00edsicas, mais tecnologia e opera\u00e7\u00f5es h\u00edbridas. Em vez de grandes lojas de departamento, ganham for\u00e7a unidades menores, sortimento ajustado ao perfil local, retirada de compras online e servi\u00e7os personalizados em formato de showroom.<\/p>\n\n\n\n<p>Al\u00e9m disso, cresce o uso de dados para decidir onde abrir ou fechar unidades, assim como o investimento em automa\u00e7\u00e3o, autoatendimento e parcerias com marketplaces. A combina\u00e7\u00e3o entre loja f\u00edsica, com\u00e9rcio eletr\u00f4nico e novos formatos de atendimento tende a definir quais marcas permanecer\u00e3o relevantes nos pr\u00f3ximos anos.<\/p>\n\n\n\n<h2 class=\"wp-block-heading\">Como as comunidades podem reagir e se adaptar a esse cen\u00e1rio<\/h2>\n\n\n\n<p>Em muitas cidades, a Macy\u2019s tinha papel simb\u00f3lico e funcionava como ponto de encontro e refer\u00eancia de identidade comercial. O encerramento dessas unidades exige que comunidades, shoppings e gestores p\u00fablicos repensem o uso de grandes espa\u00e7os, que podem ser convertidos em centros de servi\u00e7os, lazer, escrit\u00f3rios compartilhados ou novos formatos de varejo.<\/p>\n\n\n\n<p>Esse \u00e9 um momento decisivo: ignorar a transforma\u00e7\u00e3o acelera perdas, enquanto agir r\u00e1pido pode gerar novas oportunidades de neg\u00f3cios, emprego e inova\u00e7\u00e3o local. Se voc\u00ea atua em varejo, gest\u00e3o p\u00fablica ou desenvolvimento regional, o tempo de reagir \u00e9 agora \u2014 analise seu territ\u00f3rio, busque parcerias e redesenhe estrat\u00e9gias antes que a pr\u00f3xima onda de fechamento chegue \u00e0 sua porta.<\/p>\n\n\n\n<p><\/p>\n","protected":false},"excerpt":{"rendered":"<p>A decis\u00e3o de fechar dezenas de lojas f\u00edsicas de uma grande rede varejista de moda nos Estados Unidos exp\u00f5e um movimento mais amplo e atual de transforma\u00e7\u00e3o do com\u00e9rcio. A Macy\u2019s, uma das marcas mais tradicionais do setor, vem reduzindo sua presen\u00e7a em shoppings e centros comerciais desde 2024, em resposta \u00e0 mudan\u00e7a no comportamento [&hellip;]<\/p>\n","protected":false},"author":11,"featured_media":154847,"comment_status":"open","ping_status":"open","sticky":false,"template":"","format":"standard","meta":{"jnews-multi-image_gallery":[],"jnews_single_post":{"format":"standard"},"jnews_primary_category":[],"jnews_social_meta":[],"jnews_override_counter":[],"footnotes":""},"categories":[28,1],"tags":[4996,5478,21364,4302],"class_list":["post-154844","post","type-post","status-publish","format-standard","has-post-thumbnail","hentry","category-economia","category-noticias","tag-crise","tag-falencia","tag-fechamento-de-lojas","tag-varejo"],"yoast_head":"<!-- This site is optimized with the Yoast SEO plugin v23.8 - https:\/\/yoast.com\/wordpress\/plugins\/seo\/ -->\n<title>A marca de roupas mais popular do pa\u00eds come\u00e7a a fechar mais de 130 lojas - Estado de Minas - Em foco<\/title>\n<meta name=\"description\" content=\"Com o avan\u00e7o do e-commerce, a Macy\u2019s reduz presen\u00e7a f\u00edsica e aposta em um novo modelo de neg\u00f3cios. Veja o que muda.\" \/>\n<meta name=\"robots\" content=\"index, follow, max-snippet:-1, max-image-preview:large, max-video-preview:-1\" \/>\n<link rel=\"canonical\" href=\"https:\/\/www.em.com.br\/emfoco\/2026\/01\/14\/a-marca-de-roupas-mais-popular-do-pais-comeca-a-fechar-mais-de-130-lojas\/\" \/>\n<meta property=\"og:locale\" content=\"pt_BR\" \/>\n<meta property=\"og:type\" content=\"article\" \/>\n<meta property=\"og:title\" content=\"A marca de roupas mais popular do pa\u00eds come\u00e7a a fechar mais de 130 lojas - Estado de Minas - Em foco\" \/>\n<meta property=\"og:description\" content=\"Com o avan\u00e7o do e-commerce, a Macy\u2019s reduz presen\u00e7a f\u00edsica e aposta em um novo modelo de neg\u00f3cios. Veja o que muda.\" \/>\n<meta property=\"og:url\" content=\"https:\/\/www.em.com.br\/emfoco\/2026\/01\/14\/a-marca-de-roupas-mais-popular-do-pais-comeca-a-fechar-mais-de-130-lojas\/\" \/>\n<meta property=\"og:site_name\" content=\"Estado de Minas - Em foco\" \/>\n<meta property=\"article:published_time\" content=\"2026-01-14T16:45:00+00:00\" \/>\n<meta property=\"article:modified_time\" content=\"2026-01-13T22:56:10+00:00\" \/>\n<meta property=\"og:image\" content=\"https:\/\/www.em.com.br\/emfoco\/wp-content\/uploads\/2026\/01\/Gemini_Generated_Image_ybzr6fybzr6fybzr-1.png\" \/>\n\t<meta property=\"og:image:width\" content=\"1280\" \/>\n\t<meta property=\"og:image:height\" content=\"720\" \/>\n\t<meta property=\"og:image:type\" content=\"image\/png\" \/>\n<meta name=\"author\" content=\"Andre\u0301 Rangel\u00a0\" \/>\n<meta name=\"twitter:card\" content=\"summary_large_image\" \/>\n<meta name=\"twitter:label1\" content=\"Escrito por\" \/>\n\t<meta name=\"twitter:data1\" content=\"Andre\u0301 Rangel\u00a0\" \/>\n\t<meta name=\"twitter:label2\" content=\"Est. tempo de leitura\" \/>\n\t<meta name=\"twitter:data2\" content=\"5 minutos\" \/>\n<!-- \/ Yoast SEO plugin. -->","yoast_head_json":{"title":"A marca de roupas mais popular do pa\u00eds come\u00e7a a fechar mais de 130 lojas - Estado de Minas - Em foco","description":"Com o avan\u00e7o do e-commerce, a Macy\u2019s reduz presen\u00e7a f\u00edsica e aposta em um novo modelo de neg\u00f3cios. Veja o que muda.","robots":{"index":"index","follow":"follow","max-snippet":"max-snippet:-1","max-image-preview":"max-image-preview:large","max-video-preview":"max-video-preview:-1"},"canonical":"https:\/\/www.em.com.br\/emfoco\/2026\/01\/14\/a-marca-de-roupas-mais-popular-do-pais-comeca-a-fechar-mais-de-130-lojas\/","og_locale":"pt_BR","og_type":"article","og_title":"A marca de roupas mais popular do pa\u00eds come\u00e7a a fechar mais de 130 lojas - Estado de Minas - Em foco","og_description":"Com o avan\u00e7o do e-commerce, a Macy\u2019s reduz presen\u00e7a f\u00edsica e aposta em um novo modelo de neg\u00f3cios. Veja o que muda.","og_url":"https:\/\/www.em.com.br\/emfoco\/2026\/01\/14\/a-marca-de-roupas-mais-popular-do-pais-comeca-a-fechar-mais-de-130-lojas\/","og_site_name":"Estado de Minas - Em foco","article_published_time":"2026-01-14T16:45:00+00:00","article_modified_time":"2026-01-13T22:56:10+00:00","og_image":[{"width":1280,"height":720,"url":"https:\/\/www.em.com.br\/emfoco\/wp-content\/uploads\/2026\/01\/Gemini_Generated_Image_ybzr6fybzr6fybzr-1.png","type":"image\/png"}],"author":"Andre\u0301 Rangel\u00a0","twitter_card":"summary_large_image","twitter_misc":{"Escrito por":"Andre\u0301 Rangel\u00a0","Est. tempo de leitura":"5 minutos"},"schema":{"@context":"https:\/\/schema.org","@graph":[{"@type":"WebPage","@id":"https:\/\/www.em.com.br\/emfoco\/2026\/01\/14\/a-marca-de-roupas-mais-popular-do-pais-comeca-a-fechar-mais-de-130-lojas\/","url":"https:\/\/www.em.com.br\/emfoco\/2026\/01\/14\/a-marca-de-roupas-mais-popular-do-pais-comeca-a-fechar-mais-de-130-lojas\/","name":"A marca de roupas mais popular do pa\u00eds come\u00e7a a fechar mais de 130 lojas - Estado de Minas - Em foco","isPartOf":{"@id":"https:\/\/www.em.com.br\/emfoco\/#website"},"primaryImageOfPage":{"@id":"https:\/\/www.em.com.br\/emfoco\/2026\/01\/14\/a-marca-de-roupas-mais-popular-do-pais-comeca-a-fechar-mais-de-130-lojas\/#primaryimage"},"image":{"@id":"https:\/\/www.em.com.br\/emfoco\/2026\/01\/14\/a-marca-de-roupas-mais-popular-do-pais-comeca-a-fechar-mais-de-130-lojas\/#primaryimage"},"thumbnailUrl":"https:\/\/www.em.com.br\/emfoco\/wp-content\/uploads\/2026\/01\/Gemini_Generated_Image_ybzr6fybzr6fybzr-1.png","datePublished":"2026-01-14T16:45:00+00:00","dateModified":"2026-01-13T22:56:10+00:00","author":{"@id":"https:\/\/www.em.com.br\/emfoco\/#\/schema\/person\/60eda09c1fedf0d6891f4cef4b60b8b8"},"description":"Com o avan\u00e7o do e-commerce, a Macy\u2019s reduz presen\u00e7a f\u00edsica e aposta em um novo modelo de neg\u00f3cios. Veja o que muda.","breadcrumb":{"@id":"https:\/\/www.em.com.br\/emfoco\/2026\/01\/14\/a-marca-de-roupas-mais-popular-do-pais-comeca-a-fechar-mais-de-130-lojas\/#breadcrumb"},"inLanguage":"pt-BR","potentialAction":[{"@type":"ReadAction","target":["https:\/\/www.em.com.br\/emfoco\/2026\/01\/14\/a-marca-de-roupas-mais-popular-do-pais-comeca-a-fechar-mais-de-130-lojas\/"]}]},{"@type":"ImageObject","inLanguage":"pt-BR","@id":"https:\/\/www.em.com.br\/emfoco\/2026\/01\/14\/a-marca-de-roupas-mais-popular-do-pais-comeca-a-fechar-mais-de-130-lojas\/#primaryimage","url":"https:\/\/www.em.com.br\/emfoco\/wp-content\/uploads\/2026\/01\/Gemini_Generated_Image_ybzr6fybzr6fybzr-1.png","contentUrl":"https:\/\/www.em.com.br\/emfoco\/wp-content\/uploads\/2026\/01\/Gemini_Generated_Image_ybzr6fybzr6fybzr-1.png","width":1280,"height":720,"caption":"Lojas est\u00e3o encerrando suas atividades"},{"@type":"BreadcrumbList","@id":"https:\/\/www.em.com.br\/emfoco\/2026\/01\/14\/a-marca-de-roupas-mais-popular-do-pais-comeca-a-fechar-mais-de-130-lojas\/#breadcrumb","itemListElement":[{"@type":"ListItem","position":1,"name":"In\u00edcio","item":"https:\/\/www.em.com.br\/emfoco\/"},{"@type":"ListItem","position":2,"name":"A marca de roupas mais popular do pa\u00eds come\u00e7a a fechar mais de 130 lojas"}]},{"@type":"WebSite","@id":"https:\/\/www.em.com.br\/emfoco\/#website","url":"https:\/\/www.em.com.br\/emfoco\/","name":"Estado de Minas - Em foco","description":"Acompanhe as \u00faltimas not\u00edcias e fique bem informado sobre tudo o que acontece em Minas Gerais, Brasil e no mundo.","potentialAction":[{"@type":"SearchAction","target":{"@type":"EntryPoint","urlTemplate":"https:\/\/www.em.com.br\/emfoco\/?s={search_term_string}"},"query-input":{"@type":"PropertyValueSpecification","valueRequired":true,"valueName":"search_term_string"}}],"inLanguage":"pt-BR"},{"@type":"Person","@id":"https:\/\/www.em.com.br\/emfoco\/#\/schema\/person\/60eda09c1fedf0d6891f4cef4b60b8b8","name":"Andre\u0301 Rangel\u00a0","image":{"@type":"ImageObject","inLanguage":"pt-BR","@id":"https:\/\/www.em.com.br\/emfoco\/#\/schema\/person\/image\/","url":"https:\/\/secure.gravatar.com\/avatar\/6234dc814c77c8ef6d8bba622c787efc?s=96&d=mm&r=g","contentUrl":"https:\/\/secure.gravatar.com\/avatar\/6234dc814c77c8ef6d8bba622c787efc?s=96&d=mm&r=g","caption":"Andre\u0301 Rangel\u00a0"},"url":"https:\/\/www.em.com.br\/emfoco\/author\/luizmyth\/"}]}},"_links":{"self":[{"href":"https:\/\/www.em.com.br\/emfoco\/wp-json\/wp\/v2\/posts\/154844","targetHints":{"allow":["GET"]}}],"collection":[{"href":"https:\/\/www.em.com.br\/emfoco\/wp-json\/wp\/v2\/posts"}],"about":[{"href":"https:\/\/www.em.com.br\/emfoco\/wp-json\/wp\/v2\/types\/post"}],"author":[{"embeddable":true,"href":"https:\/\/www.em.com.br\/emfoco\/wp-json\/wp\/v2\/users\/11"}],"replies":[{"embeddable":true,"href":"https:\/\/www.em.com.br\/emfoco\/wp-json\/wp\/v2\/comments?post=154844"}],"version-history":[{"count":2,"href":"https:\/\/www.em.com.br\/emfoco\/wp-json\/wp\/v2\/posts\/154844\/revisions"}],"predecessor-version":[{"id":154848,"href":"https:\/\/www.em.com.br\/emfoco\/wp-json\/wp\/v2\/posts\/154844\/revisions\/154848"}],"wp:featuredmedia":[{"embeddable":true,"href":"https:\/\/www.em.com.br\/emfoco\/wp-json\/wp\/v2\/media\/154847"}],"wp:attachment":[{"href":"https:\/\/www.em.com.br\/emfoco\/wp-json\/wp\/v2\/media?parent=154844"}],"wp:term":[{"taxonomy":"category","embeddable":true,"href":"https:\/\/www.em.com.br\/emfoco\/wp-json\/wp\/v2\/categories?post=154844"},{"taxonomy":"post_tag","embeddable":true,"href":"https:\/\/www.em.com.br\/emfoco\/wp-json\/wp\/v2\/tags?post=154844"}],"curies":[{"name":"wp","href":"https:\/\/api.w.org\/{rel}","templated":true}]}}