{"id":154603,"date":"2026-01-15T20:25:00","date_gmt":"2026-01-15T23:25:00","guid":{"rendered":"https:\/\/www.em.com.br\/emfoco\/?p=154603"},"modified":"2026-01-13T16:53:45","modified_gmt":"2026-01-13T19:53:45","slug":"novo-direito-para-pais-solo-justica-garante-salario-maternidade-a-homem-apos-nascimento-por-barriga-de-aluguel-e-caso-repercute-nacionalmente","status":"publish","type":"post","link":"https:\/\/www.em.com.br\/emfoco\/2026\/01\/15\/novo-direito-para-pais-solo-justica-garante-salario-maternidade-a-homem-apos-nascimento-por-barriga-de-aluguel-e-caso-repercute-nacionalmente\/","title":{"rendered":"Novo direito para pais solo? Justi\u00e7a garante sal\u00e1rio-maternidade a homem ap\u00f3s nascimento por barriga de aluguel e caso repercute nacionalmente"},"content":{"rendered":"\n<h2 class=\"wp-block-heading\">A Justi\u00e7a Federal concedeu sal\u00e1rio-maternidade a pai solo em gesta\u00e7\u00e3o por substitui\u00e7\u00e3o, reconhecendo que o benef\u00edcio protege a crian\u00e7a. A decis\u00e3o garantiu 120 dias pagos pelo INSS, com base na igualdade parental.<\/h2>\n\n\n\n<p>A decis\u00e3o da <strong>Justi\u00e7a Federal<\/strong> que concedeu <strong>sal\u00e1rio-maternidade a um pai solo<\/strong> em caso de gesta\u00e7\u00e3o por substitui\u00e7\u00e3o representa um avan\u00e7o no Direito Previdenci\u00e1rio brasileiro, ao reconhecer que o benef\u00edcio protege a crian\u00e7a e o v\u00ednculo familiar, e n\u00e3o o g\u00eanero do genitor.<\/p>\n\n\n\n<h2 class=\"wp-block-heading\">Por que a decis\u00e3o sobre sal\u00e1rio-maternidade para pai solo \u00e9 in\u00e9dita?<\/h2>\n\n\n\n<p>O entendimento rompe interpreta\u00e7\u00f5es restritivas ao afirmar que o <strong><a href=\"https:\/\/www.gov.br\/inss\/pt-br\/servicos\/salarios-maternidade\" target=\"_blank\" rel=\"noreferrer noopener\">sal\u00e1rio-maternidade<\/a><\/strong> n\u00e3o \u00e9 um benef\u00edcio exclusivamente feminino, mas um instrumento de prote\u00e7\u00e3o \u00e0 crian\u00e7a nos primeiros meses de vida, garantindo cuidado integral e conviv\u00eancia familiar.<\/p>\n\n\n\n<p>A Justi\u00e7a considerou que, na aus\u00eancia de m\u00e3e no n\u00facleo familiar, negar o benef\u00edcio ao pai solo violaria princ\u00edpios de <strong>igualdade<\/strong> e comprometeria o desenvolvimento do rec\u00e9m-nascido, que depende da presen\u00e7a constante do respons\u00e1vel legal.<\/p>\n\n\n\n<figure class=\"wp-block-image size-large\"><img loading=\"lazy\" decoding=\"async\" width=\"1024\" height=\"576\" src=\"https:\/\/www.em.com.br\/emfoco\/wp-content\/uploads\/2026\/01\/AIAI-1-13-1024x576.jpg\" alt=\"Novo direito para pais solo? Justi\u00e7a garante sal\u00e1rio-maternidade a homem ap\u00f3s nascimento por barriga de aluguel e caso repercute nacionalmente\" class=\"wp-image-154672\" srcset=\"https:\/\/www.em.com.br\/emfoco\/wp-content\/uploads\/2026\/01\/AIAI-1-13-1024x576.jpg 1024w, https:\/\/www.em.com.br\/emfoco\/wp-content\/uploads\/2026\/01\/AIAI-1-13-300x169.jpg 300w, https:\/\/www.em.com.br\/emfoco\/wp-content\/uploads\/2026\/01\/AIAI-1-13-768x432.jpg 768w, https:\/\/www.em.com.br\/emfoco\/wp-content\/uploads\/2026\/01\/AIAI-1-13-750x422.jpg 750w, https:\/\/www.em.com.br\/emfoco\/wp-content\/uploads\/2026\/01\/AIAI-1-13-1140x641.jpg 1140w, https:\/\/www.em.com.br\/emfoco\/wp-content\/uploads\/2026\/01\/AIAI-1-13.jpg 1280w\" sizes=\"auto, (max-width: 1024px) 100vw, 1024px\" \/><figcaption class=\"wp-element-caption\">Benef\u00edcio \u00e9 prote\u00e7\u00e3o \u00e0 crian\u00e7a, n\u00e3o privil\u00e9gio vinculado ao g\u00eanero<\/figcaption><\/figure>\n\n\n\n<h2 class=\"wp-block-heading\">Quais fundamentos jur\u00eddicos garantiram esse direito ao pai?<\/h2>\n\n\n\n<p>A decis\u00e3o foi sustentada por normas constitucionais e previdenci\u00e1rias que priorizam o interesse da crian\u00e7a e a isonomia entre genitores, mesmo em modelos familiares n\u00e3o tradicionais. Entre os principais fundamentos reconhecidos pelo Judici\u00e1rio, est\u00e3o os seguintes.<\/p>\n\n\n\n<ul class=\"wp-block-list\">\n<li><strong>Prote\u00e7\u00e3o integral \u00e0 crian\u00e7a<\/strong>, prevista na Constitui\u00e7\u00e3o Federal.<\/li>\n\n\n\n<li><strong>Isonomia entre homens e mulheres<\/strong> no exerc\u00edcio da parentalidade.<\/li>\n\n\n\n<li><strong>Interpreta\u00e7\u00e3o extensiva da legisla\u00e7\u00e3o previdenci\u00e1ria<\/strong> em favor do n\u00facleo familiar.<\/li>\n<\/ul>\n\n\n\n<h2 class=\"wp-block-heading\">Como o caso concreto influenciou o entendimento da Justi\u00e7a?<\/h2>\n\n\n\n<p>O pai teve o pedido administrativo negado sob o argumento de que o benef\u00edcio seria restrito a mulheres ou a ado\u00e7\u00f5es, mas comprovou que exerceria a <strong>guarda exclusiva<\/strong> do rec\u00e9m-nascido desde o nascimento.<\/p>\n\n\n\n<p>O magistrado entendeu que a negativa administrativa ignorava a realidade familiar e o objetivo social do benef\u00edcio, refor\u00e7ando que o afastamento do trabalho \u00e9 essencial para a <strong>forma\u00e7\u00e3o do v\u00ednculo afetivo<\/strong> nos primeiros meses de vida.<\/p>\n\n\n\n<figure class=\"wp-block-image size-large\"><img loading=\"lazy\" decoding=\"async\" width=\"1024\" height=\"576\" src=\"https:\/\/www.em.com.br\/emfoco\/wp-content\/uploads\/2026\/01\/AIAI-2-12-1024x576.jpg\" alt=\"Novo direito para pais solo? Justi\u00e7a garante sal\u00e1rio-maternidade a homem ap\u00f3s nascimento por barriga de aluguel e caso repercute nacionalmente\" class=\"wp-image-154675\" srcset=\"https:\/\/www.em.com.br\/emfoco\/wp-content\/uploads\/2026\/01\/AIAI-2-12-1024x576.jpg 1024w, https:\/\/www.em.com.br\/emfoco\/wp-content\/uploads\/2026\/01\/AIAI-2-12-300x169.jpg 300w, https:\/\/www.em.com.br\/emfoco\/wp-content\/uploads\/2026\/01\/AIAI-2-12-768x432.jpg 768w, https:\/\/www.em.com.br\/emfoco\/wp-content\/uploads\/2026\/01\/AIAI-2-12-750x422.jpg 750w, https:\/\/www.em.com.br\/emfoco\/wp-content\/uploads\/2026\/01\/AIAI-2-12-1140x641.jpg 1140w, https:\/\/www.em.com.br\/emfoco\/wp-content\/uploads\/2026\/01\/AIAI-2-12.jpg 1280w\" sizes=\"auto, (max-width: 1024px) 100vw, 1024px\" \/><figcaption class=\"wp-element-caption\">Caso comprovou guarda exclusiva e necessidade de afastamento laboral inicial<\/figcaption><\/figure>\n\n\n\n<p><em>Leia mais: <em><strong><a href=\"https:\/\/www.em.com.br\/emfoco\/2026\/01\/13\/projeto-de-lei-em-juiz-de-fora-pode-acabar-com-entregas-na-porta-do-apartamento-e-mudar-o-delivery-em-todo-o-brasil\/\" target=\"_blank\" rel=\"noreferrer noopener\">Projeto de lei em Juiz de Fora pode acabar com entregas na porta do apartamento e mudar o delivery em todo o Brasil<\/a><\/strong><\/em><\/em><\/p>\n\n\n\n<h2 class=\"wp-block-heading\">Qual a diferen\u00e7a entre licen\u00e7a comum e licen\u00e7a para pai solo?<\/h2>\n\n\n\n<p>A decis\u00e3o judicial equiparou a situa\u00e7\u00e3o do pai solo \u00e0 licen\u00e7a tradicionalmente concedida \u00e0s m\u00e3es, reconhecendo que a responsabilidade integral pelo cuidado exige tempo e suporte financeiro adequados, como ocorre nos casos de maternidade.<\/p>\n\n\n\n<p>Enquanto a licen\u00e7a-paternidade comum \u00e9 curta e limitada, a extens\u00e3o para o pai solo garante <strong>120 dias de afastamento<\/strong>, pagos pelo INSS, assegurando condi\u00e7\u00f5es m\u00ednimas para adapta\u00e7\u00e3o familiar e cuidados iniciais.<\/p>\n\n\n\n<h2 class=\"wp-block-heading\">O que pais solo ou casais homoafetivos devem observar nesses casos?<\/h2>\n\n\n\n<p>A decis\u00e3o indica caminhos pr\u00e1ticos para fam\u00edlias que recorrem \u00e0 gesta\u00e7\u00e3o por substitui\u00e7\u00e3o e enfrentam resist\u00eancia administrativa, mostrando a import\u00e2ncia de documenta\u00e7\u00e3o e estrat\u00e9gia jur\u00eddica adequada. Entre os cuidados essenciais, est\u00e3o os pontos a seguir.<\/p>\n\n\n\n<ul class=\"wp-block-list\">\n<li><strong>Registrar corretamente a filia\u00e7\u00e3o<\/strong> e a guarda no nascimento.<\/li>\n\n\n\n<li><strong>Protocolar o pedido administrativo<\/strong>, mesmo diante de negativa previs\u00edvel.<\/li>\n\n\n\n<li><strong>Buscar orienta\u00e7\u00e3o jur\u00eddica especializada<\/strong> para garantir o direito.<\/li>\n<\/ul>\n","protected":false},"excerpt":{"rendered":"<p>A Justi\u00e7a Federal concedeu sal\u00e1rio-maternidade a pai solo em gesta\u00e7\u00e3o por substitui\u00e7\u00e3o, reconhecendo que o benef\u00edcio protege a crian\u00e7a. A decis\u00e3o garantiu 120 dias pagos pelo INSS, com base na igualdade parental. A decis\u00e3o da Justi\u00e7a Federal que concedeu sal\u00e1rio-maternidade a um pai solo em caso de gesta\u00e7\u00e3o por substitui\u00e7\u00e3o representa um avan\u00e7o no Direito [&hellip;]<\/p>\n","protected":false},"author":13,"featured_media":154671,"comment_status":"open","ping_status":"open","sticky":false,"template":"","format":"standard","meta":{"jnews-multi-image_gallery":[],"jnews_single_post":{"format":"standard"},"jnews_primary_category":[],"jnews_social_meta":[],"jnews_override_counter":[],"footnotes":""},"categories":[28],"tags":[16254,22528,8646],"class_list":["post-154603","post","type-post","status-publish","format-standard","has-post-thumbnail","hentry","category-economia","tag-justica-federal","tag-pai-solo","tag-salario-maternidade"],"yoast_head":"<!-- This site is optimized with the Yoast SEO plugin v23.8 - https:\/\/yoast.com\/wordpress\/plugins\/seo\/ -->\n<title>Novo direito para pais solo? Justi\u00e7a garante sal\u00e1rio-maternidade a homem ap\u00f3s nascimento por barriga de aluguel e caso repercute nacionalmente - Estado de Minas - Em foco<\/title>\n<meta name=\"description\" content=\"Pai solo consegue sal\u00e1rio-maternidade na Justi\u00e7a e decis\u00e3o in\u00e9dita reconhece que o benef\u00edcio protege a crian\u00e7a, n\u00e3o o g\u00eanero do genitor.\" \/>\n<meta name=\"robots\" content=\"index, follow, max-snippet:-1, max-image-preview:large, max-video-preview:-1\" \/>\n<link rel=\"canonical\" href=\"https:\/\/www.em.com.br\/emfoco\/2026\/01\/15\/novo-direito-para-pais-solo-justica-garante-salario-maternidade-a-homem-apos-nascimento-por-barriga-de-aluguel-e-caso-repercute-nacionalmente\/\" \/>\n<meta property=\"og:locale\" content=\"pt_BR\" \/>\n<meta property=\"og:type\" content=\"article\" \/>\n<meta property=\"og:title\" content=\"Novo direito para pais solo? Justi\u00e7a garante sal\u00e1rio-maternidade a homem ap\u00f3s nascimento por barriga de aluguel e caso repercute nacionalmente - Estado de Minas - Em foco\" \/>\n<meta property=\"og:description\" content=\"Pai solo consegue sal\u00e1rio-maternidade na Justi\u00e7a e decis\u00e3o in\u00e9dita reconhece que o benef\u00edcio protege a crian\u00e7a, n\u00e3o o g\u00eanero do genitor.\" \/>\n<meta property=\"og:url\" content=\"https:\/\/www.em.com.br\/emfoco\/2026\/01\/15\/novo-direito-para-pais-solo-justica-garante-salario-maternidade-a-homem-apos-nascimento-por-barriga-de-aluguel-e-caso-repercute-nacionalmente\/\" \/>\n<meta property=\"og:site_name\" content=\"Estado de Minas - Em foco\" \/>\n<meta property=\"article:published_time\" content=\"2026-01-15T23:25:00+00:00\" \/>\n<meta property=\"article:modified_time\" content=\"2026-01-13T19:53:45+00:00\" \/>\n<meta property=\"og:image\" content=\"https:\/\/www.em.com.br\/emfoco\/wp-content\/uploads\/2026\/01\/AIAI-26.jpg\" \/>\n\t<meta property=\"og:image:width\" content=\"1280\" \/>\n\t<meta property=\"og:image:height\" content=\"720\" \/>\n\t<meta property=\"og:image:type\" content=\"image\/jpeg\" \/>\n<meta name=\"author\" content=\"Gabriel Martins\" \/>\n<meta name=\"twitter:card\" content=\"summary_large_image\" \/>\n<meta name=\"twitter:label1\" content=\"Escrito por\" \/>\n\t<meta name=\"twitter:data1\" content=\"Gabriel Martins\" \/>\n\t<meta name=\"twitter:label2\" content=\"Est. tempo de leitura\" \/>\n\t<meta name=\"twitter:data2\" content=\"4 minutos\" \/>\n<!-- \/ Yoast SEO plugin. -->","yoast_head_json":{"title":"Novo direito para pais solo? Justi\u00e7a garante sal\u00e1rio-maternidade a homem ap\u00f3s nascimento por barriga de aluguel e caso repercute nacionalmente - Estado de Minas - Em foco","description":"Pai solo consegue sal\u00e1rio-maternidade na Justi\u00e7a e decis\u00e3o in\u00e9dita reconhece que o benef\u00edcio protege a crian\u00e7a, n\u00e3o o g\u00eanero do genitor.","robots":{"index":"index","follow":"follow","max-snippet":"max-snippet:-1","max-image-preview":"max-image-preview:large","max-video-preview":"max-video-preview:-1"},"canonical":"https:\/\/www.em.com.br\/emfoco\/2026\/01\/15\/novo-direito-para-pais-solo-justica-garante-salario-maternidade-a-homem-apos-nascimento-por-barriga-de-aluguel-e-caso-repercute-nacionalmente\/","og_locale":"pt_BR","og_type":"article","og_title":"Novo direito para pais solo? Justi\u00e7a garante sal\u00e1rio-maternidade a homem ap\u00f3s nascimento por barriga de aluguel e caso repercute nacionalmente - Estado de Minas - Em foco","og_description":"Pai solo consegue sal\u00e1rio-maternidade na Justi\u00e7a e decis\u00e3o in\u00e9dita reconhece que o benef\u00edcio protege a crian\u00e7a, n\u00e3o o g\u00eanero do genitor.","og_url":"https:\/\/www.em.com.br\/emfoco\/2026\/01\/15\/novo-direito-para-pais-solo-justica-garante-salario-maternidade-a-homem-apos-nascimento-por-barriga-de-aluguel-e-caso-repercute-nacionalmente\/","og_site_name":"Estado de Minas - Em foco","article_published_time":"2026-01-15T23:25:00+00:00","article_modified_time":"2026-01-13T19:53:45+00:00","og_image":[{"width":1280,"height":720,"url":"https:\/\/www.em.com.br\/emfoco\/wp-content\/uploads\/2026\/01\/AIAI-26.jpg","type":"image\/jpeg"}],"author":"Gabriel Martins","twitter_card":"summary_large_image","twitter_misc":{"Escrito por":"Gabriel Martins","Est. tempo de leitura":"4 minutos"},"schema":{"@context":"https:\/\/schema.org","@graph":[{"@type":"WebPage","@id":"https:\/\/www.em.com.br\/emfoco\/2026\/01\/15\/novo-direito-para-pais-solo-justica-garante-salario-maternidade-a-homem-apos-nascimento-por-barriga-de-aluguel-e-caso-repercute-nacionalmente\/","url":"https:\/\/www.em.com.br\/emfoco\/2026\/01\/15\/novo-direito-para-pais-solo-justica-garante-salario-maternidade-a-homem-apos-nascimento-por-barriga-de-aluguel-e-caso-repercute-nacionalmente\/","name":"Novo direito para pais solo? Justi\u00e7a garante sal\u00e1rio-maternidade a homem ap\u00f3s nascimento por barriga de aluguel e caso repercute nacionalmente - Estado de Minas - Em foco","isPartOf":{"@id":"https:\/\/www.em.com.br\/emfoco\/#website"},"primaryImageOfPage":{"@id":"https:\/\/www.em.com.br\/emfoco\/2026\/01\/15\/novo-direito-para-pais-solo-justica-garante-salario-maternidade-a-homem-apos-nascimento-por-barriga-de-aluguel-e-caso-repercute-nacionalmente\/#primaryimage"},"image":{"@id":"https:\/\/www.em.com.br\/emfoco\/2026\/01\/15\/novo-direito-para-pais-solo-justica-garante-salario-maternidade-a-homem-apos-nascimento-por-barriga-de-aluguel-e-caso-repercute-nacionalmente\/#primaryimage"},"thumbnailUrl":"https:\/\/www.em.com.br\/emfoco\/wp-content\/uploads\/2026\/01\/AIAI-26.jpg","datePublished":"2026-01-15T23:25:00+00:00","dateModified":"2026-01-13T19:53:45+00:00","author":{"@id":"https:\/\/www.em.com.br\/emfoco\/#\/schema\/person\/1c9ddeab18b98abeffef834667bcf08a"},"description":"Pai solo consegue sal\u00e1rio-maternidade na Justi\u00e7a e decis\u00e3o in\u00e9dita reconhece que o benef\u00edcio protege a crian\u00e7a, n\u00e3o o g\u00eanero do genitor.","breadcrumb":{"@id":"https:\/\/www.em.com.br\/emfoco\/2026\/01\/15\/novo-direito-para-pais-solo-justica-garante-salario-maternidade-a-homem-apos-nascimento-por-barriga-de-aluguel-e-caso-repercute-nacionalmente\/#breadcrumb"},"inLanguage":"pt-BR","potentialAction":[{"@type":"ReadAction","target":["https:\/\/www.em.com.br\/emfoco\/2026\/01\/15\/novo-direito-para-pais-solo-justica-garante-salario-maternidade-a-homem-apos-nascimento-por-barriga-de-aluguel-e-caso-repercute-nacionalmente\/"]}]},{"@type":"ImageObject","inLanguage":"pt-BR","@id":"https:\/\/www.em.com.br\/emfoco\/2026\/01\/15\/novo-direito-para-pais-solo-justica-garante-salario-maternidade-a-homem-apos-nascimento-por-barriga-de-aluguel-e-caso-repercute-nacionalmente\/#primaryimage","url":"https:\/\/www.em.com.br\/emfoco\/wp-content\/uploads\/2026\/01\/AIAI-26.jpg","contentUrl":"https:\/\/www.em.com.br\/emfoco\/wp-content\/uploads\/2026\/01\/AIAI-26.jpg","width":1280,"height":720,"caption":"Decis\u00e3o amplia sal\u00e1rio-maternidade ao pai solo e prioriza prote\u00e7\u00e3o infantil"},{"@type":"BreadcrumbList","@id":"https:\/\/www.em.com.br\/emfoco\/2026\/01\/15\/novo-direito-para-pais-solo-justica-garante-salario-maternidade-a-homem-apos-nascimento-por-barriga-de-aluguel-e-caso-repercute-nacionalmente\/#breadcrumb","itemListElement":[{"@type":"ListItem","position":1,"name":"In\u00edcio","item":"https:\/\/www.em.com.br\/emfoco\/"},{"@type":"ListItem","position":2,"name":"Novo direito para pais solo? Justi\u00e7a garante sal\u00e1rio-maternidade a homem ap\u00f3s nascimento por barriga de aluguel e caso repercute nacionalmente"}]},{"@type":"WebSite","@id":"https:\/\/www.em.com.br\/emfoco\/#website","url":"https:\/\/www.em.com.br\/emfoco\/","name":"Estado de Minas - Em foco","description":"Acompanhe as \u00faltimas not\u00edcias e fique bem informado sobre tudo o que acontece em Minas Gerais, Brasil e no mundo.","potentialAction":[{"@type":"SearchAction","target":{"@type":"EntryPoint","urlTemplate":"https:\/\/www.em.com.br\/emfoco\/?s={search_term_string}"},"query-input":{"@type":"PropertyValueSpecification","valueRequired":true,"valueName":"search_term_string"}}],"inLanguage":"pt-BR"},{"@type":"Person","@id":"https:\/\/www.em.com.br\/emfoco\/#\/schema\/person\/1c9ddeab18b98abeffef834667bcf08a","name":"Gabriel Martins","image":{"@type":"ImageObject","inLanguage":"pt-BR","@id":"https:\/\/www.em.com.br\/emfoco\/#\/schema\/person\/image\/","url":"https:\/\/secure.gravatar.com\/avatar\/f0f1e2efdfd88f1ad2cb08c5c2731e50?s=96&d=mm&r=g","contentUrl":"https:\/\/secure.gravatar.com\/avatar\/f0f1e2efdfd88f1ad2cb08c5c2731e50?s=96&d=mm&r=g","caption":"Gabriel Martins"},"sameAs":["https:\/\/www.em.com.br\/emfoco\/"],"url":"https:\/\/www.em.com.br\/emfoco\/author\/gabrielmartinsmyth\/"}]}},"_links":{"self":[{"href":"https:\/\/www.em.com.br\/emfoco\/wp-json\/wp\/v2\/posts\/154603","targetHints":{"allow":["GET"]}}],"collection":[{"href":"https:\/\/www.em.com.br\/emfoco\/wp-json\/wp\/v2\/posts"}],"about":[{"href":"https:\/\/www.em.com.br\/emfoco\/wp-json\/wp\/v2\/types\/post"}],"author":[{"embeddable":true,"href":"https:\/\/www.em.com.br\/emfoco\/wp-json\/wp\/v2\/users\/13"}],"replies":[{"embeddable":true,"href":"https:\/\/www.em.com.br\/emfoco\/wp-json\/wp\/v2\/comments?post=154603"}],"version-history":[{"count":1,"href":"https:\/\/www.em.com.br\/emfoco\/wp-json\/wp\/v2\/posts\/154603\/revisions"}],"predecessor-version":[{"id":154676,"href":"https:\/\/www.em.com.br\/emfoco\/wp-json\/wp\/v2\/posts\/154603\/revisions\/154676"}],"wp:featuredmedia":[{"embeddable":true,"href":"https:\/\/www.em.com.br\/emfoco\/wp-json\/wp\/v2\/media\/154671"}],"wp:attachment":[{"href":"https:\/\/www.em.com.br\/emfoco\/wp-json\/wp\/v2\/media?parent=154603"}],"wp:term":[{"taxonomy":"category","embeddable":true,"href":"https:\/\/www.em.com.br\/emfoco\/wp-json\/wp\/v2\/categories?post=154603"},{"taxonomy":"post_tag","embeddable":true,"href":"https:\/\/www.em.com.br\/emfoco\/wp-json\/wp\/v2\/tags?post=154603"}],"curies":[{"name":"wp","href":"https:\/\/api.w.org\/{rel}","templated":true}]}}