{"id":154599,"date":"2026-01-15T11:55:00","date_gmt":"2026-01-15T14:55:00","guid":{"rendered":"https:\/\/www.em.com.br\/emfoco\/?p=154599"},"modified":"2026-01-13T16:40:11","modified_gmt":"2026-01-13T19:40:11","slug":"governo-aprova-proibicao-total-de-cigarros-eletronicos-com-foco-em-escolas-e-transforma-combate-aos-vapes-em-politica-publica-de-saude-prioritaria","status":"publish","type":"post","link":"https:\/\/www.em.com.br\/emfoco\/2026\/01\/15\/governo-aprova-proibicao-total-de-cigarros-eletronicos-com-foco-em-escolas-e-transforma-combate-aos-vapes-em-politica-publica-de-saude-prioritaria\/","title":{"rendered":"Governo aprova proibi\u00e7\u00e3o total de cigarros eletr\u00f4nicos com foco em escolas e transforma combate aos vapes em pol\u00edtica p\u00fablica de sa\u00fade priorit\u00e1ria"},"content":{"rendered":"\n<h2 class=\"wp-block-heading\">Em 2026, o Brasil endureceu o combate ao tabagismo juvenil, proibindo vapes por lei, banindo aromas atrativos, restringindo pontos de venda perto de escolas e aplicando multas altas para proteger crian\u00e7as e adolescentes.<\/h2>\n\n\n\n<p>O Brasil iniciou 2026 com uma <strong>ofensiva contra o tabagismo<\/strong>, focada especialmente nos vapes e na prote\u00e7\u00e3o de crian\u00e7as e adolescentes. Novas regras fecham brechas na fiscaliza\u00e7\u00e3o, endurecem puni\u00e7\u00f5es e criam barreiras legais para afastar produtos de nicotina do ambiente escolar.<\/p>\n\n\n\n<h2 class=\"wp-block-heading\">Por que o governo decidiu endurecer o combate aos vapes em 2026?<\/h2>\n\n\n\n<p>O avan\u00e7o do <strong>uso de cigarros eletr\u00f4nicos<\/strong> entre adolescentes acendeu um alerta sanit\u00e1rio. Autoridades apontam crescimento expressivo do consumo em escolas, impulsionado pela falsa percep\u00e7\u00e3o de menor risco e pela facilidade de acesso a dispositivos discretos e aromatizados.<\/p>\n\n\n\n<p>Diante desse cen\u00e1rio, a nova legisla\u00e7\u00e3o busca refor\u00e7ar a <strong>prote\u00e7\u00e3o do p\u00fablico jovem<\/strong>, combatendo estrat\u00e9gias de marketing veladas e criando um bloqueio f\u00edsico e legal entre produtos de nicotina e ambientes frequentados por menores de idade.<\/p>\n\n\n\n<figure class=\"wp-block-image size-large\"><img loading=\"lazy\" decoding=\"async\" width=\"1024\" height=\"576\" src=\"https:\/\/www.em.com.br\/emfoco\/wp-content\/uploads\/2026\/01\/AIAI-9-5-1024x576.jpg\" alt=\"Governo aprova proibi\u00e7\u00e3o total de cigarros eletr\u00f4nicos com foco em escolas e transforma combate aos vapes em pol\u00edtica p\u00fablica de sa\u00fade priorit\u00e1ria\" class=\"wp-image-154649\" srcset=\"https:\/\/www.em.com.br\/emfoco\/wp-content\/uploads\/2026\/01\/AIAI-9-5-1024x576.jpg 1024w, https:\/\/www.em.com.br\/emfoco\/wp-content\/uploads\/2026\/01\/AIAI-9-5-300x169.jpg 300w, https:\/\/www.em.com.br\/emfoco\/wp-content\/uploads\/2026\/01\/AIAI-9-5-768x432.jpg 768w, https:\/\/www.em.com.br\/emfoco\/wp-content\/uploads\/2026\/01\/AIAI-9-5-750x422.jpg 750w, https:\/\/www.em.com.br\/emfoco\/wp-content\/uploads\/2026\/01\/AIAI-9-5-1140x641.jpg 1140w, https:\/\/www.em.com.br\/emfoco\/wp-content\/uploads\/2026\/01\/AIAI-9-5.jpg 1280w\" sizes=\"auto, (max-width: 1024px) 100vw, 1024px\" \/><figcaption class=\"wp-element-caption\">Uso crescente de cigarros eletr\u00f4nicos entre jovens motivou a\u00e7\u00e3o governamental<\/figcaption><\/figure>\n\n\n\n<h2 class=\"wp-block-heading\">Quais s\u00e3o os principais eixos da nova regulamenta\u00e7\u00e3o antitabagismo?<\/h2>\n\n\n\n<p>A estrat\u00e9gia adotada em 2026 se apoia em medidas que atingem diretamente o com\u00e9rcio, a circula\u00e7\u00e3o e o apelo dos produtos derivados do tabaco. Entre os principais pontos da nova lei, destacam-se os seguintes.<\/p>\n\n\n\n<ul class=\"wp-block-list\">\n<li>Distanciamento de escolas: proibi\u00e7\u00e3o de tabacarias e pontos de venda em raio definido de institui\u00e7\u00f5es de ensino.<\/li>\n\n\n\n<li>Vapes proibidos por lei: eleva\u00e7\u00e3o da veda\u00e7\u00e3o dos dispositivos eletr\u00f4nicos ao status de <strong>Lei Federal<\/strong>.<\/li>\n\n\n\n<li>Banimento de aromas: exclus\u00e3o de sabores doces e frutados usados para atrair jovens.<\/li>\n<\/ul>\n\n\n\n<p><em>Leia mais: <em><strong><a href=\"https:\/\/www.em.com.br\/emfoco\/2026\/01\/13\/projeto-de-lei-em-juiz-de-fora-pode-acabar-com-entregas-na-porta-do-apartamento-e-mudar-o-delivery-em-todo-o-brasil\/\" target=\"_blank\" rel=\"noreferrer noopener\">Projeto de lei em Juiz de Fora pode acabar com entregas na porta do apartamento e mudar o delivery em todo o Brasil<\/a><\/strong><\/em><\/em><\/p>\n\n\n\n<h2 class=\"wp-block-heading\">Quais leis d\u00e3o base jur\u00eddica \u00e0s novas regras contra o tabagismo?<\/h2>\n\n\n\n<p>A mudan\u00e7a legislativa fortalece normas j\u00e1 existentes no <strong>direito sanit\u00e1rio brasileiro<\/strong>. A <strong>Lei n\u00ba 9.294\/1996<\/strong> foi atualizada para incluir explicitamente os dispositivos eletr\u00f4nicos como produtos fum\u00edgenos proibidos em ambientes coletivos.<\/p>\n\n\n\n<p>Al\u00e9m disso, a <strong><a href=\"https:\/\/anvisalegis.datalegis.net\/action\/ActionDatalegis.php?acao=abrirTextoAto&amp;link=S&amp;tipo=RDC&amp;numeroAto=00000855&amp;seqAto=000&amp;valorAno=2024&amp;orgao=RDC\/DC\/ANVISA\/MS&amp;cod_modulo=310&amp;cod_menu=9431\" target=\"_blank\" rel=\"noreferrer noopener\">Resolu\u00e7\u00e3o RDC 855 da Anvisa<\/a><\/strong> foi consolidada em lei, ampliando puni\u00e7\u00f5es, enquanto o Estatuto da Crian\u00e7a e do Adolescente passou a prever san\u00e7\u00f5es mais severas para quem facilitar o acesso de menores a produtos com nicotina.<\/p>\n\n\n\n<figure class=\"wp-block-image size-large\"><img loading=\"lazy\" decoding=\"async\" width=\"1024\" height=\"576\" src=\"https:\/\/www.em.com.br\/emfoco\/wp-content\/uploads\/2026\/01\/AIAI-10-4-1024x576.jpg\" alt=\"Governo aprova proibi\u00e7\u00e3o total de cigarros eletr\u00f4nicos com foco em escolas e transforma combate aos vapes em pol\u00edtica p\u00fablica de sa\u00fade priorit\u00e1ria\" class=\"wp-image-154650\" srcset=\"https:\/\/www.em.com.br\/emfoco\/wp-content\/uploads\/2026\/01\/AIAI-10-4-1024x576.jpg 1024w, https:\/\/www.em.com.br\/emfoco\/wp-content\/uploads\/2026\/01\/AIAI-10-4-300x169.jpg 300w, https:\/\/www.em.com.br\/emfoco\/wp-content\/uploads\/2026\/01\/AIAI-10-4-768x432.jpg 768w, https:\/\/www.em.com.br\/emfoco\/wp-content\/uploads\/2026\/01\/AIAI-10-4-750x422.jpg 750w, https:\/\/www.em.com.br\/emfoco\/wp-content\/uploads\/2026\/01\/AIAI-10-4-1140x641.jpg 1140w, https:\/\/www.em.com.br\/emfoco\/wp-content\/uploads\/2026\/01\/AIAI-10-4.jpg 1280w\" sizes=\"auto, (max-width: 1024px) 100vw, 1024px\" \/><figcaption class=\"wp-element-caption\">Atualiza\u00e7\u00f5es legais refor\u00e7am base jur\u00eddica contra produtos de nicotina<\/figcaption><\/figure>\n\n\n\n<h2 class=\"wp-block-heading\">O que muda na pr\u00e1tica para o com\u00e9rcio e para a popula\u00e7\u00e3o?<\/h2>\n\n\n\n<p>As novas regras exigem adapta\u00e7\u00e3o imediata de lojistas e maior aten\u00e7\u00e3o de pais e educadores. A legisla\u00e7\u00e3o detalha penalidades e orienta\u00e7\u00f5es que impactam diretamente o dia a dia, conforme os pontos pr\u00e1ticos a seguir.<\/p>\n\n\n\n<ul class=\"wp-block-list\">\n<li>Multas elevadas: penalidades entre R$ 5 mil e R$ 1,5 milh\u00e3o conforme a infra\u00e7\u00e3o.<\/li>\n\n\n\n<li>Cassa\u00e7\u00e3o de alvar\u00e1: fechamento definitivo de estabelecimentos em \u00e1reas proibidas.<\/li>\n\n\n\n<li>Fiscaliza\u00e7\u00e3o ativa: den\u00fancias via Disque 100 ou Vigil\u00e2ncia Sanit\u00e1ria municipal.<\/li>\n<\/ul>\n\n\n\n<p>Ao transformar proibi\u00e7\u00f5es sanit\u00e1rias em regras r\u00edgidas de lei, o Brasil sinaliza que o <strong>combate ao tabagismo juvenil<\/strong> \u00e9 prioridade, refor\u00e7ando a prote\u00e7\u00e3o da sa\u00fade p\u00fablica e tentando conter uma depend\u00eancia precoce com impactos duradouros.<\/p>\n","protected":false},"excerpt":{"rendered":"<p>Em 2026, o Brasil endureceu o combate ao tabagismo juvenil, proibindo vapes por lei, banindo aromas atrativos, restringindo pontos de venda perto de escolas e aplicando multas altas para proteger crian\u00e7as e adolescentes. O Brasil iniciou 2026 com uma ofensiva contra o tabagismo, focada especialmente nos vapes e na prote\u00e7\u00e3o de crian\u00e7as e adolescentes. Novas [&hellip;]<\/p>\n","protected":false},"author":13,"featured_media":154647,"comment_status":"open","ping_status":"open","sticky":false,"template":"","format":"standard","meta":{"jnews-multi-image_gallery":[],"jnews_single_post":{"format":"standard"},"jnews_primary_category":[],"jnews_social_meta":[],"jnews_override_counter":[],"footnotes":""},"categories":[28],"tags":[17138,22523,9468,22522],"class_list":["post-154599","post","type-post","status-publish","format-standard","has-post-thumbnail","hentry","category-economia","tag-cigarros-eletronicos","tag-protecao-de-jovens","tag-tabagismo","tag-vapes"],"yoast_head":"<!-- This site is optimized with the Yoast SEO plugin v23.8 - https:\/\/yoast.com\/wordpress\/plugins\/seo\/ -->\n<title>Governo aprova proibi\u00e7\u00e3o total de cigarros eletr\u00f4nicos com foco em escolas e transforma combate aos vapes em pol\u00edtica p\u00fablica de sa\u00fade priorit\u00e1ria - Estado de Minas - Em foco<\/title>\n<meta name=\"description\" content=\"Nova lei pro\u00edbe vapes em 2026, endurece puni\u00e7\u00f5es, bane sabores doces e pro\u00edbe com\u00e9rcio perto de escolas em todo o Brasil.\" \/>\n<meta name=\"robots\" content=\"index, follow, max-snippet:-1, max-image-preview:large, max-video-preview:-1\" \/>\n<link rel=\"canonical\" href=\"https:\/\/www.em.com.br\/emfoco\/2026\/01\/15\/governo-aprova-proibicao-total-de-cigarros-eletronicos-com-foco-em-escolas-e-transforma-combate-aos-vapes-em-politica-publica-de-saude-prioritaria\/\" \/>\n<meta property=\"og:locale\" content=\"pt_BR\" \/>\n<meta property=\"og:type\" content=\"article\" \/>\n<meta property=\"og:title\" content=\"Governo aprova proibi\u00e7\u00e3o total de cigarros eletr\u00f4nicos com foco em escolas e transforma combate aos vapes em pol\u00edtica p\u00fablica de sa\u00fade priorit\u00e1ria - Estado de Minas - Em foco\" \/>\n<meta property=\"og:description\" content=\"Nova lei pro\u00edbe vapes em 2026, endurece puni\u00e7\u00f5es, bane sabores doces e pro\u00edbe com\u00e9rcio perto de escolas em todo o Brasil.\" \/>\n<meta property=\"og:url\" content=\"https:\/\/www.em.com.br\/emfoco\/2026\/01\/15\/governo-aprova-proibicao-total-de-cigarros-eletronicos-com-foco-em-escolas-e-transforma-combate-aos-vapes-em-politica-publica-de-saude-prioritaria\/\" \/>\n<meta property=\"og:site_name\" content=\"Estado de Minas - Em foco\" \/>\n<meta property=\"article:published_time\" content=\"2026-01-15T14:55:00+00:00\" \/>\n<meta property=\"article:modified_time\" content=\"2026-01-13T19:40:11+00:00\" \/>\n<meta property=\"og:image\" content=\"https:\/\/www.em.com.br\/emfoco\/wp-content\/uploads\/2026\/01\/AIAI-8-6.jpg\" \/>\n\t<meta property=\"og:image:width\" content=\"1280\" \/>\n\t<meta property=\"og:image:height\" content=\"720\" \/>\n\t<meta property=\"og:image:type\" content=\"image\/jpeg\" \/>\n<meta name=\"author\" content=\"Gabriel Martins\" \/>\n<meta name=\"twitter:card\" content=\"summary_large_image\" \/>\n<meta name=\"twitter:label1\" content=\"Escrito por\" \/>\n\t<meta name=\"twitter:data1\" content=\"Gabriel Martins\" \/>\n\t<meta name=\"twitter:label2\" content=\"Est. tempo de leitura\" \/>\n\t<meta name=\"twitter:data2\" content=\"4 minutos\" \/>\n<!-- \/ Yoast SEO plugin. -->","yoast_head_json":{"title":"Governo aprova proibi\u00e7\u00e3o total de cigarros eletr\u00f4nicos com foco em escolas e transforma combate aos vapes em pol\u00edtica p\u00fablica de sa\u00fade priorit\u00e1ria - Estado de Minas - Em foco","description":"Nova lei pro\u00edbe vapes em 2026, endurece puni\u00e7\u00f5es, bane sabores doces e pro\u00edbe com\u00e9rcio perto de escolas em todo o Brasil.","robots":{"index":"index","follow":"follow","max-snippet":"max-snippet:-1","max-image-preview":"max-image-preview:large","max-video-preview":"max-video-preview:-1"},"canonical":"https:\/\/www.em.com.br\/emfoco\/2026\/01\/15\/governo-aprova-proibicao-total-de-cigarros-eletronicos-com-foco-em-escolas-e-transforma-combate-aos-vapes-em-politica-publica-de-saude-prioritaria\/","og_locale":"pt_BR","og_type":"article","og_title":"Governo aprova proibi\u00e7\u00e3o total de cigarros eletr\u00f4nicos com foco em escolas e transforma combate aos vapes em pol\u00edtica p\u00fablica de sa\u00fade priorit\u00e1ria - Estado de Minas - Em foco","og_description":"Nova lei pro\u00edbe vapes em 2026, endurece puni\u00e7\u00f5es, bane sabores doces e pro\u00edbe com\u00e9rcio perto de escolas em todo o Brasil.","og_url":"https:\/\/www.em.com.br\/emfoco\/2026\/01\/15\/governo-aprova-proibicao-total-de-cigarros-eletronicos-com-foco-em-escolas-e-transforma-combate-aos-vapes-em-politica-publica-de-saude-prioritaria\/","og_site_name":"Estado de Minas - Em foco","article_published_time":"2026-01-15T14:55:00+00:00","article_modified_time":"2026-01-13T19:40:11+00:00","og_image":[{"width":1280,"height":720,"url":"https:\/\/www.em.com.br\/emfoco\/wp-content\/uploads\/2026\/01\/AIAI-8-6.jpg","type":"image\/jpeg"}],"author":"Gabriel Martins","twitter_card":"summary_large_image","twitter_misc":{"Escrito por":"Gabriel Martins","Est. tempo de leitura":"4 minutos"},"schema":{"@context":"https:\/\/schema.org","@graph":[{"@type":"WebPage","@id":"https:\/\/www.em.com.br\/emfoco\/2026\/01\/15\/governo-aprova-proibicao-total-de-cigarros-eletronicos-com-foco-em-escolas-e-transforma-combate-aos-vapes-em-politica-publica-de-saude-prioritaria\/","url":"https:\/\/www.em.com.br\/emfoco\/2026\/01\/15\/governo-aprova-proibicao-total-de-cigarros-eletronicos-com-foco-em-escolas-e-transforma-combate-aos-vapes-em-politica-publica-de-saude-prioritaria\/","name":"Governo aprova proibi\u00e7\u00e3o total de cigarros eletr\u00f4nicos com foco em escolas e transforma combate aos vapes em pol\u00edtica p\u00fablica de sa\u00fade priorit\u00e1ria - Estado de Minas - Em foco","isPartOf":{"@id":"https:\/\/www.em.com.br\/emfoco\/#website"},"primaryImageOfPage":{"@id":"https:\/\/www.em.com.br\/emfoco\/2026\/01\/15\/governo-aprova-proibicao-total-de-cigarros-eletronicos-com-foco-em-escolas-e-transforma-combate-aos-vapes-em-politica-publica-de-saude-prioritaria\/#primaryimage"},"image":{"@id":"https:\/\/www.em.com.br\/emfoco\/2026\/01\/15\/governo-aprova-proibicao-total-de-cigarros-eletronicos-com-foco-em-escolas-e-transforma-combate-aos-vapes-em-politica-publica-de-saude-prioritaria\/#primaryimage"},"thumbnailUrl":"https:\/\/www.em.com.br\/emfoco\/wp-content\/uploads\/2026\/01\/AIAI-8-6.jpg","datePublished":"2026-01-15T14:55:00+00:00","dateModified":"2026-01-13T19:40:11+00:00","author":{"@id":"https:\/\/www.em.com.br\/emfoco\/#\/schema\/person\/1c9ddeab18b98abeffef834667bcf08a"},"description":"Nova lei pro\u00edbe vapes em 2026, endurece puni\u00e7\u00f5es, bane sabores doces e pro\u00edbe com\u00e9rcio perto de escolas em todo o Brasil.","breadcrumb":{"@id":"https:\/\/www.em.com.br\/emfoco\/2026\/01\/15\/governo-aprova-proibicao-total-de-cigarros-eletronicos-com-foco-em-escolas-e-transforma-combate-aos-vapes-em-politica-publica-de-saude-prioritaria\/#breadcrumb"},"inLanguage":"pt-BR","potentialAction":[{"@type":"ReadAction","target":["https:\/\/www.em.com.br\/emfoco\/2026\/01\/15\/governo-aprova-proibicao-total-de-cigarros-eletronicos-com-foco-em-escolas-e-transforma-combate-aos-vapes-em-politica-publica-de-saude-prioritaria\/"]}]},{"@type":"ImageObject","inLanguage":"pt-BR","@id":"https:\/\/www.em.com.br\/emfoco\/2026\/01\/15\/governo-aprova-proibicao-total-de-cigarros-eletronicos-com-foco-em-escolas-e-transforma-combate-aos-vapes-em-politica-publica-de-saude-prioritaria\/#primaryimage","url":"https:\/\/www.em.com.br\/emfoco\/wp-content\/uploads\/2026\/01\/AIAI-8-6.jpg","contentUrl":"https:\/\/www.em.com.br\/emfoco\/wp-content\/uploads\/2026\/01\/AIAI-8-6.jpg","width":1280,"height":720,"caption":"Brasil endurece combate ao tabagismo juvenil com foco em vapes"},{"@type":"BreadcrumbList","@id":"https:\/\/www.em.com.br\/emfoco\/2026\/01\/15\/governo-aprova-proibicao-total-de-cigarros-eletronicos-com-foco-em-escolas-e-transforma-combate-aos-vapes-em-politica-publica-de-saude-prioritaria\/#breadcrumb","itemListElement":[{"@type":"ListItem","position":1,"name":"In\u00edcio","item":"https:\/\/www.em.com.br\/emfoco\/"},{"@type":"ListItem","position":2,"name":"Governo aprova proibi\u00e7\u00e3o total de cigarros eletr\u00f4nicos com foco em escolas e transforma combate aos vapes em pol\u00edtica p\u00fablica de sa\u00fade priorit\u00e1ria"}]},{"@type":"WebSite","@id":"https:\/\/www.em.com.br\/emfoco\/#website","url":"https:\/\/www.em.com.br\/emfoco\/","name":"Estado de Minas - Em foco","description":"Acompanhe as \u00faltimas not\u00edcias e fique bem informado sobre tudo o que acontece em Minas Gerais, Brasil e no mundo.","potentialAction":[{"@type":"SearchAction","target":{"@type":"EntryPoint","urlTemplate":"https:\/\/www.em.com.br\/emfoco\/?s={search_term_string}"},"query-input":{"@type":"PropertyValueSpecification","valueRequired":true,"valueName":"search_term_string"}}],"inLanguage":"pt-BR"},{"@type":"Person","@id":"https:\/\/www.em.com.br\/emfoco\/#\/schema\/person\/1c9ddeab18b98abeffef834667bcf08a","name":"Gabriel Martins","image":{"@type":"ImageObject","inLanguage":"pt-BR","@id":"https:\/\/www.em.com.br\/emfoco\/#\/schema\/person\/image\/","url":"https:\/\/secure.gravatar.com\/avatar\/f0f1e2efdfd88f1ad2cb08c5c2731e50?s=96&d=mm&r=g","contentUrl":"https:\/\/secure.gravatar.com\/avatar\/f0f1e2efdfd88f1ad2cb08c5c2731e50?s=96&d=mm&r=g","caption":"Gabriel Martins"},"sameAs":["https:\/\/www.em.com.br\/emfoco\/"],"url":"https:\/\/www.em.com.br\/emfoco\/author\/gabrielmartinsmyth\/"}]}},"_links":{"self":[{"href":"https:\/\/www.em.com.br\/emfoco\/wp-json\/wp\/v2\/posts\/154599","targetHints":{"allow":["GET"]}}],"collection":[{"href":"https:\/\/www.em.com.br\/emfoco\/wp-json\/wp\/v2\/posts"}],"about":[{"href":"https:\/\/www.em.com.br\/emfoco\/wp-json\/wp\/v2\/types\/post"}],"author":[{"embeddable":true,"href":"https:\/\/www.em.com.br\/emfoco\/wp-json\/wp\/v2\/users\/13"}],"replies":[{"embeddable":true,"href":"https:\/\/www.em.com.br\/emfoco\/wp-json\/wp\/v2\/comments?post=154599"}],"version-history":[{"count":1,"href":"https:\/\/www.em.com.br\/emfoco\/wp-json\/wp\/v2\/posts\/154599\/revisions"}],"predecessor-version":[{"id":154652,"href":"https:\/\/www.em.com.br\/emfoco\/wp-json\/wp\/v2\/posts\/154599\/revisions\/154652"}],"wp:featuredmedia":[{"embeddable":true,"href":"https:\/\/www.em.com.br\/emfoco\/wp-json\/wp\/v2\/media\/154647"}],"wp:attachment":[{"href":"https:\/\/www.em.com.br\/emfoco\/wp-json\/wp\/v2\/media?parent=154599"}],"wp:term":[{"taxonomy":"category","embeddable":true,"href":"https:\/\/www.em.com.br\/emfoco\/wp-json\/wp\/v2\/categories?post=154599"},{"taxonomy":"post_tag","embeddable":true,"href":"https:\/\/www.em.com.br\/emfoco\/wp-json\/wp\/v2\/tags?post=154599"}],"curies":[{"name":"wp","href":"https:\/\/api.w.org\/{rel}","templated":true}]}}