{"id":154539,"date":"2026-01-15T09:35:00","date_gmt":"2026-01-15T12:35:00","guid":{"rendered":"https:\/\/www.em.com.br\/emfoco\/?p=154539"},"modified":"2026-01-14T15:01:36","modified_gmt":"2026-01-14T18:01:36","slug":"nova-fase-da-dove-investe-em-ciencia-autoestima-e-cuidados-com-a-pele","status":"publish","type":"post","link":"https:\/\/www.em.com.br\/emfoco\/2026\/01\/15\/nova-fase-da-dove-investe-em-ciencia-autoestima-e-cuidados-com-a-pele\/","title":{"rendered":"Nova fase da Dove investe em ci\u00eancia, autoestima e cuidados com a pele"},"content":{"rendered":"\n<p>A Dove vive uma fase de reposicionamento no Brasil, em que combina crescimento em vendas com uma presen\u00e7a mais forte em temas ligados \u00e0 pele e \u00e0 imagem feminina. A marca, que come\u00e7ou no pa\u00eds focada em sabonete em barra, hoje aparece com frequ\u00eancia em prateleiras de desodorantes, hidratantes e produtos de higiene di\u00e1ria. Por tr\u00e1s dessa amplia\u00e7\u00e3o, h\u00e1 uma preocupa\u00e7\u00e3o em unir pesquisa cient\u00edfica, linguagem simples e um discurso consistente sobre autoestima, diversidade e tecnologia aplicada ao cuidado di\u00e1rio.<\/p>\n\n\n\n<h2 class=\"wp-block-heading\">Como a Dove trabalha autoestima e a ideia de beleza plural<\/h2>\n\n\n\n<p>A\u00a0<strong>Dove<\/strong>\u00a0aparece, h\u00e1 anos, vinculada \u00e0 ideia de beleza plural, em que diferentes corpos e hist\u00f3rias s\u00e3o representados. A marca consolidou um posicionamento em que mulheres de diversas idades, origens e biotipos s\u00e3o protagonistas da comunica\u00e7\u00e3o, refor\u00e7ando que cuidado pessoal est\u00e1 ligado \u00e0 sa\u00fade da pele e bem-estar, n\u00e3o apenas \u00e0 apar\u00eancia. No v\u00eddeo do <strong>@<a href=\"https:\/\/www.youtube.com\/@MarcaspeloMundo\" target=\"_blank\" rel=\"noreferrer noopener\">Marcas pelo Mundo<\/a><\/strong>, voc\u00ea v\u00ea como a Dove une ci\u00eancia, pele e autoestima no Brasil.<\/p>\n\n\n\n<iframe loading=\"lazy\" width=\"1013\" height=\"570\" src=\"https:\/\/www.youtube.com\/embed\/bID6bckKKoM\" title=\"Dove refor\u00e7a investimento em ci\u00eancia, autoestima e cuidado com a pele em nova fase da marca no pa\u00eds\" frameborder=\"0\" allow=\"accelerometer; autoplay; clipboard-write; encrypted-media; gyroscope; picture-in-picture; web-share\" referrerpolicy=\"strict-origin-when-cross-origin\" allowfullscreen><\/iframe>\n\n\n\n<p>Esse enfoque orienta campanhas, escolha de embaixadoras e a\u00e7\u00f5es educativas sobre compara\u00e7\u00e3o em redes sociais e press\u00e3o est\u00e9tica. Projetos recentes levaram a discuss\u00e3o para o ambiente digital, alertando sobre o impacto de imagens irreais na percep\u00e7\u00e3o de si, especialmente entre meninas e mulheres jovens em fase de forma\u00e7\u00e3o de identidade.<\/p>\n\n\n\n<h2 class=\"wp-block-heading\">Como a Dove se organiza para atender diferentes necessidades de pele<\/h2>\n\n\n\n<p>No dia a dia, a&nbsp;<strong>Dove Brasil<\/strong>&nbsp;atua com equipes separadas por categoria, como banho, desodorantes, corpo, rosto e cabelo. Esse modelo permite aprofundar quest\u00f5es espec\u00edficas, como ressecamento, sensibilidade, diferen\u00e7a de tons de pele e prefer\u00eancia por texturas mais leves, adaptando f\u00f3rmulas \u00e0s condi\u00e7\u00f5es de uso no pa\u00eds.<\/p>\n\n\n\n<p>O clima quente, o h\u00e1bito de m\u00faltiplos banhos di\u00e1rios e a depila\u00e7\u00e3o frequente orientam a aten\u00e7\u00e3o \u00e0 hidrata\u00e7\u00e3o em sabonetes l\u00edquidos, \u00f3leos de banho e lo\u00e7\u00f5es corporais. Para tornar esses ajustes mais precisos, a marca considera fatores de uso real do consumidor brasileiro, como frequ\u00eancia de aplica\u00e7\u00e3o e combina\u00e7\u00e3o de produtos em rotinas extensas.<\/p>\n\n\n\n<p>Leia mais: <a href=\"https:\/\/www.em.com.br\/saude\/2026\/01\/7329356-como-sistema-imunologico-humano-reage-a-transplante-de-rim-de-porco.html\" target=\"_blank\" rel=\"noreferrer noopener\">Como sistema imunol\u00f3gico humano reage a transplante de rim de porco<\/a><\/p>\n\n\n\n<h2 class=\"wp-block-heading\">Por que o plano m\u00e9dico \u00e9 importante na estrat\u00e9gia da Dove<\/h2>\n\n\n\n<p>Uma pe\u00e7a central da estrat\u00e9gia recente \u00e9 o relacionamento estruturado com dermatologistas e outros profissionais de sa\u00fade. A marca investe em um plano m\u00e9dico que inclui visitas a consult\u00f3rios, presen\u00e7a em congressos e materiais com linguagem t\u00e9cnica, buscando dialogar com quem acompanha de perto queixas sobre ressecamento, alergias, manchas e desconforto.<\/p>\n\n\n\n<p>Esse canal tem duas vias: de um lado,\u00a0<strong>Dove<\/strong>\u00a0apresenta dados de testes, estudos cl\u00ednicos e informa\u00e7\u00f5es sobre ativos usados em sabonetes, desodorantes e linhas de skincare. De outro, os profissionais compartilham problemas mais frequentes e ingredientes mais valorizados ou questionados, orientando ajuste de composi\u00e7\u00e3o e prioridades de pesquisa.<\/p>\n\n\n\n<h2 class=\"wp-block-heading\">O que diferencia o desodorante Dove no cuidado com a axila<\/h2>\n\n\n<div class=\"wp-block-image\">\n<figure class=\"aligncenter size-large\"><img loading=\"lazy\" decoding=\"async\" width=\"1024\" height=\"576\" src=\"https:\/\/www.em.com.br\/emfoco\/wp-content\/uploads\/2026\/01\/desodorante_1768329312369-1024x576.jpg\" alt=\"\" class=\"wp-image-154578\" srcset=\"https:\/\/www.em.com.br\/emfoco\/wp-content\/uploads\/2026\/01\/desodorante_1768329312369-1024x576.jpg 1024w, https:\/\/www.em.com.br\/emfoco\/wp-content\/uploads\/2026\/01\/desodorante_1768329312369-300x169.jpg 300w, https:\/\/www.em.com.br\/emfoco\/wp-content\/uploads\/2026\/01\/desodorante_1768329312369-768x432.jpg 768w, https:\/\/www.em.com.br\/emfoco\/wp-content\/uploads\/2026\/01\/desodorante_1768329312369-750x422.jpg 750w, https:\/\/www.em.com.br\/emfoco\/wp-content\/uploads\/2026\/01\/desodorante_1768329312369-1140x641.jpg 1140w, https:\/\/www.em.com.br\/emfoco\/wp-content\/uploads\/2026\/01\/desodorante_1768329312369.jpg 1280w\" sizes=\"auto, (max-width: 1024px) 100vw, 1024px\" \/><figcaption class=\"wp-element-caption\">Dove, ci\u00eancia e beleza sem padr\u00e3o \u00fanico &#8211; Cr\u00e9ditos: depositphotos.com \/ Milkos<\/figcaption><\/figure><\/div>\n\n\n<p>Na categoria de&nbsp;<strong>desodorante Dove<\/strong>, a marca passou a tratar a axila como uma \u00e1rea que tamb\u00e9m precisa de reparo e hidrata\u00e7\u00e3o, e n\u00e3o s\u00f3 de prote\u00e7\u00e3o contra suor e odor. A depila\u00e7\u00e3o recorrente e o atrito com tecidos podem deixar a regi\u00e3o sens\u00edvel, com ardor, escurecimento e aspereza, o que levou \u00e0 incorpora\u00e7\u00e3o de ingredientes associados ao skincare nas f\u00f3rmulas.<\/p>\n\n\n\n<p>O portf\u00f3lio inclui aeross\u00f3is, roll-on, cremes e vers\u00f5es pensadas para outras \u00e1reas de atrito, muitas vezes apresentados em conjunto com sabonetes e hidratantes. Em materiais educativos, o foco \u00e9 explicar que o antitranspirante pode controlar o suor e, ao mesmo tempo, colaborar para recupera\u00e7\u00e3o gradual da pele, quando usado de forma cont\u00ednua e adequada.<\/p>\n\n\n\n<p>Leia mais: <a href=\"https:\/\/www.em.com.br\/saude\/2026\/01\/7331922-mulheres-tem-carga-genetica-mais-alta-para-depressao-conclui-pesquisa.html\" target=\"_blank\" rel=\"noreferrer noopener\">Mulheres t\u00eam carga gen\u00e9tica mais alta para depress\u00e3o, conclui pesquisa<\/a><\/p>\n\n\n\n<h2 class=\"wp-block-heading\">Como a Dove lida com tecnologia, filtros e padr\u00f5es de beleza digitais<\/h2>\n\n\n\n<p>A discuss\u00e3o sobre intelig\u00eancia artificial e filtros de imagem entrou de vez na comunica\u00e7\u00e3o de&nbsp;<strong>Dove desodorante<\/strong>&nbsp;e de outras linhas da marca. Campanhas recentes abordam como algoritmos podem privilegiar determinados rostos e corpos, refor\u00e7ando um recorte limitado de beleza e influenciando a autoestima de quem consome esse tipo de conte\u00fado diariamente.<\/p>\n\n\n\n<p>Ao mesmo tempo, o conte\u00fado digital da marca explica termos comuns em r\u00f3tulos, como \u201chidrata\u00e7\u00e3o profunda\u201d, \u201cbarreira cut\u00e2nea\u201d e nomes de ativos. A inten\u00e7\u00e3o \u00e9 reduzir ru\u00eddos, facilitar a leitura de embalagens e equilibrar tr\u00eas frentes: tecnologia aplicada aos produtos, responsabilidade na comunica\u00e7\u00e3o de beleza e acesso \u00e0 informa\u00e7\u00e3o confi\u00e1vel em canais on e offline.<\/p>\n","protected":false},"excerpt":{"rendered":"<p>A Dove vive uma fase de reposicionamento no Brasil, em que combina crescimento em vendas com uma presen\u00e7a mais forte em temas ligados \u00e0 pele e \u00e0 imagem feminina. A marca, que come\u00e7ou no pa\u00eds focada em sabonete em barra, hoje aparece com frequ\u00eancia em prateleiras de desodorantes, hidratantes e produtos de higiene di\u00e1ria. Por [&hellip;]<\/p>\n","protected":false},"author":20,"featured_media":151991,"comment_status":"open","ping_status":"open","sticky":false,"template":"","format":"standard","meta":{"jnews-multi-image_gallery":[],"jnews_single_post":{"format":"standard"},"jnews_primary_category":[],"jnews_social_meta":[],"jnews_override_counter":[],"footnotes":""},"categories":[8819,20108],"tags":[4889,884,4939,22652],"class_list":["post-154539","post","type-post","status-publish","format-standard","has-post-thumbnail","hentry","category-curiosidades","category-noticia","tag-autoestima","tag-ciencia","tag-cuidados-com-a-pele","tag-dove"],"yoast_head":"<!-- This site is optimized with the Yoast SEO plugin v23.8 - https:\/\/yoast.com\/wordpress\/plugins\/seo\/ -->\n<title>Nova fase da Dove investe em ci\u00eancia, autoestima e cuidados com a pele - Estado de Minas - Em foco<\/title>\n<meta name=\"description\" content=\"A Dove mudou sua estrat\u00e9gia no Brasil, unindo ci\u00eancia, diversidade e cuidados com a pele em uma nova fase que vai al\u00e9m do sabonete.\" \/>\n<meta name=\"robots\" content=\"index, follow, max-snippet:-1, max-image-preview:large, max-video-preview:-1\" \/>\n<link rel=\"canonical\" href=\"https:\/\/www.em.com.br\/emfoco\/2026\/01\/15\/nova-fase-da-dove-investe-em-ciencia-autoestima-e-cuidados-com-a-pele\/\" \/>\n<meta property=\"og:locale\" content=\"pt_BR\" \/>\n<meta property=\"og:type\" content=\"article\" \/>\n<meta property=\"og:title\" content=\"Nova fase da Dove investe em ci\u00eancia, autoestima e cuidados com a pele - Estado de Minas - Em foco\" \/>\n<meta property=\"og:description\" content=\"A Dove mudou sua estrat\u00e9gia no Brasil, unindo ci\u00eancia, diversidade e cuidados com a pele em uma nova fase que vai al\u00e9m do sabonete.\" \/>\n<meta property=\"og:url\" content=\"https:\/\/www.em.com.br\/emfoco\/2026\/01\/15\/nova-fase-da-dove-investe-em-ciencia-autoestima-e-cuidados-com-a-pele\/\" \/>\n<meta property=\"og:site_name\" content=\"Estado de Minas - Em foco\" \/>\n<meta property=\"article:published_time\" content=\"2026-01-15T12:35:00+00:00\" \/>\n<meta property=\"article:modified_time\" content=\"2026-01-14T18:01:36+00:00\" \/>\n<meta property=\"og:image\" content=\"https:\/\/www.em.com.br\/emfoco\/wp-content\/uploads\/2026\/01\/creme_1767817401044.jpg\" \/>\n\t<meta property=\"og:image:width\" content=\"1280\" \/>\n\t<meta property=\"og:image:height\" content=\"720\" \/>\n\t<meta property=\"og:image:type\" content=\"image\/jpeg\" \/>\n<meta name=\"author\" content=\"Ingrid Diniz\" \/>\n<meta name=\"twitter:card\" content=\"summary_large_image\" \/>\n<meta name=\"twitter:label1\" content=\"Escrito por\" \/>\n\t<meta name=\"twitter:data1\" content=\"Ingrid Diniz\" \/>\n\t<meta name=\"twitter:label2\" content=\"Est. tempo de leitura\" \/>\n\t<meta name=\"twitter:data2\" content=\"5 minutos\" \/>\n<!-- \/ Yoast SEO plugin. -->","yoast_head_json":{"title":"Nova fase da Dove investe em ci\u00eancia, autoestima e cuidados com a pele - Estado de Minas - Em foco","description":"A Dove mudou sua estrat\u00e9gia no Brasil, unindo ci\u00eancia, diversidade e cuidados com a pele em uma nova fase que vai al\u00e9m do sabonete.","robots":{"index":"index","follow":"follow","max-snippet":"max-snippet:-1","max-image-preview":"max-image-preview:large","max-video-preview":"max-video-preview:-1"},"canonical":"https:\/\/www.em.com.br\/emfoco\/2026\/01\/15\/nova-fase-da-dove-investe-em-ciencia-autoestima-e-cuidados-com-a-pele\/","og_locale":"pt_BR","og_type":"article","og_title":"Nova fase da Dove investe em ci\u00eancia, autoestima e cuidados com a pele - Estado de Minas - Em foco","og_description":"A Dove mudou sua estrat\u00e9gia no Brasil, unindo ci\u00eancia, diversidade e cuidados com a pele em uma nova fase que vai al\u00e9m do sabonete.","og_url":"https:\/\/www.em.com.br\/emfoco\/2026\/01\/15\/nova-fase-da-dove-investe-em-ciencia-autoestima-e-cuidados-com-a-pele\/","og_site_name":"Estado de Minas - Em foco","article_published_time":"2026-01-15T12:35:00+00:00","article_modified_time":"2026-01-14T18:01:36+00:00","og_image":[{"width":1280,"height":720,"url":"https:\/\/www.em.com.br\/emfoco\/wp-content\/uploads\/2026\/01\/creme_1767817401044.jpg","type":"image\/jpeg"}],"author":"Ingrid Diniz","twitter_card":"summary_large_image","twitter_misc":{"Escrito por":"Ingrid Diniz","Est. tempo de leitura":"5 minutos"},"schema":{"@context":"https:\/\/schema.org","@graph":[{"@type":"WebPage","@id":"https:\/\/www.em.com.br\/emfoco\/2026\/01\/15\/nova-fase-da-dove-investe-em-ciencia-autoestima-e-cuidados-com-a-pele\/","url":"https:\/\/www.em.com.br\/emfoco\/2026\/01\/15\/nova-fase-da-dove-investe-em-ciencia-autoestima-e-cuidados-com-a-pele\/","name":"Nova fase da Dove investe em ci\u00eancia, autoestima e cuidados com a pele - Estado de Minas - Em foco","isPartOf":{"@id":"https:\/\/www.em.com.br\/emfoco\/#website"},"primaryImageOfPage":{"@id":"https:\/\/www.em.com.br\/emfoco\/2026\/01\/15\/nova-fase-da-dove-investe-em-ciencia-autoestima-e-cuidados-com-a-pele\/#primaryimage"},"image":{"@id":"https:\/\/www.em.com.br\/emfoco\/2026\/01\/15\/nova-fase-da-dove-investe-em-ciencia-autoestima-e-cuidados-com-a-pele\/#primaryimage"},"thumbnailUrl":"https:\/\/www.em.com.br\/emfoco\/wp-content\/uploads\/2026\/01\/creme_1767817401044.jpg","datePublished":"2026-01-15T12:35:00+00:00","dateModified":"2026-01-14T18:01:36+00:00","author":{"@id":"https:\/\/www.em.com.br\/emfoco\/#\/schema\/person\/649e610b4eb8fff87ff394e54fe17b2b"},"description":"A Dove mudou sua estrat\u00e9gia no Brasil, unindo ci\u00eancia, diversidade e cuidados com a pele em uma nova fase que vai al\u00e9m do sabonete.","breadcrumb":{"@id":"https:\/\/www.em.com.br\/emfoco\/2026\/01\/15\/nova-fase-da-dove-investe-em-ciencia-autoestima-e-cuidados-com-a-pele\/#breadcrumb"},"inLanguage":"pt-BR","potentialAction":[{"@type":"ReadAction","target":["https:\/\/www.em.com.br\/emfoco\/2026\/01\/15\/nova-fase-da-dove-investe-em-ciencia-autoestima-e-cuidados-com-a-pele\/"]}]},{"@type":"ImageObject","inLanguage":"pt-BR","@id":"https:\/\/www.em.com.br\/emfoco\/2026\/01\/15\/nova-fase-da-dove-investe-em-ciencia-autoestima-e-cuidados-com-a-pele\/#primaryimage","url":"https:\/\/www.em.com.br\/emfoco\/wp-content\/uploads\/2026\/01\/creme_1767817401044.jpg","contentUrl":"https:\/\/www.em.com.br\/emfoco\/wp-content\/uploads\/2026\/01\/creme_1767817401044.jpg","width":1280,"height":720,"caption":"Creme hidratante da lata azul limpa e hidrata a pele de forma - Cr\u00e9ditos: depositphotos.com \/ SashaKhalabuzar"},{"@type":"BreadcrumbList","@id":"https:\/\/www.em.com.br\/emfoco\/2026\/01\/15\/nova-fase-da-dove-investe-em-ciencia-autoestima-e-cuidados-com-a-pele\/#breadcrumb","itemListElement":[{"@type":"ListItem","position":1,"name":"In\u00edcio","item":"https:\/\/www.em.com.br\/emfoco\/"},{"@type":"ListItem","position":2,"name":"Nova fase da Dove investe em ci\u00eancia, autoestima e cuidados com a pele"}]},{"@type":"WebSite","@id":"https:\/\/www.em.com.br\/emfoco\/#website","url":"https:\/\/www.em.com.br\/emfoco\/","name":"Estado de Minas - Em foco","description":"Acompanhe as \u00faltimas not\u00edcias e fique bem informado sobre tudo o que acontece em Minas Gerais, Brasil e no mundo.","potentialAction":[{"@type":"SearchAction","target":{"@type":"EntryPoint","urlTemplate":"https:\/\/www.em.com.br\/emfoco\/?s={search_term_string}"},"query-input":{"@type":"PropertyValueSpecification","valueRequired":true,"valueName":"search_term_string"}}],"inLanguage":"pt-BR"},{"@type":"Person","@id":"https:\/\/www.em.com.br\/emfoco\/#\/schema\/person\/649e610b4eb8fff87ff394e54fe17b2b","name":"Ingrid Diniz","image":{"@type":"ImageObject","inLanguage":"pt-BR","@id":"https:\/\/www.em.com.br\/emfoco\/#\/schema\/person\/image\/","url":"https:\/\/secure.gravatar.com\/avatar\/a3baa1449ec5c39b4c42babc9d4f3951?s=96&d=mm&r=g","contentUrl":"https:\/\/secure.gravatar.com\/avatar\/a3baa1449ec5c39b4c42babc9d4f3951?s=96&d=mm&r=g","caption":"Ingrid Diniz"},"sameAs":["https:\/\/www.em.com.br\/"],"url":"https:\/\/www.em.com.br\/emfoco\/author\/ingridmyth\/"}]}},"_links":{"self":[{"href":"https:\/\/www.em.com.br\/emfoco\/wp-json\/wp\/v2\/posts\/154539","targetHints":{"allow":["GET"]}}],"collection":[{"href":"https:\/\/www.em.com.br\/emfoco\/wp-json\/wp\/v2\/posts"}],"about":[{"href":"https:\/\/www.em.com.br\/emfoco\/wp-json\/wp\/v2\/types\/post"}],"author":[{"embeddable":true,"href":"https:\/\/www.em.com.br\/emfoco\/wp-json\/wp\/v2\/users\/20"}],"replies":[{"embeddable":true,"href":"https:\/\/www.em.com.br\/emfoco\/wp-json\/wp\/v2\/comments?post=154539"}],"version-history":[{"count":1,"href":"https:\/\/www.em.com.br\/emfoco\/wp-json\/wp\/v2\/posts\/154539\/revisions"}],"predecessor-version":[{"id":154579,"href":"https:\/\/www.em.com.br\/emfoco\/wp-json\/wp\/v2\/posts\/154539\/revisions\/154579"}],"wp:featuredmedia":[{"embeddable":true,"href":"https:\/\/www.em.com.br\/emfoco\/wp-json\/wp\/v2\/media\/151991"}],"wp:attachment":[{"href":"https:\/\/www.em.com.br\/emfoco\/wp-json\/wp\/v2\/media?parent=154539"}],"wp:term":[{"taxonomy":"category","embeddable":true,"href":"https:\/\/www.em.com.br\/emfoco\/wp-json\/wp\/v2\/categories?post=154539"},{"taxonomy":"post_tag","embeddable":true,"href":"https:\/\/www.em.com.br\/emfoco\/wp-json\/wp\/v2\/tags?post=154539"}],"curies":[{"name":"wp","href":"https:\/\/api.w.org\/{rel}","templated":true}]}}