{"id":154534,"date":"2026-01-14T11:25:00","date_gmt":"2026-01-14T14:25:00","guid":{"rendered":"https:\/\/www.em.com.br\/emfoco\/?p=154534"},"modified":"2026-01-13T18:36:13","modified_gmt":"2026-01-13T21:36:13","slug":"esse-vilarejo-sem-asfalto-no-ceara-virou-sonho-de-quem-busca-natureza-crua-e-experiencias-fora-do-comum","status":"publish","type":"post","link":"https:\/\/www.em.com.br\/emfoco\/2026\/01\/14\/esse-vilarejo-sem-asfalto-no-ceara-virou-sonho-de-quem-busca-natureza-crua-e-experiencias-fora-do-comum\/","title":{"rendered":"Esse vilarejo sem asfalto no Cear\u00e1 virou sonho de quem busca natureza crua e experi\u00eancias fora do comum"},"content":{"rendered":"\n<p>A <strong>Vila de Jericoacoara<\/strong> permanece como um ref\u00fagio de preserva\u00e7\u00e3o ambiental no litoral do <strong>Cear\u00e1<\/strong> que encanta viajantes pela aus\u00eancia de asfalto. Localizado a 300 km de <strong>Fortaleza<\/strong>, o destino mant\u00e9m o charme de antigo vilarejo de pescadores com infraestrutura voltada ao turismo sustent\u00e1vel.<\/p>\n\n\n\n<h2 class=\"wp-block-heading\">Quais experi\u00eancias definem o roteiro ideal nesta regi\u00e3o litor\u00e2nea?<\/h2>\n\n\n\n<p>As viv\u00eancias em <strong>Jericoacoara<\/strong> misturam o relaxamento em \u00e1guas mansas com a explora\u00e7\u00e3o de forma\u00e7\u00f5es geol\u00f3gicas esculpidas pelo vento. O planejamento deve priorizar o contato com a biodiversidade protegida pelo <strong><a href=\"https:\/\/www.gov.br\/icmbio\/pt-br\/assuntos\/biodiversidade\/unidade-de-conservacao\/unidades-de-biomas\/marinho\/lista-de-ucs\/parna-de-jericoacoara\" target=\"_blank\" rel=\"noreferrer noopener\">Parque Nacional de Jericoacoara<\/a><\/strong> (<strong>PARNA Jericoacoara<\/strong>).<\/p>\n\n\n\n<p>A localidade oferece pontos tur\u00edsticos tradicionais que exigem deslocamentos em ve\u00edculos com tra\u00e7\u00e3o nas quatro rodas devido \u00e0 natureza do solo arenoso.<\/p>\n\n\n\n<ul class=\"wp-block-list has-medium-font-size\">\n<li><strong>Pedra Furada<\/strong>: \u00cdcone geol\u00f3gico onde o oceano esculpiu uma abertura natural nas rochas da costa cearense.<\/li>\n\n\n\n<li><strong>Lagoa do Para\u00edso<\/strong>: \u00c1guas com tons degrad\u00ea entre o azul e o verde que abrigam as famosas redes para descanso.<\/li>\n\n\n\n<li><strong>Duna do P\u00f4r do Sol<\/strong>: Estrutura de areia que proporciona uma vis\u00e3o privilegiada do horizonte durante o fim da tarde.<\/li>\n\n\n\n<li><strong>Buraco Azul<\/strong>: Forma\u00e7\u00e3o recente com colora\u00e7\u00e3o turquesa intensa que se tornou parada obrigat\u00f3ria para fotografias.<\/li>\n\n\n\n<li><strong>Praia do Pre\u00e1<\/strong>: Vilarejo vizinho que det\u00e9m o t\u00edtulo de um dos melhores locais do mundo para o kitesurf.<\/li>\n<\/ul>\n\n\n<div class=\"wp-block-image\">\n<figure class=\"aligncenter size-large\"><img loading=\"lazy\" decoding=\"async\" width=\"1024\" height=\"576\" src=\"https:\/\/www.em.com.br\/emfoco\/wp-content\/uploads\/2026\/01\/Jericoacoara_1738606193804-1024x576.jpg\" alt=\"\" class=\"wp-image-154826\" srcset=\"https:\/\/www.em.com.br\/emfoco\/wp-content\/uploads\/2026\/01\/Jericoacoara_1738606193804-1024x576.jpg 1024w, https:\/\/www.em.com.br\/emfoco\/wp-content\/uploads\/2026\/01\/Jericoacoara_1738606193804-300x169.jpg 300w, https:\/\/www.em.com.br\/emfoco\/wp-content\/uploads\/2026\/01\/Jericoacoara_1738606193804-768x432.jpg 768w, https:\/\/www.em.com.br\/emfoco\/wp-content\/uploads\/2026\/01\/Jericoacoara_1738606193804-750x422.jpg 750w, https:\/\/www.em.com.br\/emfoco\/wp-content\/uploads\/2026\/01\/Jericoacoara_1738606193804-1140x641.jpg 1140w, https:\/\/www.em.com.br\/emfoco\/wp-content\/uploads\/2026\/01\/Jericoacoara_1738606193804.jpg 1280w\" sizes=\"auto, (max-width: 1024px) 100vw, 1024px\" \/><figcaption class=\"wp-element-caption\">Jericoacoara encanta com dunas douradas e mar cristalino no Cear\u00e1 \/\/ Cr\u00e9ditos: depositphotos.com \/ xura<\/figcaption><\/figure><\/div>\n\n\n<h2 class=\"wp-block-heading\">Qual caracter\u00edstica urbana garante o diferencial deste destino?<\/h2>\n\n\n\n<p>A vila n\u00e3o possui ilumina\u00e7\u00e3o p\u00fablica por postes para evitar que a luz artificial interfira na visibilidade do c\u00e9u noturno. Essa legisla\u00e7\u00e3o municipal preserva o ambiente r\u00fastico e permite uma observa\u00e7\u00e3o privilegiada das estrelas pelos <strong>habitantes<\/strong> e turistas.<\/p>\n\n\n\n<p>O controle rigoroso sobre a urbaniza\u00e7\u00e3o impede o tr\u00e1fego de carros particulares sem autoriza\u00e7\u00e3o dentro da \u00e1rea de preserva\u00e7\u00e3o. Tal medida assegura que as ruas de areia continuem sendo a principal via de circula\u00e7\u00e3o dos pedestres.<\/p>\n\n\n<div class=\"wp-block-image\">\n<figure class=\"aligncenter size-large\"><img loading=\"lazy\" decoding=\"async\" width=\"1024\" height=\"576\" src=\"https:\/\/www.em.com.br\/emfoco\/wp-content\/uploads\/2026\/01\/Jericoacoara-_1743723547940-1024x576.jpg\" alt=\"\" class=\"wp-image-154825\" srcset=\"https:\/\/www.em.com.br\/emfoco\/wp-content\/uploads\/2026\/01\/Jericoacoara-_1743723547940-1024x576.jpg 1024w, https:\/\/www.em.com.br\/emfoco\/wp-content\/uploads\/2026\/01\/Jericoacoara-_1743723547940-300x169.jpg 300w, https:\/\/www.em.com.br\/emfoco\/wp-content\/uploads\/2026\/01\/Jericoacoara-_1743723547940-768x432.jpg 768w, https:\/\/www.em.com.br\/emfoco\/wp-content\/uploads\/2026\/01\/Jericoacoara-_1743723547940-750x422.jpg 750w, https:\/\/www.em.com.br\/emfoco\/wp-content\/uploads\/2026\/01\/Jericoacoara-_1743723547940-1140x641.jpg 1140w, https:\/\/www.em.com.br\/emfoco\/wp-content\/uploads\/2026\/01\/Jericoacoara-_1743723547940.jpg 1280w\" sizes=\"auto, (max-width: 1024px) 100vw, 1024px\" \/><figcaption class=\"wp-element-caption\">Jericoacoara \u00e9 joia nordestina com praias e paisagens \u00fanicas \/\/ Cr\u00e9ditos: depositphotos.com \/ xura<\/figcaption><\/figure><\/div>\n\n\n<h2 class=\"wp-block-heading\">Quando observar o alinhamento solar na Pedra Furada?<\/h2>\n\n\n\n<p>O fen\u00f4meno do sol se pondo exatamente no v\u00e3o da <strong>Pedra Furada<\/strong> ocorre entre os meses de julho e agosto. O espet\u00e1culo natural dura cerca de 30 dias e atrai entusiastas da fotografia de diversas partes do pa\u00eds.<\/p>\n\n\n\n<p>Para planejar a viagem, \u00e9 fundamental observar a transi\u00e7\u00e3o entre o per\u00edodo de chuvas e a temporada de ventos fortes, conforme dados do <strong><a href=\"https:\/\/www.climatempo.com.br\/previsao-do-tempo\/cidade\/5020\/jericoacoara-ce\" target=\"_blank\" rel=\"noreferrer noopener\">Climatempo<\/a><\/strong>.<\/p>\n\n\n\n<figure class=\"wp-block-table\"><table class=\"has-fixed-layout\"><tbody><tr><td>Esta\u00e7\u00e3o\/Meses<\/td><td>M\u00e9dia T\u00e9rmica<\/td><td>O que esperar<\/td><\/tr><tr><td>Janeiro a Junho<\/td><td>28\u00b0C<\/td><td>Lagoas cheias e vegeta\u00e7\u00e3o exuberante<\/td><\/tr><tr><td>Julho a Dezembro<\/td><td>29\u00b0C<\/td><td>Sol constante e ventos ideais para esportes<\/td><\/tr><\/tbody><\/table><\/figure>\n\n\n\n<h2 class=\"wp-block-heading\">Como acessar o vilarejo partindo dos principais hubs?<\/h2>\n\n\n\n<p>O deslocamento saindo de <strong>Fortaleza<\/strong> consome aproximadamente cinco horas at\u00e9 o ponto de troca de ve\u00edculos em <strong>Jijoca de Jericoacoara<\/strong>. O trecho final \u00e9 realizado em transportes credenciados que possuem autoriza\u00e7\u00e3o para trafegar nas \u00e1reas de dunas.<\/p>\n\n\n\n<p>Viajantes que buscam agilidade utilizam o <strong>Aeroporto Regional de Jericoacoara<\/strong>, situado na cidade de <strong>Cruz<\/strong>, a 30 km da vila. O trajeto a\u00e9reo reduz consideravelmente o tempo total de viagem comparado ao transporte rodovi\u00e1rio.<\/p>\n\n\n\n<h2 class=\"wp-block-heading\">Quais sabores representam a identidade gastron\u00f4mica local?<\/h2>\n\n\n\n<p>A culin\u00e1ria local valoriza a pesca artesanal com pratos que destacam o frescor de peixes, lagostas e camar\u00f5es regionais. A influ\u00eancia cosmopolita trouxe t\u00e9cnicas modernas que se fundem aos ingredientes nativos como o coco e a castanha.<\/p>\n\n\n\n<p>O doce de banana servido na <strong>Rua Principal<\/strong> representa uma tradi\u00e7\u00e3o mantida por fam\u00edlias que residem na regi\u00e3o h\u00e1 d\u00e9cadas. Essa mistura de sabores r\u00fasticos e refinados define a experi\u00eancia sensorial da estadia no litoral.<\/p>\n\n\n\n<p>Quem busca o para\u00edso no Cear\u00e1 vai curtir este v\u00eddeo do canal <strong>Trip Partiu<\/strong>, que conta com mais de 300 mil visualiza\u00e7\u00f5es, onde <strong>Juliana<\/strong> mostra detalhadamente um roteiro em <strong>Jericoacoara<\/strong>, com os melhores <strong>passeios<\/strong> e como <strong>economizar<\/strong>:<\/p>\n\n\n\n<figure class=\"wp-block-embed is-type-video is-provider-youtube wp-block-embed-youtube wp-embed-aspect-16-9 wp-has-aspect-ratio\"><div class=\"wp-block-embed__wrapper\">\n<div class=\"jeg_video_container jeg_video_content\"><iframe loading=\"lazy\" title=\"JERICOACOARA Cear\u00e1 - melhores passeios + dicas de como economizar\" width=\"500\" height=\"281\" src=\"https:\/\/www.youtube.com\/embed\/19LQuM7Kpww?feature=oembed\" frameborder=\"0\" allow=\"accelerometer; autoplay; clipboard-write; encrypted-media; gyroscope; picture-in-picture; web-share\" referrerpolicy=\"strict-origin-when-cross-origin\" allowfullscreen><\/iframe><\/div>\n<\/div><\/figure>\n\n\n\n<p><strong>Leia tamb\u00e9m: <a href=\"https:\/\/www.em.com.br\/emfoco\/2026\/01\/13\/a-cidade-das-flores-e-morangos-virou-refugio-de-quem-quer-respirar-melhor-a-poucos-minutos-da-capital\/\" target=\"_blank\" rel=\"noreferrer noopener\">A Cidade das Flores e Morangos virou ref\u00fagio de quem quer respirar melhor a poucos minutos da capital<\/a><\/strong><\/p>\n\n\n\n<h2 class=\"wp-block-heading\">Planeje sua imers\u00e3o nas belezas naturais do Cear\u00e1<\/h2>\n\n\n\n<p>Visitar este santu\u00e1rio exige consci\u00eancia ambiental para manter a integridade das praias e lagoas para as pr\u00f3ximas gera\u00e7\u00f5es. Voc\u00ea precisa conhecer este cen\u00e1rio singular para vivenciar o equil\u00edbrio entre a simplicidade e o conforto.<\/p>\n","protected":false},"excerpt":{"rendered":"<p>A Vila de Jericoacoara permanece como um ref\u00fagio de preserva\u00e7\u00e3o ambiental no litoral do Cear\u00e1 que encanta viajantes pela aus\u00eancia de asfalto. Localizado a 300 km de Fortaleza, o destino mant\u00e9m o charme de antigo vilarejo de pescadores com infraestrutura voltada ao turismo sustent\u00e1vel. Quais experi\u00eancias definem o roteiro ideal nesta regi\u00e3o litor\u00e2nea? As viv\u00eancias [&hellip;]<\/p>\n","protected":false},"author":6,"featured_media":137116,"comment_status":"open","ping_status":"open","sticky":false,"template":"","format":"standard","meta":{"jnews-multi-image_gallery":[],"jnews_single_post":{"format":"standard"},"jnews_primary_category":[],"jnews_social_meta":[],"jnews_override_counter":[],"footnotes":""},"categories":[26],"tags":[3260,183,6355],"class_list":["post-154534","post","type-post","status-publish","format-standard","has-post-thumbnail","hentry","category-cidades","tag-ceara","tag-cidades","tag-jericoacoara"],"yoast_head":"<!-- This site is optimized with the Yoast SEO plugin v23.8 - https:\/\/yoast.com\/wordpress\/plugins\/seo\/ -->\n<title>Esse vilarejo sem asfalto no Cear\u00e1 virou sonho de quem busca natureza crua e experi\u00eancias fora do comum - Estado de Minas - Em foco<\/title>\n<meta name=\"description\" content=\"Saiba por que este destino sem asfalto no Cear\u00e1 atrai quem busca natureza crua e experi\u00eancias fora do comum em um cen\u00e1rio preservado.\" \/>\n<meta name=\"robots\" content=\"index, follow, max-snippet:-1, max-image-preview:large, max-video-preview:-1\" \/>\n<link rel=\"canonical\" href=\"https:\/\/www.em.com.br\/emfoco\/2026\/01\/14\/esse-vilarejo-sem-asfalto-no-ceara-virou-sonho-de-quem-busca-natureza-crua-e-experiencias-fora-do-comum\/\" \/>\n<meta property=\"og:locale\" content=\"pt_BR\" \/>\n<meta property=\"og:type\" content=\"article\" \/>\n<meta property=\"og:title\" content=\"Esse vilarejo sem asfalto no Cear\u00e1 virou sonho de quem busca natureza crua e experi\u00eancias fora do comum - Estado de Minas - Em foco\" \/>\n<meta property=\"og:description\" content=\"Saiba por que este destino sem asfalto no Cear\u00e1 atrai quem busca natureza crua e experi\u00eancias fora do comum em um cen\u00e1rio preservado.\" \/>\n<meta property=\"og:url\" content=\"https:\/\/www.em.com.br\/emfoco\/2026\/01\/14\/esse-vilarejo-sem-asfalto-no-ceara-virou-sonho-de-quem-busca-natureza-crua-e-experiencias-fora-do-comum\/\" \/>\n<meta property=\"og:site_name\" content=\"Estado de Minas - Em foco\" \/>\n<meta property=\"article:published_time\" content=\"2026-01-14T14:25:00+00:00\" \/>\n<meta property=\"article:modified_time\" content=\"2026-01-13T21:36:13+00:00\" \/>\n<meta property=\"og:image\" content=\"https:\/\/www.em.com.br\/emfoco\/wp-content\/uploads\/2025\/12\/Jericoacoara.jpg\" \/>\n\t<meta property=\"og:image:width\" content=\"1280\" \/>\n\t<meta property=\"og:image:height\" content=\"720\" \/>\n\t<meta property=\"og:image:type\" content=\"image\/jpeg\" \/>\n<meta name=\"author\" content=\"Vitor Bruno\" \/>\n<meta name=\"twitter:card\" content=\"summary_large_image\" \/>\n<meta name=\"twitter:label1\" content=\"Escrito por\" \/>\n\t<meta name=\"twitter:data1\" content=\"Vitor Bruno\" \/>\n\t<meta name=\"twitter:label2\" content=\"Est. tempo de leitura\" \/>\n\t<meta name=\"twitter:data2\" content=\"5 minutos\" \/>\n<!-- \/ Yoast SEO plugin. -->","yoast_head_json":{"title":"Esse vilarejo sem asfalto no Cear\u00e1 virou sonho de quem busca natureza crua e experi\u00eancias fora do comum - Estado de Minas - Em foco","description":"Saiba por que este destino sem asfalto no Cear\u00e1 atrai quem busca natureza crua e experi\u00eancias fora do comum em um cen\u00e1rio preservado.","robots":{"index":"index","follow":"follow","max-snippet":"max-snippet:-1","max-image-preview":"max-image-preview:large","max-video-preview":"max-video-preview:-1"},"canonical":"https:\/\/www.em.com.br\/emfoco\/2026\/01\/14\/esse-vilarejo-sem-asfalto-no-ceara-virou-sonho-de-quem-busca-natureza-crua-e-experiencias-fora-do-comum\/","og_locale":"pt_BR","og_type":"article","og_title":"Esse vilarejo sem asfalto no Cear\u00e1 virou sonho de quem busca natureza crua e experi\u00eancias fora do comum - Estado de Minas - Em foco","og_description":"Saiba por que este destino sem asfalto no Cear\u00e1 atrai quem busca natureza crua e experi\u00eancias fora do comum em um cen\u00e1rio preservado.","og_url":"https:\/\/www.em.com.br\/emfoco\/2026\/01\/14\/esse-vilarejo-sem-asfalto-no-ceara-virou-sonho-de-quem-busca-natureza-crua-e-experiencias-fora-do-comum\/","og_site_name":"Estado de Minas - Em foco","article_published_time":"2026-01-14T14:25:00+00:00","article_modified_time":"2026-01-13T21:36:13+00:00","og_image":[{"width":1280,"height":720,"url":"https:\/\/www.em.com.br\/emfoco\/wp-content\/uploads\/2025\/12\/Jericoacoara.jpg","type":"image\/jpeg"}],"author":"Vitor Bruno","twitter_card":"summary_large_image","twitter_misc":{"Escrito por":"Vitor Bruno","Est. tempo de leitura":"5 minutos"},"schema":{"@context":"https:\/\/schema.org","@graph":[{"@type":"WebPage","@id":"https:\/\/www.em.com.br\/emfoco\/2026\/01\/14\/esse-vilarejo-sem-asfalto-no-ceara-virou-sonho-de-quem-busca-natureza-crua-e-experiencias-fora-do-comum\/","url":"https:\/\/www.em.com.br\/emfoco\/2026\/01\/14\/esse-vilarejo-sem-asfalto-no-ceara-virou-sonho-de-quem-busca-natureza-crua-e-experiencias-fora-do-comum\/","name":"Esse vilarejo sem asfalto no Cear\u00e1 virou sonho de quem busca natureza crua e experi\u00eancias fora do comum - Estado de Minas - Em foco","isPartOf":{"@id":"https:\/\/www.em.com.br\/emfoco\/#website"},"primaryImageOfPage":{"@id":"https:\/\/www.em.com.br\/emfoco\/2026\/01\/14\/esse-vilarejo-sem-asfalto-no-ceara-virou-sonho-de-quem-busca-natureza-crua-e-experiencias-fora-do-comum\/#primaryimage"},"image":{"@id":"https:\/\/www.em.com.br\/emfoco\/2026\/01\/14\/esse-vilarejo-sem-asfalto-no-ceara-virou-sonho-de-quem-busca-natureza-crua-e-experiencias-fora-do-comum\/#primaryimage"},"thumbnailUrl":"https:\/\/www.em.com.br\/emfoco\/wp-content\/uploads\/2025\/12\/Jericoacoara.jpg","datePublished":"2026-01-14T14:25:00+00:00","dateModified":"2026-01-13T21:36:13+00:00","author":{"@id":"https:\/\/www.em.com.br\/emfoco\/#\/schema\/person\/364ac1852fafd00f1be20f0b8b237569"},"description":"Saiba por que este destino sem asfalto no Cear\u00e1 atrai quem busca natureza crua e experi\u00eancias fora do comum em um cen\u00e1rio preservado.","breadcrumb":{"@id":"https:\/\/www.em.com.br\/emfoco\/2026\/01\/14\/esse-vilarejo-sem-asfalto-no-ceara-virou-sonho-de-quem-busca-natureza-crua-e-experiencias-fora-do-comum\/#breadcrumb"},"inLanguage":"pt-BR","potentialAction":[{"@type":"ReadAction","target":["https:\/\/www.em.com.br\/emfoco\/2026\/01\/14\/esse-vilarejo-sem-asfalto-no-ceara-virou-sonho-de-quem-busca-natureza-crua-e-experiencias-fora-do-comum\/"]}]},{"@type":"ImageObject","inLanguage":"pt-BR","@id":"https:\/\/www.em.com.br\/emfoco\/2026\/01\/14\/esse-vilarejo-sem-asfalto-no-ceara-virou-sonho-de-quem-busca-natureza-crua-e-experiencias-fora-do-comum\/#primaryimage","url":"https:\/\/www.em.com.br\/emfoco\/wp-content\/uploads\/2025\/12\/Jericoacoara.jpg","contentUrl":"https:\/\/www.em.com.br\/emfoco\/wp-content\/uploads\/2025\/12\/Jericoacoara.jpg","width":1280,"height":720,"caption":"Jericoacoara, carinhosamente chamada de Jeri, transcende a defini\u00e7\u00e3o de destino tur\u00edstico para se tornar um estado de esp\u00edrito no litoral do Brasil (imagem ilustrativa)"},{"@type":"BreadcrumbList","@id":"https:\/\/www.em.com.br\/emfoco\/2026\/01\/14\/esse-vilarejo-sem-asfalto-no-ceara-virou-sonho-de-quem-busca-natureza-crua-e-experiencias-fora-do-comum\/#breadcrumb","itemListElement":[{"@type":"ListItem","position":1,"name":"In\u00edcio","item":"https:\/\/www.em.com.br\/emfoco\/"},{"@type":"ListItem","position":2,"name":"Esse vilarejo sem asfalto no Cear\u00e1 virou sonho de quem busca natureza crua e experi\u00eancias fora do comum"}]},{"@type":"WebSite","@id":"https:\/\/www.em.com.br\/emfoco\/#website","url":"https:\/\/www.em.com.br\/emfoco\/","name":"Estado de Minas - Em foco","description":"Acompanhe as \u00faltimas not\u00edcias e fique bem informado sobre tudo o que acontece em Minas Gerais, Brasil e no mundo.","potentialAction":[{"@type":"SearchAction","target":{"@type":"EntryPoint","urlTemplate":"https:\/\/www.em.com.br\/emfoco\/?s={search_term_string}"},"query-input":{"@type":"PropertyValueSpecification","valueRequired":true,"valueName":"search_term_string"}}],"inLanguage":"pt-BR"},{"@type":"Person","@id":"https:\/\/www.em.com.br\/emfoco\/#\/schema\/person\/364ac1852fafd00f1be20f0b8b237569","name":"Vitor Bruno","image":{"@type":"ImageObject","inLanguage":"pt-BR","@id":"https:\/\/www.em.com.br\/emfoco\/#\/schema\/person\/image\/","url":"https:\/\/secure.gravatar.com\/avatar\/b719e5cdede09f942064960883b5524d?s=96&d=mm&r=g","contentUrl":"https:\/\/secure.gravatar.com\/avatar\/b719e5cdede09f942064960883b5524d?s=96&d=mm&r=g","caption":"Vitor Bruno"},"sameAs":["https:\/\/www.em.com.br\/emfoco\/"],"url":"https:\/\/www.em.com.br\/emfoco\/author\/vitormyth\/"}]}},"_links":{"self":[{"href":"https:\/\/www.em.com.br\/emfoco\/wp-json\/wp\/v2\/posts\/154534","targetHints":{"allow":["GET"]}}],"collection":[{"href":"https:\/\/www.em.com.br\/emfoco\/wp-json\/wp\/v2\/posts"}],"about":[{"href":"https:\/\/www.em.com.br\/emfoco\/wp-json\/wp\/v2\/types\/post"}],"author":[{"embeddable":true,"href":"https:\/\/www.em.com.br\/emfoco\/wp-json\/wp\/v2\/users\/6"}],"replies":[{"embeddable":true,"href":"https:\/\/www.em.com.br\/emfoco\/wp-json\/wp\/v2\/comments?post=154534"}],"version-history":[{"count":4,"href":"https:\/\/www.em.com.br\/emfoco\/wp-json\/wp\/v2\/posts\/154534\/revisions"}],"predecessor-version":[{"id":167423,"href":"https:\/\/www.em.com.br\/emfoco\/wp-json\/wp\/v2\/posts\/154534\/revisions\/167423"}],"wp:featuredmedia":[{"embeddable":true,"href":"https:\/\/www.em.com.br\/emfoco\/wp-json\/wp\/v2\/media\/137116"}],"wp:attachment":[{"href":"https:\/\/www.em.com.br\/emfoco\/wp-json\/wp\/v2\/media?parent=154534"}],"wp:term":[{"taxonomy":"category","embeddable":true,"href":"https:\/\/www.em.com.br\/emfoco\/wp-json\/wp\/v2\/categories?post=154534"},{"taxonomy":"post_tag","embeddable":true,"href":"https:\/\/www.em.com.br\/emfoco\/wp-json\/wp\/v2\/tags?post=154534"}],"curies":[{"name":"wp","href":"https:\/\/api.w.org\/{rel}","templated":true}]}}