{"id":154481,"date":"2026-01-15T11:15:00","date_gmt":"2026-01-15T14:15:00","guid":{"rendered":"https:\/\/www.em.com.br\/emfoco\/?p=154481"},"modified":"2026-01-14T19:24:21","modified_gmt":"2026-01-14T22:24:21","slug":"como-remover-manchas-dificeis-do-sofa-usando-percarbonato-de-sodio-2","status":"publish","type":"post","link":"https:\/\/www.em.com.br\/emfoco\/2026\/01\/15\/como-remover-manchas-dificeis-do-sofa-usando-percarbonato-de-sodio-2\/","title":{"rendered":"Como remover manchas dif\u00edceis do sof\u00e1 usando percarbonato de s\u00f3dio"},"content":{"rendered":"\n<p>Manchas em estofados s\u00e3o um dos maiores desafios da faxina dom\u00e9stica, j\u00e1 que sof\u00e1s e poltronas vivem em contato com alimentos, bebidas e uso intenso, e o&nbsp;<strong>percarbonato de s\u00f3dio<\/strong>&nbsp;vem ganhando destaque como uma alternativa moderna, ecol\u00f3gica e potente para clarear tecidos, principalmente os claros, sem recorrer ao cloro.<\/p>\n\n\n\n<h2 class=\"wp-block-heading\">O que \u00e9 percarbonato de s\u00f3dio e como ele funciona na remo\u00e7\u00e3o de manchas?<\/h2>\n\n\n\n<p>O\u00a0<strong>percarbonato de s\u00f3dio<\/strong>\u00a0\u00e9 um sal s\u00f3lido que, ao ser dissolvido em \u00e1gua quente, libera carbonato de s\u00f3dio e per\u00f3xido de hidrog\u00eanio, gerando oxig\u00eanio ativo. Esse oxig\u00eanio quebra mol\u00e9culas de <a href=\"https:\/\/www.em.com.br\/emfoco\/2025\/12\/20\/2-misturas-caseiras-para-remover-facilmente-a-sujeira-incrustada-nos-azulejos-do-banheiro\/\" target=\"_blank\" rel=\"noreferrer noopener\">sujeira <\/a>e pigmentos de manchas como caf\u00e9, vinho tinto e res\u00edduos de comida.<\/p>\n\n\n\n<p>Por se decompor em elementos simples, o produto \u00e9 visto como op\u00e7\u00e3o mais ecol\u00f3gica para quem quer fugir de alvejantes com cloro ou solventes agressivos. Em sof\u00e1s e estofados, ele ajuda a soltar a sujeira das fibras, facilitando a limpeza sem precisar esfregar com for\u00e7a excessiva.<\/p>\n\n\n\n<h2 class=\"wp-block-heading\">Como usar percarbonato de s\u00f3dio para limpar o sof\u00e1 na pr\u00e1tica?<\/h2>\n\n\n\n<p>Para que o percarbonato de s\u00f3dio atue bem, a \u00e1gua deve estar entre 40 \u00b0C e 60 \u00b0C, faixa em que h\u00e1 maior libera\u00e7\u00e3o de oxig\u00eanio ativo. A partir dessa base, voc\u00ea adapta a aplica\u00e7\u00e3o conforme o tipo de mancha e o estado do tecido, sempre com teste pr\u00e9vio em \u00e1rea escondida.<\/p>\n\n\n\n<figure class=\"wp-block-image size-large\"><img loading=\"lazy\" decoding=\"async\" width=\"1024\" height=\"576\" src=\"https:\/\/www.em.com.br\/emfoco\/wp-content\/uploads\/2026\/01\/Gemini_Generated_Image_jisex2jisex2jise-1-1024x576.png\" alt=\"Como usar percarbonato de s\u00f3dio para limpar estofados\" class=\"wp-image-154546\" srcset=\"https:\/\/www.em.com.br\/emfoco\/wp-content\/uploads\/2026\/01\/Gemini_Generated_Image_jisex2jisex2jise-1-1024x576.png 1024w, https:\/\/www.em.com.br\/emfoco\/wp-content\/uploads\/2026\/01\/Gemini_Generated_Image_jisex2jisex2jise-1-300x169.png 300w, https:\/\/www.em.com.br\/emfoco\/wp-content\/uploads\/2026\/01\/Gemini_Generated_Image_jisex2jisex2jise-1-768x432.png 768w, https:\/\/www.em.com.br\/emfoco\/wp-content\/uploads\/2026\/01\/Gemini_Generated_Image_jisex2jisex2jise-1-750x422.png 750w, https:\/\/www.em.com.br\/emfoco\/wp-content\/uploads\/2026\/01\/Gemini_Generated_Image_jisex2jisex2jise-1-1140x641.png 1140w, https:\/\/www.em.com.br\/emfoco\/wp-content\/uploads\/2026\/01\/Gemini_Generated_Image_jisex2jisex2jise-1.png 1280w\" sizes=\"auto, (max-width: 1024px) 100vw, 1024px\" \/><figcaption class=\"wp-element-caption\">Como usar percarbonato de s\u00f3dio para limpar estofados<\/figcaption><\/figure>\n\n\n\n<p>Um procedimento pr\u00e1tico e seguro para manchas em estofados de tecido pode seguir estes passos:<\/p>\n\n\n\n<ol class=\"wp-block-list\">\n<li><strong>Verificar o tipo de tecido<\/strong>: confira a etiqueta do sof\u00e1 e veja se \u00e9 adequado para limpeza \u00famida e produtos \u00e0 base de oxig\u00eanio ativo.<\/li>\n\n\n\n<li><strong>Fazer um teste em \u00e1rea escondida<\/strong>: aplique pequena quantidade da solu\u00e7\u00e3o e aguarde alguns minutos para checar altera\u00e7\u00f5es de cor.<\/li>\n\n\n\n<li><strong>Preparar a solu\u00e7\u00e3o<\/strong>:\n<ul class=\"wp-block-list\">\n<li>Para manchas maiores ou mais leves: dissolva 1 a 2 colheres de sopa em 1 litro de \u00e1gua quente.<\/li>\n\n\n\n<li>Para marcas localizadas e intensas: forme uma pasta cremosa com pouca \u00e1gua.<\/li>\n<\/ul>\n<\/li>\n\n\n\n<li><strong>Aplicar sobre a mancha<\/strong>: use pano limpo ou esponja macia, come\u00e7ando pelas bordas e indo ao centro para evitar cercos.<\/li>\n\n\n\n<li><strong>Aguardar o tempo de a\u00e7\u00e3o<\/strong>: deixe agir de 10 a 20 minutos, sem deixar secar totalmente sobre o tecido.<\/li>\n\n\n\n<li><strong>Enxaguar a regi\u00e3o<\/strong>: remova o excesso com pano de microfibra \u00famido, repetindo at\u00e9 n\u00e3o restar res\u00edduo do produto.<\/li>\n<\/ol>\n\n\n\n<h2 class=\"wp-block-heading\">Em quais tipos de sof\u00e1 o percarbonato de s\u00f3dio pode ser usado com seguran\u00e7a?<\/h2>\n\n\n\n<p>O percarbonato de s\u00f3dio costuma ser mais compat\u00edvel com&nbsp;<strong>tecidos sint\u00e9ticos<\/strong>&nbsp;(poli\u00e9ster, microfibra e misturas artificiais) e com&nbsp;<strong>algod\u00e3o<\/strong>, desde que o fabricante n\u00e3o restrinja o uso de \u00e1gua quente. Nesses casos, ele ajuda tanto em manchas recentes quanto em \u00e1reas encardidas pelo uso cont\u00ednuo.<\/p>\n\n\n\n<p>Em tecidos mais resistentes, algumas pessoas utilizam escova de cerdas macias, com movimentos suaves e circulares, apenas para auxiliar na remo\u00e7\u00e3o de sujeira profunda. \u00c9 essencial manter a press\u00e3o moderada para n\u00e3o danificar as fibras do estofado.<\/p>\n\n\n\n<h2 class=\"wp-block-heading\">Em quais tipos de material o percarbonato de s\u00f3dio n\u00e3o \u00e9 recomendado?<\/h2>\n\n\n\n<p>Existem revestimentos em que o percarbonato de s\u00f3dio n\u00e3o deve ser usado, pois seu pH e poder oxidante podem causar danos irrevers\u00edveis. Nesses casos, a melhor op\u00e7\u00e3o \u00e9 investir em produtos espec\u00edficos ou servi\u00e7os profissionais de higieniza\u00e7\u00e3o.<\/p>\n\n\n\n<ul class=\"wp-block-list\">\n<li><strong>Couro natural<\/strong>: pode ressecar, manchar e perder elasticidade.<\/li>\n\n\n\n<li><strong>Couro sint\u00e9tico (courino)<\/strong>: tende a descascar ou alterar a camada superficial.<\/li>\n\n\n\n<li><strong>Seda e tecidos finos<\/strong>: risco alto de desbotamento e enfraquecimento da fibra.<\/li>\n\n\n\n<li><strong>L\u00e3 e misturas com l\u00e3<\/strong>: podem encolher, deformar ou mudar de textura.<\/li>\n<\/ul>\n\n\n\n<p>Selecionamos o v\u00eddeo do <strong><a href=\"https:\/\/www.youtube.com\/@espiraldeervas\" target=\"_blank\" rel=\"noreferrer noopener\">Espiral de Ervas<\/a><\/strong> que faz sucesso no YouTube com suas dicas incr\u00edveis:<\/p>\n\n\n\n<figure class=\"wp-block-embed is-type-video is-provider-youtube wp-block-embed-youtube wp-embed-aspect-16-9 wp-has-aspect-ratio\"><div class=\"wp-block-embed__wrapper\">\n<div class=\"jeg_video_container jeg_video_content\"><iframe loading=\"lazy\" title=\"PERCARBONATO DE S\u00d3DIO, conhe\u00e7a o ALVEJANTE DE OXIG\u00caNIO que tira manchas da roupa SEM TIRAR A COR\" width=\"500\" height=\"281\" src=\"https:\/\/www.youtube.com\/embed\/dl0DaPuX5WY?feature=oembed\" frameborder=\"0\" allow=\"accelerometer; autoplay; clipboard-write; encrypted-media; gyroscope; picture-in-picture; web-share\" referrerpolicy=\"strict-origin-when-cross-origin\" allowfullscreen><\/iframe><\/div>\n<\/div><\/figure>\n\n\n\n<h2 class=\"wp-block-heading\">O percarbonato de s\u00f3dio \u00e9 uma boa escolha para a limpeza de estofados?<\/h2>\n\n\n\n<p>Quando usado com responsabilidade, em tecidos compat\u00edveis e com teste pr\u00e9vio, o&nbsp;<strong>percarbonato de s\u00f3dio para sof\u00e1<\/strong>&nbsp;\u00e9 uma solu\u00e7\u00e3o eficiente para remover manchas e odores sem recorrer ao cloro. Ele ajuda a manter sof\u00e1s claros com apar\u00eancia mais uniforme e frescos por mais tempo.<\/p>\n\n\n\n<p>N\u00e3o espere a mancha \u201cse tornar parte do sof\u00e1\u201d: verifique agora o tipo de tecido, siga as dilui\u00e7\u00f5es corretas e experimente o percarbonato de s\u00f3dio na pr\u00f3xima limpeza. Agir r\u00e1pido faz toda a diferen\u00e7a para salvar seu estofado e evitar o custo de uma higieniza\u00e7\u00e3o profissional de emerg\u00eancia.<\/p>\n\n\n\n<p><\/p>\n","protected":false},"excerpt":{"rendered":"<p>Manchas em estofados s\u00e3o um dos maiores desafios da faxina dom\u00e9stica, j\u00e1 que sof\u00e1s e poltronas vivem em contato com alimentos, bebidas e uso intenso, e o&nbsp;percarbonato de s\u00f3dio&nbsp;vem ganhando destaque como uma alternativa moderna, ecol\u00f3gica e potente para clarear tecidos, principalmente os claros, sem recorrer ao cloro. O que \u00e9 percarbonato de s\u00f3dio e [&hellip;]<\/p>\n","protected":false},"author":11,"featured_media":154547,"comment_status":"open","ping_status":"open","sticky":false,"template":"","format":"standard","meta":{"jnews-multi-image_gallery":[],"jnews_single_post":{"format":"standard"},"jnews_primary_category":[],"jnews_social_meta":[],"jnews_override_counter":[],"footnotes":""},"categories":[8819,1],"tags":[22510,3337,19069,22509],"class_list":["post-154481","post","type-post","status-publish","format-standard","has-post-thumbnail","hentry","category-curiosidades","category-noticias","tag-limpar-sofa","tag-limpeza","tag-percarbonato-de-sodio","tag-remover-manchas-de-sofa"],"yoast_head":"<!-- This site is optimized with the Yoast SEO plugin v23.8 - https:\/\/yoast.com\/wordpress\/plugins\/seo\/ -->\n<title>Como remover manchas dif\u00edceis do sof\u00e1 usando percarbonato de s\u00f3dio - Estado de Minas - Em foco<\/title>\n<meta name=\"description\" content=\"O percarbonato de s\u00f3dio ajuda a remover manchas de sof\u00e1 sem cloro. Veja como usar o produto com seguran\u00e7a nos estofados.\" \/>\n<meta name=\"robots\" content=\"index, follow, max-snippet:-1, max-image-preview:large, max-video-preview:-1\" \/>\n<link rel=\"canonical\" href=\"https:\/\/www.em.com.br\/emfoco\/2026\/01\/15\/como-remover-manchas-dificeis-do-sofa-usando-percarbonato-de-sodio-2\/\" \/>\n<meta property=\"og:locale\" content=\"pt_BR\" \/>\n<meta property=\"og:type\" content=\"article\" \/>\n<meta property=\"og:title\" content=\"Como remover manchas dif\u00edceis do sof\u00e1 usando percarbonato de s\u00f3dio - Estado de Minas - Em foco\" \/>\n<meta property=\"og:description\" content=\"O percarbonato de s\u00f3dio ajuda a remover manchas de sof\u00e1 sem cloro. Veja como usar o produto com seguran\u00e7a nos estofados.\" \/>\n<meta property=\"og:url\" content=\"https:\/\/www.em.com.br\/emfoco\/2026\/01\/15\/como-remover-manchas-dificeis-do-sofa-usando-percarbonato-de-sodio-2\/\" \/>\n<meta property=\"og:site_name\" content=\"Estado de Minas - Em foco\" \/>\n<meta property=\"article:published_time\" content=\"2026-01-15T14:15:00+00:00\" \/>\n<meta property=\"article:modified_time\" content=\"2026-01-14T22:24:21+00:00\" \/>\n<meta property=\"og:image\" content=\"https:\/\/www.em.com.br\/emfoco\/wp-content\/uploads\/2026\/01\/Gemini_Generated_Image_tt6wuott6wuott6w-1.png\" \/>\n\t<meta property=\"og:image:width\" content=\"1280\" \/>\n\t<meta property=\"og:image:height\" content=\"720\" \/>\n\t<meta property=\"og:image:type\" content=\"image\/png\" \/>\n<meta name=\"author\" content=\"Andre\u0301 Rangel\u00a0\" \/>\n<meta name=\"twitter:card\" content=\"summary_large_image\" \/>\n<meta name=\"twitter:label1\" content=\"Escrito por\" \/>\n\t<meta name=\"twitter:data1\" content=\"Andre\u0301 Rangel\u00a0\" \/>\n\t<meta name=\"twitter:label2\" content=\"Est. tempo de leitura\" \/>\n\t<meta name=\"twitter:data2\" content=\"5 minutos\" \/>\n<!-- \/ Yoast SEO plugin. -->","yoast_head_json":{"title":"Como remover manchas dif\u00edceis do sof\u00e1 usando percarbonato de s\u00f3dio - Estado de Minas - Em foco","description":"O percarbonato de s\u00f3dio ajuda a remover manchas de sof\u00e1 sem cloro. Veja como usar o produto com seguran\u00e7a nos estofados.","robots":{"index":"index","follow":"follow","max-snippet":"max-snippet:-1","max-image-preview":"max-image-preview:large","max-video-preview":"max-video-preview:-1"},"canonical":"https:\/\/www.em.com.br\/emfoco\/2026\/01\/15\/como-remover-manchas-dificeis-do-sofa-usando-percarbonato-de-sodio-2\/","og_locale":"pt_BR","og_type":"article","og_title":"Como remover manchas dif\u00edceis do sof\u00e1 usando percarbonato de s\u00f3dio - Estado de Minas - Em foco","og_description":"O percarbonato de s\u00f3dio ajuda a remover manchas de sof\u00e1 sem cloro. Veja como usar o produto com seguran\u00e7a nos estofados.","og_url":"https:\/\/www.em.com.br\/emfoco\/2026\/01\/15\/como-remover-manchas-dificeis-do-sofa-usando-percarbonato-de-sodio-2\/","og_site_name":"Estado de Minas - Em foco","article_published_time":"2026-01-15T14:15:00+00:00","article_modified_time":"2026-01-14T22:24:21+00:00","og_image":[{"width":1280,"height":720,"url":"https:\/\/www.em.com.br\/emfoco\/wp-content\/uploads\/2026\/01\/Gemini_Generated_Image_tt6wuott6wuott6w-1.png","type":"image\/png"}],"author":"Andre\u0301 Rangel\u00a0","twitter_card":"summary_large_image","twitter_misc":{"Escrito por":"Andre\u0301 Rangel\u00a0","Est. tempo de leitura":"5 minutos"},"schema":{"@context":"https:\/\/schema.org","@graph":[{"@type":"WebPage","@id":"https:\/\/www.em.com.br\/emfoco\/2026\/01\/15\/como-remover-manchas-dificeis-do-sofa-usando-percarbonato-de-sodio-2\/","url":"https:\/\/www.em.com.br\/emfoco\/2026\/01\/15\/como-remover-manchas-dificeis-do-sofa-usando-percarbonato-de-sodio-2\/","name":"Como remover manchas dif\u00edceis do sof\u00e1 usando percarbonato de s\u00f3dio - Estado de Minas - Em foco","isPartOf":{"@id":"https:\/\/www.em.com.br\/emfoco\/#website"},"primaryImageOfPage":{"@id":"https:\/\/www.em.com.br\/emfoco\/2026\/01\/15\/como-remover-manchas-dificeis-do-sofa-usando-percarbonato-de-sodio-2\/#primaryimage"},"image":{"@id":"https:\/\/www.em.com.br\/emfoco\/2026\/01\/15\/como-remover-manchas-dificeis-do-sofa-usando-percarbonato-de-sodio-2\/#primaryimage"},"thumbnailUrl":"https:\/\/www.em.com.br\/emfoco\/wp-content\/uploads\/2026\/01\/Gemini_Generated_Image_tt6wuott6wuott6w-1.png","datePublished":"2026-01-15T14:15:00+00:00","dateModified":"2026-01-14T22:24:21+00:00","author":{"@id":"https:\/\/www.em.com.br\/emfoco\/#\/schema\/person\/60eda09c1fedf0d6891f4cef4b60b8b8"},"description":"O percarbonato de s\u00f3dio ajuda a remover manchas de sof\u00e1 sem cloro. Veja como usar o produto com seguran\u00e7a nos estofados.","breadcrumb":{"@id":"https:\/\/www.em.com.br\/emfoco\/2026\/01\/15\/como-remover-manchas-dificeis-do-sofa-usando-percarbonato-de-sodio-2\/#breadcrumb"},"inLanguage":"pt-BR","potentialAction":[{"@type":"ReadAction","target":["https:\/\/www.em.com.br\/emfoco\/2026\/01\/15\/como-remover-manchas-dificeis-do-sofa-usando-percarbonato-de-sodio-2\/"]}]},{"@type":"ImageObject","inLanguage":"pt-BR","@id":"https:\/\/www.em.com.br\/emfoco\/2026\/01\/15\/como-remover-manchas-dificeis-do-sofa-usando-percarbonato-de-sodio-2\/#primaryimage","url":"https:\/\/www.em.com.br\/emfoco\/wp-content\/uploads\/2026\/01\/Gemini_Generated_Image_tt6wuott6wuott6w-1.png","contentUrl":"https:\/\/www.em.com.br\/emfoco\/wp-content\/uploads\/2026\/01\/Gemini_Generated_Image_tt6wuott6wuott6w-1.png","width":1280,"height":720,"caption":"Como usar percarbonato de s\u00f3dio para limpar estofados"},{"@type":"BreadcrumbList","@id":"https:\/\/www.em.com.br\/emfoco\/2026\/01\/15\/como-remover-manchas-dificeis-do-sofa-usando-percarbonato-de-sodio-2\/#breadcrumb","itemListElement":[{"@type":"ListItem","position":1,"name":"In\u00edcio","item":"https:\/\/www.em.com.br\/emfoco\/"},{"@type":"ListItem","position":2,"name":"Como remover manchas dif\u00edceis do sof\u00e1 usando percarbonato de s\u00f3dio"}]},{"@type":"WebSite","@id":"https:\/\/www.em.com.br\/emfoco\/#website","url":"https:\/\/www.em.com.br\/emfoco\/","name":"Estado de Minas - Em foco","description":"Acompanhe as \u00faltimas not\u00edcias e fique bem informado sobre tudo o que acontece em Minas Gerais, Brasil e no mundo.","potentialAction":[{"@type":"SearchAction","target":{"@type":"EntryPoint","urlTemplate":"https:\/\/www.em.com.br\/emfoco\/?s={search_term_string}"},"query-input":{"@type":"PropertyValueSpecification","valueRequired":true,"valueName":"search_term_string"}}],"inLanguage":"pt-BR"},{"@type":"Person","@id":"https:\/\/www.em.com.br\/emfoco\/#\/schema\/person\/60eda09c1fedf0d6891f4cef4b60b8b8","name":"Andre\u0301 Rangel\u00a0","image":{"@type":"ImageObject","inLanguage":"pt-BR","@id":"https:\/\/www.em.com.br\/emfoco\/#\/schema\/person\/image\/","url":"https:\/\/secure.gravatar.com\/avatar\/6234dc814c77c8ef6d8bba622c787efc?s=96&d=mm&r=g","contentUrl":"https:\/\/secure.gravatar.com\/avatar\/6234dc814c77c8ef6d8bba622c787efc?s=96&d=mm&r=g","caption":"Andre\u0301 Rangel\u00a0"},"url":"https:\/\/www.em.com.br\/emfoco\/author\/luizmyth\/"}]}},"_links":{"self":[{"href":"https:\/\/www.em.com.br\/emfoco\/wp-json\/wp\/v2\/posts\/154481","targetHints":{"allow":["GET"]}}],"collection":[{"href":"https:\/\/www.em.com.br\/emfoco\/wp-json\/wp\/v2\/posts"}],"about":[{"href":"https:\/\/www.em.com.br\/emfoco\/wp-json\/wp\/v2\/types\/post"}],"author":[{"embeddable":true,"href":"https:\/\/www.em.com.br\/emfoco\/wp-json\/wp\/v2\/users\/11"}],"replies":[{"embeddable":true,"href":"https:\/\/www.em.com.br\/emfoco\/wp-json\/wp\/v2\/comments?post=154481"}],"version-history":[{"count":5,"href":"https:\/\/www.em.com.br\/emfoco\/wp-json\/wp\/v2\/posts\/154481\/revisions"}],"predecessor-version":[{"id":154555,"href":"https:\/\/www.em.com.br\/emfoco\/wp-json\/wp\/v2\/posts\/154481\/revisions\/154555"}],"wp:featuredmedia":[{"embeddable":true,"href":"https:\/\/www.em.com.br\/emfoco\/wp-json\/wp\/v2\/media\/154547"}],"wp:attachment":[{"href":"https:\/\/www.em.com.br\/emfoco\/wp-json\/wp\/v2\/media?parent=154481"}],"wp:term":[{"taxonomy":"category","embeddable":true,"href":"https:\/\/www.em.com.br\/emfoco\/wp-json\/wp\/v2\/categories?post=154481"},{"taxonomy":"post_tag","embeddable":true,"href":"https:\/\/www.em.com.br\/emfoco\/wp-json\/wp\/v2\/tags?post=154481"}],"curies":[{"name":"wp","href":"https:\/\/api.w.org\/{rel}","templated":true}]}}