{"id":154472,"date":"2026-01-14T14:25:00","date_gmt":"2026-01-14T17:25:00","guid":{"rendered":"https:\/\/www.em.com.br\/emfoco\/?p=154472"},"modified":"2026-01-13T17:38:55","modified_gmt":"2026-01-13T20:38:55","slug":"labios-ressecados-os-protetores-labiais-hidratam-de-verdade-ou-e-apenas-um-mito","status":"publish","type":"post","link":"https:\/\/www.em.com.br\/emfoco\/2026\/01\/14\/labios-ressecados-os-protetores-labiais-hidratam-de-verdade-ou-e-apenas-um-mito\/","title":{"rendered":"L\u00e1bios ressecados: os protetores labiais hidratam de verdade ou \u00e9 apenas um mito?"},"content":{"rendered":"\n<p>Protetores comuns podem n\u00e3o hidratar. Busque f\u00f3rmulas com ceramidas, pantenol e \u00e1cido hialur\u00f4nico. Use reparadores espessos \u00e0 noite e evite lamber os l\u00e1bios. Se a descama\u00e7\u00e3o persistir, procure um dermatologista<\/p>\n\n\n\n<p><b>Voc\u00ea j\u00e1 passou o dia inteiro<\/b> reaplicando <b>manteiga de cacau<\/b> ou balm e, mesmo assim, sentiu os l\u00e1bios repuxando, ardendo ou descascando? \u00c9 frustrante, porque parece que nada realmente resolve, s\u00f3 d\u00e1 um al\u00edvio r\u00e1pido que some em poucos minutos. Mas, na maioria das vezes, o problema n\u00e3o \u00e9 voc\u00ea: \u00e9 o tipo de produto que est\u00e1 usando e a forma como ele foi formulado.<\/p>\n\n\n\n<h2 class=\"wp-block-heading\">Por que alguns b\u00e1lsamos n\u00e3o hidratam os l\u00e1bios partidos de verdade<\/h2>\n\n\n\n<p>A palavra-chave aqui \u00e9 <b>formula\u00e7\u00e3o correta<\/b>. Muitos produtos vendidos como b\u00e1lsamos ou manteiga de cacau focam em <b>cor, cheiro gostoso<\/b> e sensa\u00e7\u00e3o imediata, mas n\u00e3o em hidratar de fato. Eles criam um filme confort\u00e1vel na hora, s\u00f3 que n\u00e3o entregam \u00e1gua nem gordura suficiente para recuperar a pele rachada.<\/p>\n\n\n\n<p><b>Perfumes fortes<\/b>, corantes e saborizantes tamb\u00e9m podem irritar ainda mais l\u00e1bios j\u00e1 sens\u00edveis, aumentando a descama\u00e7\u00e3o e a ard\u00eancia. E quando faltam ingredientes que puxam \u00e1gua para a pele, como <b>glicerina ou \u00e1cido hialur\u00f4nico<\/b>, o efeito \u00e9 mais \u201cmaquiagem de conforto\u201d do que tratamento real, o que explica a necessidade de reaplicar o tempo todo.<\/p>\n\n\n\n<figure class=\"wp-block-embed is-type-rich is-provider-pinterest wp-block-embed-pinterest\"><div class=\"wp-block-embed__wrapper\">\n<iframe loading=\"lazy\" title=\"L\u00e1bios ressecados no inverno?\" src=\"https:\/\/assets.pinterest.com\/ext\/embed.html?id=2603712281808223&#038;src=oembed\" height=\"775\" width=\"450\" frameborder=\"0\" scrolling=\"no\" ><\/iframe>\n<\/div><\/figure>\n\n\n\n<p>Leia tamb\u00e9m:&nbsp;<a href=\"https:\/\/www.em.com.br\/emfoco\/2026\/01\/13\/projeto-rapunzel-como-fazer-seu-cabelo-crescer-em-um-mes-fazendo-hidratacao-com-essa-folha-em-casa\/\" target=\"_blank\" rel=\"noopener\">Projeto rapunzel: como fazer seu cabelo crescer em um m\u00eas fazendo hidrata\u00e7\u00e3o com essa folha em casa<\/a><\/p>\n\n\n\n<h2 class=\"wp-block-heading\">Como identificar um bom hidratante para l\u00e1bios secos e rachados<\/h2>\n\n\n\n<p>Na hora de escolher um produto para <b>l\u00e1bios secos<\/b>, vale olhar al\u00e9m da embalagem bonita. F\u00f3rmulas pensadas para uso di\u00e1rio costumam ser leves, sem cheiro muito forte e com <b>mistura de \u00f3leos<\/b>, manteigas vegetais e agentes que ajudam a segurar a \u00e1gua na pele. Isso garante n\u00e3o s\u00f3 maciez, mas tamb\u00e9m prote\u00e7\u00e3o ao longo do dia.<\/p>\n\n\n\n<p>Leia o r\u00f3tulo com calma e procure por indica\u00e7\u00f5es como <b>\u201chidrata\u00e7\u00e3o intensiva\u201d<\/b> ou \u201creparador labial\u201d, que geralmente focam mais em recupera\u00e7\u00e3o. Ingredientes como ceramidas, pantenol, glicerina, \u00e1cido hialur\u00f4nico, <b>\u00f3leos vegetais<\/b> e manteigas naturais costumam estar presentes nos produtos que realmente nutrem os l\u00e1bios e melhoram a apar\u00eancia com o uso cont\u00ednuo.<\/p>\n\n\n\n<h2 class=\"wp-block-heading\">Quais produtos ajudam mesmo a reparar l\u00e1bios muito rachados<\/h2>\n\n\n\n<p>Quando os <b>l\u00e1bios partidos<\/b> j\u00e1 t\u00eam fissuras, ardor constante ou descama\u00e7\u00e3o grossa, os balms comuns do dia a dia costumam n\u00e3o dar conta. Nessa fase, entram em cena os produtos de <b>alto rendimento<\/b>, que formam uma barreira mais espessa, seguram a hidrata\u00e7\u00e3o e criam um ambiente ideal para a pele se regenerar.<\/p>\n\n\n\n<p>Esses reparadores combinam <b>agentes oclusivos<\/b>, como petrolato, vaselina ou certas ceras, com subst\u00e2ncias calmantes e restauradoras. Eles s\u00e3o \u00f3timos para usar \u00e0 noite, quando voc\u00ea n\u00e3o est\u00e1 falando, comendo ou se expondo tanto ao vento e ao frio, e podem fazer diferen\u00e7a j\u00e1 em poucos dias de uso cont\u00ednuo.<\/p>\n\n\n\n<figure class=\"wp-block-embed is-type-rich is-provider-pinterest wp-block-embed-pinterest\"><div class=\"wp-block-embed__wrapper\">\n<iframe loading=\"lazy\" title=\"Como fazer um lip balm \ud83d\udc44\ud83d\udc97 #cosmeticosartesanais\" src=\"https:\/\/assets.pinterest.com\/ext\/embed.html?id=698691329701624369&#038;src=oembed\" height=\"899\" width=\"450\" frameborder=\"0\" scrolling=\"no\" ><\/iframe>\n<\/div><\/figure>\n\n\n\n<h2 class=\"wp-block-heading\">Como montar uma rotina simples para evitar l\u00e1bios partidos no dia a dia<\/h2>\n\n\n\n<p>Para n\u00e3o depender de <b>\u201csocorros de emerg\u00eancia\u201d<\/b> o tempo todo, vale montar uma rotina b\u00e1sica de cuidado com os l\u00e1bios. Ela n\u00e3o precisa ser complicada, mas \u00e9 importante ser constante, principalmente em dias de muito sol, vento, clima seco ou uso prolongado de <b>ar-condicionado<\/b>.<\/p>\n\n\n\n<p>Uma forma simples de organizar esses cuidados \u00e9 usar a seguinte l\u00f3gica de <b>prote\u00e7\u00e3o, reparo<\/b> e preven\u00e7\u00e3o ao longo do dia:<\/p>\n\n\n\n<ul class=\"wp-block-list\">\n<li><b>Prote\u00e7\u00e3o di\u00e1ria:<\/b> usar um b\u00e1lsamo com FPS, textura leve e boa espalhabilidade.<\/li>\n\n\n\n<li><b>Reparo noturno:<\/b> aplicar um produto mais espesso antes de dormir, focado em criar barreira protetora.<\/li>\n\n\n\n<li><b>Preven\u00e7\u00e3o:<\/b> evitar mordiscar, puxar peles soltas ou lamber a regi\u00e3o.<\/li>\n\n\n\n<li><b>Hidrata\u00e7\u00e3o geral:<\/b> manter boa ingest\u00e3o de l\u00edquidos ao longo do dia, o que tamb\u00e9m reflete na pele.<\/li>\n<\/ul>\n\n\n\n<p>Para voc\u00ea que sofre com os l\u00e1bios rachados, separamos um v\u00eddeo do canal <a href=\"https:\/\/www.youtube.com\/@drgustavob\" target=\"_blank\" rel=\"noreferrer noopener\">Borchardt Dermatologia<\/a>  com dicas para cuidar dos l\u00e1bios:<\/p>\n\n\n\n<figure class=\"wp-block-embed is-type-video is-provider-youtube wp-block-embed-youtube wp-embed-aspect-16-9 wp-has-aspect-ratio\"><div class=\"wp-block-embed__wrapper\">\n<div class=\"jeg_video_container jeg_video_content\"><iframe loading=\"lazy\" title=\"L\u00e1bios Sempre Secos? 5 Erros Que Voc\u00ea N\u00c3O IMAGINA (Pare)\" width=\"500\" height=\"281\" src=\"https:\/\/www.youtube.com\/embed\/fBqIXfyAiv8?feature=oembed\" frameborder=\"0\" allow=\"accelerometer; autoplay; clipboard-write; encrypted-media; gyroscope; picture-in-picture; web-share\" referrerpolicy=\"strict-origin-when-cross-origin\" allowfullscreen><\/iframe><\/div>\n<\/div><\/figure>\n\n\n\n<h2 class=\"wp-block-heading\">Quando os l\u00e1bios partidos podem indicar algo a mais<\/h2>\n\n\n\n<p>Se mesmo com bons produtos, uso frequente e cuidados di\u00e1rios os l\u00e1bios continuam sempre rachando, vale ficar atento a <b>outros fatores<\/b>. Clima muito seco, alguns medicamentos e at\u00e9 respirar muito pela boca podem favorecer o ressecamento cont\u00ednuo e dificultar a melhora.<\/p>\n\n\n\n<p>Caso voc\u00ea note <b>ard\u00eancia constante<\/b>, feridinhas que n\u00e3o cicatrizam ou fissuras muito profundas, pode ser o momento de buscar avalia\u00e7\u00e3o profissional. Um <b>dermatologista<\/b> consegue identificar se h\u00e1 alergia, inflama\u00e7\u00e3o ou alguma condi\u00e7\u00e3o de pele que precise de tratamento espec\u00edfico, al\u00e9m dos hidratantes comuns.<\/p>\n","protected":false},"excerpt":{"rendered":"<p>Protetores comuns podem n\u00e3o hidratar. Busque f\u00f3rmulas com ceramidas, pantenol e \u00e1cido hialur\u00f4nico. Use reparadores espessos \u00e0 noite e evite lamber os l\u00e1bios. Se a descama\u00e7\u00e3o persistir, procure um dermatologista Voc\u00ea j\u00e1 passou o dia inteiro reaplicando manteiga de cacau ou balm e, mesmo assim, sentiu os l\u00e1bios repuxando, ardendo ou descascando? \u00c9 frustrante, porque [&hellip;]<\/p>\n","protected":false},"author":9,"featured_media":141124,"comment_status":"open","ping_status":"open","sticky":false,"template":"","format":"standard","meta":{"jnews-multi-image_gallery":[],"jnews_single_post":{"format":"standard"},"jnews_primary_category":[],"jnews_social_meta":[],"jnews_override_counter":[],"footnotes":""},"categories":[8691,8819,1],"tags":[7618,9100,9586],"class_list":["post-154472","post","type-post","status-publish","format-standard","has-post-thumbnail","hentry","category-bem-estar","category-curiosidades","category-noticias","tag-creme","tag-hidratante","tag-labios"],"yoast_head":"<!-- This site is optimized with the Yoast SEO plugin v23.8 - https:\/\/yoast.com\/wordpress\/plugins\/seo\/ -->\n<title>L\u00e1bios ressecados: os protetores labiais hidratam de verdade ou \u00e9 apenas um mito? - Estado de Minas - Em foco<\/title>\n<meta name=\"description\" content=\"Saiba por que balms comuns falham e escolha o hidratante certo. Aposte em pantenol e ceramidas para recuperar a maciez\" \/>\n<meta name=\"robots\" content=\"index, follow, max-snippet:-1, max-image-preview:large, max-video-preview:-1\" \/>\n<link rel=\"canonical\" href=\"https:\/\/www.em.com.br\/emfoco\/2026\/01\/14\/labios-ressecados-os-protetores-labiais-hidratam-de-verdade-ou-e-apenas-um-mito\/\" \/>\n<meta property=\"og:locale\" content=\"pt_BR\" \/>\n<meta property=\"og:type\" content=\"article\" \/>\n<meta property=\"og:title\" content=\"L\u00e1bios ressecados: os protetores labiais hidratam de verdade ou \u00e9 apenas um mito? - Estado de Minas - Em foco\" \/>\n<meta property=\"og:description\" content=\"Saiba por que balms comuns falham e escolha o hidratante certo. Aposte em pantenol e ceramidas para recuperar a maciez\" \/>\n<meta property=\"og:url\" content=\"https:\/\/www.em.com.br\/emfoco\/2026\/01\/14\/labios-ressecados-os-protetores-labiais-hidratam-de-verdade-ou-e-apenas-um-mito\/\" \/>\n<meta property=\"og:site_name\" content=\"Estado de Minas - Em foco\" \/>\n<meta property=\"article:published_time\" content=\"2026-01-14T17:25:00+00:00\" \/>\n<meta property=\"article:modified_time\" content=\"2026-01-13T20:38:55+00:00\" \/>\n<meta property=\"og:image\" content=\"https:\/\/www.em.com.br\/emfoco\/wp-content\/uploads\/2025\/12\/labios-secos_1765883081418.jpg\" \/>\n\t<meta property=\"og:image:width\" content=\"1280\" \/>\n\t<meta property=\"og:image:height\" content=\"720\" \/>\n\t<meta property=\"og:image:type\" content=\"image\/jpeg\" \/>\n<meta name=\"author\" content=\"Daniely Cardoso\" \/>\n<meta name=\"twitter:card\" content=\"summary_large_image\" \/>\n<meta name=\"twitter:label1\" content=\"Escrito por\" \/>\n\t<meta name=\"twitter:data1\" content=\"Daniely Cardoso\" \/>\n\t<meta name=\"twitter:label2\" content=\"Est. tempo de leitura\" \/>\n\t<meta name=\"twitter:data2\" content=\"5 minutos\" \/>\n<!-- \/ Yoast SEO plugin. -->","yoast_head_json":{"title":"L\u00e1bios ressecados: os protetores labiais hidratam de verdade ou \u00e9 apenas um mito? - Estado de Minas - Em foco","description":"Saiba por que balms comuns falham e escolha o hidratante certo. Aposte em pantenol e ceramidas para recuperar a maciez","robots":{"index":"index","follow":"follow","max-snippet":"max-snippet:-1","max-image-preview":"max-image-preview:large","max-video-preview":"max-video-preview:-1"},"canonical":"https:\/\/www.em.com.br\/emfoco\/2026\/01\/14\/labios-ressecados-os-protetores-labiais-hidratam-de-verdade-ou-e-apenas-um-mito\/","og_locale":"pt_BR","og_type":"article","og_title":"L\u00e1bios ressecados: os protetores labiais hidratam de verdade ou \u00e9 apenas um mito? - Estado de Minas - Em foco","og_description":"Saiba por que balms comuns falham e escolha o hidratante certo. Aposte em pantenol e ceramidas para recuperar a maciez","og_url":"https:\/\/www.em.com.br\/emfoco\/2026\/01\/14\/labios-ressecados-os-protetores-labiais-hidratam-de-verdade-ou-e-apenas-um-mito\/","og_site_name":"Estado de Minas - Em foco","article_published_time":"2026-01-14T17:25:00+00:00","article_modified_time":"2026-01-13T20:38:55+00:00","og_image":[{"width":1280,"height":720,"url":"https:\/\/www.em.com.br\/emfoco\/wp-content\/uploads\/2025\/12\/labios-secos_1765883081418.jpg","type":"image\/jpeg"}],"author":"Daniely Cardoso","twitter_card":"summary_large_image","twitter_misc":{"Escrito por":"Daniely Cardoso","Est. tempo de leitura":"5 minutos"},"schema":{"@context":"https:\/\/schema.org","@graph":[{"@type":"WebPage","@id":"https:\/\/www.em.com.br\/emfoco\/2026\/01\/14\/labios-ressecados-os-protetores-labiais-hidratam-de-verdade-ou-e-apenas-um-mito\/","url":"https:\/\/www.em.com.br\/emfoco\/2026\/01\/14\/labios-ressecados-os-protetores-labiais-hidratam-de-verdade-ou-e-apenas-um-mito\/","name":"L\u00e1bios ressecados: os protetores labiais hidratam de verdade ou \u00e9 apenas um mito? - Estado de Minas - Em foco","isPartOf":{"@id":"https:\/\/www.em.com.br\/emfoco\/#website"},"primaryImageOfPage":{"@id":"https:\/\/www.em.com.br\/emfoco\/2026\/01\/14\/labios-ressecados-os-protetores-labiais-hidratam-de-verdade-ou-e-apenas-um-mito\/#primaryimage"},"image":{"@id":"https:\/\/www.em.com.br\/emfoco\/2026\/01\/14\/labios-ressecados-os-protetores-labiais-hidratam-de-verdade-ou-e-apenas-um-mito\/#primaryimage"},"thumbnailUrl":"https:\/\/www.em.com.br\/emfoco\/wp-content\/uploads\/2025\/12\/labios-secos_1765883081418.jpg","datePublished":"2026-01-14T17:25:00+00:00","dateModified":"2026-01-13T20:38:55+00:00","author":{"@id":"https:\/\/www.em.com.br\/emfoco\/#\/schema\/person\/0a8186d72f2c3a5c6276d90b41f271a0"},"description":"Saiba por que balms comuns falham e escolha o hidratante certo. Aposte em pantenol e ceramidas para recuperar a maciez","breadcrumb":{"@id":"https:\/\/www.em.com.br\/emfoco\/2026\/01\/14\/labios-ressecados-os-protetores-labiais-hidratam-de-verdade-ou-e-apenas-um-mito\/#breadcrumb"},"inLanguage":"pt-BR","potentialAction":[{"@type":"ReadAction","target":["https:\/\/www.em.com.br\/emfoco\/2026\/01\/14\/labios-ressecados-os-protetores-labiais-hidratam-de-verdade-ou-e-apenas-um-mito\/"]}]},{"@type":"ImageObject","inLanguage":"pt-BR","@id":"https:\/\/www.em.com.br\/emfoco\/2026\/01\/14\/labios-ressecados-os-protetores-labiais-hidratam-de-verdade-ou-e-apenas-um-mito\/#primaryimage","url":"https:\/\/www.em.com.br\/emfoco\/wp-content\/uploads\/2025\/12\/labios-secos_1765883081418.jpg","contentUrl":"https:\/\/www.em.com.br\/emfoco\/wp-content\/uploads\/2025\/12\/labios-secos_1765883081418.jpg","width":1280,"height":720,"caption":"incluir uma m\u00e1scara coreana para os l\u00e1bios na rotina antes de dormir virou um h\u00e1bito comum para quem quer manter a pele mais saud\u00e1vel - Cr\u00e9ditos: depositphotos.com \/ alexandra.morosanu"},{"@type":"BreadcrumbList","@id":"https:\/\/www.em.com.br\/emfoco\/2026\/01\/14\/labios-ressecados-os-protetores-labiais-hidratam-de-verdade-ou-e-apenas-um-mito\/#breadcrumb","itemListElement":[{"@type":"ListItem","position":1,"name":"In\u00edcio","item":"https:\/\/www.em.com.br\/emfoco\/"},{"@type":"ListItem","position":2,"name":"L\u00e1bios ressecados: os protetores labiais hidratam de verdade ou \u00e9 apenas um mito?"}]},{"@type":"WebSite","@id":"https:\/\/www.em.com.br\/emfoco\/#website","url":"https:\/\/www.em.com.br\/emfoco\/","name":"Estado de Minas - Em foco","description":"Acompanhe as \u00faltimas not\u00edcias e fique bem informado sobre tudo o que acontece em Minas Gerais, Brasil e no mundo.","potentialAction":[{"@type":"SearchAction","target":{"@type":"EntryPoint","urlTemplate":"https:\/\/www.em.com.br\/emfoco\/?s={search_term_string}"},"query-input":{"@type":"PropertyValueSpecification","valueRequired":true,"valueName":"search_term_string"}}],"inLanguage":"pt-BR"},{"@type":"Person","@id":"https:\/\/www.em.com.br\/emfoco\/#\/schema\/person\/0a8186d72f2c3a5c6276d90b41f271a0","name":"Daniely Cardoso","image":{"@type":"ImageObject","inLanguage":"pt-BR","@id":"https:\/\/www.em.com.br\/emfoco\/#\/schema\/person\/image\/","url":"https:\/\/secure.gravatar.com\/avatar\/4b80ddbd124d1f071b626d52d62e5dff?s=96&d=mm&r=g","contentUrl":"https:\/\/secure.gravatar.com\/avatar\/4b80ddbd124d1f071b626d52d62e5dff?s=96&d=mm&r=g","caption":"Daniely Cardoso"},"url":"https:\/\/www.em.com.br\/emfoco\/author\/danielymyth\/"}]}},"_links":{"self":[{"href":"https:\/\/www.em.com.br\/emfoco\/wp-json\/wp\/v2\/posts\/154472","targetHints":{"allow":["GET"]}}],"collection":[{"href":"https:\/\/www.em.com.br\/emfoco\/wp-json\/wp\/v2\/posts"}],"about":[{"href":"https:\/\/www.em.com.br\/emfoco\/wp-json\/wp\/v2\/types\/post"}],"author":[{"embeddable":true,"href":"https:\/\/www.em.com.br\/emfoco\/wp-json\/wp\/v2\/users\/9"}],"replies":[{"embeddable":true,"href":"https:\/\/www.em.com.br\/emfoco\/wp-json\/wp\/v2\/comments?post=154472"}],"version-history":[{"count":3,"href":"https:\/\/www.em.com.br\/emfoco\/wp-json\/wp\/v2\/posts\/154472\/revisions"}],"predecessor-version":[{"id":154766,"href":"https:\/\/www.em.com.br\/emfoco\/wp-json\/wp\/v2\/posts\/154472\/revisions\/154766"}],"wp:featuredmedia":[{"embeddable":true,"href":"https:\/\/www.em.com.br\/emfoco\/wp-json\/wp\/v2\/media\/141124"}],"wp:attachment":[{"href":"https:\/\/www.em.com.br\/emfoco\/wp-json\/wp\/v2\/media?parent=154472"}],"wp:term":[{"taxonomy":"category","embeddable":true,"href":"https:\/\/www.em.com.br\/emfoco\/wp-json\/wp\/v2\/categories?post=154472"},{"taxonomy":"post_tag","embeddable":true,"href":"https:\/\/www.em.com.br\/emfoco\/wp-json\/wp\/v2\/tags?post=154472"}],"curies":[{"name":"wp","href":"https:\/\/api.w.org\/{rel}","templated":true}]}}