{"id":1544,"date":"2024-11-28T06:20:00","date_gmt":"2024-11-28T09:20:00","guid":{"rendered":"https:\/\/www.em.com.br\/emfoco\/?p=1544"},"modified":"2024-11-26T18:12:00","modified_gmt":"2024-11-26T21:12:00","slug":"previsao-do-tempo-em-28-11-saiba-por-que-esta-chovendo-tanto-em-minas-gerais-em-novembro","status":"publish","type":"post","link":"https:\/\/www.em.com.br\/emfoco\/2024\/11\/28\/previsao-do-tempo-em-28-11-saiba-por-que-esta-chovendo-tanto-em-minas-gerais-em-novembro\/","title":{"rendered":"Previs\u00e3o do tempo em 28\/11: saiba por que est\u00e1 chovendo tanto em Minas Gerais em novembro"},"content":{"rendered":"\n<p>Em <strong><a href=\"https:\/\/www.em.com.br\/emfoco\/categoria\/clima\/\" target=\"_blank\" rel=\"noreferrer noopener\">Minas Gerais<\/a><\/strong>, novembro tem sido um m\u00eas marcado por <a href=\"https:\/\/www.em.com.br\/emfoco\/2024\/11\/26\/emergencia-nas-cidades-mineiras-necessidade-de-acoes-rapidas-devido-as-chuvas-intensas\/\" target=\"_blank\" rel=\"noreferrer noopener\"><strong>chuvas <\/strong><\/a>fortes e persistentes. O dia 28 de novembro de 2024 promete ser um dos mais intensos em termos de precipita\u00e7\u00e3o, com a previs\u00e3o do tempo indicando grandes volumes de chuva para diversas regi\u00f5es do estado. Mas, afinal, o que est\u00e1 causando essa onda de chuvas em Minas Gerais?<\/p>\n\n\n\n<p>Novembro \u00e9, tradicionalmente, um m\u00eas de transi\u00e7\u00e3o entre a primavera e o ver\u00e3o no Brasil. Durante esse per\u00edodo, o tempo costuma ser mais quente, e a umidade relativa do ar aumenta consideravelmente. Para Minas Gerais, um estado com grande varia\u00e7\u00e3o de relevo e clima, isso significa a forma\u00e7\u00e3o de condi\u00e7\u00f5es ideais para chuvas intensas, especialmente nas regi\u00f5es Central e Leste do estado, al\u00e9m do Tri\u00e2ngulo Mineiro.<\/p>\n\n\n\n<p>As chuvas de novembro t\u00eam se intensificado por conta da combina\u00e7\u00e3o de fatores clim\u00e1ticos regionais e globais. A presen\u00e7a de sistemas meteorol\u00f3gicos como frentes frias e zonas de converg\u00eancia intertropical (ZCIT) tem contribu\u00eddo para o aumento da precipita\u00e7\u00e3o em v\u00e1rias \u00e1reas de Minas Gerais.<\/p>\n\n\n\n<h2 class=\"wp-block-heading\">Previs\u00e3o do tempo &#8211; O Papel das Frentes Frias<\/h2>\n\n\n\n<p>As frentes frias s\u00e3o um fen\u00f4meno clim\u00e1tico caracterizado por uma massa de ar mais frio que avan\u00e7a em dire\u00e7\u00e3o a \u00e1reas com ar quente e \u00famido, provocando mudan\u00e7as bruscas nas condi\u00e7\u00f5es do tempo. Em novembro, \u00e9 comum a chegada de frentes frias no Sudeste do Brasil, inclusive em Minas Gerais. Elas geram instabilidade na atmosfera, o que facilita a forma\u00e7\u00e3o de nuvens de chuva, principalmente na regi\u00e3o central e leste do estado.<\/p>\n\n\n\n<p>Quando uma frente fria encontra uma massa de ar quente e \u00famido, o ar quente \u00e9 for\u00e7ado a subir, levando consigo a umidade presente na atmosfera. \u00c0 medida que essa umidade sobe, ela se condensa e se transforma em chuva. Este processo \u00e9 respons\u00e1vel pelas tempestades e chuvas fortes que t\u00eam ocorrido em Minas Gerais, principalmente entre o final de novembro e o in\u00edcio de dezembro.<\/p>\n\n\n\n<h2 class=\"wp-block-heading\">Zona de Converg\u00eancia Intertropical (ZCIT)<\/h2>\n\n\n\n<figure class=\"wp-block-image size-large\"><img loading=\"lazy\" decoding=\"async\" width=\"1024\" height=\"576\" src=\"https:\/\/www.em.com.br\/emfoco\/wp-content\/uploads\/2024\/11\/previsao-do-tempo-Creditos-depositphotos.com-were-photography-1024x576.jpg\" alt=\"previs\u00e3o do tempo - Cr\u00e9ditos depositphotos.com were-photography\" class=\"wp-image-860\" srcset=\"https:\/\/www.em.com.br\/emfoco\/wp-content\/uploads\/2024\/11\/previsao-do-tempo-Creditos-depositphotos.com-were-photography-1024x576.jpg 1024w, https:\/\/www.em.com.br\/emfoco\/wp-content\/uploads\/2024\/11\/previsao-do-tempo-Creditos-depositphotos.com-were-photography-300x169.jpg 300w, https:\/\/www.em.com.br\/emfoco\/wp-content\/uploads\/2024\/11\/previsao-do-tempo-Creditos-depositphotos.com-were-photography-768x432.jpg 768w, https:\/\/www.em.com.br\/emfoco\/wp-content\/uploads\/2024\/11\/previsao-do-tempo-Creditos-depositphotos.com-were-photography-750x422.jpg 750w, https:\/\/www.em.com.br\/emfoco\/wp-content\/uploads\/2024\/11\/previsao-do-tempo-Creditos-depositphotos.com-were-photography-1140x641.jpg 1140w, https:\/\/www.em.com.br\/emfoco\/wp-content\/uploads\/2024\/11\/previsao-do-tempo-Creditos-depositphotos.com-were-photography.jpg 1280w\" sizes=\"auto, (max-width: 1024px) 100vw, 1024px\" \/><figcaption class=\"wp-element-caption\">previs\u00e3o do tempo &#8211; Cr\u00e9ditos depositphotos.com were-photography<\/figcaption><\/figure>\n\n\n\n<p>Outro fator importante para as chuvas intensas em Minas Gerais \u00e9 a Zona de Converg\u00eancia Intertropical (ZCIT), que \u00e9 uma faixa de baixa press\u00e3o situada pr\u00f3ximo \u00e0 linha do Equador. A <a href=\"http:\/\/master.iag.usp.br\/pr\/ensino\/sinotica\/aula15\/#:~:text=A%20Zona%20de%20Converg%C3%AAncia%20Intertropical,planeta%20Terra%20(Fig%201).\" target=\"_blank\" rel=\"noreferrer noopener\"><strong>ZCIT<\/strong><\/a> ocorre quando os ventos al\u00edsios, que sopram de leste para oeste, convergem, resultando em \u00e1reas de instabilidade que favorecem a forma\u00e7\u00e3o de chuvas fortes.<\/p>\n\n\n\n<p>Durante o m\u00eas de novembro, a ZCIT costuma se expandir mais para o sul, afetando o clima de estados como Minas Gerais. A converg\u00eancia de ventos e a alta umidade formam grandes nuvens de tempestade, que geram chuvas volumosas e, muitas vezes, acompanhadas de raios e trov\u00f5es. As regi\u00f5es mais afetadas por esse fen\u00f4meno incluem o Vale do Rio Doce, o Tri\u00e2ngulo Mineiro e o Sul do estado, \u00e1reas que, em novembro, costumam ser mais suscet\u00edveis \u00e0s chuvas intensas.<\/p>\n\n\n\n<h2 class=\"wp-block-heading\">O Efeito do El Ni\u00f1o<\/h2>\n\n\n\n<p>Em 2024, o fen\u00f4meno clim\u00e1tico El Ni\u00f1o, caracterizado pelo aquecimento an\u00f4malo das \u00e1guas do Oceano Pac\u00edfico Equatorial, tamb\u00e9m tem contribu\u00eddo para o aumento das chuvas no Brasil, incluindo Minas Gerais. O El Ni\u00f1o tende a alterar os padr\u00f5es clim\u00e1ticos em v\u00e1rias partes do mundo, incluindo a Am\u00e9rica do Sul.<\/p>\n\n\n\n<p>No caso de Minas Gerais, o El Ni\u00f1o influencia a intensifica\u00e7\u00e3o das chuvas ao criar condi\u00e7\u00f5es mais favor\u00e1veis para o desenvolvimento de tempestades. Esse fen\u00f4meno tem potencial para prolongar a temporada de chuvas, o que significa que novembro pode ser apenas o come\u00e7o de um per\u00edodo mais chuvoso do que o habitual. A influ\u00eancia do El Ni\u00f1o tamb\u00e9m pode causar desequil\u00edbrios nos regimes de precipita\u00e7\u00e3o, com algumas \u00e1reas experimentando chuvas mais fortes e mais frequentes.<\/p>\n\n\n\n<h2 class=\"wp-block-heading\">Previs\u00e3o do tempo para 28 de Novembro<\/h2>\n\n\n\n<p>Para o dia 28 de novembro de 2024, a previs\u00e3o para Minas Gerais \u00e9 de chuvas fortes, especialmente em Belo Horizonte, na Regi\u00e3o Metropolitana, e nas cidades do Leste e Sul do estado. A previs\u00e3o indica um ac\u00famulo de chuvas que pode variar entre 30 a 60 mm, com possibilidade de tempestades isoladas. Em \u00e1reas mais altas, como a Serra do Espinha\u00e7o, o risco de deslizamentos de terra tamb\u00e9m \u00e9 alto, devido \u00e0 grande quantidade de precipita\u00e7\u00e3o.<\/p>\n\n\n\n<p>As chuvas tamb\u00e9m podem causar alagamentos e complica\u00e7\u00f5es no tr\u00e2nsito em v\u00e1rias cidades, como j\u00e1 tem ocorrido nos \u00faltimos dias. A popula\u00e7\u00e3o \u00e9 orientada a tomar precau\u00e7\u00f5es e acompanhar os alertas meteorol\u00f3gicos emitidos pelo Instituto Nacional de Meteorologia (INMET) e pela Defesa Civil, que est\u00e3o monitorando a situa\u00e7\u00e3o.<\/p>\n\n\n\n<p>As fortes chuvas que t\u00eam afetado Minas Gerais em novembro de 2024 s\u00e3o resultados de uma combina\u00e7\u00e3o de fatores clim\u00e1ticos. A presen\u00e7a de frentes frias, a expans\u00e3o da Zona de Converg\u00eancia Intertropical e a influ\u00eancia do El Ni\u00f1o est\u00e3o contribuindo para um per\u00edodo mais chuvoso e com riscos de tempestades intensas. Para quem vive no estado, \u00e9 importante ficar atento \u00e0 previs\u00e3o do tempo e seguir as orienta\u00e7\u00f5es das autoridades locais, garantindo a seguran\u00e7a durante esse per\u00edodo de chuvas intensas.<\/p>\n","protected":false},"excerpt":{"rendered":"<p>Em novembro de 2024, Minas Gerais enfrenta chuvas intensas devido \u00e0 intera\u00e7\u00e3o de frentes frias, Zona de Converg\u00eancia Intertropical e o fen\u00f4meno El Ni\u00f1o, gerando tempestades fortes, alagamentos e riscos de deslizamentos.<\/p>\n","protected":false},"author":3,"featured_media":690,"comment_status":"open","ping_status":"open","sticky":false,"template":"","format":"standard","meta":{"jnews-multi-image_gallery":[],"jnews_single_post":{"format":"standard"},"jnews_primary_category":[],"jnews_social_meta":[],"jnews_override_counter":[],"footnotes":""},"categories":[30],"tags":[442,1007,1008,207,1009,1006],"class_list":["post-1544","post","type-post","status-publish","format-standard","has-post-thumbnail","hentry","category-clima","tag-chuvas","tag-el-nino","tag-frentes-frias","tag-minas-gerais","tag-tempestades","tag-zona-de-convergencia-intertropical"],"yoast_head":"<!-- This site is optimized with the Yoast SEO plugin v23.8 - https:\/\/yoast.com\/wordpress\/plugins\/seo\/ -->\n<title>Previs\u00e3o do tempo em 28\/11: saiba por que est\u00e1 chovendo tanto em Minas Gerais em novembro - Estado de Minas - Em foco<\/title>\n<meta name=\"description\" content=\"Previs\u00e3o do tempo: em novembro de 2024, Minas Gerais enfrenta chuvas intensas devido \u00e0 intera\u00e7\u00e3o de frentes frias, Zona de Converg\u00eancia\" \/>\n<meta name=\"robots\" content=\"index, follow, max-snippet:-1, max-image-preview:large, max-video-preview:-1\" \/>\n<link rel=\"canonical\" href=\"https:\/\/www.em.com.br\/emfoco\/2024\/11\/28\/previsao-do-tempo-em-28-11-saiba-por-que-esta-chovendo-tanto-em-minas-gerais-em-novembro\/\" \/>\n<meta property=\"og:locale\" content=\"pt_BR\" \/>\n<meta property=\"og:type\" content=\"article\" \/>\n<meta property=\"og:title\" content=\"Previs\u00e3o do tempo em 28\/11: saiba por que est\u00e1 chovendo tanto em Minas Gerais em novembro - Estado de Minas - Em foco\" \/>\n<meta property=\"og:description\" content=\"Previs\u00e3o do tempo: em novembro de 2024, Minas Gerais enfrenta chuvas intensas devido \u00e0 intera\u00e7\u00e3o de frentes frias, Zona de Converg\u00eancia\" \/>\n<meta property=\"og:url\" content=\"https:\/\/www.em.com.br\/emfoco\/2024\/11\/28\/previsao-do-tempo-em-28-11-saiba-por-que-esta-chovendo-tanto-em-minas-gerais-em-novembro\/\" \/>\n<meta property=\"og:site_name\" content=\"Estado de Minas - Em foco\" \/>\n<meta property=\"article:published_time\" content=\"2024-11-28T09:20:00+00:00\" \/>\n<meta property=\"article:modified_time\" content=\"2024-11-26T21:12:00+00:00\" \/>\n<meta property=\"og:image\" content=\"https:\/\/www.em.com.br\/emfoco\/wp-content\/uploads\/2024\/11\/alerta-laranja-Creditos-depositphotos.com-ALesik.jpg\" \/>\n\t<meta property=\"og:image:width\" content=\"1280\" \/>\n\t<meta property=\"og:image:height\" content=\"720\" \/>\n\t<meta property=\"og:image:type\" content=\"image\/jpeg\" \/>\n<meta name=\"author\" content=\"Helen Palma\" \/>\n<meta name=\"twitter:card\" content=\"summary_large_image\" \/>\n<meta name=\"twitter:label1\" content=\"Escrito por\" \/>\n\t<meta name=\"twitter:data1\" content=\"Helen Palma\" \/>\n\t<meta name=\"twitter:label2\" content=\"Est. tempo de leitura\" \/>\n\t<meta name=\"twitter:data2\" content=\"5 minutos\" \/>\n<!-- \/ Yoast SEO plugin. -->","yoast_head_json":{"title":"Previs\u00e3o do tempo em 28\/11: saiba por que est\u00e1 chovendo tanto em Minas Gerais em novembro - Estado de Minas - Em foco","description":"Previs\u00e3o do tempo: em novembro de 2024, Minas Gerais enfrenta chuvas intensas devido \u00e0 intera\u00e7\u00e3o de frentes frias, Zona de Converg\u00eancia","robots":{"index":"index","follow":"follow","max-snippet":"max-snippet:-1","max-image-preview":"max-image-preview:large","max-video-preview":"max-video-preview:-1"},"canonical":"https:\/\/www.em.com.br\/emfoco\/2024\/11\/28\/previsao-do-tempo-em-28-11-saiba-por-que-esta-chovendo-tanto-em-minas-gerais-em-novembro\/","og_locale":"pt_BR","og_type":"article","og_title":"Previs\u00e3o do tempo em 28\/11: saiba por que est\u00e1 chovendo tanto em Minas Gerais em novembro - Estado de Minas - Em foco","og_description":"Previs\u00e3o do tempo: em novembro de 2024, Minas Gerais enfrenta chuvas intensas devido \u00e0 intera\u00e7\u00e3o de frentes frias, Zona de Converg\u00eancia","og_url":"https:\/\/www.em.com.br\/emfoco\/2024\/11\/28\/previsao-do-tempo-em-28-11-saiba-por-que-esta-chovendo-tanto-em-minas-gerais-em-novembro\/","og_site_name":"Estado de Minas - Em foco","article_published_time":"2024-11-28T09:20:00+00:00","article_modified_time":"2024-11-26T21:12:00+00:00","og_image":[{"width":1280,"height":720,"url":"https:\/\/www.em.com.br\/emfoco\/wp-content\/uploads\/2024\/11\/alerta-laranja-Creditos-depositphotos.com-ALesik.jpg","type":"image\/jpeg"}],"author":"Helen Palma","twitter_card":"summary_large_image","twitter_misc":{"Escrito por":"Helen Palma","Est. tempo de leitura":"5 minutos"},"schema":{"@context":"https:\/\/schema.org","@graph":[{"@type":"WebPage","@id":"https:\/\/www.em.com.br\/emfoco\/2024\/11\/28\/previsao-do-tempo-em-28-11-saiba-por-que-esta-chovendo-tanto-em-minas-gerais-em-novembro\/","url":"https:\/\/www.em.com.br\/emfoco\/2024\/11\/28\/previsao-do-tempo-em-28-11-saiba-por-que-esta-chovendo-tanto-em-minas-gerais-em-novembro\/","name":"Previs\u00e3o do tempo em 28\/11: saiba por que est\u00e1 chovendo tanto em Minas Gerais em novembro - Estado de Minas - Em foco","isPartOf":{"@id":"https:\/\/www.em.com.br\/emfoco\/#website"},"primaryImageOfPage":{"@id":"https:\/\/www.em.com.br\/emfoco\/2024\/11\/28\/previsao-do-tempo-em-28-11-saiba-por-que-esta-chovendo-tanto-em-minas-gerais-em-novembro\/#primaryimage"},"image":{"@id":"https:\/\/www.em.com.br\/emfoco\/2024\/11\/28\/previsao-do-tempo-em-28-11-saiba-por-que-esta-chovendo-tanto-em-minas-gerais-em-novembro\/#primaryimage"},"thumbnailUrl":"https:\/\/www.em.com.br\/emfoco\/wp-content\/uploads\/2024\/11\/alerta-laranja-Creditos-depositphotos.com-ALesik.jpg","datePublished":"2024-11-28T09:20:00+00:00","dateModified":"2024-11-26T21:12:00+00:00","author":{"@id":"https:\/\/www.em.com.br\/emfoco\/#\/schema\/person\/d79d5c83ee37ab7ca6781d92bd406eac"},"description":"Previs\u00e3o do tempo: em novembro de 2024, Minas Gerais enfrenta chuvas intensas devido \u00e0 intera\u00e7\u00e3o de frentes frias, Zona de Converg\u00eancia","breadcrumb":{"@id":"https:\/\/www.em.com.br\/emfoco\/2024\/11\/28\/previsao-do-tempo-em-28-11-saiba-por-que-esta-chovendo-tanto-em-minas-gerais-em-novembro\/#breadcrumb"},"inLanguage":"pt-BR","potentialAction":[{"@type":"ReadAction","target":["https:\/\/www.em.com.br\/emfoco\/2024\/11\/28\/previsao-do-tempo-em-28-11-saiba-por-que-esta-chovendo-tanto-em-minas-gerais-em-novembro\/"]}]},{"@type":"ImageObject","inLanguage":"pt-BR","@id":"https:\/\/www.em.com.br\/emfoco\/2024\/11\/28\/previsao-do-tempo-em-28-11-saiba-por-que-esta-chovendo-tanto-em-minas-gerais-em-novembro\/#primaryimage","url":"https:\/\/www.em.com.br\/emfoco\/wp-content\/uploads\/2024\/11\/alerta-laranja-Creditos-depositphotos.com-ALesik.jpg","contentUrl":"https:\/\/www.em.com.br\/emfoco\/wp-content\/uploads\/2024\/11\/alerta-laranja-Creditos-depositphotos.com-ALesik.jpg","width":1280,"height":720,"caption":"Previs\u00e3o do tempo - alerta laranja - Cr\u00e9ditos depositphotos.com ALesik"},{"@type":"BreadcrumbList","@id":"https:\/\/www.em.com.br\/emfoco\/2024\/11\/28\/previsao-do-tempo-em-28-11-saiba-por-que-esta-chovendo-tanto-em-minas-gerais-em-novembro\/#breadcrumb","itemListElement":[{"@type":"ListItem","position":1,"name":"In\u00edcio","item":"https:\/\/www.em.com.br\/emfoco\/"},{"@type":"ListItem","position":2,"name":"Previs\u00e3o do tempo em 28\/11: saiba por que est\u00e1 chovendo tanto em Minas Gerais em novembro"}]},{"@type":"WebSite","@id":"https:\/\/www.em.com.br\/emfoco\/#website","url":"https:\/\/www.em.com.br\/emfoco\/","name":"Estado de Minas - Em foco","description":"Acompanhe as \u00faltimas not\u00edcias e fique bem informado sobre tudo o que acontece em Minas Gerais, Brasil e no mundo.","potentialAction":[{"@type":"SearchAction","target":{"@type":"EntryPoint","urlTemplate":"https:\/\/www.em.com.br\/emfoco\/?s={search_term_string}"},"query-input":{"@type":"PropertyValueSpecification","valueRequired":true,"valueName":"search_term_string"}}],"inLanguage":"pt-BR"},{"@type":"Person","@id":"https:\/\/www.em.com.br\/emfoco\/#\/schema\/person\/d79d5c83ee37ab7ca6781d92bd406eac","name":"Helen Palma","image":{"@type":"ImageObject","inLanguage":"pt-BR","@id":"https:\/\/www.em.com.br\/emfoco\/#\/schema\/person\/image\/","url":"https:\/\/secure.gravatar.com\/avatar\/c657d9266c25fd5b35a8a6274fb730cd?s=96&d=mm&r=g","contentUrl":"https:\/\/secure.gravatar.com\/avatar\/c657d9266c25fd5b35a8a6274fb730cd?s=96&d=mm&r=g","caption":"Helen Palma"},"url":"https:\/\/www.em.com.br\/emfoco\/author\/helenmyth\/"}]}},"_links":{"self":[{"href":"https:\/\/www.em.com.br\/emfoco\/wp-json\/wp\/v2\/posts\/1544","targetHints":{"allow":["GET"]}}],"collection":[{"href":"https:\/\/www.em.com.br\/emfoco\/wp-json\/wp\/v2\/posts"}],"about":[{"href":"https:\/\/www.em.com.br\/emfoco\/wp-json\/wp\/v2\/types\/post"}],"author":[{"embeddable":true,"href":"https:\/\/www.em.com.br\/emfoco\/wp-json\/wp\/v2\/users\/3"}],"replies":[{"embeddable":true,"href":"https:\/\/www.em.com.br\/emfoco\/wp-json\/wp\/v2\/comments?post=1544"}],"version-history":[{"count":2,"href":"https:\/\/www.em.com.br\/emfoco\/wp-json\/wp\/v2\/posts\/1544\/revisions"}],"predecessor-version":[{"id":1618,"href":"https:\/\/www.em.com.br\/emfoco\/wp-json\/wp\/v2\/posts\/1544\/revisions\/1618"}],"wp:featuredmedia":[{"embeddable":true,"href":"https:\/\/www.em.com.br\/emfoco\/wp-json\/wp\/v2\/media\/690"}],"wp:attachment":[{"href":"https:\/\/www.em.com.br\/emfoco\/wp-json\/wp\/v2\/media?parent=1544"}],"wp:term":[{"taxonomy":"category","embeddable":true,"href":"https:\/\/www.em.com.br\/emfoco\/wp-json\/wp\/v2\/categories?post=1544"},{"taxonomy":"post_tag","embeddable":true,"href":"https:\/\/www.em.com.br\/emfoco\/wp-json\/wp\/v2\/tags?post=1544"}],"curies":[{"name":"wp","href":"https:\/\/api.w.org\/{rel}","templated":true}]}}