{"id":154373,"date":"2026-01-14T19:25:00","date_gmt":"2026-01-14T22:25:00","guid":{"rendered":"https:\/\/www.em.com.br\/emfoco\/?p=154373"},"modified":"2026-01-13T19:58:07","modified_gmt":"2026-01-13T22:58:07","slug":"adeus-estampa-de-oncinha-a-nova-tendencia-para-2026-chegou-e-esta-agradando-todas-as-mulheres","status":"publish","type":"post","link":"https:\/\/www.em.com.br\/emfoco\/2026\/01\/14\/adeus-estampa-de-oncinha-a-nova-tendencia-para-2026-chegou-e-esta-agradando-todas-as-mulheres\/","title":{"rendered":"Adeus estampa de oncinha: a nova tend\u00eancia para 2026 chegou e est\u00e1 agradando todas as mulheres"},"content":{"rendered":"\n<p>A estampa de cervo ganhou espa\u00e7o no guarda-roupa contempor\u00e2neo e vem sendo apontada como uma das microtend\u00eancias promissoras para 2026. Inspirada diretamente no pelo do animal, a&nbsp;<strong>deer print<\/strong>&nbsp;traz fundo marrom com manchas claras que lembram um filhote de cervo, entrando na linha dos cl\u00e1ssicos animais, como on\u00e7a e zebra, mas com uma leitura mais suave, nost\u00e1lgica e ligada a refer\u00eancias de desenhos animados.<\/p>\n\n\n\n<h2 class=\"wp-block-heading\">O que \u00e9 a tend\u00eancia bambicore e por que a estampa de cervo viralizou<\/h2>\n\n\n\n<p>O <a href=\"https:\/\/personal-aesthetics.fandom.com\/wiki\/Bambicore\" target=\"_blank\" rel=\"noreferrer noopener\">bambicore <\/a>vai al\u00e9m do padr\u00e3o visual. A est\u00e9tica conversa com o desejo por pe\u00e7as confort\u00e1veis, acolhedoras e com um toque de fantasia de contos de floresta, em contraste com o ritmo acelerado das tend\u00eancias.<\/p>\n\n\n\n<p>Em um cen\u00e1rio de sobrecarga de informa\u00e7\u00e3o, a padronagem se destaca por unir ar l\u00fadico a uma base crom\u00e1tica neutra, facilitando o uso com o que j\u00e1 existe no arm\u00e1rio. Nas redes sociais, a&nbsp;<em>deer print<\/em>&nbsp;se destaca pelo contraste suave entre marrom e manchas claras, gerando um visual marcante sem precisar de cores muito vibrantes.<\/p>\n\n\n\n<figure class=\"wp-block-image size-large\"><img loading=\"lazy\" decoding=\"async\" width=\"1024\" height=\"576\" src=\"https:\/\/www.em.com.br\/emfoco\/wp-content\/uploads\/2026\/01\/Gemini_Generated_Image_wdqtdrwdqtdrwdqt-1-1024x576.png\" alt=\"O detalhe fashion que pode definir a moda de 2026\" class=\"wp-image-154418\" srcset=\"https:\/\/www.em.com.br\/emfoco\/wp-content\/uploads\/2026\/01\/Gemini_Generated_Image_wdqtdrwdqtdrwdqt-1-1024x576.png 1024w, https:\/\/www.em.com.br\/emfoco\/wp-content\/uploads\/2026\/01\/Gemini_Generated_Image_wdqtdrwdqtdrwdqt-1-300x169.png 300w, https:\/\/www.em.com.br\/emfoco\/wp-content\/uploads\/2026\/01\/Gemini_Generated_Image_wdqtdrwdqtdrwdqt-1-768x432.png 768w, https:\/\/www.em.com.br\/emfoco\/wp-content\/uploads\/2026\/01\/Gemini_Generated_Image_wdqtdrwdqtdrwdqt-1-750x422.png 750w, https:\/\/www.em.com.br\/emfoco\/wp-content\/uploads\/2026\/01\/Gemini_Generated_Image_wdqtdrwdqtdrwdqt-1-1140x641.png 1140w, https:\/\/www.em.com.br\/emfoco\/wp-content\/uploads\/2026\/01\/Gemini_Generated_Image_wdqtdrwdqtdrwdqt-1.png 1280w\" sizes=\"auto, (max-width: 1024px) 100vw, 1024px\" \/><figcaption class=\"wp-element-caption\">O detalhe fashion que pode definir a moda de 2026<\/figcaption><\/figure>\n\n\n\n<h2 class=\"wp-block-heading\">Como a estampa de cervo chegou \u00e0s passarelas e ao street style<\/h2>\n\n\n\n<p>A presen\u00e7a da estampa de cervo come\u00e7ou a ganhar for\u00e7a nas passarelas internacionais, principalmente em cole\u00e7\u00f5es de outono\/inverno. Grifes de luxo apostaram em vestidos longos, saias drapeadas e casacos com o padr\u00e3o inspirado no cervo, refor\u00e7ando seu apelo invernal e sofisticado.<\/p>\n\n\n\n<p>Ao mesmo tempo, colabora\u00e7\u00f5es com<a href=\"https:\/\/www.em.com.br\/emfoco\/2025\/12\/29\/jorts-ganham-status-fashion-e-se-firmam-como-tendencia-em-2026\/\" target=\"_blank\" rel=\"noreferrer noopener\"> fast fashion<\/a> e marcas de apelo jovem traduziram o bambicore em vers\u00f5es mais acess\u00edveis, como jaquetas de pelo sint\u00e9tico, moletons e casacos puffer. Para visualizar esse movimento, alguns exemplos se destacam nas cole\u00e7\u00f5es recentes:<\/p>\n\n\n\n<ul class=\"wp-block-list\">\n<li>Casacos de pelo sint\u00e9tico com estampa de cervo em cole\u00e7\u00f5es de outono\/inverno.<\/li>\n\n\n\n<li>Vestidos fluidos com padr\u00e3o Bambi em desfiles internacionais.<\/li>\n\n\n\n<li>Colabora\u00e7\u00f5es entre marcas esportivas e criadores explorando a&nbsp;<em>deer print<\/em>&nbsp;em t\u00eanis.<\/li>\n\n\n\n<li>Conjuntos de estampa de cervo em redes de fast fashion que se esgotam rapidamente online.<\/li>\n<\/ul>\n\n\n\n<h2 class=\"wp-block-heading\">Como usar a estampa de cervo no dia a dia sem exagero<\/h2>\n\n\n\n<p>Para experimentar o&nbsp;<strong>bambicore<\/strong>&nbsp;sem mudar totalmente o estilo, uma boa estrat\u00e9gia \u00e9 apostar em pe\u00e7as \u00fanicas ou acess\u00f3rios em&nbsp;<strong>deer print<\/strong>. Casacos longos, jaquetas peluciadas e cardig\u00e3s podem ser o ponto de destaque do look, combinados com b\u00e1sicos em preto, branco, bege ou marrom.<\/p>\n\n\n\n<p>Quem prefere come\u00e7ar com mais calma pode investir em bolsas, cintos ou cal\u00e7ados com padr\u00e3o de cervo, que funcionam bem tanto com jeans quanto com alfaiataria. Conjuntinhos coordenados em tecidos aconchegantes tamb\u00e9m aparecem como op\u00e7\u00e3o para dias frios, mantendo o visual atual sem ficar caricato.<\/p>\n\n\n\n<figure class=\"wp-block-image size-large\"><img loading=\"lazy\" decoding=\"async\" width=\"1024\" height=\"576\" src=\"https:\/\/www.em.com.br\/emfoco\/wp-content\/uploads\/2026\/01\/Gemini_Generated_Image_aqjrc3aqjrc3aqjr-1-1024x576.png\" alt=\"O detalhe fashion que pode definir a moda de 2026\" class=\"wp-image-154419\" srcset=\"https:\/\/www.em.com.br\/emfoco\/wp-content\/uploads\/2026\/01\/Gemini_Generated_Image_aqjrc3aqjrc3aqjr-1-1024x576.png 1024w, https:\/\/www.em.com.br\/emfoco\/wp-content\/uploads\/2026\/01\/Gemini_Generated_Image_aqjrc3aqjrc3aqjr-1-300x169.png 300w, https:\/\/www.em.com.br\/emfoco\/wp-content\/uploads\/2026\/01\/Gemini_Generated_Image_aqjrc3aqjrc3aqjr-1-768x432.png 768w, https:\/\/www.em.com.br\/emfoco\/wp-content\/uploads\/2026\/01\/Gemini_Generated_Image_aqjrc3aqjrc3aqjr-1-750x422.png 750w, https:\/\/www.em.com.br\/emfoco\/wp-content\/uploads\/2026\/01\/Gemini_Generated_Image_aqjrc3aqjrc3aqjr-1-1140x641.png 1140w, https:\/\/www.em.com.br\/emfoco\/wp-content\/uploads\/2026\/01\/Gemini_Generated_Image_aqjrc3aqjrc3aqjr-1.png 1280w\" sizes=\"auto, (max-width: 1024px) 100vw, 1024px\" \/><figcaption class=\"wp-element-caption\">O detalhe fashion que pode definir a moda de 2026<\/figcaption><\/figure>\n\n\n\n<h2 class=\"wp-block-heading\">Quais s\u00e3o as melhores combina\u00e7\u00f5es de cores e tecidos com deer print<\/h2>\n\n\n\n<p>A estampa de cervo conversa especialmente bem com tons terrosos e neutros, criando um visual harm\u00f4nico e sofisticado. Tecidos lisos, como algod\u00e3o, couro liso, tric\u00f4 e sarja, ajudam a equilibrar a informa\u00e7\u00e3o visual da padronagem, deixando o look mais moderno e urbano.<\/p>\n\n\n\n<p>No inverno, a&nbsp;<strong>deer print<\/strong>&nbsp;ganha for\u00e7a em pe\u00e7as estruturadas e de textura marcante, como casacos de pelo sint\u00e9tico, puffer jackets e tric\u00f4s grossos. Em climas mais amenos, saias leves, tops e camisas finas com o padr\u00e3o permitem adaptar o bambicore \u00e0 realidade brasileira sem perder o charme.<\/p>\n\n\n\n<h2 class=\"wp-block-heading\">A estampa de cervo vai continuar em alta em 2026<\/h2>\n\n\n\n<p>A estampa de cervo \u00e9 tratada como uma&nbsp;<em>microtrend<\/em>, mas com f\u00f4lego para atravessar alguns ciclos gra\u00e7as ao di\u00e1logo com est\u00e9tica campestre, nostalgia e busca por conforto. No Brasil, sua perman\u00eancia em 2026 deve depender da criatividade das marcas em adapt\u00e1-la a diferentes climas e do engajamento de criadores de conte\u00fado que mant\u00eam o padr\u00e3o em evid\u00eancia nas redes sociais.<\/p>\n\n\n\n<p>Se voc\u00ea quer apostar no bambicore, o momento \u00e9 agora: comece por pe\u00e7as-chave, teste combina\u00e7\u00f5es e garanta itens em&nbsp;<strong>deer print<\/strong>&nbsp;antes que a tend\u00eancia sature e os modelos mais interessantes desapare\u00e7am das prateleiras. Use essa onda a seu favor para atualizar o guarda-roupa com personalidade, mas sem perder a versatilidade no dia a dia.<\/p>\n","protected":false},"excerpt":{"rendered":"<p>A estampa de cervo ganhou espa\u00e7o no guarda-roupa contempor\u00e2neo e vem sendo apontada como uma das microtend\u00eancias promissoras para 2026. Inspirada diretamente no pelo do animal, a&nbsp;deer print&nbsp;traz fundo marrom com manchas claras que lembram um filhote de cervo, entrando na linha dos cl\u00e1ssicos animais, como on\u00e7a e zebra, mas com uma leitura mais suave, [&hellip;]<\/p>\n","protected":false},"author":11,"featured_media":154420,"comment_status":"open","ping_status":"open","sticky":false,"template":"","format":"standard","meta":{"jnews-multi-image_gallery":[],"jnews_single_post":{"format":"standard"},"jnews_primary_category":[],"jnews_social_meta":[],"jnews_override_counter":[],"footnotes":""},"categories":[8819,1],"tags":[22381,22485,22484,4977,21555],"class_list":["post-154373","post","type-post","status-publish","format-standard","has-post-thumbnail","hentry","category-curiosidades","category-noticias","tag-bambicore","tag-deer-print","tag-estampa-de-cervo","tag-moda","tag-tendencia-para-2026"],"yoast_head":"<!-- This site is optimized with the Yoast SEO plugin v23.8 - https:\/\/yoast.com\/wordpress\/plugins\/seo\/ -->\n<title>Adeus estampa de oncinha: a nova tend\u00eancia para 2026 chegou e est\u00e1 agradando todas as mulheres - Estado de Minas - Em foco<\/title>\n<meta name=\"description\" content=\"A estampa de cervo surge como microtend\u00eancia para 2026. Entenda o bambicore, como usar a deer print e combinar no dia a dia.\" \/>\n<meta name=\"robots\" content=\"index, follow, max-snippet:-1, max-image-preview:large, max-video-preview:-1\" \/>\n<link rel=\"canonical\" href=\"https:\/\/www.em.com.br\/emfoco\/2026\/01\/14\/adeus-estampa-de-oncinha-a-nova-tendencia-para-2026-chegou-e-esta-agradando-todas-as-mulheres\/\" \/>\n<meta property=\"og:locale\" content=\"pt_BR\" \/>\n<meta property=\"og:type\" content=\"article\" \/>\n<meta property=\"og:title\" content=\"Adeus estampa de oncinha: a nova tend\u00eancia para 2026 chegou e est\u00e1 agradando todas as mulheres - Estado de Minas - Em foco\" \/>\n<meta property=\"og:description\" content=\"A estampa de cervo surge como microtend\u00eancia para 2026. Entenda o bambicore, como usar a deer print e combinar no dia a dia.\" \/>\n<meta property=\"og:url\" content=\"https:\/\/www.em.com.br\/emfoco\/2026\/01\/14\/adeus-estampa-de-oncinha-a-nova-tendencia-para-2026-chegou-e-esta-agradando-todas-as-mulheres\/\" \/>\n<meta property=\"og:site_name\" content=\"Estado de Minas - Em foco\" \/>\n<meta property=\"article:published_time\" content=\"2026-01-14T22:25:00+00:00\" \/>\n<meta property=\"article:modified_time\" content=\"2026-01-13T22:58:07+00:00\" \/>\n<meta property=\"og:image\" content=\"https:\/\/www.em.com.br\/emfoco\/wp-content\/uploads\/2026\/01\/ChatGPT-Image-13-de-jan.-de-2026-13_44_59-1.png\" \/>\n\t<meta property=\"og:image:width\" content=\"1280\" \/>\n\t<meta property=\"og:image:height\" content=\"720\" \/>\n\t<meta property=\"og:image:type\" content=\"image\/png\" \/>\n<meta name=\"author\" content=\"Andre\u0301 Rangel\u00a0\" \/>\n<meta name=\"twitter:card\" content=\"summary_large_image\" \/>\n<meta name=\"twitter:label1\" content=\"Escrito por\" \/>\n\t<meta name=\"twitter:data1\" content=\"Andre\u0301 Rangel\u00a0\" \/>\n\t<meta name=\"twitter:label2\" content=\"Est. tempo de leitura\" \/>\n\t<meta name=\"twitter:data2\" content=\"5 minutos\" \/>\n<!-- \/ Yoast SEO plugin. -->","yoast_head_json":{"title":"Adeus estampa de oncinha: a nova tend\u00eancia para 2026 chegou e est\u00e1 agradando todas as mulheres - Estado de Minas - Em foco","description":"A estampa de cervo surge como microtend\u00eancia para 2026. Entenda o bambicore, como usar a deer print e combinar no dia a dia.","robots":{"index":"index","follow":"follow","max-snippet":"max-snippet:-1","max-image-preview":"max-image-preview:large","max-video-preview":"max-video-preview:-1"},"canonical":"https:\/\/www.em.com.br\/emfoco\/2026\/01\/14\/adeus-estampa-de-oncinha-a-nova-tendencia-para-2026-chegou-e-esta-agradando-todas-as-mulheres\/","og_locale":"pt_BR","og_type":"article","og_title":"Adeus estampa de oncinha: a nova tend\u00eancia para 2026 chegou e est\u00e1 agradando todas as mulheres - Estado de Minas - Em foco","og_description":"A estampa de cervo surge como microtend\u00eancia para 2026. Entenda o bambicore, como usar a deer print e combinar no dia a dia.","og_url":"https:\/\/www.em.com.br\/emfoco\/2026\/01\/14\/adeus-estampa-de-oncinha-a-nova-tendencia-para-2026-chegou-e-esta-agradando-todas-as-mulheres\/","og_site_name":"Estado de Minas - Em foco","article_published_time":"2026-01-14T22:25:00+00:00","article_modified_time":"2026-01-13T22:58:07+00:00","og_image":[{"width":1280,"height":720,"url":"https:\/\/www.em.com.br\/emfoco\/wp-content\/uploads\/2026\/01\/ChatGPT-Image-13-de-jan.-de-2026-13_44_59-1.png","type":"image\/png"}],"author":"Andre\u0301 Rangel\u00a0","twitter_card":"summary_large_image","twitter_misc":{"Escrito por":"Andre\u0301 Rangel\u00a0","Est. tempo de leitura":"5 minutos"},"schema":{"@context":"https:\/\/schema.org","@graph":[{"@type":"WebPage","@id":"https:\/\/www.em.com.br\/emfoco\/2026\/01\/14\/adeus-estampa-de-oncinha-a-nova-tendencia-para-2026-chegou-e-esta-agradando-todas-as-mulheres\/","url":"https:\/\/www.em.com.br\/emfoco\/2026\/01\/14\/adeus-estampa-de-oncinha-a-nova-tendencia-para-2026-chegou-e-esta-agradando-todas-as-mulheres\/","name":"Adeus estampa de oncinha: a nova tend\u00eancia para 2026 chegou e est\u00e1 agradando todas as mulheres - Estado de Minas - Em foco","isPartOf":{"@id":"https:\/\/www.em.com.br\/emfoco\/#website"},"primaryImageOfPage":{"@id":"https:\/\/www.em.com.br\/emfoco\/2026\/01\/14\/adeus-estampa-de-oncinha-a-nova-tendencia-para-2026-chegou-e-esta-agradando-todas-as-mulheres\/#primaryimage"},"image":{"@id":"https:\/\/www.em.com.br\/emfoco\/2026\/01\/14\/adeus-estampa-de-oncinha-a-nova-tendencia-para-2026-chegou-e-esta-agradando-todas-as-mulheres\/#primaryimage"},"thumbnailUrl":"https:\/\/www.em.com.br\/emfoco\/wp-content\/uploads\/2026\/01\/ChatGPT-Image-13-de-jan.-de-2026-13_44_59-1.png","datePublished":"2026-01-14T22:25:00+00:00","dateModified":"2026-01-13T22:58:07+00:00","author":{"@id":"https:\/\/www.em.com.br\/emfoco\/#\/schema\/person\/60eda09c1fedf0d6891f4cef4b60b8b8"},"description":"A estampa de cervo surge como microtend\u00eancia para 2026. Entenda o bambicore, como usar a deer print e combinar no dia a dia.","breadcrumb":{"@id":"https:\/\/www.em.com.br\/emfoco\/2026\/01\/14\/adeus-estampa-de-oncinha-a-nova-tendencia-para-2026-chegou-e-esta-agradando-todas-as-mulheres\/#breadcrumb"},"inLanguage":"pt-BR","potentialAction":[{"@type":"ReadAction","target":["https:\/\/www.em.com.br\/emfoco\/2026\/01\/14\/adeus-estampa-de-oncinha-a-nova-tendencia-para-2026-chegou-e-esta-agradando-todas-as-mulheres\/"]}]},{"@type":"ImageObject","inLanguage":"pt-BR","@id":"https:\/\/www.em.com.br\/emfoco\/2026\/01\/14\/adeus-estampa-de-oncinha-a-nova-tendencia-para-2026-chegou-e-esta-agradando-todas-as-mulheres\/#primaryimage","url":"https:\/\/www.em.com.br\/emfoco\/wp-content\/uploads\/2026\/01\/ChatGPT-Image-13-de-jan.-de-2026-13_44_59-1.png","contentUrl":"https:\/\/www.em.com.br\/emfoco\/wp-content\/uploads\/2026\/01\/ChatGPT-Image-13-de-jan.-de-2026-13_44_59-1.png","width":1280,"height":720,"caption":"O detalhe fashion que pode definir a moda de 2026"},{"@type":"BreadcrumbList","@id":"https:\/\/www.em.com.br\/emfoco\/2026\/01\/14\/adeus-estampa-de-oncinha-a-nova-tendencia-para-2026-chegou-e-esta-agradando-todas-as-mulheres\/#breadcrumb","itemListElement":[{"@type":"ListItem","position":1,"name":"In\u00edcio","item":"https:\/\/www.em.com.br\/emfoco\/"},{"@type":"ListItem","position":2,"name":"Adeus estampa de oncinha: a nova tend\u00eancia para 2026 chegou e est\u00e1 agradando todas as mulheres"}]},{"@type":"WebSite","@id":"https:\/\/www.em.com.br\/emfoco\/#website","url":"https:\/\/www.em.com.br\/emfoco\/","name":"Estado de Minas - Em foco","description":"Acompanhe as \u00faltimas not\u00edcias e fique bem informado sobre tudo o que acontece em Minas Gerais, Brasil e no mundo.","potentialAction":[{"@type":"SearchAction","target":{"@type":"EntryPoint","urlTemplate":"https:\/\/www.em.com.br\/emfoco\/?s={search_term_string}"},"query-input":{"@type":"PropertyValueSpecification","valueRequired":true,"valueName":"search_term_string"}}],"inLanguage":"pt-BR"},{"@type":"Person","@id":"https:\/\/www.em.com.br\/emfoco\/#\/schema\/person\/60eda09c1fedf0d6891f4cef4b60b8b8","name":"Andre\u0301 Rangel\u00a0","image":{"@type":"ImageObject","inLanguage":"pt-BR","@id":"https:\/\/www.em.com.br\/emfoco\/#\/schema\/person\/image\/","url":"https:\/\/secure.gravatar.com\/avatar\/6234dc814c77c8ef6d8bba622c787efc?s=96&d=mm&r=g","contentUrl":"https:\/\/secure.gravatar.com\/avatar\/6234dc814c77c8ef6d8bba622c787efc?s=96&d=mm&r=g","caption":"Andre\u0301 Rangel\u00a0"},"url":"https:\/\/www.em.com.br\/emfoco\/author\/luizmyth\/"}]}},"_links":{"self":[{"href":"https:\/\/www.em.com.br\/emfoco\/wp-json\/wp\/v2\/posts\/154373","targetHints":{"allow":["GET"]}}],"collection":[{"href":"https:\/\/www.em.com.br\/emfoco\/wp-json\/wp\/v2\/posts"}],"about":[{"href":"https:\/\/www.em.com.br\/emfoco\/wp-json\/wp\/v2\/types\/post"}],"author":[{"embeddable":true,"href":"https:\/\/www.em.com.br\/emfoco\/wp-json\/wp\/v2\/users\/11"}],"replies":[{"embeddable":true,"href":"https:\/\/www.em.com.br\/emfoco\/wp-json\/wp\/v2\/comments?post=154373"}],"version-history":[{"count":3,"href":"https:\/\/www.em.com.br\/emfoco\/wp-json\/wp\/v2\/posts\/154373\/revisions"}],"predecessor-version":[{"id":154436,"href":"https:\/\/www.em.com.br\/emfoco\/wp-json\/wp\/v2\/posts\/154373\/revisions\/154436"}],"wp:featuredmedia":[{"embeddable":true,"href":"https:\/\/www.em.com.br\/emfoco\/wp-json\/wp\/v2\/media\/154420"}],"wp:attachment":[{"href":"https:\/\/www.em.com.br\/emfoco\/wp-json\/wp\/v2\/media?parent=154373"}],"wp:term":[{"taxonomy":"category","embeddable":true,"href":"https:\/\/www.em.com.br\/emfoco\/wp-json\/wp\/v2\/categories?post=154373"},{"taxonomy":"post_tag","embeddable":true,"href":"https:\/\/www.em.com.br\/emfoco\/wp-json\/wp\/v2\/tags?post=154373"}],"curies":[{"name":"wp","href":"https:\/\/api.w.org\/{rel}","templated":true}]}}