{"id":154356,"date":"2026-01-14T20:35:00","date_gmt":"2026-01-14T23:35:00","guid":{"rendered":"https:\/\/www.em.com.br\/emfoco\/?p=154356"},"modified":"2026-01-13T12:35:08","modified_gmt":"2026-01-13T15:35:08","slug":"rotina-de-cuidado-com-a-pele-depois-dos-30-que-funcionam-de-verdade-sem-enrolacao","status":"publish","type":"post","link":"https:\/\/www.em.com.br\/emfoco\/2026\/01\/14\/rotina-de-cuidado-com-a-pele-depois-dos-30-que-funcionam-de-verdade-sem-enrolacao\/","title":{"rendered":"Rotina de cuidado com a pele depois dos 30 que funcionam de verdade sem enrola\u00e7\u00e3o"},"content":{"rendered":"\n<p>Em meio \u00e0 grande variedade de produtos dispon\u00edveis nas prateleiras, a organiza\u00e7\u00e3o de uma <strong>rotina de skincare aos 30 e 40 anos<\/strong> passa a ser menos sobre modismos e mais sobre estrat\u00e9gia, priorizando a sa\u00fade da barreira cut\u00e2nea, a preven\u00e7\u00e3o de irrita\u00e7\u00f5es desnecess\u00e1rias e a constru\u00e7\u00e3o de um plano de cuidado consistente e realista para a vida adulta.<\/p>\n\n\n\n<h2 class=\"wp-block-heading\">O que realmente muda na pele aos 30 e 40 anos<\/h2>\n\n\n\n<p>A partir dos 30 anos, a produ\u00e7\u00e3o de col\u00e1geno e elastina diminui gradualmente, interferindo na firmeza, textura e luminosidade natural da pele. Com o passar do tempo, \u00e9 comum notar linhas finas, \u00e1reas ressecadas, tend\u00eancia a manchas escuras, melasma e hiperpigmenta\u00e7\u00e3o. No v\u00eddeo do <strong>@<a href=\"https:\/\/www.youtube.com\/@shereeneidriss\" target=\"_blank\" rel=\"noreferrer noopener\">Dr. Shereene Idriss<\/a><\/strong>, voc\u00ea v\u00ea como estruturar uma rotina de skincare ap\u00f3s os 30 para manter a pele saud\u00e1vel e radiante.<\/p>\n\n\n\n<iframe loading=\"lazy\" width=\"1013\" height=\"570\" src=\"https:\/\/www.youtube.com\/embed\/YdkzdHlXO5w\" title=\"Collagen Boosting Skincare Routine For 30s &amp; 40s: A Weekly Breakdown | Dr. Shereene Idriss\" frameborder=\"0\" allow=\"accelerometer; autoplay; clipboard-write; encrypted-media; gyroscope; picture-in-picture; web-share\" referrerpolicy=\"strict-origin-when-cross-origin\" allowfullscreen><\/iframe>\n\n\n\n<p>Nessa fase, muitas pessoas percebem mudan\u00e7a no tipo de pele, como focos de oleosidade na zona T em peles antes secas, criando um perfil misto. Por isso, a rotina costuma priorizar est\u00edmulo de col\u00e1geno, renova\u00e7\u00e3o celular e uniformiza\u00e7\u00e3o do tom, sempre protegendo a barreira cut\u00e2nea com boa hidrata\u00e7\u00e3o.<\/p>\n\n\n\n<h2 class=\"wp-block-heading\">Quais s\u00e3o os principais pilares da rotina de skincare aos 30 e 40 anos<\/h2>\n\n\n\n<p>Um jeito pr\u00e1tico de organizar a rotina \u00e9 dividir o foco em tr\u00eas ativos principais: um <strong>s\u00e9rum direcionado<\/strong> para a principal queixa, um <strong>\u00e1cido esfoliante<\/strong> e um <strong>retinoide<\/strong>. Em geral, cada um cumpre uma fun\u00e7\u00e3o espec\u00edfica e n\u00e3o precisa ser usado todas as noites ao mesmo tempo.<\/p>\n\n\n\n<p>A altern\u00e2ncia entre esses ativos reduz a sobrecarga na pele e diminui o risco de irrita\u00e7\u00e3o, transformando a rotina em um plano semanal estruturado. Dessa forma, o cuidado deixa de ser um ac\u00famulo de passos aleat\u00f3rios e passa a seguir uma l\u00f3gica voltada \u00e0 longevidade e \u00e0 toler\u00e2ncia da pele.<\/p>\n\n\n\n<ul class=\"wp-block-list\">\n<li><strong>S\u00e9rum direcionado:<\/strong> pode atuar em manchas, textura irregular, poros aparentes ou sinais de envelhecimento, com ativos como niacinamida, \u00e1cido tranex\u00e2mico ou derivados de vitamina C.<\/li>\n\n\n\n<li><strong>\u00c1cido esfoliante:<\/strong> promove renova\u00e7\u00e3o celular suave, melhora o toque da pele e ajuda a desobstruir poros, devendo ser usado em noites alternadas e longe de \u00e1reas muito sens\u00edveis.<\/li>\n\n\n\n<li><strong>Retinoide:<\/strong> estimula col\u00e1geno e suaviza linhas finas, podendo ser em vers\u00f5es de prescri\u00e7\u00e3o ou cosm\u00e9ticas, sempre respeitando a adapta\u00e7\u00e3o e a sensibilidade da pele.<\/li>\n<\/ul>\n\n\n\n<p>Leia mais: <a href=\"https:\/\/www.em.com.br\/saude\/2026\/01\/7331922-mulheres-tem-carga-genetica-mais-alta-para-depressao-conclui-pesquisa.html\" target=\"_blank\" rel=\"noreferrer noopener\">Mulheres t\u00eam carga gen\u00e9tica mais alta para depress\u00e3o, conclui pesquisa<\/a><\/p>\n\n\n\n<h2 class=\"wp-block-heading\">Como montar uma rotina semanal de skincare aos 30 e 40 anos<\/h2>\n\n\n<div class=\"wp-block-image\">\n<figure class=\"aligncenter size-large\"><img loading=\"lazy\" decoding=\"async\" width=\"1024\" height=\"576\" src=\"https:\/\/www.em.com.br\/emfoco\/wp-content\/uploads\/2026\/01\/skincare-pele-madura_1768318392359-1024x576.jpg\" alt=\"\" class=\"wp-image-154381\" srcset=\"https:\/\/www.em.com.br\/emfoco\/wp-content\/uploads\/2026\/01\/skincare-pele-madura_1768318392359-1024x576.jpg 1024w, https:\/\/www.em.com.br\/emfoco\/wp-content\/uploads\/2026\/01\/skincare-pele-madura_1768318392359-300x169.jpg 300w, https:\/\/www.em.com.br\/emfoco\/wp-content\/uploads\/2026\/01\/skincare-pele-madura_1768318392359-768x432.jpg 768w, https:\/\/www.em.com.br\/emfoco\/wp-content\/uploads\/2026\/01\/skincare-pele-madura_1768318392359-750x422.jpg 750w, https:\/\/www.em.com.br\/emfoco\/wp-content\/uploads\/2026\/01\/skincare-pele-madura_1768318392359-1140x641.jpg 1140w, https:\/\/www.em.com.br\/emfoco\/wp-content\/uploads\/2026\/01\/skincare-pele-madura_1768318392359.jpg 1280w\" sizes=\"auto, (max-width: 1024px) 100vw, 1024px\" \/><figcaption class=\"wp-element-caption\">Skincare estrat\u00e9gico para 30 e 40 anos &#8211; Cr\u00e9ditos: depositphotos.com \/ Milkos<\/figcaption><\/figure><\/div>\n\n\n<p>Uma forma pr\u00e1tica de estruturar o cuidado noturno \u00e9 alternar entre noites de \u00e1cido esfoliante e noites de retinoide, sempre com hidrata\u00e7\u00e3o consistente e protetor solar di\u00e1rio pela manh\u00e3. A frequ\u00eancia varia conforme sensibilidade, clima e uso de medicamentos, e deve ser ajustada progressivamente.<\/p>\n\n\n\n<p>Em geral, organiza-se uma esp\u00e9cie de \u201cescala semanal\u201d, com algumas noites dedicadas \u00e0 esfolia\u00e7\u00e3o qu\u00edmica suave e outras ao retinoide. O s\u00e9rum principal costuma se manter como etapa fixa, desde que n\u00e3o gere irrita\u00e7\u00e3o em conjunto com os outros ativos.<\/p>\n\n\n\n<ol class=\"wp-block-list\">\n<li><strong>Noites de esfolia\u00e7\u00e3o qu\u00edmica (2 a 4 vezes na semana)<\/strong> ajudam a remover c\u00e9lulas mortas, suavizar textura e preparar a pele para receber melhor outros ativos. Geralmente, a ordem b\u00e1sica \u00e9:\n<ul class=\"wp-block-list\">\n<li>Limpeza suave;<\/li>\n\n\n\n<li>S\u00e9rum direcionado para a principal queixa (por exemplo, manchas);<\/li>\n\n\n\n<li>\u00c1cido esfoliante, evitando \u00e1reas sens\u00edveis;<\/li>\n\n\n\n<li>Hidratante reparador.<\/li>\n<\/ul>\n<\/li>\n\n\n\n<li><strong>Noites de retinoide (2 a 4 vezes na semana)<\/strong> podem ser organizadas priorizando a toler\u00e2ncia, especialmente em peles sens\u00edveis. Nesses casos, muitas vezes o retinoide \u00e9 aplicado sobre uma camada de hidratante, como uma esp\u00e9cie de \u201calmofada\u201d para reduzir a ard\u00eancia:\n<ul class=\"wp-block-list\">\n<li>Limpeza;<\/li>\n\n\n\n<li>S\u00e9rum para manchas ou outro foco principal;<\/li>\n\n\n\n<li>Hidratante;<\/li>\n\n\n\n<li>Retinoide (em algumas rotinas, o retinoide vem antes do hidratante; em peles reativas, pode entrar depois).<\/li>\n<\/ul>\n<\/li>\n<\/ol>\n\n\n\n<p>Leia mais: <a href=\"https:\/\/www.em.com.br\/saude\/2026\/01\/7329881-cerveja-faz-mal-para-o-coracao-a-verdade-por-tras-da-bebida.html\" target=\"_blank\" rel=\"noreferrer noopener\">Cerveja faz mal para o cora\u00e7\u00e3o? A verdade por tr\u00e1s da bebida<\/a><\/p>\n\n\n\n<h2 class=\"wp-block-heading\">Qual \u00e9 o papel da hidrata\u00e7\u00e3o, das \u00e1reas sens\u00edveis e do estilo de vida na rotina<\/h2>\n\n\n\n<p>A hidrata\u00e7\u00e3o atua como eixo central de qualquer rotina voltada \u00e0 longevidade da pele, principalmente quando h\u00e1 uso de \u00e1cidos e retinoides. Cremes calmantes e f\u00f3rmulas com ceramidas, glicerina ou \u00e1cido hialur\u00f4nico ajudam a manter a barreira \u00edntegra, podendo ser intensificados em per\u00edodos de frio, baixa umidade ou maior sensibilidade.<\/p>\n\n\n\n<p>Regi\u00f5es como \u00e1rea dos olhos, l\u00e1bios, laterais do nariz e pesco\u00e7o tendem a reagir mais a ativos potentes, exigindo produtos espec\u00edficos ou camadas extras de hidratante. Al\u00e9m disso, sono adequado, manejo do estresse, alimenta\u00e7\u00e3o equilibrada e observa\u00e7\u00e3o di\u00e1ria de sinais como vermelhid\u00e3o, ard\u00eancia ou descama\u00e7\u00e3o intensa orientam ajustes na frequ\u00eancia dos ativos e simplifica\u00e7\u00f5es tempor\u00e1rias da rotina.<\/p>\n","protected":false},"excerpt":{"rendered":"<p>Em meio \u00e0 grande variedade de produtos dispon\u00edveis nas prateleiras, a organiza\u00e7\u00e3o de uma rotina de skincare aos 30 e 40 anos passa a ser menos sobre modismos e mais sobre estrat\u00e9gia, priorizando a sa\u00fade da barreira cut\u00e2nea, a preven\u00e7\u00e3o de irrita\u00e7\u00f5es desnecess\u00e1rias e a constru\u00e7\u00e3o de um plano de cuidado consistente e realista para [&hellip;]<\/p>\n","protected":false},"author":20,"featured_media":154382,"comment_status":"open","ping_status":"open","sticky":false,"template":"","format":"standard","meta":{"jnews-multi-image_gallery":[],"jnews_single_post":{"format":"standard"},"jnews_primary_category":[],"jnews_social_meta":[],"jnews_override_counter":[],"footnotes":""},"categories":[8819,1],"tags":[2597,7073,4216,4948],"class_list":["post-154356","post","type-post","status-publish","format-standard","has-post-thumbnail","hentry","category-curiosidades","category-noticias","tag-longevidade","tag-pele-madura","tag-rotina","tag-skincare"],"yoast_head":"<!-- This site is optimized with the Yoast SEO plugin v23.8 - https:\/\/yoast.com\/wordpress\/plugins\/seo\/ -->\n<title>Rotina de cuidado com a pele depois dos 30 que funcionam de verdade sem enrola\u00e7\u00e3o - Estado de Minas - Em foco<\/title>\n<meta name=\"description\" content=\"Aprenda a organizar sua rotina de skincare dos 30 aos 40 com foco em col\u00e1geno, hidrata\u00e7\u00e3o e ativos certos para manter a pele firme e uniforme.\" \/>\n<meta name=\"robots\" content=\"index, follow, max-snippet:-1, max-image-preview:large, max-video-preview:-1\" \/>\n<link rel=\"canonical\" href=\"https:\/\/www.em.com.br\/emfoco\/2026\/01\/14\/rotina-de-cuidado-com-a-pele-depois-dos-30-que-funcionam-de-verdade-sem-enrolacao\/\" \/>\n<meta property=\"og:locale\" content=\"pt_BR\" \/>\n<meta property=\"og:type\" content=\"article\" \/>\n<meta property=\"og:title\" content=\"Rotina de cuidado com a pele depois dos 30 que funcionam de verdade sem enrola\u00e7\u00e3o - Estado de Minas - Em foco\" \/>\n<meta property=\"og:description\" content=\"Aprenda a organizar sua rotina de skincare dos 30 aos 40 com foco em col\u00e1geno, hidrata\u00e7\u00e3o e ativos certos para manter a pele firme e uniforme.\" \/>\n<meta property=\"og:url\" content=\"https:\/\/www.em.com.br\/emfoco\/2026\/01\/14\/rotina-de-cuidado-com-a-pele-depois-dos-30-que-funcionam-de-verdade-sem-enrolacao\/\" \/>\n<meta property=\"og:site_name\" content=\"Estado de Minas - Em foco\" \/>\n<meta property=\"article:published_time\" content=\"2026-01-14T23:35:00+00:00\" \/>\n<meta property=\"article:modified_time\" content=\"2026-01-13T15:35:08+00:00\" \/>\n<meta property=\"og:image\" content=\"https:\/\/www.em.com.br\/emfoco\/wp-content\/uploads\/2026\/01\/skincare-pele-madura_1768318380698.jpg\" \/>\n\t<meta property=\"og:image:width\" content=\"1280\" \/>\n\t<meta property=\"og:image:height\" content=\"720\" \/>\n\t<meta property=\"og:image:type\" content=\"image\/jpeg\" \/>\n<meta name=\"author\" content=\"Ingrid Diniz\" \/>\n<meta name=\"twitter:card\" content=\"summary_large_image\" \/>\n<meta name=\"twitter:label1\" content=\"Escrito por\" \/>\n\t<meta name=\"twitter:data1\" content=\"Ingrid Diniz\" \/>\n\t<meta name=\"twitter:label2\" content=\"Est. tempo de leitura\" \/>\n\t<meta name=\"twitter:data2\" content=\"5 minutos\" \/>\n<!-- \/ Yoast SEO plugin. -->","yoast_head_json":{"title":"Rotina de cuidado com a pele depois dos 30 que funcionam de verdade sem enrola\u00e7\u00e3o - Estado de Minas - Em foco","description":"Aprenda a organizar sua rotina de skincare dos 30 aos 40 com foco em col\u00e1geno, hidrata\u00e7\u00e3o e ativos certos para manter a pele firme e uniforme.","robots":{"index":"index","follow":"follow","max-snippet":"max-snippet:-1","max-image-preview":"max-image-preview:large","max-video-preview":"max-video-preview:-1"},"canonical":"https:\/\/www.em.com.br\/emfoco\/2026\/01\/14\/rotina-de-cuidado-com-a-pele-depois-dos-30-que-funcionam-de-verdade-sem-enrolacao\/","og_locale":"pt_BR","og_type":"article","og_title":"Rotina de cuidado com a pele depois dos 30 que funcionam de verdade sem enrola\u00e7\u00e3o - Estado de Minas - Em foco","og_description":"Aprenda a organizar sua rotina de skincare dos 30 aos 40 com foco em col\u00e1geno, hidrata\u00e7\u00e3o e ativos certos para manter a pele firme e uniforme.","og_url":"https:\/\/www.em.com.br\/emfoco\/2026\/01\/14\/rotina-de-cuidado-com-a-pele-depois-dos-30-que-funcionam-de-verdade-sem-enrolacao\/","og_site_name":"Estado de Minas - Em foco","article_published_time":"2026-01-14T23:35:00+00:00","article_modified_time":"2026-01-13T15:35:08+00:00","og_image":[{"width":1280,"height":720,"url":"https:\/\/www.em.com.br\/emfoco\/wp-content\/uploads\/2026\/01\/skincare-pele-madura_1768318380698.jpg","type":"image\/jpeg"}],"author":"Ingrid Diniz","twitter_card":"summary_large_image","twitter_misc":{"Escrito por":"Ingrid Diniz","Est. tempo de leitura":"5 minutos"},"schema":{"@context":"https:\/\/schema.org","@graph":[{"@type":"WebPage","@id":"https:\/\/www.em.com.br\/emfoco\/2026\/01\/14\/rotina-de-cuidado-com-a-pele-depois-dos-30-que-funcionam-de-verdade-sem-enrolacao\/","url":"https:\/\/www.em.com.br\/emfoco\/2026\/01\/14\/rotina-de-cuidado-com-a-pele-depois-dos-30-que-funcionam-de-verdade-sem-enrolacao\/","name":"Rotina de cuidado com a pele depois dos 30 que funcionam de verdade sem enrola\u00e7\u00e3o - Estado de Minas - Em foco","isPartOf":{"@id":"https:\/\/www.em.com.br\/emfoco\/#website"},"primaryImageOfPage":{"@id":"https:\/\/www.em.com.br\/emfoco\/2026\/01\/14\/rotina-de-cuidado-com-a-pele-depois-dos-30-que-funcionam-de-verdade-sem-enrolacao\/#primaryimage"},"image":{"@id":"https:\/\/www.em.com.br\/emfoco\/2026\/01\/14\/rotina-de-cuidado-com-a-pele-depois-dos-30-que-funcionam-de-verdade-sem-enrolacao\/#primaryimage"},"thumbnailUrl":"https:\/\/www.em.com.br\/emfoco\/wp-content\/uploads\/2026\/01\/skincare-pele-madura_1768318380698.jpg","datePublished":"2026-01-14T23:35:00+00:00","dateModified":"2026-01-13T15:35:08+00:00","author":{"@id":"https:\/\/www.em.com.br\/emfoco\/#\/schema\/person\/649e610b4eb8fff87ff394e54fe17b2b"},"description":"Aprenda a organizar sua rotina de skincare dos 30 aos 40 com foco em col\u00e1geno, hidrata\u00e7\u00e3o e ativos certos para manter a pele firme e uniforme.","breadcrumb":{"@id":"https:\/\/www.em.com.br\/emfoco\/2026\/01\/14\/rotina-de-cuidado-com-a-pele-depois-dos-30-que-funcionam-de-verdade-sem-enrolacao\/#breadcrumb"},"inLanguage":"pt-BR","potentialAction":[{"@type":"ReadAction","target":["https:\/\/www.em.com.br\/emfoco\/2026\/01\/14\/rotina-de-cuidado-com-a-pele-depois-dos-30-que-funcionam-de-verdade-sem-enrolacao\/"]}]},{"@type":"ImageObject","inLanguage":"pt-BR","@id":"https:\/\/www.em.com.br\/emfoco\/2026\/01\/14\/rotina-de-cuidado-com-a-pele-depois-dos-30-que-funcionam-de-verdade-sem-enrolacao\/#primaryimage","url":"https:\/\/www.em.com.br\/emfoco\/wp-content\/uploads\/2026\/01\/skincare-pele-madura_1768318380698.jpg","contentUrl":"https:\/\/www.em.com.br\/emfoco\/wp-content\/uploads\/2026\/01\/skincare-pele-madura_1768318380698.jpg","width":1280,"height":720,"caption":"Como plantas ajudam na produ\u00e7\u00e3o de col\u00e1geno ap\u00f3s os 50 anos - Cr\u00e9ditos: depositphotos.com \/ brizmaker"},{"@type":"BreadcrumbList","@id":"https:\/\/www.em.com.br\/emfoco\/2026\/01\/14\/rotina-de-cuidado-com-a-pele-depois-dos-30-que-funcionam-de-verdade-sem-enrolacao\/#breadcrumb","itemListElement":[{"@type":"ListItem","position":1,"name":"In\u00edcio","item":"https:\/\/www.em.com.br\/emfoco\/"},{"@type":"ListItem","position":2,"name":"Rotina de cuidado com a pele depois dos 30 que funcionam de verdade sem enrola\u00e7\u00e3o"}]},{"@type":"WebSite","@id":"https:\/\/www.em.com.br\/emfoco\/#website","url":"https:\/\/www.em.com.br\/emfoco\/","name":"Estado de Minas - Em foco","description":"Acompanhe as \u00faltimas not\u00edcias e fique bem informado sobre tudo o que acontece em Minas Gerais, Brasil e no mundo.","potentialAction":[{"@type":"SearchAction","target":{"@type":"EntryPoint","urlTemplate":"https:\/\/www.em.com.br\/emfoco\/?s={search_term_string}"},"query-input":{"@type":"PropertyValueSpecification","valueRequired":true,"valueName":"search_term_string"}}],"inLanguage":"pt-BR"},{"@type":"Person","@id":"https:\/\/www.em.com.br\/emfoco\/#\/schema\/person\/649e610b4eb8fff87ff394e54fe17b2b","name":"Ingrid Diniz","image":{"@type":"ImageObject","inLanguage":"pt-BR","@id":"https:\/\/www.em.com.br\/emfoco\/#\/schema\/person\/image\/","url":"https:\/\/secure.gravatar.com\/avatar\/a3baa1449ec5c39b4c42babc9d4f3951?s=96&d=mm&r=g","contentUrl":"https:\/\/secure.gravatar.com\/avatar\/a3baa1449ec5c39b4c42babc9d4f3951?s=96&d=mm&r=g","caption":"Ingrid Diniz"},"sameAs":["https:\/\/www.em.com.br\/"],"url":"https:\/\/www.em.com.br\/emfoco\/author\/ingridmyth\/"}]}},"_links":{"self":[{"href":"https:\/\/www.em.com.br\/emfoco\/wp-json\/wp\/v2\/posts\/154356","targetHints":{"allow":["GET"]}}],"collection":[{"href":"https:\/\/www.em.com.br\/emfoco\/wp-json\/wp\/v2\/posts"}],"about":[{"href":"https:\/\/www.em.com.br\/emfoco\/wp-json\/wp\/v2\/types\/post"}],"author":[{"embeddable":true,"href":"https:\/\/www.em.com.br\/emfoco\/wp-json\/wp\/v2\/users\/20"}],"replies":[{"embeddable":true,"href":"https:\/\/www.em.com.br\/emfoco\/wp-json\/wp\/v2\/comments?post=154356"}],"version-history":[{"count":1,"href":"https:\/\/www.em.com.br\/emfoco\/wp-json\/wp\/v2\/posts\/154356\/revisions"}],"predecessor-version":[{"id":154385,"href":"https:\/\/www.em.com.br\/emfoco\/wp-json\/wp\/v2\/posts\/154356\/revisions\/154385"}],"wp:featuredmedia":[{"embeddable":true,"href":"https:\/\/www.em.com.br\/emfoco\/wp-json\/wp\/v2\/media\/154382"}],"wp:attachment":[{"href":"https:\/\/www.em.com.br\/emfoco\/wp-json\/wp\/v2\/media?parent=154356"}],"wp:term":[{"taxonomy":"category","embeddable":true,"href":"https:\/\/www.em.com.br\/emfoco\/wp-json\/wp\/v2\/categories?post=154356"},{"taxonomy":"post_tag","embeddable":true,"href":"https:\/\/www.em.com.br\/emfoco\/wp-json\/wp\/v2\/tags?post=154356"}],"curies":[{"name":"wp","href":"https:\/\/api.w.org\/{rel}","templated":true}]}}