{"id":154328,"date":"2026-01-14T16:05:00","date_gmt":"2026-01-14T19:05:00","guid":{"rendered":"https:\/\/www.em.com.br\/emfoco\/?p=154328"},"modified":"2026-01-13T19:56:51","modified_gmt":"2026-01-13T22:56:51","slug":"voce-nasceu-nos-anos-80-ou-90-veja-o-que-a-psicologia-diz-sobre-o-seu-futuro","status":"publish","type":"post","link":"https:\/\/www.em.com.br\/emfoco\/2026\/01\/14\/voce-nasceu-nos-anos-80-ou-90-veja-o-que-a-psicologia-diz-sobre-o-seu-futuro\/","title":{"rendered":"Voc\u00ea nasceu nos anos 80 ou 90? Veja o que a psicologia diz sobre o seu futuro"},"content":{"rendered":"\n<p>Quem nasceu entre o fim dos anos 80 e a metade dos anos 90 costuma ser classificado como parte da&nbsp;<strong>gera\u00e7\u00e3o Y<\/strong>, ou&nbsp;<strong>millennials<\/strong>, um grupo que cresceu no meio de mudan\u00e7as intensas: da TV aberta \u00e0 internet banda larga, do telefone fixo ao smartphone e de um mercado de trabalho est\u00e1vel a outro marcado pela instabilidade, o que ajuda a explicar comportamentos, expectativas e desafios que impactam diretamente sua sa\u00fade mental, rela\u00e7\u00f5es e projetos de vida.<\/p>\n\n\n\n<h2 class=\"wp-block-heading\">Quais s\u00e3o as principais caracter\u00edsticas psicol\u00f3gicas da gera\u00e7\u00e3o millennial<\/h2>\n\n\n\n<p>Especialistas apontam que a<a href=\"https:\/\/www.significados.com.br\/geracao-y\/\" target=\"_blank\" rel=\"noreferrer noopener\">&nbsp;<strong>gera\u00e7\u00e3o millennial<\/strong>&nbsp;<\/a>desenvolveu uma grande capacidade de adapta\u00e7\u00e3o, ap\u00f3s atravessar transforma\u00e7\u00f5es econ\u00f4micas, de consumo e de digitaliza\u00e7\u00e3o da rotina. Mudan\u00e7as de carreira, estilo de vida ou cidade costumam ser vistas como possibilidades concretas, e n\u00e3o apenas como sinal de fracasso pessoal.<\/p>\n\n\n\n<p>Outro tra\u00e7o marcante \u00e9 a&nbsp;<strong>busca de sentido<\/strong>: muitos priorizam trabalhos alinhados a valores, prop\u00f3sito e bem-estar emocional, com maior abertura para falar de&nbsp;<strong><a href=\"https:\/\/www.em.com.br\/emfoco\/2026\/01\/11\/a-lei-agora-protege-a-saude-mental-do-trabalhador-e-pode-garantir-ate-indenizacao-em-caso-de-burnout\/\" target=\"_blank\" rel=\"noreferrer noopener\">sa\u00fade mental<\/a><\/strong>, procurar psicoterapia e questionar padr\u00f5es familiares. Ao mesmo tempo, a autoexig\u00eancia e a compara\u00e7\u00e3o constante, amplificadas pelas redes sociais, aumentam a sensa\u00e7\u00e3o de insufici\u00eancia e o risco de ansiedade e burnout.<\/p>\n\n\n\n<figure class=\"wp-block-image size-large\"><img loading=\"lazy\" decoding=\"async\" width=\"1024\" height=\"576\" src=\"https:\/\/www.em.com.br\/emfoco\/wp-content\/uploads\/2026\/01\/Gemini_Generated_Image_woljewwoljewwolj-1-1024x576.png\" alt=\"Gera\u00e7\u00e3o millennial enfrenta desafios \u00fanicos na vida adulta\" class=\"wp-image-154368\" srcset=\"https:\/\/www.em.com.br\/emfoco\/wp-content\/uploads\/2026\/01\/Gemini_Generated_Image_woljewwoljewwolj-1-1024x576.png 1024w, https:\/\/www.em.com.br\/emfoco\/wp-content\/uploads\/2026\/01\/Gemini_Generated_Image_woljewwoljewwolj-1-300x169.png 300w, https:\/\/www.em.com.br\/emfoco\/wp-content\/uploads\/2026\/01\/Gemini_Generated_Image_woljewwoljewwolj-1-768x432.png 768w, https:\/\/www.em.com.br\/emfoco\/wp-content\/uploads\/2026\/01\/Gemini_Generated_Image_woljewwoljewwolj-1-750x422.png 750w, https:\/\/www.em.com.br\/emfoco\/wp-content\/uploads\/2026\/01\/Gemini_Generated_Image_woljewwoljewwolj-1-1140x641.png 1140w, https:\/\/www.em.com.br\/emfoco\/wp-content\/uploads\/2026\/01\/Gemini_Generated_Image_woljewwoljewwolj-1.png 1280w\" sizes=\"auto, (max-width: 1024px) 100vw, 1024px\" \/><figcaption class=\"wp-element-caption\">Gera\u00e7\u00e3o millennial enfrenta desafios \u00fanicos na vida adulta<\/figcaption><\/figure>\n\n\n\n<h2 class=\"wp-block-heading\">Como os millennials tendem a viver trabalho e relacionamentos no futuro<\/h2>\n\n\n\n<p>Quando se fala em&nbsp;<strong>futuro dos millennials<\/strong>, muitas an\u00e1lises apontam para trajet\u00f3rias profissionais mais fluidas, com altern\u00e2ncia entre empregos, projetos aut\u00f4nomos, p\u00f3s-gradua\u00e7\u00f5es, trabalhos remotos e empreendimentos pr\u00f3prios. Isso pode gerar maior satisfa\u00e7\u00e3o pessoal, mas tamb\u00e9m incerteza financeira e press\u00e3o por atualiza\u00e7\u00e3o cont\u00ednua.<\/p>\n\n\n\n<p>Nos relacionamentos, ganha for\u00e7a a busca por&nbsp;<strong>v\u00ednculos mais conscientes<\/strong>, com comunica\u00e7\u00e3o emocional, respeito a limites e divis\u00e3o de responsabilidades. Abertura para terapias de casal, conversas sobre sa\u00fade mental e modelos de parentalidade mais afetivos cresce, enquanto a instabilidade econ\u00f4mica impacta decis\u00f5es sobre ter filhos, casar e construir patrim\u00f4nio.<\/p>\n\n\n\n<h2 class=\"wp-block-heading\">Os millennials realmente enfrentam condi\u00e7\u00f5es piores que outras gera\u00e7\u00f5es<\/h2>\n\n\n\n<p>An\u00e1lises sobre a&nbsp;<strong>gera\u00e7\u00e3o Y<\/strong>&nbsp;comparam esse grupo a gera\u00e7\u00f5es anteriores em renda, moradia e sa\u00fade mental, revelando desafios objetivos para alcan\u00e7ar&nbsp;<strong>estabilidade financeira<\/strong>, sobretudo em grandes centros urbanos. Pre\u00e7os de im\u00f3veis, custo de vida elevado e mercados competitivos tornam metas tradicionais, como casa pr\u00f3pria ou aposentadoria confort\u00e1vel, mais distantes.<\/p>\n\n\n\n<p>Na \u00e1rea psicol\u00f3gica, levantamentos recentes indicam \u00edndices mais altos de sintomas de ansiedade, depress\u00e3o e estresse entre millennials. Entre os fatores que costumam ser associados a esse cen\u00e1rio, aparecem com frequ\u00eancia:<\/p>\n\n\n\n<ul class=\"wp-block-list\">\n<li>Exposi\u00e7\u00e3o constante a not\u00edcias de crises globais, instabilidade pol\u00edtica e cat\u00e1strofes clim\u00e1ticas.<\/li>\n\n\n\n<li>Press\u00e3o por alta performance em ambientes de trabalho incertos e competitivos.<\/li>\n\n\n\n<li>Compara\u00e7\u00e3o permanente mediada por redes sociais e idealiza\u00e7\u00e3o de sucesso e apar\u00eancia.<\/li>\n\n\n\n<li>Dificuldade de desconex\u00e3o digital e sensa\u00e7\u00e3o de disponibilidade total, inclusive fora do expediente.<\/li>\n<\/ul>\n\n\n\n<figure class=\"wp-block-image size-large\"><img loading=\"lazy\" decoding=\"async\" width=\"1024\" height=\"576\" src=\"https:\/\/www.em.com.br\/emfoco\/wp-content\/uploads\/2026\/01\/Gemini_Generated_Image_rmygz1rmygz1rmyg-1-1024x576.png\" alt=\"Gera\u00e7\u00e3o millennial enfrenta desafios \u00fanicos na vida adulta\" class=\"wp-image-154369\" srcset=\"https:\/\/www.em.com.br\/emfoco\/wp-content\/uploads\/2026\/01\/Gemini_Generated_Image_rmygz1rmygz1rmyg-1-1024x576.png 1024w, https:\/\/www.em.com.br\/emfoco\/wp-content\/uploads\/2026\/01\/Gemini_Generated_Image_rmygz1rmygz1rmyg-1-300x169.png 300w, https:\/\/www.em.com.br\/emfoco\/wp-content\/uploads\/2026\/01\/Gemini_Generated_Image_rmygz1rmygz1rmyg-1-768x432.png 768w, https:\/\/www.em.com.br\/emfoco\/wp-content\/uploads\/2026\/01\/Gemini_Generated_Image_rmygz1rmygz1rmyg-1-750x422.png 750w, https:\/\/www.em.com.br\/emfoco\/wp-content\/uploads\/2026\/01\/Gemini_Generated_Image_rmygz1rmygz1rmyg-1-1140x641.png 1140w, https:\/\/www.em.com.br\/emfoco\/wp-content\/uploads\/2026\/01\/Gemini_Generated_Image_rmygz1rmygz1rmyg-1.png 1280w\" sizes=\"auto, (max-width: 1024px) 100vw, 1024px\" \/><figcaption class=\"wp-element-caption\">Gera\u00e7\u00e3o millennial enfrenta desafios \u00fanicos na vida adulta<\/figcaption><\/figure>\n\n\n\n<h2 class=\"wp-block-heading\">Que caminhos a psicologia indica para um futuro mais saud\u00e1vel para os millennials<\/h2>\n\n\n\n<p>Estudos sobre o&nbsp;<strong>futuro dos millennials<\/strong>&nbsp;sugerem que essa gera\u00e7\u00e3o re\u00fane recursos importantes para enfrentar adversidades, como&nbsp;<em>resili\u00eancia emocional<\/em>, flexibilidade de pensamento e interesse por autoconhecimento. Esses aspectos podem favorecer adapta\u00e7\u00f5es criativas, desde que existam redes de apoio, oportunidades reais e acesso a cuidados em sa\u00fade mental.<\/p>\n\n\n\n<p>Nesse contexto, profissionais da psicologia enfatizam n\u00e3o apenas a responsabilidade individual, mas tamb\u00e9m a import\u00e2ncia de mudan\u00e7as estruturais em empresas, pol\u00edticas p\u00fablicas e fam\u00edlias, valorizando trajet\u00f3rias diversas e reduzindo o estigma sobre sofrimento ps\u00edquico e recome\u00e7os ao longo da vida adulta.<\/p>\n\n\n\n<h2 class=\"wp-block-heading\">Como os millennials podem agir agora para mudar o pr\u00f3prio futuro<\/h2>\n\n\n\n<p>A gera\u00e7\u00e3o millennial n\u00e3o \u00e9 definida apenas por crises e r\u00f3tulos: viver a transi\u00e7\u00e3o do mundo anal\u00f3gico para o digital criou um repert\u00f3rio \u00fanico de compet\u00eancias e sensibilidade para mudan\u00e7as r\u00e1pidas. O modo como esses recursos ser\u00e3o usados nas pr\u00f3ximas d\u00e9cadas depender\u00e1 tanto de escolhas pessoais quanto das condi\u00e7\u00f5es sociais oferecidas a esse grupo.<\/p>\n\n\n\n<p>Se voc\u00ea se reconhece nesse cen\u00e1rio, n\u00e3o espere o pr\u00f3ximo esgotamento para agir: procure apoio psicol\u00f3gico, converse sobre finan\u00e7as, fortale\u00e7a v\u00ednculos, questione padr\u00f5es que adoecem e reivindique ambientes de trabalho mais humanos. Assuma hoje o protagonismo da sua hist\u00f3ria \u2014 sua sa\u00fade mental e seu futuro n\u00e3o podem ficar para depois.<\/p>\n\n\n\n<p><\/p>\n","protected":false},"excerpt":{"rendered":"<p>Quem nasceu entre o fim dos anos 80 e a metade dos anos 90 costuma ser classificado como parte da&nbsp;gera\u00e7\u00e3o Y, ou&nbsp;millennials, um grupo que cresceu no meio de mudan\u00e7as intensas: da TV aberta \u00e0 internet banda larga, do telefone fixo ao smartphone e de um mercado de trabalho est\u00e1vel a outro marcado pela instabilidade, [&hellip;]<\/p>\n","protected":false},"author":11,"featured_media":154367,"comment_status":"open","ping_status":"open","sticky":false,"template":"","format":"standard","meta":{"jnews-multi-image_gallery":[],"jnews_single_post":{"format":"standard"},"jnews_primary_category":[],"jnews_social_meta":[],"jnews_override_counter":[],"footnotes":""},"categories":[8819,1],"tags":[4947,22482,4930,410],"class_list":["post-154328","post","type-post","status-publish","format-standard","has-post-thumbnail","hentry","category-curiosidades","category-noticias","tag-ansiedade","tag-geracao-millennial","tag-saude-emocional","tag-saude-mental"],"yoast_head":"<!-- This site is optimized with the Yoast SEO plugin v23.8 - https:\/\/yoast.com\/wordpress\/plugins\/seo\/ -->\n<title>Voc\u00ea nasceu nos anos 80 ou 90? Veja o que a psicologia diz sobre o seu futuro - Estado de Minas - Em foco<\/title>\n<meta name=\"description\" content=\"A gera\u00e7\u00e3o millennial cresceu em meio a mudan\u00e7as profundas. Entenda seus desafios, impactos na sa\u00fade mental e expectativas para o futuro.\" \/>\n<meta name=\"robots\" content=\"index, follow, max-snippet:-1, max-image-preview:large, max-video-preview:-1\" \/>\n<link rel=\"canonical\" href=\"https:\/\/www.em.com.br\/emfoco\/2026\/01\/14\/voce-nasceu-nos-anos-80-ou-90-veja-o-que-a-psicologia-diz-sobre-o-seu-futuro\/\" \/>\n<meta property=\"og:locale\" content=\"pt_BR\" \/>\n<meta property=\"og:type\" content=\"article\" \/>\n<meta property=\"og:title\" content=\"Voc\u00ea nasceu nos anos 80 ou 90? Veja o que a psicologia diz sobre o seu futuro - Estado de Minas - Em foco\" \/>\n<meta property=\"og:description\" content=\"A gera\u00e7\u00e3o millennial cresceu em meio a mudan\u00e7as profundas. Entenda seus desafios, impactos na sa\u00fade mental e expectativas para o futuro.\" \/>\n<meta property=\"og:url\" content=\"https:\/\/www.em.com.br\/emfoco\/2026\/01\/14\/voce-nasceu-nos-anos-80-ou-90-veja-o-que-a-psicologia-diz-sobre-o-seu-futuro\/\" \/>\n<meta property=\"og:site_name\" content=\"Estado de Minas - Em foco\" \/>\n<meta property=\"article:published_time\" content=\"2026-01-14T19:05:00+00:00\" \/>\n<meta property=\"article:modified_time\" content=\"2026-01-13T22:56:51+00:00\" \/>\n<meta property=\"og:image\" content=\"https:\/\/www.em.com.br\/emfoco\/wp-content\/uploads\/2026\/01\/Gemini_Generated_Image_ksn8atksn8atksn8-1.png\" \/>\n\t<meta property=\"og:image:width\" content=\"1280\" \/>\n\t<meta property=\"og:image:height\" content=\"720\" \/>\n\t<meta property=\"og:image:type\" content=\"image\/png\" \/>\n<meta name=\"author\" content=\"Andre\u0301 Rangel\u00a0\" \/>\n<meta name=\"twitter:card\" content=\"summary_large_image\" \/>\n<meta name=\"twitter:label1\" content=\"Escrito por\" \/>\n\t<meta name=\"twitter:data1\" content=\"Andre\u0301 Rangel\u00a0\" \/>\n\t<meta name=\"twitter:label2\" content=\"Est. tempo de leitura\" \/>\n\t<meta name=\"twitter:data2\" content=\"5 minutos\" \/>\n<!-- \/ Yoast SEO plugin. -->","yoast_head_json":{"title":"Voc\u00ea nasceu nos anos 80 ou 90? Veja o que a psicologia diz sobre o seu futuro - Estado de Minas - Em foco","description":"A gera\u00e7\u00e3o millennial cresceu em meio a mudan\u00e7as profundas. Entenda seus desafios, impactos na sa\u00fade mental e expectativas para o futuro.","robots":{"index":"index","follow":"follow","max-snippet":"max-snippet:-1","max-image-preview":"max-image-preview:large","max-video-preview":"max-video-preview:-1"},"canonical":"https:\/\/www.em.com.br\/emfoco\/2026\/01\/14\/voce-nasceu-nos-anos-80-ou-90-veja-o-que-a-psicologia-diz-sobre-o-seu-futuro\/","og_locale":"pt_BR","og_type":"article","og_title":"Voc\u00ea nasceu nos anos 80 ou 90? Veja o que a psicologia diz sobre o seu futuro - Estado de Minas - Em foco","og_description":"A gera\u00e7\u00e3o millennial cresceu em meio a mudan\u00e7as profundas. Entenda seus desafios, impactos na sa\u00fade mental e expectativas para o futuro.","og_url":"https:\/\/www.em.com.br\/emfoco\/2026\/01\/14\/voce-nasceu-nos-anos-80-ou-90-veja-o-que-a-psicologia-diz-sobre-o-seu-futuro\/","og_site_name":"Estado de Minas - Em foco","article_published_time":"2026-01-14T19:05:00+00:00","article_modified_time":"2026-01-13T22:56:51+00:00","og_image":[{"width":1280,"height":720,"url":"https:\/\/www.em.com.br\/emfoco\/wp-content\/uploads\/2026\/01\/Gemini_Generated_Image_ksn8atksn8atksn8-1.png","type":"image\/png"}],"author":"Andre\u0301 Rangel\u00a0","twitter_card":"summary_large_image","twitter_misc":{"Escrito por":"Andre\u0301 Rangel\u00a0","Est. tempo de leitura":"5 minutos"},"schema":{"@context":"https:\/\/schema.org","@graph":[{"@type":"WebPage","@id":"https:\/\/www.em.com.br\/emfoco\/2026\/01\/14\/voce-nasceu-nos-anos-80-ou-90-veja-o-que-a-psicologia-diz-sobre-o-seu-futuro\/","url":"https:\/\/www.em.com.br\/emfoco\/2026\/01\/14\/voce-nasceu-nos-anos-80-ou-90-veja-o-que-a-psicologia-diz-sobre-o-seu-futuro\/","name":"Voc\u00ea nasceu nos anos 80 ou 90? Veja o que a psicologia diz sobre o seu futuro - Estado de Minas - Em foco","isPartOf":{"@id":"https:\/\/www.em.com.br\/emfoco\/#website"},"primaryImageOfPage":{"@id":"https:\/\/www.em.com.br\/emfoco\/2026\/01\/14\/voce-nasceu-nos-anos-80-ou-90-veja-o-que-a-psicologia-diz-sobre-o-seu-futuro\/#primaryimage"},"image":{"@id":"https:\/\/www.em.com.br\/emfoco\/2026\/01\/14\/voce-nasceu-nos-anos-80-ou-90-veja-o-que-a-psicologia-diz-sobre-o-seu-futuro\/#primaryimage"},"thumbnailUrl":"https:\/\/www.em.com.br\/emfoco\/wp-content\/uploads\/2026\/01\/Gemini_Generated_Image_ksn8atksn8atksn8-1.png","datePublished":"2026-01-14T19:05:00+00:00","dateModified":"2026-01-13T22:56:51+00:00","author":{"@id":"https:\/\/www.em.com.br\/emfoco\/#\/schema\/person\/60eda09c1fedf0d6891f4cef4b60b8b8"},"description":"A gera\u00e7\u00e3o millennial cresceu em meio a mudan\u00e7as profundas. Entenda seus desafios, impactos na sa\u00fade mental e expectativas para o futuro.","breadcrumb":{"@id":"https:\/\/www.em.com.br\/emfoco\/2026\/01\/14\/voce-nasceu-nos-anos-80-ou-90-veja-o-que-a-psicologia-diz-sobre-o-seu-futuro\/#breadcrumb"},"inLanguage":"pt-BR","potentialAction":[{"@type":"ReadAction","target":["https:\/\/www.em.com.br\/emfoco\/2026\/01\/14\/voce-nasceu-nos-anos-80-ou-90-veja-o-que-a-psicologia-diz-sobre-o-seu-futuro\/"]}]},{"@type":"ImageObject","inLanguage":"pt-BR","@id":"https:\/\/www.em.com.br\/emfoco\/2026\/01\/14\/voce-nasceu-nos-anos-80-ou-90-veja-o-que-a-psicologia-diz-sobre-o-seu-futuro\/#primaryimage","url":"https:\/\/www.em.com.br\/emfoco\/wp-content\/uploads\/2026\/01\/Gemini_Generated_Image_ksn8atksn8atksn8-1.png","contentUrl":"https:\/\/www.em.com.br\/emfoco\/wp-content\/uploads\/2026\/01\/Gemini_Generated_Image_ksn8atksn8atksn8-1.png","width":1280,"height":720,"caption":"Gera\u00e7\u00e3o millennial enfrenta desafios \u00fanicos na vida adulta"},{"@type":"BreadcrumbList","@id":"https:\/\/www.em.com.br\/emfoco\/2026\/01\/14\/voce-nasceu-nos-anos-80-ou-90-veja-o-que-a-psicologia-diz-sobre-o-seu-futuro\/#breadcrumb","itemListElement":[{"@type":"ListItem","position":1,"name":"In\u00edcio","item":"https:\/\/www.em.com.br\/emfoco\/"},{"@type":"ListItem","position":2,"name":"Voc\u00ea nasceu nos anos 80 ou 90? Veja o que a psicologia diz sobre o seu futuro"}]},{"@type":"WebSite","@id":"https:\/\/www.em.com.br\/emfoco\/#website","url":"https:\/\/www.em.com.br\/emfoco\/","name":"Estado de Minas - Em foco","description":"Acompanhe as \u00faltimas not\u00edcias e fique bem informado sobre tudo o que acontece em Minas Gerais, Brasil e no mundo.","potentialAction":[{"@type":"SearchAction","target":{"@type":"EntryPoint","urlTemplate":"https:\/\/www.em.com.br\/emfoco\/?s={search_term_string}"},"query-input":{"@type":"PropertyValueSpecification","valueRequired":true,"valueName":"search_term_string"}}],"inLanguage":"pt-BR"},{"@type":"Person","@id":"https:\/\/www.em.com.br\/emfoco\/#\/schema\/person\/60eda09c1fedf0d6891f4cef4b60b8b8","name":"Andre\u0301 Rangel\u00a0","image":{"@type":"ImageObject","inLanguage":"pt-BR","@id":"https:\/\/www.em.com.br\/emfoco\/#\/schema\/person\/image\/","url":"https:\/\/secure.gravatar.com\/avatar\/6234dc814c77c8ef6d8bba622c787efc?s=96&d=mm&r=g","contentUrl":"https:\/\/secure.gravatar.com\/avatar\/6234dc814c77c8ef6d8bba622c787efc?s=96&d=mm&r=g","caption":"Andre\u0301 Rangel\u00a0"},"url":"https:\/\/www.em.com.br\/emfoco\/author\/luizmyth\/"}]}},"_links":{"self":[{"href":"https:\/\/www.em.com.br\/emfoco\/wp-json\/wp\/v2\/posts\/154328","targetHints":{"allow":["GET"]}}],"collection":[{"href":"https:\/\/www.em.com.br\/emfoco\/wp-json\/wp\/v2\/posts"}],"about":[{"href":"https:\/\/www.em.com.br\/emfoco\/wp-json\/wp\/v2\/types\/post"}],"author":[{"embeddable":true,"href":"https:\/\/www.em.com.br\/emfoco\/wp-json\/wp\/v2\/users\/11"}],"replies":[{"embeddable":true,"href":"https:\/\/www.em.com.br\/emfoco\/wp-json\/wp\/v2\/comments?post=154328"}],"version-history":[{"count":3,"href":"https:\/\/www.em.com.br\/emfoco\/wp-json\/wp\/v2\/posts\/154328\/revisions"}],"predecessor-version":[{"id":154370,"href":"https:\/\/www.em.com.br\/emfoco\/wp-json\/wp\/v2\/posts\/154328\/revisions\/154370"}],"wp:featuredmedia":[{"embeddable":true,"href":"https:\/\/www.em.com.br\/emfoco\/wp-json\/wp\/v2\/media\/154367"}],"wp:attachment":[{"href":"https:\/\/www.em.com.br\/emfoco\/wp-json\/wp\/v2\/media?parent=154328"}],"wp:term":[{"taxonomy":"category","embeddable":true,"href":"https:\/\/www.em.com.br\/emfoco\/wp-json\/wp\/v2\/categories?post=154328"},{"taxonomy":"post_tag","embeddable":true,"href":"https:\/\/www.em.com.br\/emfoco\/wp-json\/wp\/v2\/tags?post=154328"}],"curies":[{"name":"wp","href":"https:\/\/api.w.org\/{rel}","templated":true}]}}