{"id":154324,"date":"2026-01-14T10:25:00","date_gmt":"2026-01-14T13:25:00","guid":{"rendered":"https:\/\/www.em.com.br\/emfoco\/?p=154324"},"modified":"2026-01-13T19:52:15","modified_gmt":"2026-01-13T22:52:15","slug":"temperos-recomendados-por-especialistas-para-reduzir-o-sodio-e-melhorar-a-saude-com-uma-dieta-equilibrada","status":"publish","type":"post","link":"https:\/\/www.em.com.br\/emfoco\/2026\/01\/14\/temperos-recomendados-por-especialistas-para-reduzir-o-sodio-e-melhorar-a-saude-com-uma-dieta-equilibrada\/","title":{"rendered":"Temperos recomendados por especialistas para reduzir o s\u00f3dio e melhorar a sa\u00fade com uma dieta equilibrada"},"content":{"rendered":"\n<p>Reduzir o consumo de sal virou uma recomenda\u00e7\u00e3o constante em consult\u00f3rios e campanhas de sa\u00fade, j\u00e1 que o excesso de s\u00f3dio est\u00e1 ligado \u00e0 press\u00e3o alta e a doen\u00e7as cardiovasculares. Como boa parte desse mineral vem de temperos prontos e alimentos processados, aprender a usar&nbsp;<strong>condimentos com pouco s\u00f3dio<\/strong>&nbsp;\u00e9 uma forma pr\u00e1tica de manter o sabor das refei\u00e7\u00f5es, proteger o cora\u00e7\u00e3o e melhorar a rotina alimentar sem abrir m\u00e3o do prazer \u00e0 mesa.<\/p>\n\n\n\n<h2 class=\"wp-block-heading\">O que significa reduzir o consumo de s\u00f3dio na alimenta\u00e7\u00e3o<\/h2>\n\n\n\n<p><a href=\"https:\/\/www.gov.br\/inca\/pt-br\/assuntos\/causas-e-prevencao-do-cancer\/dicas\/alimentacao\/como-reduzir-o-consumo-de-sal-e-alimentos-conservados-em-sal\" target=\"_blank\" rel=\"noreferrer noopener\">Reduzir o s\u00f3dio<\/a> n\u00e3o \u00e9 cortar totalmente o sal, mas repensar h\u00e1bitos, r\u00f3tulos e formas de preparo. A OMS recomenda at\u00e9 5 gramas de sal por dia (cerca de 1 colher de ch\u00e1 rasa), somando tudo o que \u00e9 consumido nas refei\u00e7\u00f5es.<\/p>\n\n\n\n<p>Esse limite costuma ser ultrapassado sem que a pessoa perceba, principalmente por molhos, caldos industrializados e produtos prontos. Nesse cen\u00e1rio, optar por&nbsp;<strong>condimentos com pouco s\u00f3dio<\/strong>&nbsp;\u00e9 uma estrat\u00e9gia essencial para <a href=\"https:\/\/www.em.com.br\/emfoco\/2026\/01\/11\/nao-ignore-esses-4-alimentos-congelados-eles-reduzem-o-risco-de-infarto-e-ajudam-a-controlar-a-pressao-alta\/\" target=\"_blank\" rel=\"noreferrer noopener\">controlar a press\u00e3o<\/a> e prevenir complica\u00e7\u00f5es cardiovasculares.<\/p>\n\n\n\n<figure class=\"wp-block-image size-large\"><img loading=\"lazy\" decoding=\"async\" width=\"1024\" height=\"576\" src=\"https:\/\/www.em.com.br\/emfoco\/wp-content\/uploads\/2026\/01\/Gemini_Generated_Image_7cgh977cgh977cgh-1-1024x576.png\" alt=\"Quando o tempero certo faz o sal perder import\u00e2ncia\" class=\"wp-image-154363\" srcset=\"https:\/\/www.em.com.br\/emfoco\/wp-content\/uploads\/2026\/01\/Gemini_Generated_Image_7cgh977cgh977cgh-1-1024x576.png 1024w, https:\/\/www.em.com.br\/emfoco\/wp-content\/uploads\/2026\/01\/Gemini_Generated_Image_7cgh977cgh977cgh-1-300x169.png 300w, https:\/\/www.em.com.br\/emfoco\/wp-content\/uploads\/2026\/01\/Gemini_Generated_Image_7cgh977cgh977cgh-1-768x432.png 768w, https:\/\/www.em.com.br\/emfoco\/wp-content\/uploads\/2026\/01\/Gemini_Generated_Image_7cgh977cgh977cgh-1-750x422.png 750w, https:\/\/www.em.com.br\/emfoco\/wp-content\/uploads\/2026\/01\/Gemini_Generated_Image_7cgh977cgh977cgh-1-1140x641.png 1140w, https:\/\/www.em.com.br\/emfoco\/wp-content\/uploads\/2026\/01\/Gemini_Generated_Image_7cgh977cgh977cgh-1.png 1280w\" sizes=\"auto, (max-width: 1024px) 100vw, 1024px\" \/><figcaption class=\"wp-element-caption\">Quando o tempero certo faz o sal perder import\u00e2ncia<\/figcaption><\/figure>\n\n\n\n<h2 class=\"wp-block-heading\">Quais s\u00e3o os principais condimentos com pouco s\u00f3dio<\/h2>\n\n\n\n<p>Os principais aliados s\u00e3o as ervas frescas e secas, usadas sem misturas industriais: salsinha, cebolinha, manjeric\u00e3o, or\u00e9gano, alecrim, tomilho, coentro e hortel\u00e3 agregam aroma intenso com teor m\u00ednimo de s\u00f3dio. J\u00e1 ingredientes \u00e1cidos, como&nbsp;<strong>suco de lim\u00e3o<\/strong>, vinagres (de vinho, ma\u00e7\u00e3 ou bals\u00e2mico) e tomate, real\u00e7am o sabor natural dos alimentos.<\/p>\n\n\n\n<p>Especiarias como alho, cebola, gengibre, pimenta-do-reino, c\u00farcuma, p\u00e1prica e cominho, em vers\u00f5es puras e sem sal adicionado, ajudam a construir prepara\u00e7\u00f5es mais complexas e saborosas. Veja alguns exemplos de condimentos com baixo teor de s\u00f3dio que podem substituir temperos prontos:<\/p>\n\n\n\n<ul class=\"wp-block-list\">\n<li>Ervas frescas e secas usadas in natura e sem mistura industrial.<\/li>\n\n\n\n<li>Temperos em p\u00f3 puros (como alho e cebola) sem adi\u00e7\u00e3o de sal.<\/li>\n\n\n\n<li>Lim\u00e3o, vinagres e outros ingredientes \u00e1cidos para real\u00e7ar o sabor.<\/li>\n\n\n\n<li>Pimentas e especiarias puras, sem s\u00f3dio extra ou aditivos.<\/li>\n<\/ul>\n\n\n\n<h2 class=\"wp-block-heading\">Como escolher condimentos com pouco s\u00f3dio no mercado<\/h2>\n\n\n\n<p>Ao comprar temperos prontos, ler o r\u00f3tulo \u00e9 fundamental para identificar s\u00f3dio oculto. Termos como \u201csem s\u00f3dio\u201d, \u201cbaixo teor de s\u00f3dio\u201d ou \u201csem sal adicionado\u201d costumam indicar produtos mais adequados para quem precisa controlar a ingest\u00e3o di\u00e1ria.<\/p>\n\n\n\n<p>Algumas estrat\u00e9gias simples podem orientar a escolha de condimentos mais saud\u00e1veis e com menos sal, reduzindo a depend\u00eancia de caldos concentrados e misturas prontas:<\/p>\n\n\n\n<ol class=\"wp-block-list\">\n<li><strong>Observar a lista de ingredientes<\/strong>: se o sal aparece entre os primeiros itens, o teor de s\u00f3dio tende a ser elevado.<\/li>\n\n\n\n<li><strong>Comparar marcas<\/strong>: produtos semelhantes podem ter quantidades muito diferentes de s\u00f3dio.<\/li>\n\n\n\n<li><strong>Preferir vers\u00f5es \u201cpuras\u201d<\/strong>: alho em p\u00f3, cebola em p\u00f3 e especiarias simples costumam ter menos s\u00f3dio.<\/li>\n\n\n\n<li><strong>Evitar caldos concentrados<\/strong>: cubos e caldos prontos geralmente apresentam grande concentra\u00e7\u00e3o de sal.<\/li>\n<\/ol>\n\n\n\n<figure class=\"wp-block-image\"><img decoding=\"async\" src=\"https:\/\/www.em.com.br\/emfoco\/wp-content\/uploads\/2025\/12\/Gemini_Generated_Image_4gcx9p4gcx9p4gcx-1-1024x576.png\" alt=\"\"\/><figcaption class=\"wp-element-caption\">O tempero caseiro mais pr\u00e1tico da rotina<\/figcaption><\/figure>\n\n\n\n<h2 class=\"wp-block-heading\">Como usar condimentos com pouco s\u00f3dio no dia a dia da cozinha<\/h2>\n\n\n\n<p>A adapta\u00e7\u00e3o do paladar \u00e9 mais f\u00e1cil quando a redu\u00e7\u00e3o do sal \u00e9 gradual, aumentando aos poucos o uso de ervas, especiarias e ingredientes \u00e1cidos. Com o tempo, o sabor natural dos alimentos se destaca e a necessidade de sal diminui.<\/p>\n\n\n\n<p>No dia a dia, \u00e9 poss\u00edvel temperar saladas com lim\u00e3o, vinagre e ervas frescas, marinar carnes com alho, cebola, pimenta e pouco sal, refogar legumes com azeite, c\u00farcuma ou p\u00e1prica, al\u00e9m de usar caldos caseiros com pouco sal feitos com ossos, legumes e ervas arom\u00e1ticas.<\/p>\n\n\n\n<h2 class=\"wp-block-heading\">Por que agir agora para reduzir o s\u00f3dio com condimentos naturais<\/h2>\n\n\n\n<p>Ao incorporar gradualmente&nbsp;<strong>condimentos com pouco s\u00f3dio<\/strong>, sua alimenta\u00e7\u00e3o fica mais variada, arom\u00e1tica e alinhada \u00e0s recomenda\u00e7\u00f5es para preven\u00e7\u00e3o de hipertens\u00e3o e doen\u00e7as cardiovasculares. Pequenos ajustes di\u00e1rios, como trocar temperos prontos por ervas e especiarias, podem reduzir o risco de problemas graves no futuro.<\/p>\n\n\n\n<p>N\u00e3o espere um alerta m\u00e9dico para mudar: comece hoje a revisar seu arm\u00e1rio, reduzir caldos industrializados e testar novas combina\u00e7\u00f5es de ervas e especiarias em cada refei\u00e7\u00e3o. Sua press\u00e3o, seu cora\u00e7\u00e3o e sua qualidade de vida a longo prazo dependem das escolhas que voc\u00ea faz agora.<\/p>\n","protected":false},"excerpt":{"rendered":"<p>Reduzir o consumo de sal virou uma recomenda\u00e7\u00e3o constante em consult\u00f3rios e campanhas de sa\u00fade, j\u00e1 que o excesso de s\u00f3dio est\u00e1 ligado \u00e0 press\u00e3o alta e a doen\u00e7as cardiovasculares. Como boa parte desse mineral vem de temperos prontos e alimentos processados, aprender a usar&nbsp;condimentos com pouco s\u00f3dio&nbsp;\u00e9 uma forma pr\u00e1tica de manter o sabor [&hellip;]<\/p>\n","protected":false},"author":11,"featured_media":154364,"comment_status":"open","ping_status":"open","sticky":false,"template":"","format":"standard","meta":{"jnews-multi-image_gallery":[],"jnews_single_post":{"format":"standard"},"jnews_primary_category":[],"jnews_social_meta":[],"jnews_override_counter":[],"footnotes":""},"categories":[1,9053],"tags":[2904,8588,12649,22479],"class_list":["post-154324","post","type-post","status-publish","format-standard","has-post-thumbnail","hentry","category-noticias","category-saude","tag-alimentacao","tag-pressao-alta","tag-sodio","tag-temperos-prontos"],"yoast_head":"<!-- This site is optimized with the Yoast SEO plugin v23.8 - https:\/\/yoast.com\/wordpress\/plugins\/seo\/ -->\n<title>Temperos recomendados por especialistas para reduzir o s\u00f3dio e melhorar a sa\u00fade com uma dieta equilibrada - Estado de Minas - Em foco<\/title>\n<meta name=\"description\" content=\"Condimentos com pouco s\u00f3dio ajudam a reduzir o consumo de sal sem perder sabor. Veja quais usar e como melhorar sua alimenta\u00e7\u00e3o.\" \/>\n<meta name=\"robots\" content=\"index, follow, max-snippet:-1, max-image-preview:large, max-video-preview:-1\" \/>\n<link rel=\"canonical\" href=\"https:\/\/www.em.com.br\/emfoco\/2026\/01\/14\/temperos-recomendados-por-especialistas-para-reduzir-o-sodio-e-melhorar-a-saude-com-uma-dieta-equilibrada\/\" \/>\n<meta property=\"og:locale\" content=\"pt_BR\" \/>\n<meta property=\"og:type\" content=\"article\" \/>\n<meta property=\"og:title\" content=\"Temperos recomendados por especialistas para reduzir o s\u00f3dio e melhorar a sa\u00fade com uma dieta equilibrada - Estado de Minas - Em foco\" \/>\n<meta property=\"og:description\" content=\"Condimentos com pouco s\u00f3dio ajudam a reduzir o consumo de sal sem perder sabor. Veja quais usar e como melhorar sua alimenta\u00e7\u00e3o.\" \/>\n<meta property=\"og:url\" content=\"https:\/\/www.em.com.br\/emfoco\/2026\/01\/14\/temperos-recomendados-por-especialistas-para-reduzir-o-sodio-e-melhorar-a-saude-com-uma-dieta-equilibrada\/\" \/>\n<meta property=\"og:site_name\" content=\"Estado de Minas - Em foco\" \/>\n<meta property=\"article:published_time\" content=\"2026-01-14T13:25:00+00:00\" \/>\n<meta property=\"article:modified_time\" content=\"2026-01-13T22:52:15+00:00\" \/>\n<meta property=\"og:image\" content=\"https:\/\/www.em.com.br\/emfoco\/wp-content\/uploads\/2026\/01\/Gemini_Generated_Image_aqofe4aqofe4aqof-1.png\" \/>\n\t<meta property=\"og:image:width\" content=\"1280\" \/>\n\t<meta property=\"og:image:height\" content=\"720\" \/>\n\t<meta property=\"og:image:type\" content=\"image\/png\" \/>\n<meta name=\"author\" content=\"Andre\u0301 Rangel\u00a0\" \/>\n<meta name=\"twitter:card\" content=\"summary_large_image\" \/>\n<meta name=\"twitter:label1\" content=\"Escrito por\" \/>\n\t<meta name=\"twitter:data1\" content=\"Andre\u0301 Rangel\u00a0\" \/>\n\t<meta name=\"twitter:label2\" content=\"Est. tempo de leitura\" \/>\n\t<meta name=\"twitter:data2\" content=\"5 minutos\" \/>\n<!-- \/ Yoast SEO plugin. -->","yoast_head_json":{"title":"Temperos recomendados por especialistas para reduzir o s\u00f3dio e melhorar a sa\u00fade com uma dieta equilibrada - Estado de Minas - Em foco","description":"Condimentos com pouco s\u00f3dio ajudam a reduzir o consumo de sal sem perder sabor. Veja quais usar e como melhorar sua alimenta\u00e7\u00e3o.","robots":{"index":"index","follow":"follow","max-snippet":"max-snippet:-1","max-image-preview":"max-image-preview:large","max-video-preview":"max-video-preview:-1"},"canonical":"https:\/\/www.em.com.br\/emfoco\/2026\/01\/14\/temperos-recomendados-por-especialistas-para-reduzir-o-sodio-e-melhorar-a-saude-com-uma-dieta-equilibrada\/","og_locale":"pt_BR","og_type":"article","og_title":"Temperos recomendados por especialistas para reduzir o s\u00f3dio e melhorar a sa\u00fade com uma dieta equilibrada - Estado de Minas - Em foco","og_description":"Condimentos com pouco s\u00f3dio ajudam a reduzir o consumo de sal sem perder sabor. Veja quais usar e como melhorar sua alimenta\u00e7\u00e3o.","og_url":"https:\/\/www.em.com.br\/emfoco\/2026\/01\/14\/temperos-recomendados-por-especialistas-para-reduzir-o-sodio-e-melhorar-a-saude-com-uma-dieta-equilibrada\/","og_site_name":"Estado de Minas - Em foco","article_published_time":"2026-01-14T13:25:00+00:00","article_modified_time":"2026-01-13T22:52:15+00:00","og_image":[{"width":1280,"height":720,"url":"https:\/\/www.em.com.br\/emfoco\/wp-content\/uploads\/2026\/01\/Gemini_Generated_Image_aqofe4aqofe4aqof-1.png","type":"image\/png"}],"author":"Andre\u0301 Rangel\u00a0","twitter_card":"summary_large_image","twitter_misc":{"Escrito por":"Andre\u0301 Rangel\u00a0","Est. tempo de leitura":"5 minutos"},"schema":{"@context":"https:\/\/schema.org","@graph":[{"@type":"WebPage","@id":"https:\/\/www.em.com.br\/emfoco\/2026\/01\/14\/temperos-recomendados-por-especialistas-para-reduzir-o-sodio-e-melhorar-a-saude-com-uma-dieta-equilibrada\/","url":"https:\/\/www.em.com.br\/emfoco\/2026\/01\/14\/temperos-recomendados-por-especialistas-para-reduzir-o-sodio-e-melhorar-a-saude-com-uma-dieta-equilibrada\/","name":"Temperos recomendados por especialistas para reduzir o s\u00f3dio e melhorar a sa\u00fade com uma dieta equilibrada - Estado de Minas - Em foco","isPartOf":{"@id":"https:\/\/www.em.com.br\/emfoco\/#website"},"primaryImageOfPage":{"@id":"https:\/\/www.em.com.br\/emfoco\/2026\/01\/14\/temperos-recomendados-por-especialistas-para-reduzir-o-sodio-e-melhorar-a-saude-com-uma-dieta-equilibrada\/#primaryimage"},"image":{"@id":"https:\/\/www.em.com.br\/emfoco\/2026\/01\/14\/temperos-recomendados-por-especialistas-para-reduzir-o-sodio-e-melhorar-a-saude-com-uma-dieta-equilibrada\/#primaryimage"},"thumbnailUrl":"https:\/\/www.em.com.br\/emfoco\/wp-content\/uploads\/2026\/01\/Gemini_Generated_Image_aqofe4aqofe4aqof-1.png","datePublished":"2026-01-14T13:25:00+00:00","dateModified":"2026-01-13T22:52:15+00:00","author":{"@id":"https:\/\/www.em.com.br\/emfoco\/#\/schema\/person\/60eda09c1fedf0d6891f4cef4b60b8b8"},"description":"Condimentos com pouco s\u00f3dio ajudam a reduzir o consumo de sal sem perder sabor. Veja quais usar e como melhorar sua alimenta\u00e7\u00e3o.","breadcrumb":{"@id":"https:\/\/www.em.com.br\/emfoco\/2026\/01\/14\/temperos-recomendados-por-especialistas-para-reduzir-o-sodio-e-melhorar-a-saude-com-uma-dieta-equilibrada\/#breadcrumb"},"inLanguage":"pt-BR","potentialAction":[{"@type":"ReadAction","target":["https:\/\/www.em.com.br\/emfoco\/2026\/01\/14\/temperos-recomendados-por-especialistas-para-reduzir-o-sodio-e-melhorar-a-saude-com-uma-dieta-equilibrada\/"]}]},{"@type":"ImageObject","inLanguage":"pt-BR","@id":"https:\/\/www.em.com.br\/emfoco\/2026\/01\/14\/temperos-recomendados-por-especialistas-para-reduzir-o-sodio-e-melhorar-a-saude-com-uma-dieta-equilibrada\/#primaryimage","url":"https:\/\/www.em.com.br\/emfoco\/wp-content\/uploads\/2026\/01\/Gemini_Generated_Image_aqofe4aqofe4aqof-1.png","contentUrl":"https:\/\/www.em.com.br\/emfoco\/wp-content\/uploads\/2026\/01\/Gemini_Generated_Image_aqofe4aqofe4aqof-1.png","width":1280,"height":720,"caption":"Como cuidar da press\u00e3o sem abrir m\u00e3o do sabor das refei\u00e7\u00f5es"},{"@type":"BreadcrumbList","@id":"https:\/\/www.em.com.br\/emfoco\/2026\/01\/14\/temperos-recomendados-por-especialistas-para-reduzir-o-sodio-e-melhorar-a-saude-com-uma-dieta-equilibrada\/#breadcrumb","itemListElement":[{"@type":"ListItem","position":1,"name":"In\u00edcio","item":"https:\/\/www.em.com.br\/emfoco\/"},{"@type":"ListItem","position":2,"name":"Temperos recomendados por especialistas para reduzir o s\u00f3dio e melhorar a sa\u00fade com uma dieta equilibrada"}]},{"@type":"WebSite","@id":"https:\/\/www.em.com.br\/emfoco\/#website","url":"https:\/\/www.em.com.br\/emfoco\/","name":"Estado de Minas - Em foco","description":"Acompanhe as \u00faltimas not\u00edcias e fique bem informado sobre tudo o que acontece em Minas Gerais, Brasil e no mundo.","potentialAction":[{"@type":"SearchAction","target":{"@type":"EntryPoint","urlTemplate":"https:\/\/www.em.com.br\/emfoco\/?s={search_term_string}"},"query-input":{"@type":"PropertyValueSpecification","valueRequired":true,"valueName":"search_term_string"}}],"inLanguage":"pt-BR"},{"@type":"Person","@id":"https:\/\/www.em.com.br\/emfoco\/#\/schema\/person\/60eda09c1fedf0d6891f4cef4b60b8b8","name":"Andre\u0301 Rangel\u00a0","image":{"@type":"ImageObject","inLanguage":"pt-BR","@id":"https:\/\/www.em.com.br\/emfoco\/#\/schema\/person\/image\/","url":"https:\/\/secure.gravatar.com\/avatar\/6234dc814c77c8ef6d8bba622c787efc?s=96&d=mm&r=g","contentUrl":"https:\/\/secure.gravatar.com\/avatar\/6234dc814c77c8ef6d8bba622c787efc?s=96&d=mm&r=g","caption":"Andre\u0301 Rangel\u00a0"},"url":"https:\/\/www.em.com.br\/emfoco\/author\/luizmyth\/"}]}},"_links":{"self":[{"href":"https:\/\/www.em.com.br\/emfoco\/wp-json\/wp\/v2\/posts\/154324","targetHints":{"allow":["GET"]}}],"collection":[{"href":"https:\/\/www.em.com.br\/emfoco\/wp-json\/wp\/v2\/posts"}],"about":[{"href":"https:\/\/www.em.com.br\/emfoco\/wp-json\/wp\/v2\/types\/post"}],"author":[{"embeddable":true,"href":"https:\/\/www.em.com.br\/emfoco\/wp-json\/wp\/v2\/users\/11"}],"replies":[{"embeddable":true,"href":"https:\/\/www.em.com.br\/emfoco\/wp-json\/wp\/v2\/comments?post=154324"}],"version-history":[{"count":3,"href":"https:\/\/www.em.com.br\/emfoco\/wp-json\/wp\/v2\/posts\/154324\/revisions"}],"predecessor-version":[{"id":154366,"href":"https:\/\/www.em.com.br\/emfoco\/wp-json\/wp\/v2\/posts\/154324\/revisions\/154366"}],"wp:featuredmedia":[{"embeddable":true,"href":"https:\/\/www.em.com.br\/emfoco\/wp-json\/wp\/v2\/media\/154364"}],"wp:attachment":[{"href":"https:\/\/www.em.com.br\/emfoco\/wp-json\/wp\/v2\/media?parent=154324"}],"wp:term":[{"taxonomy":"category","embeddable":true,"href":"https:\/\/www.em.com.br\/emfoco\/wp-json\/wp\/v2\/categories?post=154324"},{"taxonomy":"post_tag","embeddable":true,"href":"https:\/\/www.em.com.br\/emfoco\/wp-json\/wp\/v2\/tags?post=154324"}],"curies":[{"name":"wp","href":"https:\/\/api.w.org\/{rel}","templated":true}]}}