{"id":154193,"date":"2026-01-14T09:25:00","date_gmt":"2026-01-14T12:25:00","guid":{"rendered":"https:\/\/www.em.com.br\/emfoco\/?p=154193"},"modified":"2026-01-12T18:29:09","modified_gmt":"2026-01-12T21:29:09","slug":"nem-limao-nem-laranja-a-arvore-frutifera-que-nao-levanta-o-solo-com-suas-raizes-e-requer-poucos-cuidados-de-jardinagem","status":"publish","type":"post","link":"https:\/\/www.em.com.br\/emfoco\/2026\/01\/14\/nem-limao-nem-laranja-a-arvore-frutifera-que-nao-levanta-o-solo-com-suas-raizes-e-requer-poucos-cuidados-de-jardinagem\/","title":{"rendered":"Nem lim\u00e3o, nem laranja: a \u00e1rvore frut\u00edfera que n\u00e3o levanta o solo com suas ra\u00edzes e requer poucos cuidados de jardinagem"},"content":{"rendered":"\n<h2 class=\"wp-block-heading\">A rom\u00e3zeira \u00e9 ideal para quintais pequenos por ter ra\u00edzes superficiais e n\u00e3o invasivas. Resistente e ornamental, adapta-se a vasos ou solo, exige sol, regas moderadas e aduba\u00e7\u00e3o simples, sem danificar estruturas.<\/h2>\n\n\n\n<p>Plantar uma frut\u00edfera em casa costuma gerar medo de ra\u00edzes agressivas e reformas caras, mas a <strong>rom\u00e3zeira<\/strong> foge dessa regra. Resistente, ornamental e produtiva, ela se adapta bem a vasos e quintais pequenos, sem danificar piso, cal\u00e7ada ou estruturas pr\u00f3ximas.<\/p>\n\n\n\n<h2 class=\"wp-block-heading\">Por que a rom\u00e3 \u00e9 ideal para quintais pequenos?<\/h2>\n\n\n\n<p>A rom\u00e3zeira se destaca por ter <strong>ra\u00edzes superficiais e pouco invasivas<\/strong>, o que reduz drasticamente o risco de rachaduras no ch\u00e3o ou em muros. Diferente de \u00e1rvores grandes, ela cresce de forma controlada e previs\u00edvel.<\/p>\n\n\n\n<p>Al\u00e9m da seguran\u00e7a estrutural, trata-se de uma planta muito valorizada no paisagismo, com <strong>flores alaranjadas ornamentais<\/strong> e frutos decorativos, o que garante beleza ao espa\u00e7o durante praticamente todo o ano.<\/p>\n\n\n\n<figure class=\"wp-block-image size-large\"><img loading=\"lazy\" decoding=\"async\" width=\"1024\" height=\"576\" src=\"https:\/\/www.em.com.br\/emfoco\/wp-content\/uploads\/2026\/01\/AIAI-2-5-1024x576.jpg\" alt=\"Nem lim\u00e3o, nem laranja: a \u00e1rvore frut\u00edfera que n\u00e3o levanta o solo com suas ra\u00edzes e requer poucos cuidados de jardinagem\" class=\"wp-image-154218\" srcset=\"https:\/\/www.em.com.br\/emfoco\/wp-content\/uploads\/2026\/01\/AIAI-2-5-1024x576.jpg 1024w, https:\/\/www.em.com.br\/emfoco\/wp-content\/uploads\/2026\/01\/AIAI-2-5-300x169.jpg 300w, https:\/\/www.em.com.br\/emfoco\/wp-content\/uploads\/2026\/01\/AIAI-2-5-768x432.jpg 768w, https:\/\/www.em.com.br\/emfoco\/wp-content\/uploads\/2026\/01\/AIAI-2-5-750x422.jpg 750w, https:\/\/www.em.com.br\/emfoco\/wp-content\/uploads\/2026\/01\/AIAI-2-5-1140x641.jpg 1140w, https:\/\/www.em.com.br\/emfoco\/wp-content\/uploads\/2026\/01\/AIAI-2-5.jpg 1280w\" sizes=\"auto, (max-width: 1024px) 100vw, 1024px\" \/><figcaption class=\"wp-element-caption\">Ra\u00edzes superficiais da rom\u00e3 reduzem riscos de danos a pisos<\/figcaption><\/figure>\n\n\n\n<h2 class=\"wp-block-heading\">Quais vantagens a rom\u00e3 tem em rela\u00e7\u00e3o a outras frut\u00edferas?<\/h2>\n\n\n\n<p>Ao comparar com limoeiros, laranjeiras ou mangueiras, a rom\u00e3 leva vantagem em praticidade, controle e resist\u00eancia, sendo indicada inclusive para quem nunca cuidou de plantas. Entre os principais benef\u00edcios est\u00e3o os que voc\u00ea confere a seguir.<\/p>\n\n\n\n<ul class=\"wp-block-list\">\n<li><strong>Ra\u00edzes amig\u00e1veis<\/strong> que n\u00e3o levantam piso nem cal\u00e7adas.<\/li>\n\n\n\n<li><strong>Tamanho controlado<\/strong>, facilitando poda e cultivo em vasos.<\/li>\n\n\n\n<li><strong>Alta resist\u00eancia<\/strong> a varia\u00e7\u00f5es de clima e solo.<\/li>\n<\/ul>\n\n\n\n<h2 class=\"wp-block-heading\">Como plantar rom\u00e3 corretamente em vasos ou no ch\u00e3o?<\/h2>\n\n\n\n<p>O plantio pode ser feito por sementes da pr\u00f3pria fruta ou por mudas prontas, sendo que a <strong>estaquia<\/strong> acelera a produ\u00e7\u00e3o. Em vasos de 20 a 30 litros, a rom\u00e3zeira se desenvolve bem e com ra\u00edzes bem acomodadas.<\/p>\n\n\n\n<p>Ao plantar diretamente no solo, basta garantir um espa\u00e7o ensolarado e boa drenagem. A <strong>terra adubada com mat\u00e9ria org\u00e2nica<\/strong> favorece o crescimento inicial e melhora significativamente a produ\u00e7\u00e3o de flores e frutos.<\/p>\n\n\n\n<p>Confira dicas compartilhadas pelo canal do TikTok <strong><a href=\"https:\/\/www.tiktok.com\/@jardimdalygia\" target=\"_blank\" rel=\"noreferrer noopener\"><strong>jardimdalygia<\/strong><\/a><\/strong> de como plantar rom\u00e3 a partir de sua semente da forma correta e sem dificuldades.<\/p>\n\n\n\n<blockquote class=\"tiktok-embed\" cite=\"https:\/\/www.tiktok.com\/@jardimdalygia\/video\/6856881913857068293\" data-video-id=\"6856881913857068293\" style=\"max-width: 605px;min-width: 325px;\" > <section> <a target=\"_blank\" title=\"@jardimdalygia\" href=\"https:\/\/www.tiktok.com\/@jardimdalygia?refer=embed\">@jardimdalygia<\/a> Responder a @marcelorosa46 Plantio da rom\u00e3 pela semente! \ud83c\udf31 <a title=\"jardimdalygia\" target=\"_blank\" href=\"https:\/\/www.tiktok.com\/tag\/jardimdalygia?refer=embed\">#jardimdalygia<\/a> <a title=\"teamplantas\" target=\"_blank\" href=\"https:\/\/www.tiktok.com\/tag\/teamplantas?refer=embed\">#teamplantas<\/a> <a title=\"horta\" target=\"_blank\" href=\"https:\/\/www.tiktok.com\/tag\/horta?refer=embed\">#horta<\/a> <a title=\"pomar\" target=\"_blank\" href=\"https:\/\/www.tiktok.com\/tag\/pomar?refer=embed\">#pomar<\/a> <a title=\"dicas\" target=\"_blank\" href=\"https:\/\/www.tiktok.com\/tag\/dicas?refer=embed\">#dicas<\/a> <a title=\"organicos\" target=\"_blank\" href=\"https:\/\/www.tiktok.com\/tag\/organicos?refer=embed\">#organicos<\/a> <a title=\"fy\" target=\"_blank\" href=\"https:\/\/www.tiktok.com\/tag\/fy?refer=embed\">#fy<\/a> <a title=\"fyp\" target=\"_blank\" href=\"https:\/\/www.tiktok.com\/tag\/fyp?refer=embed\">#fyp<\/a> <a title=\"4u\" target=\"_blank\" href=\"https:\/\/www.tiktok.com\/tag\/4u?refer=embed\">#4u<\/a> <a title=\"viral\" target=\"_blank\" href=\"https:\/\/www.tiktok.com\/tag\/viral?refer=embed\">#viral<\/a> <a title=\"rom\u00e3\" target=\"_blank\" href=\"https:\/\/www.tiktok.com\/tag\/rom%C3%A3?refer=embed\">#rom\u00e3<\/a> <a target=\"_blank\" title=\"\u266c som original - \ud83c\udf3f Lygia Oliveira \ud83c\udf3f\" href=\"https:\/\/www.tiktok.com\/music\/som-original-6856881925332814598?refer=embed\">\u266c som original &#8211; \ud83c\udf3f Lygia Oliveira \ud83c\udf3f<\/a> <\/section> <\/blockquote> <script async src=\"https:\/\/www.tiktok.com\/embed.js\"><\/script>\n\n\n\n<p><em>Leia mais: <strong><a href=\"https:\/\/www.em.com.br\/emfoco\/2026\/01\/12\/como-plantar-taioba-em-vaso-no-verao-escolher-a-variedade-comestivel-e-colher-folhas-frescas-com-seguranca-o-ano-inteiro\/\" target=\"_blank\" rel=\"noreferrer noopener\">Como plantar taioba em vaso no ver\u00e3o, escolher a variedade comest\u00edvel e colher folhas frescas com seguran\u00e7a o ano inteiro<\/a><\/strong><\/em><\/p>\n\n\n\n<h2 class=\"wp-block-heading\">Quais cuidados simples garantem uma rom\u00e3 saud\u00e1vel?<\/h2>\n\n\n\n<p>Mesmo sendo r\u00fastica, a rom\u00e3 responde melhor quando recebe cuidados b\u00e1sicos e consistentes, o que facilita a frutifica\u00e7\u00e3o e mant\u00e9m a planta bonita ao longo do tempo. Alguns pontos pr\u00e1ticos merecem aten\u00e7\u00e3o especial, como os listados a seguir.<\/p>\n\n\n\n<ul class=\"wp-block-list\">\n<li><strong>Sol direto<\/strong> por pelo menos seis horas di\u00e1rias.<\/li>\n\n\n\n<li><strong>Regas moderadas<\/strong>, respeitando a secagem do solo.<\/li>\n\n\n\n<li><strong>Adubo org\u00e2nico<\/strong> a cada tr\u00eas meses para estimular frutos.<\/li>\n<\/ul>\n\n\n\n<h2 class=\"wp-block-heading\">Por que a rom\u00e3 \u00e9 considerada s\u00edmbolo de sa\u00fade e sorte?<\/h2>\n\n\n\n<p>A rom\u00e3 \u00e9 rica em <strong>antioxidantes e vitaminas<\/strong> associados ao fortalecimento da imunidade, o que explica seu uso tradicional em sucos e receitas naturais. Ter a fruta fresca em casa amplia esses benef\u00edcios no dia a dia.<\/p>\n\n\n\n<p>Al\u00e9m da sa\u00fade, a rom\u00e3 \u00e9 ligada \u00e0 <strong>sorte e prosperidade<\/strong>, especialmente no Ano Novo, quando muitos mant\u00eam a planta ou os frutos como s\u00edmbolo de bons come\u00e7os. Voc\u00ea j\u00e1 sabia que cuidar dela \u00e9 t\u00e3o simples ou achava que exigia muito espa\u00e7o?<\/p>\n","protected":false},"excerpt":{"rendered":"<p>A rom\u00e3zeira \u00e9 ideal para quintais pequenos por ter ra\u00edzes superficiais e n\u00e3o invasivas. Resistente e ornamental, adapta-se a vasos ou solo, exige sol, regas moderadas e aduba\u00e7\u00e3o simples, sem danificar estruturas. Plantar uma frut\u00edfera em casa costuma gerar medo de ra\u00edzes agressivas e reformas caras, mas a rom\u00e3zeira foge dessa regra. Resistente, ornamental e [&hellip;]<\/p>\n","protected":false},"author":13,"featured_media":154217,"comment_status":"open","ping_status":"open","sticky":false,"template":"","format":"standard","meta":{"jnews-multi-image_gallery":[],"jnews_single_post":{"format":"standard"},"jnews_primary_category":[],"jnews_social_meta":[],"jnews_override_counter":[],"footnotes":""},"categories":[8819],"tags":[22452,3358,12998],"class_list":["post-154193","post","type-post","status-publish","format-standard","has-post-thumbnail","hentry","category-curiosidades","tag-arvore-frutifera-3","tag-jardinagem","tag-roma-2"],"yoast_head":"<!-- This site is optimized with the Yoast SEO plugin v23.8 - https:\/\/yoast.com\/wordpress\/plugins\/seo\/ -->\n<title>Nem lim\u00e3o, nem laranja: a \u00e1rvore frut\u00edfera que n\u00e3o levanta o solo com suas ra\u00edzes e requer poucos cuidados de jardinagem - Estado de Minas - Em foco<\/title>\n<meta name=\"description\" content=\"A rom\u00e3zeira tem ra\u00edzes seguras, \u00e9 f\u00e1cil de cuidar e ainda simboliza sa\u00fade e sorte. Ideal para quem tem pouco espa\u00e7o e quer plantar.\" \/>\n<meta name=\"robots\" content=\"index, follow, max-snippet:-1, max-image-preview:large, max-video-preview:-1\" \/>\n<link rel=\"canonical\" href=\"https:\/\/www.em.com.br\/emfoco\/2026\/01\/14\/nem-limao-nem-laranja-a-arvore-frutifera-que-nao-levanta-o-solo-com-suas-raizes-e-requer-poucos-cuidados-de-jardinagem\/\" \/>\n<meta property=\"og:locale\" content=\"pt_BR\" \/>\n<meta property=\"og:type\" content=\"article\" \/>\n<meta property=\"og:title\" content=\"Nem lim\u00e3o, nem laranja: a \u00e1rvore frut\u00edfera que n\u00e3o levanta o solo com suas ra\u00edzes e requer poucos cuidados de jardinagem - Estado de Minas - Em foco\" \/>\n<meta property=\"og:description\" content=\"A rom\u00e3zeira tem ra\u00edzes seguras, \u00e9 f\u00e1cil de cuidar e ainda simboliza sa\u00fade e sorte. Ideal para quem tem pouco espa\u00e7o e quer plantar.\" \/>\n<meta property=\"og:url\" content=\"https:\/\/www.em.com.br\/emfoco\/2026\/01\/14\/nem-limao-nem-laranja-a-arvore-frutifera-que-nao-levanta-o-solo-com-suas-raizes-e-requer-poucos-cuidados-de-jardinagem\/\" \/>\n<meta property=\"og:site_name\" content=\"Estado de Minas - Em foco\" \/>\n<meta property=\"article:published_time\" content=\"2026-01-14T12:25:00+00:00\" \/>\n<meta property=\"article:modified_time\" content=\"2026-01-12T21:29:09+00:00\" \/>\n<meta property=\"og:image\" content=\"https:\/\/www.em.com.br\/emfoco\/wp-content\/uploads\/2026\/01\/AIAI-1-6.jpg\" \/>\n\t<meta property=\"og:image:width\" content=\"1280\" \/>\n\t<meta property=\"og:image:height\" content=\"720\" \/>\n\t<meta property=\"og:image:type\" content=\"image\/jpeg\" \/>\n<meta name=\"author\" content=\"Gabriel Martins\" \/>\n<meta name=\"twitter:card\" content=\"summary_large_image\" \/>\n<meta name=\"twitter:label1\" content=\"Escrito por\" \/>\n\t<meta name=\"twitter:data1\" content=\"Gabriel Martins\" \/>\n\t<meta name=\"twitter:label2\" content=\"Est. tempo de leitura\" \/>\n\t<meta name=\"twitter:data2\" content=\"4 minutos\" \/>\n<!-- \/ Yoast SEO plugin. -->","yoast_head_json":{"title":"Nem lim\u00e3o, nem laranja: a \u00e1rvore frut\u00edfera que n\u00e3o levanta o solo com suas ra\u00edzes e requer poucos cuidados de jardinagem - Estado de Minas - Em foco","description":"A rom\u00e3zeira tem ra\u00edzes seguras, \u00e9 f\u00e1cil de cuidar e ainda simboliza sa\u00fade e sorte. Ideal para quem tem pouco espa\u00e7o e quer plantar.","robots":{"index":"index","follow":"follow","max-snippet":"max-snippet:-1","max-image-preview":"max-image-preview:large","max-video-preview":"max-video-preview:-1"},"canonical":"https:\/\/www.em.com.br\/emfoco\/2026\/01\/14\/nem-limao-nem-laranja-a-arvore-frutifera-que-nao-levanta-o-solo-com-suas-raizes-e-requer-poucos-cuidados-de-jardinagem\/","og_locale":"pt_BR","og_type":"article","og_title":"Nem lim\u00e3o, nem laranja: a \u00e1rvore frut\u00edfera que n\u00e3o levanta o solo com suas ra\u00edzes e requer poucos cuidados de jardinagem - Estado de Minas - Em foco","og_description":"A rom\u00e3zeira tem ra\u00edzes seguras, \u00e9 f\u00e1cil de cuidar e ainda simboliza sa\u00fade e sorte. Ideal para quem tem pouco espa\u00e7o e quer plantar.","og_url":"https:\/\/www.em.com.br\/emfoco\/2026\/01\/14\/nem-limao-nem-laranja-a-arvore-frutifera-que-nao-levanta-o-solo-com-suas-raizes-e-requer-poucos-cuidados-de-jardinagem\/","og_site_name":"Estado de Minas - Em foco","article_published_time":"2026-01-14T12:25:00+00:00","article_modified_time":"2026-01-12T21:29:09+00:00","og_image":[{"width":1280,"height":720,"url":"https:\/\/www.em.com.br\/emfoco\/wp-content\/uploads\/2026\/01\/AIAI-1-6.jpg","type":"image\/jpeg"}],"author":"Gabriel Martins","twitter_card":"summary_large_image","twitter_misc":{"Escrito por":"Gabriel Martins","Est. tempo de leitura":"4 minutos"},"schema":{"@context":"https:\/\/schema.org","@graph":[{"@type":"WebPage","@id":"https:\/\/www.em.com.br\/emfoco\/2026\/01\/14\/nem-limao-nem-laranja-a-arvore-frutifera-que-nao-levanta-o-solo-com-suas-raizes-e-requer-poucos-cuidados-de-jardinagem\/","url":"https:\/\/www.em.com.br\/emfoco\/2026\/01\/14\/nem-limao-nem-laranja-a-arvore-frutifera-que-nao-levanta-o-solo-com-suas-raizes-e-requer-poucos-cuidados-de-jardinagem\/","name":"Nem lim\u00e3o, nem laranja: a \u00e1rvore frut\u00edfera que n\u00e3o levanta o solo com suas ra\u00edzes e requer poucos cuidados de jardinagem - Estado de Minas - Em foco","isPartOf":{"@id":"https:\/\/www.em.com.br\/emfoco\/#website"},"primaryImageOfPage":{"@id":"https:\/\/www.em.com.br\/emfoco\/2026\/01\/14\/nem-limao-nem-laranja-a-arvore-frutifera-que-nao-levanta-o-solo-com-suas-raizes-e-requer-poucos-cuidados-de-jardinagem\/#primaryimage"},"image":{"@id":"https:\/\/www.em.com.br\/emfoco\/2026\/01\/14\/nem-limao-nem-laranja-a-arvore-frutifera-que-nao-levanta-o-solo-com-suas-raizes-e-requer-poucos-cuidados-de-jardinagem\/#primaryimage"},"thumbnailUrl":"https:\/\/www.em.com.br\/emfoco\/wp-content\/uploads\/2026\/01\/AIAI-1-6.jpg","datePublished":"2026-01-14T12:25:00+00:00","dateModified":"2026-01-12T21:29:09+00:00","author":{"@id":"https:\/\/www.em.com.br\/emfoco\/#\/schema\/person\/1c9ddeab18b98abeffef834667bcf08a"},"description":"A rom\u00e3zeira tem ra\u00edzes seguras, \u00e9 f\u00e1cil de cuidar e ainda simboliza sa\u00fade e sorte. Ideal para quem tem pouco espa\u00e7o e quer plantar.","breadcrumb":{"@id":"https:\/\/www.em.com.br\/emfoco\/2026\/01\/14\/nem-limao-nem-laranja-a-arvore-frutifera-que-nao-levanta-o-solo-com-suas-raizes-e-requer-poucos-cuidados-de-jardinagem\/#breadcrumb"},"inLanguage":"pt-BR","potentialAction":[{"@type":"ReadAction","target":["https:\/\/www.em.com.br\/emfoco\/2026\/01\/14\/nem-limao-nem-laranja-a-arvore-frutifera-que-nao-levanta-o-solo-com-suas-raizes-e-requer-poucos-cuidados-de-jardinagem\/"]}]},{"@type":"ImageObject","inLanguage":"pt-BR","@id":"https:\/\/www.em.com.br\/emfoco\/2026\/01\/14\/nem-limao-nem-laranja-a-arvore-frutifera-que-nao-levanta-o-solo-com-suas-raizes-e-requer-poucos-cuidados-de-jardinagem\/#primaryimage","url":"https:\/\/www.em.com.br\/emfoco\/wp-content\/uploads\/2026\/01\/AIAI-1-6.jpg","contentUrl":"https:\/\/www.em.com.br\/emfoco\/wp-content\/uploads\/2026\/01\/AIAI-1-6.jpg","width":1280,"height":720,"caption":"Rom\u00e3zeira combina seguran\u00e7a estrutural, beleza ornamental e produ\u00e7\u00e3o em espa\u00e7os pequenos"},{"@type":"BreadcrumbList","@id":"https:\/\/www.em.com.br\/emfoco\/2026\/01\/14\/nem-limao-nem-laranja-a-arvore-frutifera-que-nao-levanta-o-solo-com-suas-raizes-e-requer-poucos-cuidados-de-jardinagem\/#breadcrumb","itemListElement":[{"@type":"ListItem","position":1,"name":"In\u00edcio","item":"https:\/\/www.em.com.br\/emfoco\/"},{"@type":"ListItem","position":2,"name":"Nem lim\u00e3o, nem laranja: a \u00e1rvore frut\u00edfera que n\u00e3o levanta o solo com suas ra\u00edzes e requer poucos cuidados de jardinagem"}]},{"@type":"WebSite","@id":"https:\/\/www.em.com.br\/emfoco\/#website","url":"https:\/\/www.em.com.br\/emfoco\/","name":"Estado de Minas - Em foco","description":"Acompanhe as \u00faltimas not\u00edcias e fique bem informado sobre tudo o que acontece em Minas Gerais, Brasil e no mundo.","potentialAction":[{"@type":"SearchAction","target":{"@type":"EntryPoint","urlTemplate":"https:\/\/www.em.com.br\/emfoco\/?s={search_term_string}"},"query-input":{"@type":"PropertyValueSpecification","valueRequired":true,"valueName":"search_term_string"}}],"inLanguage":"pt-BR"},{"@type":"Person","@id":"https:\/\/www.em.com.br\/emfoco\/#\/schema\/person\/1c9ddeab18b98abeffef834667bcf08a","name":"Gabriel Martins","image":{"@type":"ImageObject","inLanguage":"pt-BR","@id":"https:\/\/www.em.com.br\/emfoco\/#\/schema\/person\/image\/","url":"https:\/\/secure.gravatar.com\/avatar\/f0f1e2efdfd88f1ad2cb08c5c2731e50?s=96&d=mm&r=g","contentUrl":"https:\/\/secure.gravatar.com\/avatar\/f0f1e2efdfd88f1ad2cb08c5c2731e50?s=96&d=mm&r=g","caption":"Gabriel Martins"},"sameAs":["https:\/\/www.em.com.br\/emfoco\/"],"url":"https:\/\/www.em.com.br\/emfoco\/author\/gabrielmartinsmyth\/"}]}},"_links":{"self":[{"href":"https:\/\/www.em.com.br\/emfoco\/wp-json\/wp\/v2\/posts\/154193","targetHints":{"allow":["GET"]}}],"collection":[{"href":"https:\/\/www.em.com.br\/emfoco\/wp-json\/wp\/v2\/posts"}],"about":[{"href":"https:\/\/www.em.com.br\/emfoco\/wp-json\/wp\/v2\/types\/post"}],"author":[{"embeddable":true,"href":"https:\/\/www.em.com.br\/emfoco\/wp-json\/wp\/v2\/users\/13"}],"replies":[{"embeddable":true,"href":"https:\/\/www.em.com.br\/emfoco\/wp-json\/wp\/v2\/comments?post=154193"}],"version-history":[{"count":1,"href":"https:\/\/www.em.com.br\/emfoco\/wp-json\/wp\/v2\/posts\/154193\/revisions"}],"predecessor-version":[{"id":154219,"href":"https:\/\/www.em.com.br\/emfoco\/wp-json\/wp\/v2\/posts\/154193\/revisions\/154219"}],"wp:featuredmedia":[{"embeddable":true,"href":"https:\/\/www.em.com.br\/emfoco\/wp-json\/wp\/v2\/media\/154217"}],"wp:attachment":[{"href":"https:\/\/www.em.com.br\/emfoco\/wp-json\/wp\/v2\/media?parent=154193"}],"wp:term":[{"taxonomy":"category","embeddable":true,"href":"https:\/\/www.em.com.br\/emfoco\/wp-json\/wp\/v2\/categories?post=154193"},{"taxonomy":"post_tag","embeddable":true,"href":"https:\/\/www.em.com.br\/emfoco\/wp-json\/wp\/v2\/tags?post=154193"}],"curies":[{"name":"wp","href":"https:\/\/api.w.org\/{rel}","templated":true}]}}