{"id":154083,"date":"2026-01-13T09:55:44","date_gmt":"2026-01-13T12:55:44","guid":{"rendered":"https:\/\/www.em.com.br\/emfoco\/?p=154083"},"modified":"2026-01-12T16:59:55","modified_gmt":"2026-01-12T19:59:55","slug":"a-arvore-do-pinterest-como-ter-um-ficus-lyrata-de-revista-em-casa","status":"publish","type":"post","link":"https:\/\/www.em.com.br\/emfoco\/2026\/01\/13\/a-arvore-do-pinterest-como-ter-um-ficus-lyrata-de-revista-em-casa\/","title":{"rendered":"A \u00e1rvore do Pinterest: como ter um Ficus Lyrata de revista em casa"},"content":{"rendered":"\n<p>O Ficus Lyrata ama luz filtrada e odeia encharcamento. Use solo drenado e regue apenas quando a terra secar. Limpe as folhas largas com pano \u00famido, evite ar-condicionado direto e gire o vaso para crescer reto<\/p>\n\n\n\n<p><strong>Se voc\u00ea j\u00e1 se encantou<\/strong> com uma foto de sala cheia de luz com um <strong>ficus lyrata imponente<\/strong> no canto e pensou \u201cser\u00e1 que eu dou conta dessa planta?\u201d, saiba que n\u00e3o est\u00e1 sozinho. A figueira-lira ganhou o cora\u00e7\u00e3o de muita gente justamente por transformar qualquer ambiente com suas folhas largas e esculturais, e, com alguns cuidados simples, ela pode viver por muitos anos dentro de casa.<\/p>\n\n\n\n<h2 class=\"wp-block-heading\">Como come\u00e7ar a cultivar ficus lyrata em apartamento ou casa<\/h2>\n\n\n\n<p>O <strong>ficus lyrata<\/strong> \u00e9 uma planta tropical que gosta de luz, clima ameno e um pouco de umidade no ar, o que lembra bastante ambientes iluminados de apartamentos e casas. Ele pode ser o <strong>destaque da decora\u00e7\u00e3o<\/strong>, desde que voc\u00ea adapte as condi\u00e7\u00f5es do seu espa\u00e7o ao que ele encontra na natureza.<\/p>\n\n\n\n<p>Quem quer cultivar a esp\u00e9cie em vaso precisa se atentar \u00e0 escolha do <strong>recipiente adequado<\/strong>, ao tipo de terra, \u00e0 forma de regar e ao local onde a planta ficar\u00e1. Esses cuidados b\u00e1sicos ajudam o ficus a crescer com folhas <strong>bonitas, firmes e saud\u00e1veis<\/strong> ao longo do tempo.<\/p>\n\n\n\n<figure class=\"wp-block-embed is-type-rich is-provider-pinterest wp-block-embed-pinterest\"><div class=\"wp-block-embed__wrapper\">\n<iframe loading=\"lazy\" title=\" \" src=\"https:\/\/assets.pinterest.com\/ext\/embed.html?id=4433299629372337&#038;src=oembed\" height=\"899\" width=\"450\" frameborder=\"0\" scrolling=\"no\" ><\/iframe>\n<\/div><\/figure>\n\n\n\n<p>Leia tamb\u00e9m:&nbsp;<a href=\"https:\/\/www.em.com.br\/emfoco\/2026\/01\/10\/depois-da-primeira-flor-sua-orquidea-travou-entenda-o-motivo-real-que-ninguem-te-contou\/\" target=\"_blank\" rel=\"noopener\">Depois da primeira flor, sua orqu\u00eddea travou? Entenda o motivo real que ningu\u00e9m te contou<\/a><\/p>\n\n\n\n<h2 class=\"wp-block-heading\">Como plantar ficus lyrata em vaso pela primeira vez<\/h2>\n\n\n\n<p>Para come\u00e7ar bem, escolha um <strong>vaso com furos de drenagem<\/strong>, pois isso evita que a \u00e1gua fique parada nas ra\u00edzes, o que \u00e9 uma das principais causas de problemas na planta. Vasos de cer\u00e2mica ou cimento costumam \u201crespirar\u201d melhor, enquanto os de pl\u00e1stico seguram mais umidade e exigem mais aten\u00e7\u00e3o na hora da <strong>rega cuidadosa<\/strong>.<\/p>\n\n\n\n<p>O substrato ideal \u00e9 <strong>leve e bem drenado<\/strong> e rico em mat\u00e9ria org\u00e2nica, algo como terra vegetal misturada com composto org\u00e2nico e um material que ajude a escoar a \u00e1gua, como areia grossa ou perlita. Assim as ra\u00edzes encontram um ambiente <strong>arejado, sem solo compactado<\/strong>, o que facilita o crescimento da planta.<\/p>\n\n\n\n<ul class=\"wp-block-list\">\n<li><strong>Colocar uma camada<\/strong> de pedrinhas ou argila expandida no fundo do vaso.<\/li>\n\n\n\n<li>Adicionar parte do substrato e acomodar o <strong>torr\u00e3o do ficus<\/strong> com cuidado.<\/li>\n\n\n\n<li>Preencher as laterais com mais terra solta, sem <strong>apertar demais<\/strong>.<\/li>\n\n\n\n<li>Regar levemente para assentar o substrato ao redor das <strong>ra\u00edzes da planta<\/strong>.<\/li>\n<\/ul>\n\n\n\n<figure class=\"wp-block-embed is-type-rich is-provider-pinterest wp-block-embed-pinterest\"><div class=\"wp-block-embed__wrapper\">\n<iframe loading=\"lazy\" title=\" \" src=\"https:\/\/assets.pinterest.com\/ext\/embed.html?id=1477812373638465&#038;src=oembed\" height=\"779\" width=\"450\" frameborder=\"0\" scrolling=\"no\" ><\/iframe>\n<\/div><\/figure>\n\n\n\n<h2 class=\"wp-block-heading\">Como acertar na luz, na rega e na temperatura do ficus lyrata em casa<\/h2>\n\n\n\n<p>Para entender como plantar ficus lyrata em casa e mant\u00ea-lo feliz, comece pela <strong>luz adequada<\/strong>: ele gosta de muita claridade, mas n\u00e3o suporta sol forte direto por muitas horas. Um ponto perto de janelas claras, com <strong>cortina leve filtrando<\/strong> os raios mais intensos, costuma ser ideal e evita folhas queimadas ou muito pequenas.<\/p>\n\n\n\n<figure class=\"wp-block-embed is-type-rich is-provider-pinterest wp-block-embed-pinterest\"><div class=\"wp-block-embed__wrapper\">\n<iframe loading=\"lazy\" title=\"rezendetx@yahoo.com.br\" src=\"https:\/\/assets.pinterest.com\/ext\/embed.html?id=281543726251338&#038;src=oembed\" height=\"899\" width=\"450\" frameborder=\"0\" scrolling=\"no\" ><\/iframe>\n<\/div><\/figure>\n\n\n\n<p>A rega deve manter o <strong>solo levemente \u00famido<\/strong>, nunca encharcado. Toque a terra: se os primeiros dois cent\u00edmetros estiverem secos, \u00e9 hora de regar; em dias quentes, isso acontece mais r\u00e1pido, enquanto no frio a planta bebe menos \u00e1gua. Tente manter a temperatura entre 18 \u00b0C e 28 \u00b0C, longe de <strong>ar-condicionado direto<\/strong> e correntes de ar gelado.<\/p>\n\n\n\n<h2 class=\"wp-block-heading\">Como cuidar do ficus lyrata no dia a dia ap\u00f3s o plantio<\/h2>\n\n\n\n<p>Depois de plantar o ficus lyrata, a <strong>rotina de cuidados<\/strong> \u00e9 o que garante que ele continue bonito e cheio de folhas novas. Na primavera e no ver\u00e3o, aduba\u00e7\u00f5es leves com <strong>fertilizantes para folhagens<\/strong>, seguindo a recomenda\u00e7\u00e3o do r\u00f3tulo, ajudam a fortalecer a planta e estimular o crescimento.<\/p>\n\n\n\n<figure class=\"wp-block-embed is-type-rich is-provider-pinterest wp-block-embed-pinterest\"><div class=\"wp-block-embed__wrapper\">\n<iframe loading=\"lazy\" title=\" \" src=\"https:\/\/assets.pinterest.com\/ext\/embed.html?id=26177241579917941&#038;src=oembed\" height=\"911\" width=\"450\" frameborder=\"0\" scrolling=\"no\" ><\/iframe>\n<\/div><\/figure>\n\n\n\n<p>Podas suaves em <strong>galhos muito compridos<\/strong> ou com poucas folhas deixam o ficus mais equilibrado visualmente e estimulam novos brotos. Use sempre ferramentas limpas e afiadas e aproveite para passar um <strong>pano \u00famido nas folhas<\/strong> de tempos em tempos, retirando a poeira que atrapalha a fotoss\u00edntese.<\/p>\n\n\n\n<h2 class=\"wp-block-heading\">Quais cuidados extras mant\u00eam o ficus lyrata saud\u00e1vel por mais tempo<\/h2>\n\n\n\n<p>Alguns h\u00e1bitos simples fazem diferen\u00e7a na apar\u00eancia geral da planta e na sua <strong>adapta\u00e7\u00e3o ao ambiente interno<\/strong>. Girar o vaso a cada poucas semanas ajuda todas as partes do ficus a receber luz de maneira mais uniforme, evitando que ele <strong>entorte em dire\u00e7\u00e3o<\/strong> \u00e0 janela.<\/p>\n\n\n\n<figure class=\"wp-block-embed is-type-rich is-provider-pinterest wp-block-embed-pinterest\"><div class=\"wp-block-embed__wrapper\">\n<iframe loading=\"lazy\" title=\" \" src=\"https:\/\/assets.pinterest.com\/ext\/embed.html?id=11259067814031989&#038;src=oembed\" height=\"899\" width=\"450\" frameborder=\"0\" scrolling=\"no\" ><\/iframe>\n<\/div><\/figure>\n\n\n\n<p>Tamb\u00e9m vale observar se surgem pragas como <strong>cochonilhas e \u00e1caros<\/strong>, mais comuns em locais muito secos, e aumentar levemente a umidade do ar com borrifadas ao redor da planta em dias muito quentes. Quando voc\u00ea notar que as ra\u00edzes ocupam quase <strong>todo o volume do vaso<\/strong>, \u00e9 sinal de que est\u00e1 na hora de um transplante para um recipiente um pouco maior.<\/p>\n\n\n\n<p>Para voc\u00ea que gosta de plantar, separamos um v\u00eddeo do canal <a class=\"yt-simple-endpoint style-scope yt-formatted-string\" spellcheck=\"false\" href=\"https:\/\/www.youtube.com\/@cultivando-canal\" target=\"_blank\" rel=\"noopener\">Cultivando<\/a>&nbsp;com dicas para plantar e cuidar da sua ficus lyrata:<\/p>\n\n\n\n<figure class=\"wp-block-embed is-type-video is-provider-youtube wp-block-embed-youtube wp-embed-aspect-16-9 wp-has-aspect-ratio\"><div class=\"wp-block-embed__wrapper\">\n<div class=\"jeg_video_container jeg_video_content\"><iframe loading=\"lazy\" title=\"Aprenda a cuidar do FICUS LYRATA com sucesso.\" width=\"500\" height=\"281\" src=\"https:\/\/www.youtube.com\/embed\/C_olsJEavvQ?feature=oembed\" frameborder=\"0\" allow=\"accelerometer; autoplay; clipboard-write; encrypted-media; gyroscope; picture-in-picture; web-share\" referrerpolicy=\"strict-origin-when-cross-origin\" allowfullscreen><\/iframe><\/div>\n<\/div><\/figure>\n\n\n\n<h2 class=\"wp-block-heading\">Quais erros evitar ao plantar e cuidar do ficus lyrata em casa<\/h2>\n\n\n\n<p>Alguns deslizes s\u00e3o bem comuns e podem derrubar o visual do ficus rapidamente, como <strong>solo encharcado por muito tempo<\/strong>, que provoca apodrecimento das ra\u00edzes e folhas amareladas. Outro erro frequente \u00e9 colocar a planta em sol direto forte de meio-dia, o que causa <strong>manchas e queimaduras<\/strong> nas folhas largas.<\/p>\n\n\n\n<p>Um substrato pesado ou muito argiloso tamb\u00e9m atrapalha, porque dificulta a drenagem, assim como ambientes com <strong>ar-condicionado ligado<\/strong> o tempo todo tendem a ressecar as pontas das folhas. Ajustar o local do vaso, revisar a rotina de rega e, se necess\u00e1rio, <strong>trocar o solo<\/strong> s\u00e3o atitudes simples que costumam recuperar a planta com o tempo.<\/p>\n","protected":false},"excerpt":{"rendered":"<p>O Ficus Lyrata ama luz filtrada e odeia encharcamento. Use solo drenado e regue apenas quando a terra secar. Limpe as folhas largas com pano \u00famido, evite ar-condicionado direto e gire o vaso para crescer reto Se voc\u00ea j\u00e1 se encantou com uma foto de sala cheia de luz com um ficus lyrata imponente no [&hellip;]<\/p>\n","protected":false},"author":9,"featured_media":128962,"comment_status":"open","ping_status":"open","sticky":false,"template":"","format":"standard","meta":{"jnews-multi-image_gallery":[],"jnews_single_post":{"format":"standard"},"jnews_primary_category":[],"jnews_social_meta":[],"jnews_override_counter":[],"footnotes":""},"categories":[8691,8819,1],"tags":[7701,22434,4323],"class_list":["post-154083","post","type-post","status-publish","format-standard","has-post-thumbnail","hentry","category-bem-estar","category-curiosidades","category-noticias","tag-como-plantar","tag-ficus-lyrata","tag-flor"],"yoast_head":"<!-- This site is optimized with the Yoast SEO plugin v23.8 - https:\/\/yoast.com\/wordpress\/plugins\/seo\/ -->\n<title>A \u00e1rvore do Pinterest: como ter um Ficus Lyrata de revista em casa - Estado de Minas - Em foco<\/title>\n<meta name=\"description\" content=\"Tenha um Ficus Lyrata saud\u00e1vel. Saiba escolher o vaso, a luz ideal e como regar sem encharcar para folhas lindas\" \/>\n<meta name=\"robots\" content=\"index, follow, max-snippet:-1, max-image-preview:large, max-video-preview:-1\" \/>\n<link rel=\"canonical\" href=\"https:\/\/www.em.com.br\/emfoco\/2026\/01\/13\/a-arvore-do-pinterest-como-ter-um-ficus-lyrata-de-revista-em-casa\/\" \/>\n<meta property=\"og:locale\" content=\"pt_BR\" \/>\n<meta property=\"og:type\" content=\"article\" \/>\n<meta property=\"og:title\" content=\"A \u00e1rvore do Pinterest: como ter um Ficus Lyrata de revista em casa - Estado de Minas - Em foco\" \/>\n<meta property=\"og:description\" content=\"Tenha um Ficus Lyrata saud\u00e1vel. Saiba escolher o vaso, a luz ideal e como regar sem encharcar para folhas lindas\" \/>\n<meta property=\"og:url\" content=\"https:\/\/www.em.com.br\/emfoco\/2026\/01\/13\/a-arvore-do-pinterest-como-ter-um-ficus-lyrata-de-revista-em-casa\/\" \/>\n<meta property=\"og:site_name\" content=\"Estado de Minas - Em foco\" \/>\n<meta property=\"article:published_time\" content=\"2026-01-13T12:55:44+00:00\" \/>\n<meta property=\"article:modified_time\" content=\"2026-01-12T19:59:55+00:00\" \/>\n<meta property=\"og:image\" content=\"https:\/\/www.em.com.br\/emfoco\/wp-content\/uploads\/2025\/11\/Ficus-Lyrata_1763476039513.jpg\" \/>\n\t<meta property=\"og:image:width\" content=\"1280\" \/>\n\t<meta property=\"og:image:height\" content=\"720\" \/>\n\t<meta property=\"og:image:type\" content=\"image\/jpeg\" \/>\n<meta name=\"author\" content=\"Daniely Cardoso\" \/>\n<meta name=\"twitter:card\" content=\"summary_large_image\" \/>\n<meta name=\"twitter:label1\" content=\"Escrito por\" \/>\n\t<meta name=\"twitter:data1\" content=\"Daniely Cardoso\" \/>\n\t<meta name=\"twitter:label2\" content=\"Est. tempo de leitura\" \/>\n\t<meta name=\"twitter:data2\" content=\"6 minutos\" \/>\n<!-- \/ Yoast SEO plugin. -->","yoast_head_json":{"title":"A \u00e1rvore do Pinterest: como ter um Ficus Lyrata de revista em casa - Estado de Minas - Em foco","description":"Tenha um Ficus Lyrata saud\u00e1vel. Saiba escolher o vaso, a luz ideal e como regar sem encharcar para folhas lindas","robots":{"index":"index","follow":"follow","max-snippet":"max-snippet:-1","max-image-preview":"max-image-preview:large","max-video-preview":"max-video-preview:-1"},"canonical":"https:\/\/www.em.com.br\/emfoco\/2026\/01\/13\/a-arvore-do-pinterest-como-ter-um-ficus-lyrata-de-revista-em-casa\/","og_locale":"pt_BR","og_type":"article","og_title":"A \u00e1rvore do Pinterest: como ter um Ficus Lyrata de revista em casa - Estado de Minas - Em foco","og_description":"Tenha um Ficus Lyrata saud\u00e1vel. Saiba escolher o vaso, a luz ideal e como regar sem encharcar para folhas lindas","og_url":"https:\/\/www.em.com.br\/emfoco\/2026\/01\/13\/a-arvore-do-pinterest-como-ter-um-ficus-lyrata-de-revista-em-casa\/","og_site_name":"Estado de Minas - Em foco","article_published_time":"2026-01-13T12:55:44+00:00","article_modified_time":"2026-01-12T19:59:55+00:00","og_image":[{"width":1280,"height":720,"url":"https:\/\/www.em.com.br\/emfoco\/wp-content\/uploads\/2025\/11\/Ficus-Lyrata_1763476039513.jpg","type":"image\/jpeg"}],"author":"Daniely Cardoso","twitter_card":"summary_large_image","twitter_misc":{"Escrito por":"Daniely Cardoso","Est. tempo de leitura":"6 minutos"},"schema":{"@context":"https:\/\/schema.org","@graph":[{"@type":"WebPage","@id":"https:\/\/www.em.com.br\/emfoco\/2026\/01\/13\/a-arvore-do-pinterest-como-ter-um-ficus-lyrata-de-revista-em-casa\/","url":"https:\/\/www.em.com.br\/emfoco\/2026\/01\/13\/a-arvore-do-pinterest-como-ter-um-ficus-lyrata-de-revista-em-casa\/","name":"A \u00e1rvore do Pinterest: como ter um Ficus Lyrata de revista em casa - Estado de Minas - Em foco","isPartOf":{"@id":"https:\/\/www.em.com.br\/emfoco\/#website"},"primaryImageOfPage":{"@id":"https:\/\/www.em.com.br\/emfoco\/2026\/01\/13\/a-arvore-do-pinterest-como-ter-um-ficus-lyrata-de-revista-em-casa\/#primaryimage"},"image":{"@id":"https:\/\/www.em.com.br\/emfoco\/2026\/01\/13\/a-arvore-do-pinterest-como-ter-um-ficus-lyrata-de-revista-em-casa\/#primaryimage"},"thumbnailUrl":"https:\/\/www.em.com.br\/emfoco\/wp-content\/uploads\/2025\/11\/Ficus-Lyrata_1763476039513.jpg","datePublished":"2026-01-13T12:55:44+00:00","dateModified":"2026-01-12T19:59:55+00:00","author":{"@id":"https:\/\/www.em.com.br\/emfoco\/#\/schema\/person\/0a8186d72f2c3a5c6276d90b41f271a0"},"description":"Tenha um Ficus Lyrata saud\u00e1vel. Saiba escolher o vaso, a luz ideal e como regar sem encharcar para folhas lindas","breadcrumb":{"@id":"https:\/\/www.em.com.br\/emfoco\/2026\/01\/13\/a-arvore-do-pinterest-como-ter-um-ficus-lyrata-de-revista-em-casa\/#breadcrumb"},"inLanguage":"pt-BR","potentialAction":[{"@type":"ReadAction","target":["https:\/\/www.em.com.br\/emfoco\/2026\/01\/13\/a-arvore-do-pinterest-como-ter-um-ficus-lyrata-de-revista-em-casa\/"]}]},{"@type":"ImageObject","inLanguage":"pt-BR","@id":"https:\/\/www.em.com.br\/emfoco\/2026\/01\/13\/a-arvore-do-pinterest-como-ter-um-ficus-lyrata-de-revista-em-casa\/#primaryimage","url":"https:\/\/www.em.com.br\/emfoco\/wp-content\/uploads\/2025\/11\/Ficus-Lyrata_1763476039513.jpg","contentUrl":"https:\/\/www.em.com.br\/emfoco\/wp-content\/uploads\/2025\/11\/Ficus-Lyrata_1763476039513.jpg","width":1280,"height":720,"caption":"O Ficus Lyrata, tamb\u00e9m chamado de Figueira-lira, destaca-se gra\u00e7as \u00e0s folhas grandes e vistosas - Cr\u00e9ditos: depositphotos.com \/ Sonyachny"},{"@type":"BreadcrumbList","@id":"https:\/\/www.em.com.br\/emfoco\/2026\/01\/13\/a-arvore-do-pinterest-como-ter-um-ficus-lyrata-de-revista-em-casa\/#breadcrumb","itemListElement":[{"@type":"ListItem","position":1,"name":"In\u00edcio","item":"https:\/\/www.em.com.br\/emfoco\/"},{"@type":"ListItem","position":2,"name":"A \u00e1rvore do Pinterest: como ter um Ficus Lyrata de revista em casa"}]},{"@type":"WebSite","@id":"https:\/\/www.em.com.br\/emfoco\/#website","url":"https:\/\/www.em.com.br\/emfoco\/","name":"Estado de Minas - Em foco","description":"Acompanhe as \u00faltimas not\u00edcias e fique bem informado sobre tudo o que acontece em Minas Gerais, Brasil e no mundo.","potentialAction":[{"@type":"SearchAction","target":{"@type":"EntryPoint","urlTemplate":"https:\/\/www.em.com.br\/emfoco\/?s={search_term_string}"},"query-input":{"@type":"PropertyValueSpecification","valueRequired":true,"valueName":"search_term_string"}}],"inLanguage":"pt-BR"},{"@type":"Person","@id":"https:\/\/www.em.com.br\/emfoco\/#\/schema\/person\/0a8186d72f2c3a5c6276d90b41f271a0","name":"Daniely Cardoso","image":{"@type":"ImageObject","inLanguage":"pt-BR","@id":"https:\/\/www.em.com.br\/emfoco\/#\/schema\/person\/image\/","url":"https:\/\/secure.gravatar.com\/avatar\/4b80ddbd124d1f071b626d52d62e5dff?s=96&d=mm&r=g","contentUrl":"https:\/\/secure.gravatar.com\/avatar\/4b80ddbd124d1f071b626d52d62e5dff?s=96&d=mm&r=g","caption":"Daniely Cardoso"},"url":"https:\/\/www.em.com.br\/emfoco\/author\/danielymyth\/"}]}},"_links":{"self":[{"href":"https:\/\/www.em.com.br\/emfoco\/wp-json\/wp\/v2\/posts\/154083","targetHints":{"allow":["GET"]}}],"collection":[{"href":"https:\/\/www.em.com.br\/emfoco\/wp-json\/wp\/v2\/posts"}],"about":[{"href":"https:\/\/www.em.com.br\/emfoco\/wp-json\/wp\/v2\/types\/post"}],"author":[{"embeddable":true,"href":"https:\/\/www.em.com.br\/emfoco\/wp-json\/wp\/v2\/users\/9"}],"replies":[{"embeddable":true,"href":"https:\/\/www.em.com.br\/emfoco\/wp-json\/wp\/v2\/comments?post=154083"}],"version-history":[{"count":3,"href":"https:\/\/www.em.com.br\/emfoco\/wp-json\/wp\/v2\/posts\/154083\/revisions"}],"predecessor-version":[{"id":154156,"href":"https:\/\/www.em.com.br\/emfoco\/wp-json\/wp\/v2\/posts\/154083\/revisions\/154156"}],"wp:featuredmedia":[{"embeddable":true,"href":"https:\/\/www.em.com.br\/emfoco\/wp-json\/wp\/v2\/media\/128962"}],"wp:attachment":[{"href":"https:\/\/www.em.com.br\/emfoco\/wp-json\/wp\/v2\/media?parent=154083"}],"wp:term":[{"taxonomy":"category","embeddable":true,"href":"https:\/\/www.em.com.br\/emfoco\/wp-json\/wp\/v2\/categories?post=154083"},{"taxonomy":"post_tag","embeddable":true,"href":"https:\/\/www.em.com.br\/emfoco\/wp-json\/wp\/v2\/tags?post=154083"}],"curies":[{"name":"wp","href":"https:\/\/api.w.org\/{rel}","templated":true}]}}