{"id":154082,"date":"2026-01-13T08:15:39","date_gmt":"2026-01-13T11:15:39","guid":{"rendered":"https:\/\/www.em.com.br\/emfoco\/?p=154082"},"modified":"2026-01-12T17:07:09","modified_gmt":"2026-01-12T20:07:09","slug":"loiro-mel-quente-a-cor-do-verao-2026-que-nao-exige-retoque-mensal-no-salao-de-beleza","status":"publish","type":"post","link":"https:\/\/www.em.com.br\/emfoco\/2026\/01\/13\/loiro-mel-quente-a-cor-do-verao-2026-que-nao-exige-retoque-mensal-no-salao-de-beleza\/","title":{"rendered":"Loiro mel quente: a cor do ver\u00e3o 2026 que n\u00e3o exige retoque mensal no sal\u00e3o de beleza"},"content":{"rendered":"\n<h2 class=\"wp-block-heading\">O tom Mel Quente substitui o platinado com dourados suaves. Ideal para morenas, disfar\u00e7a a raiz e exige menos retoque. Mantenha a cor com hidrata\u00e7\u00e3o semanal, produtos com filtro UV e prote\u00e7\u00e3o t\u00e9rmica no dia a dia<\/h2>\n\n\n\n<p><b>Voc\u00ea j\u00e1 saiu do sal\u00e3o<\/b> com um loiro lindo, mas sentiu que a cor n\u00e3o combinou com a sua pele ou ficou dif\u00edcil demais de manter? \u00c9 exatamente esse tipo de frustra\u00e7\u00e3o que o tom <b>mel quente<\/b> promete evitar, trazendo um visual iluminado, mais natural e com cara de cabelo que clareou no sol ao longo do ver\u00e3o.<\/p>\n\n\n\n<h2 class=\"wp-block-heading\">Por que o mel quente est\u00e1 ganhando espa\u00e7o para o ver\u00e3o de 2026<\/h2>\n\n\n\n<p>Nos \u00faltimos anos, muita gente cansou de manter loiros muito claros e frios, que exigem retoques constantes e uso frequente de matizadores. O <b>mel quente<\/b> acompanha essa mudan\u00e7a, oferecendo um tom mais f\u00e1cil de cuidar, que desbota de forma mais suave e continua <b>bonito mesmo ap\u00f3s lavagens<\/b>.<\/p>\n\n\n\n<figure class=\"wp-block-embed is-type-rich is-provider-pinterest wp-block-embed-pinterest\"><div class=\"wp-block-embed__wrapper\">\n<iframe loading=\"lazy\" title=\" \" src=\"https:\/\/assets.pinterest.com\/ext\/embed.html?id=1688918606070917&#038;src=oembed\" height=\"938\" width=\"450\" frameborder=\"0\" scrolling=\"no\" ><\/iframe>\n<\/div><\/figure>\n\n\n\n<p>Esse loiro tamb\u00e9m conversa melhor com <b>ra\u00edzes naturalmente escuras<\/b>, comuns no <strong>Brasil<\/strong>. Em vez de um contraste marcado entre raiz escura e comprimento platinado, o mel quente cria <b>transi\u00e7\u00f5es delicadas<\/b>, ajudando inclusive quem est\u00e1 em fase de recupera\u00e7\u00e3o de danos causados por descolora\u00e7\u00f5es intensas.<\/p>\n\n\n\n<h2 class=\"wp-block-heading\">Como funciona na pr\u00e1tica a constru\u00e7\u00e3o do tom mel quente<\/h2>\n\n\n\n<p>Na cadeira do sal\u00e3o, o profissional costuma partir de uma base de <b>loiro escuro<\/b> ou castanho claro e distribuir mechas em intensidades diferentes de dourado. Essa combina\u00e7\u00e3o cria um efeito de movimento, como se alguns pontos do cabelo <b>recebessem mais sol<\/b> do que outros.<\/p>\n\n\n\n<p>O mel quente \u00e9 bastante vers\u00e1til e pode ser adaptado a <b>peles claras, m\u00e9dias ou escuras<\/b>. Ajustando o grau de clareamento e o subtom das mechas, \u00e9 poss\u00edvel ir de um dourado suave e delicado at\u00e9 um <b>mel mais acobreado<\/b>, que valoriza muito peles morenas e negras.<\/p>\n\n\n\n<figure class=\"wp-block-embed is-type-rich is-provider-pinterest wp-block-embed-pinterest\"><div class=\"wp-block-embed__wrapper\">\n<iframe loading=\"lazy\" title=\"&quot;Teria coragem de fazer esse cabelo comigo?&quot;Lucas possetti. Spice Tangerine blond! @mermaidhairco_ #diacolor #lorealpro #lorealprobr #mermaidhair @natysilvap Que arrasou na cor das extens\u00f5es e @muriloborbam @giuliabalanco\" src=\"https:\/\/assets.pinterest.com\/ext\/embed.html?id=71635450324183457&#038;src=oembed\" height=\"899\" width=\"450\" frameborder=\"0\" scrolling=\"no\" ><\/iframe>\n<\/div><\/figure>\n\n\n\n<p>Leia tamb\u00e9m:&nbsp;<a href=\"https:\/\/www.em.com.br\/emfoco\/2026\/01\/08\/esqueca-o-loiro-e-a-balayage-essa-e-a-cor-de-cabelo-mais-moderna-e-elegante-para-este-verao-de-2026\/\" target=\"_blank\" rel=\"noopener\">Esque\u00e7a o loiro e a balayage, essa \u00e9 a cor de cabelo mais moderna e elegante para este ver\u00e3o de 2026<\/a><\/p>\n\n\n\n<h2 class=\"wp-block-heading\">Como escolher o melhor tom de mel quente para cada pessoa<\/h2>\n\n\n\n<p>A escolha do <b>mel quente ideal<\/b> leva em conta tr\u00eas fatores principais: cor natural dos fios, subtom de pele e hist\u00f3rico de qu\u00edmicas. Em geral, <b>peles de subtom frio<\/b> combinam melhor com dourados suaves, enquanto peles quentes ou neutras recebem super bem reflexos dourados intensos ou levemente acobreados.<\/p>\n\n\n\n<figure class=\"wp-block-embed is-type-rich is-provider-pinterest wp-block-embed-pinterest\"><div class=\"wp-block-embed__wrapper\">\n<iframe loading=\"lazy\" title=\"Head turner\ud83d\udc8b\ud83e\udd42\ud83e\udee7  #hairbymere #foilayage #balayage #blonde #highlights #redhead #omahahairstylist #nebraskahairstylist #midwesthairstylist\" src=\"https:\/\/assets.pinterest.com\/ext\/embed.html?id=3377768468633874&#038;src=oembed\" height=\"694\" width=\"450\" frameborder=\"0\" scrolling=\"no\" ><\/iframe>\n<\/div><\/figure>\n\n\n\n<p>Para evitar que o cabelo fique <b>amarelado demais<\/b> ou sem vida, a avalia\u00e7\u00e3o de um profissional \u00e9 importante. Ele ajusta nuances e t\u00e9cnicas para chegar a um resultado equilibrado, que <b>ilumina o rosto<\/b> sem pesar.<\/p>\n\n\n\n<h2 class=\"wp-block-heading\">Como adaptar o mel quente para diferentes tons e hist\u00f3ricos de cabelo<\/h2>\n\n\n\n<p>Dependendo da <b>cor de base<\/b> e do que j\u00e1 foi feito no cabelo antes, o caminho at\u00e9 o mel quente pode mudar. Em alguns casos, bastam tonalizantes; em outros, \u00e9 preciso clarear ou repigmentar para chegar a um resultado <b>bonito e uniforme<\/b>.<\/p>\n\n\n\n<ul class=\"wp-block-list\">\n<li><b>Cabelo castanho m\u00e9dio a escuro:<\/b> clareamento em mechas graduais, criando um castanho mel quente com <b>pontos de luz<\/b> nas pontas.<\/li>\n\n\n\n<li><b>Cabelos loiro escuro naturais:<\/b> uso de tonalizantes e mechas suaves, com menos <b>agress\u00e3o \u00e0 fibra<\/b>.<\/li>\n\n\n\n<li><b>Fios muito claros<\/b> ou platinados: repigmenta\u00e7\u00e3o para devolver pigmentos dourados e ambarinos, evitando <b>manchas indesejadas<\/b>.<\/li>\n<\/ul>\n\n\n\n<figure class=\"wp-block-embed is-type-rich is-provider-pinterest wp-block-embed-pinterest\"><div class=\"wp-block-embed__wrapper\">\n<iframe loading=\"lazy\" title=\"Loiro Mel\" src=\"https:\/\/assets.pinterest.com\/ext\/embed.html?id=16677461116143411&#038;src=oembed\" height=\"899\" width=\"450\" frameborder=\"0\" scrolling=\"no\" ><\/iframe>\n<\/div><\/figure>\n\n\n\n<h2 class=\"wp-block-heading\">Quais t\u00e9cnicas ajudam a conquistar um mel quente mais natural<\/h2>\n\n\n\n<p>Nos sal\u00f5es, o <b>mel quente<\/b> costuma ser constru\u00eddo com t\u00e9cnicas que evitam marca\u00e7\u00f5es r\u00edgidas. Balayage, hair contour e <b>mechas esfumadas na raiz<\/b> s\u00e3o favoritas para dar aquele efeito de luz difusa, como se o cabelo tivesse clareado aos poucos.<\/p>\n\n\n\n<p>Essas abordagens mant\u00eam a <b>raiz levemente mais escura<\/b> e garantem um crescimento mais harmonioso. Assim, o visual dura mais tempo, sem necessidade de mudan\u00e7as dr\u00e1sticas a cada <b>visita ao cabeleireiro<\/b>.<\/p>\n\n\n\n<figure class=\"wp-block-embed is-type-rich is-provider-pinterest wp-block-embed-pinterest\"><div class=\"wp-block-embed__wrapper\">\n<iframe loading=\"lazy\" title=\" \" src=\"https:\/\/assets.pinterest.com\/ext\/embed.html?id=1196337403914441&#038;src=oembed\" height=\"898\" width=\"450\" frameborder=\"0\" scrolling=\"no\" ><\/iframe>\n<\/div><\/figure>\n\n\n\n<h2 class=\"wp-block-heading\">Quais cuidados o cabelo mel quente exige no dia a dia<\/h2>\n\n\n\n<p>Mesmo sendo mais f\u00e1cil de manter do que o loiro frio, o <b>mel quente<\/b> tamb\u00e9m precisa de carinho para continuar brilhante. Sol forte, mar e piscina podem ressecar os fios e oxidar a cor, deixando o tom apagado ou com <b>reflexos indesejados<\/b>.<\/p>\n\n\n\n<ol class=\"wp-block-list\">\n<li><b>Shampoos e condicionadores para cabelos coloridos:<\/b> f\u00f3rmulas suaves ajudam a segurar o pigmento por mais tempo e mant\u00eam os fios <b>mais hidratados<\/b>.<\/li>\n\n\n\n<li><b>Hidrata\u00e7\u00f5es semanais:<\/b> m\u00e1scaras nutritivas e reconstrutoras devolvem <b>maciez e brilho<\/b>.<\/li>\n\n\n\n<li><b>Prote\u00e7\u00e3o t\u00e9rmica:<\/b> essencial antes de secador, chapinha ou babyliss para evitar danos e manter a <b>cor protegida<\/b>.<\/li>\n\n\n\n<li><b>Produtos com filtro UV:<\/b> sprays ou cremes com prote\u00e7\u00e3o solar reduzem a <b>oxida\u00e7\u00e3o da cor<\/b>.<\/li>\n\n\n\n<li><b>Retoques planejados:<\/b> a cada 2 ou 3 meses, refor\u00e7a-se a cor em pontos estrat\u00e9gicos, sem <b>refazer todo o processo<\/b>.<\/li>\n<\/ol>\n\n\n\n<p>Para voc\u00ea que quer se cuidar, separamos um v\u00eddeo do canal do <a href=\"https:\/\/www.youtube.com\/@RodrigoCintraoficial\" target=\"_blank\" rel=\"noopener\">Rodrigo Cintra<\/a> com dicas para cuidar do seu cabelo loiro:<\/p>\n\n\n\n<figure class=\"wp-block-embed is-type-video is-provider-youtube wp-block-embed-youtube wp-embed-aspect-16-9 wp-has-aspect-ratio\"><div class=\"wp-block-embed__wrapper\">\n<div class=\"jeg_video_container jeg_video_content\"><iframe loading=\"lazy\" title=\"DICAS PARA CABELOS LOIROS\" width=\"500\" height=\"281\" src=\"https:\/\/www.youtube.com\/embed\/H2mMh1qFdSk?feature=oembed\" frameborder=\"0\" allow=\"accelerometer; autoplay; clipboard-write; encrypted-media; gyroscope; picture-in-picture; web-share\" referrerpolicy=\"strict-origin-when-cross-origin\" allowfullscreen><\/iframe><\/div>\n<\/div><\/figure>\n\n\n\n<h2 class=\"wp-block-heading\">Mel quente \u00e9 a aposta certeira para um loiro mais leve e realista<\/h2>\n\n\n\n<p>O <b>cabelo mel quente<\/b> re\u00fane um combo dif\u00edcil de competir: apar\u00eancia luminosa, manuten\u00e7\u00e3o mais simples e adapta\u00e7\u00e3o a v\u00e1rios <b>tons de pele<\/b> e estilos. Ele faz sentido para quem quer clarear sem radicalizar e deseja um visual com cara de \u201cnasci assim\u201d.<\/p>\n\n\n\n<p>Se voc\u00ea est\u00e1 pensando em <b>mudar a cor dos fios<\/b> para o ver\u00e3o de 2026, leve refer\u00eancias de mel quente ao seu cabeleireiro, converse sobre o seu hist\u00f3rico de qu\u00edmica e pe\u00e7a uma <b>proposta personalizada<\/b>. Essa pode ser a virada de chave para voc\u00ea finalmente encontrar um loiro que combina de verdade com a sua rotina e com quem voc\u00ea \u00e9.<\/p>\n","protected":false},"excerpt":{"rendered":"<p>O tom Mel Quente substitui o platinado com dourados suaves. Ideal para morenas, disfar\u00e7a a raiz e exige menos retoque. Mantenha a cor com hidrata\u00e7\u00e3o semanal, produtos com filtro UV e prote\u00e7\u00e3o t\u00e9rmica no dia a dia Voc\u00ea j\u00e1 saiu do sal\u00e3o com um loiro lindo, mas sentiu que a cor n\u00e3o combinou com a [&hellip;]<\/p>\n","protected":false},"author":9,"featured_media":154161,"comment_status":"open","ping_status":"open","sticky":false,"template":"","format":"standard","meta":{"jnews-multi-image_gallery":[],"jnews_single_post":{"format":"standard"},"jnews_primary_category":[],"jnews_social_meta":[],"jnews_override_counter":[],"footnotes":""},"categories":[8691,8819,1],"tags":[4905,22432,22433],"class_list":["post-154082","post","type-post","status-publish","format-standard","has-post-thumbnail","hentry","category-bem-estar","category-curiosidades","category-noticias","tag-cabelo","tag-loiro-frio","tag-mel-quente"],"yoast_head":"<!-- This site is optimized with the Yoast SEO plugin v23.8 - https:\/\/yoast.com\/wordpress\/plugins\/seo\/ -->\n<title>Loiro mel quente: a cor do ver\u00e3o 2026 que n\u00e3o exige retoque mensal no sal\u00e3o de beleza - Estado de Minas - Em foco<\/title>\n<meta name=\"description\" content=\"Tend\u00eancia Mel Quente: o loiro natural do ver\u00e3o 2026. Baixa manuten\u00e7\u00e3o, ideal para ra\u00edzes escuras e peles brasileiras\" \/>\n<meta name=\"robots\" content=\"index, follow, max-snippet:-1, max-image-preview:large, max-video-preview:-1\" \/>\n<link rel=\"canonical\" href=\"https:\/\/www.em.com.br\/emfoco\/2026\/01\/13\/loiro-mel-quente-a-cor-do-verao-2026-que-nao-exige-retoque-mensal-no-salao-de-beleza\/\" \/>\n<meta property=\"og:locale\" content=\"pt_BR\" \/>\n<meta property=\"og:type\" content=\"article\" \/>\n<meta property=\"og:title\" content=\"Loiro mel quente: a cor do ver\u00e3o 2026 que n\u00e3o exige retoque mensal no sal\u00e3o de beleza - Estado de Minas - Em foco\" \/>\n<meta property=\"og:description\" content=\"Tend\u00eancia Mel Quente: o loiro natural do ver\u00e3o 2026. Baixa manuten\u00e7\u00e3o, ideal para ra\u00edzes escuras e peles brasileiras\" \/>\n<meta property=\"og:url\" content=\"https:\/\/www.em.com.br\/emfoco\/2026\/01\/13\/loiro-mel-quente-a-cor-do-verao-2026-que-nao-exige-retoque-mensal-no-salao-de-beleza\/\" \/>\n<meta property=\"og:site_name\" content=\"Estado de Minas - Em foco\" \/>\n<meta property=\"article:published_time\" content=\"2026-01-13T11:15:39+00:00\" \/>\n<meta property=\"article:modified_time\" content=\"2026-01-12T20:07:09+00:00\" \/>\n<meta property=\"og:image\" content=\"https:\/\/www.em.com.br\/emfoco\/wp-content\/uploads\/2026\/01\/Gemini_Generated_Image_gdx8cvgdx8cvgdx8-1.png\" \/>\n\t<meta property=\"og:image:width\" content=\"1280\" \/>\n\t<meta property=\"og:image:height\" content=\"720\" \/>\n\t<meta property=\"og:image:type\" content=\"image\/png\" \/>\n<meta name=\"author\" content=\"Daniely Cardoso\" \/>\n<meta name=\"twitter:card\" content=\"summary_large_image\" \/>\n<meta name=\"twitter:label1\" content=\"Escrito por\" \/>\n\t<meta name=\"twitter:data1\" content=\"Daniely Cardoso\" \/>\n\t<meta name=\"twitter:label2\" content=\"Est. tempo de leitura\" \/>\n\t<meta name=\"twitter:data2\" content=\"6 minutos\" \/>\n<!-- \/ Yoast SEO plugin. -->","yoast_head_json":{"title":"Loiro mel quente: a cor do ver\u00e3o 2026 que n\u00e3o exige retoque mensal no sal\u00e3o de beleza - Estado de Minas - Em foco","description":"Tend\u00eancia Mel Quente: o loiro natural do ver\u00e3o 2026. Baixa manuten\u00e7\u00e3o, ideal para ra\u00edzes escuras e peles brasileiras","robots":{"index":"index","follow":"follow","max-snippet":"max-snippet:-1","max-image-preview":"max-image-preview:large","max-video-preview":"max-video-preview:-1"},"canonical":"https:\/\/www.em.com.br\/emfoco\/2026\/01\/13\/loiro-mel-quente-a-cor-do-verao-2026-que-nao-exige-retoque-mensal-no-salao-de-beleza\/","og_locale":"pt_BR","og_type":"article","og_title":"Loiro mel quente: a cor do ver\u00e3o 2026 que n\u00e3o exige retoque mensal no sal\u00e3o de beleza - Estado de Minas - Em foco","og_description":"Tend\u00eancia Mel Quente: o loiro natural do ver\u00e3o 2026. Baixa manuten\u00e7\u00e3o, ideal para ra\u00edzes escuras e peles brasileiras","og_url":"https:\/\/www.em.com.br\/emfoco\/2026\/01\/13\/loiro-mel-quente-a-cor-do-verao-2026-que-nao-exige-retoque-mensal-no-salao-de-beleza\/","og_site_name":"Estado de Minas - Em foco","article_published_time":"2026-01-13T11:15:39+00:00","article_modified_time":"2026-01-12T20:07:09+00:00","og_image":[{"width":1280,"height":720,"url":"https:\/\/www.em.com.br\/emfoco\/wp-content\/uploads\/2026\/01\/Gemini_Generated_Image_gdx8cvgdx8cvgdx8-1.png","type":"image\/png"}],"author":"Daniely Cardoso","twitter_card":"summary_large_image","twitter_misc":{"Escrito por":"Daniely Cardoso","Est. tempo de leitura":"6 minutos"},"schema":{"@context":"https:\/\/schema.org","@graph":[{"@type":"WebPage","@id":"https:\/\/www.em.com.br\/emfoco\/2026\/01\/13\/loiro-mel-quente-a-cor-do-verao-2026-que-nao-exige-retoque-mensal-no-salao-de-beleza\/","url":"https:\/\/www.em.com.br\/emfoco\/2026\/01\/13\/loiro-mel-quente-a-cor-do-verao-2026-que-nao-exige-retoque-mensal-no-salao-de-beleza\/","name":"Loiro mel quente: a cor do ver\u00e3o 2026 que n\u00e3o exige retoque mensal no sal\u00e3o de beleza - Estado de Minas - Em foco","isPartOf":{"@id":"https:\/\/www.em.com.br\/emfoco\/#website"},"primaryImageOfPage":{"@id":"https:\/\/www.em.com.br\/emfoco\/2026\/01\/13\/loiro-mel-quente-a-cor-do-verao-2026-que-nao-exige-retoque-mensal-no-salao-de-beleza\/#primaryimage"},"image":{"@id":"https:\/\/www.em.com.br\/emfoco\/2026\/01\/13\/loiro-mel-quente-a-cor-do-verao-2026-que-nao-exige-retoque-mensal-no-salao-de-beleza\/#primaryimage"},"thumbnailUrl":"https:\/\/www.em.com.br\/emfoco\/wp-content\/uploads\/2026\/01\/Gemini_Generated_Image_gdx8cvgdx8cvgdx8-1.png","datePublished":"2026-01-13T11:15:39+00:00","dateModified":"2026-01-12T20:07:09+00:00","author":{"@id":"https:\/\/www.em.com.br\/emfoco\/#\/schema\/person\/0a8186d72f2c3a5c6276d90b41f271a0"},"description":"Tend\u00eancia Mel Quente: o loiro natural do ver\u00e3o 2026. Baixa manuten\u00e7\u00e3o, ideal para ra\u00edzes escuras e peles brasileiras","breadcrumb":{"@id":"https:\/\/www.em.com.br\/emfoco\/2026\/01\/13\/loiro-mel-quente-a-cor-do-verao-2026-que-nao-exige-retoque-mensal-no-salao-de-beleza\/#breadcrumb"},"inLanguage":"pt-BR","potentialAction":[{"@type":"ReadAction","target":["https:\/\/www.em.com.br\/emfoco\/2026\/01\/13\/loiro-mel-quente-a-cor-do-verao-2026-que-nao-exige-retoque-mensal-no-salao-de-beleza\/"]}]},{"@type":"ImageObject","inLanguage":"pt-BR","@id":"https:\/\/www.em.com.br\/emfoco\/2026\/01\/13\/loiro-mel-quente-a-cor-do-verao-2026-que-nao-exige-retoque-mensal-no-salao-de-beleza\/#primaryimage","url":"https:\/\/www.em.com.br\/emfoco\/wp-content\/uploads\/2026\/01\/Gemini_Generated_Image_gdx8cvgdx8cvgdx8-1.png","contentUrl":"https:\/\/www.em.com.br\/emfoco\/wp-content\/uploads\/2026\/01\/Gemini_Generated_Image_gdx8cvgdx8cvgdx8-1.png","width":1280,"height":720,"caption":"Esse loiro bege amendoado \u00e9 considerado mais vers\u00e1til porque harmoniza com diferentes tons de pele,"},{"@type":"BreadcrumbList","@id":"https:\/\/www.em.com.br\/emfoco\/2026\/01\/13\/loiro-mel-quente-a-cor-do-verao-2026-que-nao-exige-retoque-mensal-no-salao-de-beleza\/#breadcrumb","itemListElement":[{"@type":"ListItem","position":1,"name":"In\u00edcio","item":"https:\/\/www.em.com.br\/emfoco\/"},{"@type":"ListItem","position":2,"name":"Loiro mel quente: a cor do ver\u00e3o 2026 que n\u00e3o exige retoque mensal no sal\u00e3o de beleza"}]},{"@type":"WebSite","@id":"https:\/\/www.em.com.br\/emfoco\/#website","url":"https:\/\/www.em.com.br\/emfoco\/","name":"Estado de Minas - Em foco","description":"Acompanhe as \u00faltimas not\u00edcias e fique bem informado sobre tudo o que acontece em Minas Gerais, Brasil e no mundo.","potentialAction":[{"@type":"SearchAction","target":{"@type":"EntryPoint","urlTemplate":"https:\/\/www.em.com.br\/emfoco\/?s={search_term_string}"},"query-input":{"@type":"PropertyValueSpecification","valueRequired":true,"valueName":"search_term_string"}}],"inLanguage":"pt-BR"},{"@type":"Person","@id":"https:\/\/www.em.com.br\/emfoco\/#\/schema\/person\/0a8186d72f2c3a5c6276d90b41f271a0","name":"Daniely Cardoso","image":{"@type":"ImageObject","inLanguage":"pt-BR","@id":"https:\/\/www.em.com.br\/emfoco\/#\/schema\/person\/image\/","url":"https:\/\/secure.gravatar.com\/avatar\/4b80ddbd124d1f071b626d52d62e5dff?s=96&d=mm&r=g","contentUrl":"https:\/\/secure.gravatar.com\/avatar\/4b80ddbd124d1f071b626d52d62e5dff?s=96&d=mm&r=g","caption":"Daniely Cardoso"},"url":"https:\/\/www.em.com.br\/emfoco\/author\/danielymyth\/"}]}},"_links":{"self":[{"href":"https:\/\/www.em.com.br\/emfoco\/wp-json\/wp\/v2\/posts\/154082","targetHints":{"allow":["GET"]}}],"collection":[{"href":"https:\/\/www.em.com.br\/emfoco\/wp-json\/wp\/v2\/posts"}],"about":[{"href":"https:\/\/www.em.com.br\/emfoco\/wp-json\/wp\/v2\/types\/post"}],"author":[{"embeddable":true,"href":"https:\/\/www.em.com.br\/emfoco\/wp-json\/wp\/v2\/users\/9"}],"replies":[{"embeddable":true,"href":"https:\/\/www.em.com.br\/emfoco\/wp-json\/wp\/v2\/comments?post=154082"}],"version-history":[{"count":3,"href":"https:\/\/www.em.com.br\/emfoco\/wp-json\/wp\/v2\/posts\/154082\/revisions"}],"predecessor-version":[{"id":154163,"href":"https:\/\/www.em.com.br\/emfoco\/wp-json\/wp\/v2\/posts\/154082\/revisions\/154163"}],"wp:featuredmedia":[{"embeddable":true,"href":"https:\/\/www.em.com.br\/emfoco\/wp-json\/wp\/v2\/media\/154161"}],"wp:attachment":[{"href":"https:\/\/www.em.com.br\/emfoco\/wp-json\/wp\/v2\/media?parent=154082"}],"wp:term":[{"taxonomy":"category","embeddable":true,"href":"https:\/\/www.em.com.br\/emfoco\/wp-json\/wp\/v2\/categories?post=154082"},{"taxonomy":"post_tag","embeddable":true,"href":"https:\/\/www.em.com.br\/emfoco\/wp-json\/wp\/v2\/tags?post=154082"}],"curies":[{"name":"wp","href":"https:\/\/api.w.org\/{rel}","templated":true}]}}