{"id":153993,"date":"2026-01-13T18:15:45","date_gmt":"2026-01-13T21:15:45","guid":{"rendered":"https:\/\/www.em.com.br\/emfoco\/?p=153993"},"modified":"2026-01-12T19:26:39","modified_gmt":"2026-01-12T22:26:39","slug":"como-lavar-cabelo-cacheado-para-reduzir-frizz-e-definir-os-cachos-com-so-2-produtos","status":"publish","type":"post","link":"https:\/\/www.em.com.br\/emfoco\/2026\/01\/13\/como-lavar-cabelo-cacheado-para-reduzir-frizz-e-definir-os-cachos-com-so-2-produtos\/","title":{"rendered":"Como lavar cabelo cacheado para reduzir frizz e definir os cachos com s\u00f3 2 produtos"},"content":{"rendered":"\n<h2 class=\"wp-block-heading\">Desembarace antes do shampoo com creme para evitar quebra. Lave s\u00f3 o couro cabeludo, sem esfregar as pontas. Hidrate enluvando os fios e seque com toalha de algod\u00e3o ou microfibra. A t\u00e9cnica reduz frizz e garante o day after<\/h2>\n\n\n\n<p><strong>Voc\u00ea j\u00e1 saiu do banho<\/strong> achando que o <b>cabelo ficaria incr\u00edvel<\/b>, mas, ao secar, apareceu frizz, cacho sem forma e sensa\u00e7\u00e3o de fio duro e ressecado? Quem tem <b>cabelo cacheado<\/b> sabe que isso \u00e9 comum, e muitas vezes n\u00e3o \u00e9 culpa s\u00f3 do produto, e sim da forma como a lavagem \u00e9 feita. Com pequenos ajustes no jeito de <strong>cuidar dos fios debaixo do chuveiro<\/strong>, d\u00e1 para ter cachos mais macios, definidos e f\u00e1ceis de finalizar, mesmo com uma rotina corrida.<\/p>\n\n\n\n<h2 class=\"wp-block-heading\">Por que a t\u00e9cnica de lavagem \u00e9 t\u00e3o importante para cabelo cacheado<\/h2>\n\n\n\n<p>A <strong>curvatura dos cachos<\/strong> faz com que a oleosidade natural demore mais para chegar at\u00e9 as pontas, deixando o fio mais seco principalmente nas extremidades. Quando o cabelo \u00e9 <b>esfregado com for\u00e7a<\/b>, recebe shampoo em excesso ou \u00e9 lavado sempre com \u00e1gua muito quente, esse ressecamento aumenta, os <strong>cachos perdem defini\u00e7\u00e3o<\/strong> e o frizz aparece em dobro.<\/p>\n\n\n\n<p>Outro ponto \u00e9 que o <b>cabelo cacheado embara\u00e7a<\/b> com facilidade, ainda mais quando est\u00e1 cheio de creme de pentear, gel ou \u00f3leo. Entrar direto no chuveiro e j\u00e1 jogar <strong>shampoo em fios cheios de n\u00f3s<\/strong> aumenta muito o atrito e a quebra. Preparar o cabelo antes da <b>limpeza profunda<\/b> deixa todo o processo mais suave, eficiente e com menos danos.<\/p>\n\n\n\n<figure class=\"wp-block-embed is-type-rich is-provider-pinterest wp-block-embed-pinterest\"><div class=\"wp-block-embed__wrapper\">\n<iframe loading=\"lazy\" title=\" \" src=\"https:\/\/assets.pinterest.com\/ext\/embed.html?id=5559199536085836&#038;src=oembed\" height=\"899\" width=\"450\" frameborder=\"0\" scrolling=\"no\" ><\/iframe>\n<\/div><\/figure>\n\n\n\n<p>Leia tamb\u00e9m:&nbsp;<a href=\"https:\/\/www.em.com.br\/emfoco\/2026\/01\/11\/os-cortes-de-cabelo-curtos-que-estao-sendo-sucesso-entre-as-mulheres-com-mais-de-50-anos-2\/\" target=\"_blank\" rel=\"noopener\">Os cortes de cabelo curtos que est\u00e3o sendo sucesso entre as mulheres com mais de 50 anos<\/a><\/p>\n\n\n\n<h2 class=\"wp-block-heading\">Como lavar cabelo cacheado do jeito certo no dia a dia<\/h2>\n\n\n\n<p>Uma <strong>rotina simples de lavagem<\/strong> para cabelo cacheado pode ser feita com poucos produtos, desde que o uso seja estrat\u00e9gico. Em geral, voc\u00ea precisa apenas de um <b>shampoo com limpeza equilibrada<\/b> e uma m\u00e1scara de tratamento que ajude a devolver \u00e1gua e nutrientes para o fio, dando prefer\u00eancia a f\u00f3rmulas sem sulfatos agressivos e com <strong>agentes hidratantes<\/strong> como babosa, pantenol ou glicerina.<\/p>\n\n\n<div class=\"wp-block-image\">\n<figure class=\"aligncenter size-large\"><img loading=\"lazy\" decoding=\"async\" width=\"1024\" height=\"576\" src=\"https:\/\/www.em.com.br\/emfoco\/wp-content\/uploads\/2026\/01\/Gemini_Generated_Image_nl8fh3nl8fh3nl8f-1-1024x576.png\" alt=\"\" class=\"wp-image-154142\" srcset=\"https:\/\/www.em.com.br\/emfoco\/wp-content\/uploads\/2026\/01\/Gemini_Generated_Image_nl8fh3nl8fh3nl8f-1-1024x576.png 1024w, https:\/\/www.em.com.br\/emfoco\/wp-content\/uploads\/2026\/01\/Gemini_Generated_Image_nl8fh3nl8fh3nl8f-1-300x169.png 300w, https:\/\/www.em.com.br\/emfoco\/wp-content\/uploads\/2026\/01\/Gemini_Generated_Image_nl8fh3nl8fh3nl8f-1-768x432.png 768w, https:\/\/www.em.com.br\/emfoco\/wp-content\/uploads\/2026\/01\/Gemini_Generated_Image_nl8fh3nl8fh3nl8f-1-750x422.png 750w, https:\/\/www.em.com.br\/emfoco\/wp-content\/uploads\/2026\/01\/Gemini_Generated_Image_nl8fh3nl8fh3nl8f-1-1140x641.png 1140w, https:\/\/www.em.com.br\/emfoco\/wp-content\/uploads\/2026\/01\/Gemini_Generated_Image_nl8fh3nl8fh3nl8f-1.png 1280w\" sizes=\"auto, (max-width: 1024px) 100vw, 1024px\" \/><figcaption class=\"wp-element-caption\">Uma rotina simples de lavagem para cabelo cacheado pode ser feita com poucos produtos<\/figcaption><\/figure><\/div>\n\n\n<p>Para quem vive na correria, vale apostar em <b>m\u00e1scaras multifuncionais<\/b>, que podem ser usadas tanto como tratamento de enx\u00e1gue quanto como creme de pentear, deixando a rotina mais pr\u00e1tica sem abrir m\u00e3o do cuidado. Nesses casos, \u00e9 interessante observar a <strong>textura do produto<\/strong> para n\u00e3o pesar nos fios mais finos e garantir leveza e movimento nos cachos.<\/p>\n\n\n\n<h2 class=\"wp-block-heading\">Quais cuidados extras fazem diferen\u00e7a na hora de lavar os cachos<\/h2>\n\n\n\n<p>Al\u00e9m da ordem das etapas, alguns <strong>h\u00e1bitos simples<\/strong> mudam muito o resultado do cabelo depois do banho. S\u00e3o detalhes que protegem o fio, evitam quebra desnecess\u00e1ria e ajudam os <b>cachos a se formarem<\/b> com mais facilidade, sem tanto esfor\u00e7o na finaliza\u00e7\u00e3o, especialmente se voc\u00ea costuma usar difusor ou finalizar no dia a dia com t\u00e9cnicas como fitagem ou dedoliss.<\/p>\n\n\n\n<figure class=\"wp-block-embed is-type-rich is-provider-pinterest wp-block-embed-pinterest\"><div class=\"wp-block-embed__wrapper\">\n<iframe loading=\"lazy\" title=\"Lavar o cabelo de forma errada\" src=\"https:\/\/assets.pinterest.com\/ext\/embed.html?id=81487074501575496&#038;src=oembed\" height=\"899\" width=\"450\" frameborder=\"0\" scrolling=\"no\" ><\/iframe>\n<\/div><\/figure>\n\n\n\n<p>Esses cuidados valem tanto para quem est\u00e1 come\u00e7ando a <b>cuidar dos cachos agora<\/b> quanto para quem j\u00e1 segue uma rotina mais estruturada:<\/p>\n\n\n\n<ul class=\"wp-block-list\">\n<li><strong>Desembara\u00e7ar das pontas para a raiz<\/strong>: assim voc\u00ea evita concentrar todos os n\u00f3s em um \u00fanico ponto e reduz a quebra.<\/li>\n\n\n\n<li><strong>Usar escovas ou pentes adequados<\/strong>: prefira modelos com <b>cerdas flex\u00edveis<\/b>, sem bolinhas que enroscam, principalmente com o cabelo molhado.<\/li>\n\n\n\n<li><strong>Evitar unhas no couro cabeludo<\/strong>: arranhar irrita a pele; fa\u00e7a massagem com a ponta dos dedos ou <b>massageadores de silicone<\/b>.<\/li>\n\n\n\n<li><strong>Secar com microfibra ou algod\u00e3o<\/strong>: em vez de esfregar com toalhas felpudas, apenas aperte delicadamente os cachos com um <b>tecido mais macio<\/b>.<\/li>\n\n\n\n<li><strong>Controlar a temperatura da \u00e1gua<\/strong>: \u00e1gua muito quente resseca mais; prefira temperaturas <b>mornas ou levemente frias<\/b>.<\/li>\n<\/ul>\n\n\n\n<p>Para voc\u00ea que quer mais dicas, separamos um v\u00eddeo do canal do <a href=\"https:\/\/www.youtube.com\/@AbnerMatias\" target=\"_blank\" rel=\"noreferrer noopener\">Abner Matias<\/a> com dicas para lavar sue cabelo da forma correta:<\/p>\n\n\n\n<figure class=\"wp-block-embed is-type-video is-provider-youtube wp-block-embed-youtube wp-embed-aspect-16-9 wp-has-aspect-ratio\"><div class=\"wp-block-embed__wrapper\">\n<div class=\"jeg_video_container jeg_video_content\"><iframe loading=\"lazy\" title=\"\ud83d\udc86\ud83c\udffb\u200d\u2640\ufe0f COMO LAVAR O CABELO DO JEITO CERTO?\" width=\"500\" height=\"281\" src=\"https:\/\/www.youtube.com\/embed\/puxSklE0VDc?start=4&#038;feature=oembed\" frameborder=\"0\" allow=\"accelerometer; autoplay; clipboard-write; encrypted-media; gyroscope; picture-in-picture; web-share\" referrerpolicy=\"strict-origin-when-cross-origin\" allowfullscreen><\/iframe><\/div>\n<\/div><\/figure>\n\n\n\n<h2 class=\"wp-block-heading\">A lavagem correta ajuda no day after dos cachos<\/h2>\n\n\n\n<p>Uma boa lavagem n\u00e3o deixa o cabelo bonito s\u00f3 na hora, ela influencia diretamente no famoso <strong>day after<\/strong>. Quando o couro cabeludo \u00e9 realmente limpo e o fio recebe <b>hidrata\u00e7\u00e3o na medida certa<\/b>, os cachos costumam durar mais dias, com menos frizz e menos necessidade de revitalizar tudo de novo pela manh\u00e3.<\/p>\n\n\n\n<p>Escolher um <strong>shampoo suave, mas eficiente<\/strong>, e uma m\u00e1scara com ingredientes hidratantes e nutritivos faz toda a diferen\u00e7a nesse efeito prolongado. Finalizar ainda no banheiro, com os fios bem desembara\u00e7ados e tratados, facilita a <b>forma\u00e7\u00e3o do cacho<\/b> e diminui a chance de acordar com o cabelo \u201camassado\u201d e sem forma.<\/p>\n","protected":false},"excerpt":{"rendered":"<p>Desembarace antes do shampoo com creme para evitar quebra. Lave s\u00f3 o couro cabeludo, sem esfregar as pontas. Hidrate enluvando os fios e seque com toalha de algod\u00e3o ou microfibra. A t\u00e9cnica reduz frizz e garante o day after Voc\u00ea j\u00e1 saiu do banho achando que o cabelo ficaria incr\u00edvel, mas, ao secar, apareceu frizz, [&hellip;]<\/p>\n","protected":false},"author":9,"featured_media":139277,"comment_status":"open","ping_status":"open","sticky":false,"template":"","format":"standard","meta":{"jnews-multi-image_gallery":[],"jnews_single_post":{"format":"standard"},"jnews_primary_category":[],"jnews_social_meta":[],"jnews_override_counter":[],"footnotes":""},"categories":[8691,8819,1],"tags":[22121,4905,13274],"class_list":["post-153993","post","type-post","status-publish","format-standard","has-post-thumbnail","hentry","category-bem-estar","category-curiosidades","category-noticias","tag-auto-cuidado","tag-cabelo","tag-lavagem"],"yoast_head":"<!-- This site is optimized with the Yoast SEO plugin v23.8 - https:\/\/yoast.com\/wordpress\/plugins\/seo\/ -->\n<title>Como lavar cabelo cacheado para reduzir frizz e definir os cachos com s\u00f3 2 produtos - Estado de Minas - Em foco<\/title>\n<meta name=\"description\" content=\"Cabelo cacheado com frizz? O erro pode estar na lavagem. Veja o passo a passo para ter cachos definidos e hidratados\" \/>\n<meta name=\"robots\" content=\"index, follow, max-snippet:-1, max-image-preview:large, max-video-preview:-1\" \/>\n<link rel=\"canonical\" href=\"https:\/\/www.em.com.br\/emfoco\/2026\/01\/13\/como-lavar-cabelo-cacheado-para-reduzir-frizz-e-definir-os-cachos-com-so-2-produtos\/\" \/>\n<meta property=\"og:locale\" content=\"pt_BR\" \/>\n<meta property=\"og:type\" content=\"article\" \/>\n<meta property=\"og:title\" content=\"Como lavar cabelo cacheado para reduzir frizz e definir os cachos com s\u00f3 2 produtos - Estado de Minas - Em foco\" \/>\n<meta property=\"og:description\" content=\"Cabelo cacheado com frizz? O erro pode estar na lavagem. Veja o passo a passo para ter cachos definidos e hidratados\" \/>\n<meta property=\"og:url\" content=\"https:\/\/www.em.com.br\/emfoco\/2026\/01\/13\/como-lavar-cabelo-cacheado-para-reduzir-frizz-e-definir-os-cachos-com-so-2-produtos\/\" \/>\n<meta property=\"og:site_name\" content=\"Estado de Minas - Em foco\" \/>\n<meta property=\"article:published_time\" content=\"2026-01-13T21:15:45+00:00\" \/>\n<meta property=\"article:modified_time\" content=\"2026-01-12T22:26:39+00:00\" \/>\n<meta property=\"og:image\" content=\"https:\/\/www.em.com.br\/emfoco\/wp-content\/uploads\/2025\/12\/lavar-cabelo_1765488064657.jpg\" \/>\n\t<meta property=\"og:image:width\" content=\"1280\" \/>\n\t<meta property=\"og:image:height\" content=\"720\" \/>\n\t<meta property=\"og:image:type\" content=\"image\/jpeg\" \/>\n<meta name=\"author\" content=\"Daniely Cardoso\" \/>\n<meta name=\"twitter:card\" content=\"summary_large_image\" \/>\n<meta name=\"twitter:label1\" content=\"Escrito por\" \/>\n\t<meta name=\"twitter:data1\" content=\"Daniely Cardoso\" \/>\n\t<meta name=\"twitter:label2\" content=\"Est. tempo de leitura\" \/>\n\t<meta name=\"twitter:data2\" content=\"5 minutos\" \/>\n<!-- \/ Yoast SEO plugin. -->","yoast_head_json":{"title":"Como lavar cabelo cacheado para reduzir frizz e definir os cachos com s\u00f3 2 produtos - Estado de Minas - Em foco","description":"Cabelo cacheado com frizz? O erro pode estar na lavagem. Veja o passo a passo para ter cachos definidos e hidratados","robots":{"index":"index","follow":"follow","max-snippet":"max-snippet:-1","max-image-preview":"max-image-preview:large","max-video-preview":"max-video-preview:-1"},"canonical":"https:\/\/www.em.com.br\/emfoco\/2026\/01\/13\/como-lavar-cabelo-cacheado-para-reduzir-frizz-e-definir-os-cachos-com-so-2-produtos\/","og_locale":"pt_BR","og_type":"article","og_title":"Como lavar cabelo cacheado para reduzir frizz e definir os cachos com s\u00f3 2 produtos - Estado de Minas - Em foco","og_description":"Cabelo cacheado com frizz? O erro pode estar na lavagem. Veja o passo a passo para ter cachos definidos e hidratados","og_url":"https:\/\/www.em.com.br\/emfoco\/2026\/01\/13\/como-lavar-cabelo-cacheado-para-reduzir-frizz-e-definir-os-cachos-com-so-2-produtos\/","og_site_name":"Estado de Minas - Em foco","article_published_time":"2026-01-13T21:15:45+00:00","article_modified_time":"2026-01-12T22:26:39+00:00","og_image":[{"width":1280,"height":720,"url":"https:\/\/www.em.com.br\/emfoco\/wp-content\/uploads\/2025\/12\/lavar-cabelo_1765488064657.jpg","type":"image\/jpeg"}],"author":"Daniely Cardoso","twitter_card":"summary_large_image","twitter_misc":{"Escrito por":"Daniely Cardoso","Est. tempo de leitura":"5 minutos"},"schema":{"@context":"https:\/\/schema.org","@graph":[{"@type":"WebPage","@id":"https:\/\/www.em.com.br\/emfoco\/2026\/01\/13\/como-lavar-cabelo-cacheado-para-reduzir-frizz-e-definir-os-cachos-com-so-2-produtos\/","url":"https:\/\/www.em.com.br\/emfoco\/2026\/01\/13\/como-lavar-cabelo-cacheado-para-reduzir-frizz-e-definir-os-cachos-com-so-2-produtos\/","name":"Como lavar cabelo cacheado para reduzir frizz e definir os cachos com s\u00f3 2 produtos - Estado de Minas - Em foco","isPartOf":{"@id":"https:\/\/www.em.com.br\/emfoco\/#website"},"primaryImageOfPage":{"@id":"https:\/\/www.em.com.br\/emfoco\/2026\/01\/13\/como-lavar-cabelo-cacheado-para-reduzir-frizz-e-definir-os-cachos-com-so-2-produtos\/#primaryimage"},"image":{"@id":"https:\/\/www.em.com.br\/emfoco\/2026\/01\/13\/como-lavar-cabelo-cacheado-para-reduzir-frizz-e-definir-os-cachos-com-so-2-produtos\/#primaryimage"},"thumbnailUrl":"https:\/\/www.em.com.br\/emfoco\/wp-content\/uploads\/2025\/12\/lavar-cabelo_1765488064657.jpg","datePublished":"2026-01-13T21:15:45+00:00","dateModified":"2026-01-12T22:26:39+00:00","author":{"@id":"https:\/\/www.em.com.br\/emfoco\/#\/schema\/person\/0a8186d72f2c3a5c6276d90b41f271a0"},"description":"Cabelo cacheado com frizz? O erro pode estar na lavagem. Veja o passo a passo para ter cachos definidos e hidratados","breadcrumb":{"@id":"https:\/\/www.em.com.br\/emfoco\/2026\/01\/13\/como-lavar-cabelo-cacheado-para-reduzir-frizz-e-definir-os-cachos-com-so-2-produtos\/#breadcrumb"},"inLanguage":"pt-BR","potentialAction":[{"@type":"ReadAction","target":["https:\/\/www.em.com.br\/emfoco\/2026\/01\/13\/como-lavar-cabelo-cacheado-para-reduzir-frizz-e-definir-os-cachos-com-so-2-produtos\/"]}]},{"@type":"ImageObject","inLanguage":"pt-BR","@id":"https:\/\/www.em.com.br\/emfoco\/2026\/01\/13\/como-lavar-cabelo-cacheado-para-reduzir-frizz-e-definir-os-cachos-com-so-2-produtos\/#primaryimage","url":"https:\/\/www.em.com.br\/emfoco\/wp-content\/uploads\/2025\/12\/lavar-cabelo_1765488064657.jpg","contentUrl":"https:\/\/www.em.com.br\/emfoco\/wp-content\/uploads\/2025\/12\/lavar-cabelo_1765488064657.jpg","width":1280,"height":720,"caption":"Nas duas rotinas, a escolha de produtos costuma priorizar f\u00f3rmulas com limpantes suaves - Cr\u00e9ditos: depositphotos.com \/ Deklofenak"},{"@type":"BreadcrumbList","@id":"https:\/\/www.em.com.br\/emfoco\/2026\/01\/13\/como-lavar-cabelo-cacheado-para-reduzir-frizz-e-definir-os-cachos-com-so-2-produtos\/#breadcrumb","itemListElement":[{"@type":"ListItem","position":1,"name":"In\u00edcio","item":"https:\/\/www.em.com.br\/emfoco\/"},{"@type":"ListItem","position":2,"name":"Como lavar cabelo cacheado para reduzir frizz e definir os cachos com s\u00f3 2 produtos"}]},{"@type":"WebSite","@id":"https:\/\/www.em.com.br\/emfoco\/#website","url":"https:\/\/www.em.com.br\/emfoco\/","name":"Estado de Minas - Em foco","description":"Acompanhe as \u00faltimas not\u00edcias e fique bem informado sobre tudo o que acontece em Minas Gerais, Brasil e no mundo.","potentialAction":[{"@type":"SearchAction","target":{"@type":"EntryPoint","urlTemplate":"https:\/\/www.em.com.br\/emfoco\/?s={search_term_string}"},"query-input":{"@type":"PropertyValueSpecification","valueRequired":true,"valueName":"search_term_string"}}],"inLanguage":"pt-BR"},{"@type":"Person","@id":"https:\/\/www.em.com.br\/emfoco\/#\/schema\/person\/0a8186d72f2c3a5c6276d90b41f271a0","name":"Daniely Cardoso","image":{"@type":"ImageObject","inLanguage":"pt-BR","@id":"https:\/\/www.em.com.br\/emfoco\/#\/schema\/person\/image\/","url":"https:\/\/secure.gravatar.com\/avatar\/4b80ddbd124d1f071b626d52d62e5dff?s=96&d=mm&r=g","contentUrl":"https:\/\/secure.gravatar.com\/avatar\/4b80ddbd124d1f071b626d52d62e5dff?s=96&d=mm&r=g","caption":"Daniely Cardoso"},"url":"https:\/\/www.em.com.br\/emfoco\/author\/danielymyth\/"}]}},"_links":{"self":[{"href":"https:\/\/www.em.com.br\/emfoco\/wp-json\/wp\/v2\/posts\/153993","targetHints":{"allow":["GET"]}}],"collection":[{"href":"https:\/\/www.em.com.br\/emfoco\/wp-json\/wp\/v2\/posts"}],"about":[{"href":"https:\/\/www.em.com.br\/emfoco\/wp-json\/wp\/v2\/types\/post"}],"author":[{"embeddable":true,"href":"https:\/\/www.em.com.br\/emfoco\/wp-json\/wp\/v2\/users\/9"}],"replies":[{"embeddable":true,"href":"https:\/\/www.em.com.br\/emfoco\/wp-json\/wp\/v2\/comments?post=153993"}],"version-history":[{"count":4,"href":"https:\/\/www.em.com.br\/emfoco\/wp-json\/wp\/v2\/posts\/153993\/revisions"}],"predecessor-version":[{"id":154248,"href":"https:\/\/www.em.com.br\/emfoco\/wp-json\/wp\/v2\/posts\/153993\/revisions\/154248"}],"wp:featuredmedia":[{"embeddable":true,"href":"https:\/\/www.em.com.br\/emfoco\/wp-json\/wp\/v2\/media\/139277"}],"wp:attachment":[{"href":"https:\/\/www.em.com.br\/emfoco\/wp-json\/wp\/v2\/media?parent=153993"}],"wp:term":[{"taxonomy":"category","embeddable":true,"href":"https:\/\/www.em.com.br\/emfoco\/wp-json\/wp\/v2\/categories?post=153993"},{"taxonomy":"post_tag","embeddable":true,"href":"https:\/\/www.em.com.br\/emfoco\/wp-json\/wp\/v2\/tags?post=153993"}],"curies":[{"name":"wp","href":"https:\/\/api.w.org\/{rel}","templated":true}]}}