{"id":153992,"date":"2026-01-13T17:35:13","date_gmt":"2026-01-13T20:35:13","guid":{"rendered":"https:\/\/www.em.com.br\/emfoco\/?p=153992"},"modified":"2026-01-12T16:55:22","modified_gmt":"2026-01-12T19:55:22","slug":"dicas-essenciais-para-plantar-e-cuidar-de-caja-no-seu-quintal","status":"publish","type":"post","link":"https:\/\/www.em.com.br\/emfoco\/2026\/01\/13\/dicas-essenciais-para-plantar-e-cuidar-de-caja-no-seu-quintal\/","title":{"rendered":"Dicas essenciais para plantar e cuidar de caj\u00e1 no seu quintal"},"content":{"rendered":"\n<p>Plante caj\u00e1 ao sol, longe de casas, em covas de 50cm com mat\u00e9ria org\u00e2nica. Prefira mudas enxertadas para colher antes. Mantenha o solo \u00famido nos primeiros anos e fa\u00e7a podas de limpeza para garantir frutos<\/p>\n\n\n\n<p>Imagine chegar no quintal no fim da tarde e encontrar uma <b>\u00e1rvore carregada<\/b> de frutinhas amarelas, cheirosas e perfeitas para um <b>suco gelado<\/b>. \u00c9 exatamente isso que a \u00e1rvore de caja proporciona: uma frut\u00edfera r\u00fastica, que gosta de calor e umidade, muito usada em pomares dom\u00e9sticos e pequenas propriedades, produzindo frutos de polpa amarela e aroma marcante para sucos, polpas congeladas e v\u00e1rias <b>receitas caseiras<\/b>.<\/p>\n\n\n\n<h2 class=\"wp-block-heading\">Como fazer o plantio da \u00e1rvore de caja passo a passo<\/h2>\n\n\n\n<p>Quem deseja plantar caja pode come\u00e7ar tanto por sementes quanto por <b>mudas j\u00e1 formadas<\/b>, sendo essas \u00faltimas mais pr\u00e1ticas para quem est\u00e1 iniciando. Mudas sadias, com <b>ra\u00edzes bem formadas<\/b> e sem sinais de pragas, aumentam muito as chances de ter uma \u00e1rvore forte e produtiva, especialmente se forem <b>mudas enxertadas<\/b>.<\/p>\n\n\n<div class=\"wp-block-image\">\n<figure class=\"aligncenter size-large\"><img loading=\"lazy\" decoding=\"async\" width=\"1024\" height=\"576\" src=\"https:\/\/www.em.com.br\/emfoco\/wp-content\/uploads\/2026\/01\/Gemini_Generated_Image_o04dpxo04dpxo04d-1-1024x576.png\" alt=\"\" class=\"wp-image-154148\" srcset=\"https:\/\/www.em.com.br\/emfoco\/wp-content\/uploads\/2026\/01\/Gemini_Generated_Image_o04dpxo04dpxo04d-1-1024x576.png 1024w, https:\/\/www.em.com.br\/emfoco\/wp-content\/uploads\/2026\/01\/Gemini_Generated_Image_o04dpxo04dpxo04d-1-300x169.png 300w, https:\/\/www.em.com.br\/emfoco\/wp-content\/uploads\/2026\/01\/Gemini_Generated_Image_o04dpxo04dpxo04d-1-768x432.png 768w, https:\/\/www.em.com.br\/emfoco\/wp-content\/uploads\/2026\/01\/Gemini_Generated_Image_o04dpxo04dpxo04d-1-750x422.png 750w, https:\/\/www.em.com.br\/emfoco\/wp-content\/uploads\/2026\/01\/Gemini_Generated_Image_o04dpxo04dpxo04d-1-1140x641.png 1140w, https:\/\/www.em.com.br\/emfoco\/wp-content\/uploads\/2026\/01\/Gemini_Generated_Image_o04dpxo04dpxo04d-1.png 1280w\" sizes=\"auto, (max-width: 1024px) 100vw, 1024px\" \/><figcaption class=\"wp-element-caption\">Quem deseja plantar caja pode come\u00e7ar tanto por sementes quanto por mudas j\u00e1 formadas<\/figcaption><\/figure><\/div>\n\n\n<p>Leia tamb\u00e9m:&nbsp;<a href=\"https:\/\/www.em.com.br\/emfoco\/2026\/01\/09\/como-plantar-begonias-em-casa-e-ter-flores-coloridas-o-ano-todo\/\" target=\"_blank\" rel=\"noopener\">Como plantar beg\u00f4nias em casa e ter flores coloridas o ano todo<\/a><\/p>\n\n\n\n<h2 class=\"wp-block-heading\">Como cuidar da planta de caja ap\u00f3s o plantio<\/h2>\n\n\n\n<p>Depois que a muda \u201cpega\u201d, o foco passa a ser o <b>cuidado cont\u00ednuo<\/b> para que a \u00e1rvore cres\u00e7a saud\u00e1vel. Irriga\u00e7\u00e3o, <b>aduba\u00e7\u00e3o peri\u00f3dica<\/b>, controle de mato ao redor do tronco e podas leves de forma\u00e7\u00e3o mant\u00eam a planta equilibrada e com boa produ\u00e7\u00e3o ao longo dos anos, mesmo sendo uma <b>esp\u00e9cie r\u00fastica<\/b>.<\/p>\n\n\n\n<p>Para facilitar o dia a dia de manejo, vale prestar aten\u00e7\u00e3o em alguns pontos simples que fazem grande diferen\u00e7a na <b>sa\u00fade da caja<\/b>:<\/p>\n\n\n\n<div style=\"font-family: 'Segoe UI', Tahoma, Geneva, Verdana, sans-serif; max-width: 900px; margin: 20px auto; border: 2px solid #722f37; border-radius: 30px; overflow: hidden; background-color: #ffffff; box-shadow: 0 4px 15px rgba(114, 47, 55, 0.1);\">\n    <div style=\"padding: 25px; background-color: #fff0f6;\">\n        \n        <ul style=\"list-style: none; padding: 0; margin: 0; color: #4a4a4a; line-height: 1.8;\">\n            <li style=\"margin-bottom: 15px; padding: 15px; background-color: #ffffff; border-radius: 20px; border: 1px solid #f9d8e6;\">\n                <span style=\"color: #722f37; font-weight: bold;\">Irriga\u00e7\u00e3o:<\/span> \n                em regi\u00f5es com boas chuvas, ela pode viver s\u00f3 com <b>\u00e1gua da chuva<\/b>; em seca prolongada, uma rega extra, sobretudo nos primeiros 3 anos, evita queda de <b>flores e frutinhos<\/b>.\n            <\/li>\n\n            <li style=\"margin-bottom: 15px; padding: 15px; background-color: #ffffff; border-radius: 20px; border: 1px solid #f9d8e6;\">\n                <span style=\"color: #722f37; font-weight: bold;\">Aduba\u00e7\u00e3o:<\/span> \n                refor\u00e7ar a nutri\u00e7\u00e3o de 1 a 2 vezes ao ano, misturando <b>mat\u00e9ria org\u00e2nica<\/b> e, se poss\u00edvel, adubo mineral orientado por t\u00e9cnico, aplicado em volta da <b>proje\u00e7\u00e3o da copa<\/b>.\n            <\/li>\n\n            <li style=\"margin-bottom: 15px; padding: 15px; background-color: #ffffff; border-radius: 20px; border: 1px solid #f9d8e6;\">\n                <span style=\"color: #722f37; font-weight: bold;\">Controle de mato:<\/span> \n                manter o ch\u00e3o ao redor do tronco limpo, com <b>capinas rasas<\/b> ou cobertura com palha, reduz a disputa por <b>\u00e1gua e nutrientes<\/b>.\n            <\/li>\n\n            <li style=\"padding: 15px; background-color: #ffffff; border-radius: 20px; border: 1px solid #f9d8e6;\">\n                <span style=\"color: #722f37; font-weight: bold;\">Podas:<\/span> \n                retirar <b>galhos secos<\/b>, muito baixos ou cruzados ajuda a entrar mais luz na copa e melhora a <b>circula\u00e7\u00e3o de ar<\/b>.\n            <\/li>\n        <\/ul>\n\n    <\/div>\n<\/div>\n\n\n\n<h2 class=\"wp-block-heading\">Quando a \u00e1rvore de caja come\u00e7a a produzir e como aproveitar os frutos<\/h2>\n\n\n\n<p>O tempo para a caja dar os primeiros frutos varia conforme a <b>origem da planta<\/b> e os cuidados recebidos. \u00c1rvores vindas de semente tendem a demorar mais, em torno de 4 a 6 anos, enquanto <b>mudas enxertadas<\/b> costumam frutificar mais cedo e de forma mais <b>uniforme<\/b>.<\/p>\n\n\n\n<p>Na \u00e9poca de safra, costuma haver muitos frutos maduros em pouco tempo, o que incentiva a criatividade na <b>cozinha<\/b> e at\u00e9 a venda do excedente. Entre as formas mais comuns de uso est\u00e3o <b>sucos<\/b>, polpas congeladas, doces, geleias, compotas e sobremesas regionais, al\u00e9m da comercializa\u00e7\u00e3o em <b>feiras e mercados<\/b> locais.<\/p>\n\n\n\n<p>Para voc\u00ea que gosta de plantar, separamos um v\u00eddeo do canal <a href=\"https:\/\/www.youtube.com\/@KARLOSALOFICIAL\" target=\"_blank\" rel=\"noopener\">KARLOS A.L OFICIAL<\/a> com dicas para plantar e cuidar do caja:<\/p>\n\n\n\n<figure class=\"wp-block-embed is-type-video is-provider-youtube wp-block-embed-youtube wp-embed-aspect-16-9 wp-has-aspect-ratio\"><div class=\"wp-block-embed__wrapper\">\n<div class=\"jeg_video_container jeg_video_content\"><iframe loading=\"lazy\" title=\"Como PLANTAR CAJ\u00c1 Silvestre Por Sementes Passo a Passo\" width=\"500\" height=\"281\" src=\"https:\/\/www.youtube.com\/embed\/ua2JCu5s__U?feature=oembed\" frameborder=\"0\" allow=\"accelerometer; autoplay; clipboard-write; encrypted-media; gyroscope; picture-in-picture; web-share\" referrerpolicy=\"strict-origin-when-cross-origin\" allowfullscreen><\/iframe><\/div>\n<\/div><\/figure>\n\n\n\n<h2 class=\"wp-block-heading\">Sobre o cultivo da caja e pr\u00f3ximo passo para come\u00e7ar<\/h2>\n\n\n\n<p>Ter uma \u00e1rvore de caja em casa ou na pequena propriedade \u00e9 unir <b>sombra, beleza<\/b> e fruta fresca em um s\u00f3 lugar, com uma planta que n\u00e3o exige muitos recursos nem <b>cuidados complicados<\/b>. Com aten\u00e7\u00e3o ao plantio, regas nos primeiros anos, aduba\u00e7\u00e3o simples e podas leves, ela pode <b>produzir bem<\/b> por muito tempo.<\/p>\n\n\n\n<p>Se voc\u00ea se imaginou colhendo seus pr\u00f3prios caj\u00e1s, o melhor momento para come\u00e7ar a planejar o plantio \u00e9 agora: <b>escolha o local<\/b>, procure mudas de qualidade e d\u00ea o primeiro passo para transformar seu quintal ou s\u00edtio em um espa\u00e7o ainda mais <b>saboroso<\/b> e acolhedor.<\/p>\n","protected":false},"excerpt":{"rendered":"<p>Plante caj\u00e1 ao sol, longe de casas, em covas de 50cm com mat\u00e9ria org\u00e2nica. Prefira mudas enxertadas para colher antes. Mantenha o solo \u00famido nos primeiros anos e fa\u00e7a podas de limpeza para garantir frutos Imagine chegar no quintal no fim da tarde e encontrar uma \u00e1rvore carregada de frutinhas amarelas, cheirosas e perfeitas para [&hellip;]<\/p>\n","protected":false},"author":9,"featured_media":154066,"comment_status":"open","ping_status":"open","sticky":false,"template":"","format":"standard","meta":{"jnews-multi-image_gallery":[],"jnews_single_post":{"format":"standard"},"jnews_primary_category":[],"jnews_social_meta":[],"jnews_override_counter":[],"footnotes":""},"categories":[8691,8819,1],"tags":[10426,22430,7701],"class_list":["post-153992","post","type-post","status-publish","format-standard","has-post-thumbnail","hentry","category-bem-estar","category-curiosidades","category-noticias","tag-arvore","tag-caja","tag-como-plantar"],"yoast_head":"<!-- This site is optimized with the Yoast SEO plugin v23.8 - https:\/\/yoast.com\/wordpress\/plugins\/seo\/ -->\n<title>Dicas essenciais para plantar e cuidar de caj\u00e1 no seu quintal - Estado de Minas - Em foco<\/title>\n<meta name=\"description\" content=\"Como plantar caj\u00e1: escolha mudas enxertadas e local ensolarado. Prepare a cova, regue e pode para ter sombra e suco\" \/>\n<meta name=\"robots\" content=\"index, follow, max-snippet:-1, max-image-preview:large, max-video-preview:-1\" \/>\n<link rel=\"canonical\" href=\"https:\/\/www.em.com.br\/emfoco\/2026\/01\/13\/dicas-essenciais-para-plantar-e-cuidar-de-caja-no-seu-quintal\/\" \/>\n<meta property=\"og:locale\" content=\"pt_BR\" \/>\n<meta property=\"og:type\" content=\"article\" \/>\n<meta property=\"og:title\" content=\"Dicas essenciais para plantar e cuidar de caj\u00e1 no seu quintal - Estado de Minas - Em foco\" \/>\n<meta property=\"og:description\" content=\"Como plantar caj\u00e1: escolha mudas enxertadas e local ensolarado. Prepare a cova, regue e pode para ter sombra e suco\" \/>\n<meta property=\"og:url\" content=\"https:\/\/www.em.com.br\/emfoco\/2026\/01\/13\/dicas-essenciais-para-plantar-e-cuidar-de-caja-no-seu-quintal\/\" \/>\n<meta property=\"og:site_name\" content=\"Estado de Minas - Em foco\" \/>\n<meta property=\"article:published_time\" content=\"2026-01-13T20:35:13+00:00\" \/>\n<meta property=\"article:modified_time\" content=\"2026-01-12T19:55:22+00:00\" \/>\n<meta property=\"og:image\" content=\"https:\/\/www.em.com.br\/emfoco\/wp-content\/uploads\/2026\/01\/Spondias-mombin_1768244630954.jpg\" \/>\n\t<meta property=\"og:image:width\" content=\"1280\" \/>\n\t<meta property=\"og:image:height\" content=\"720\" \/>\n\t<meta property=\"og:image:type\" content=\"image\/jpeg\" \/>\n<meta name=\"author\" content=\"Daniely Cardoso\" \/>\n<meta name=\"twitter:card\" content=\"summary_large_image\" \/>\n<meta name=\"twitter:label1\" content=\"Escrito por\" \/>\n\t<meta name=\"twitter:data1\" content=\"Daniely Cardoso\" \/>\n\t<meta name=\"twitter:label2\" content=\"Est. tempo de leitura\" \/>\n\t<meta name=\"twitter:data2\" content=\"4 minutos\" \/>\n<!-- \/ Yoast SEO plugin. -->","yoast_head_json":{"title":"Dicas essenciais para plantar e cuidar de caj\u00e1 no seu quintal - Estado de Minas - Em foco","description":"Como plantar caj\u00e1: escolha mudas enxertadas e local ensolarado. Prepare a cova, regue e pode para ter sombra e suco","robots":{"index":"index","follow":"follow","max-snippet":"max-snippet:-1","max-image-preview":"max-image-preview:large","max-video-preview":"max-video-preview:-1"},"canonical":"https:\/\/www.em.com.br\/emfoco\/2026\/01\/13\/dicas-essenciais-para-plantar-e-cuidar-de-caja-no-seu-quintal\/","og_locale":"pt_BR","og_type":"article","og_title":"Dicas essenciais para plantar e cuidar de caj\u00e1 no seu quintal - Estado de Minas - Em foco","og_description":"Como plantar caj\u00e1: escolha mudas enxertadas e local ensolarado. Prepare a cova, regue e pode para ter sombra e suco","og_url":"https:\/\/www.em.com.br\/emfoco\/2026\/01\/13\/dicas-essenciais-para-plantar-e-cuidar-de-caja-no-seu-quintal\/","og_site_name":"Estado de Minas - Em foco","article_published_time":"2026-01-13T20:35:13+00:00","article_modified_time":"2026-01-12T19:55:22+00:00","og_image":[{"width":1280,"height":720,"url":"https:\/\/www.em.com.br\/emfoco\/wp-content\/uploads\/2026\/01\/Spondias-mombin_1768244630954.jpg","type":"image\/jpeg"}],"author":"Daniely Cardoso","twitter_card":"summary_large_image","twitter_misc":{"Escrito por":"Daniely Cardoso","Est. tempo de leitura":"4 minutos"},"schema":{"@context":"https:\/\/schema.org","@graph":[{"@type":"WebPage","@id":"https:\/\/www.em.com.br\/emfoco\/2026\/01\/13\/dicas-essenciais-para-plantar-e-cuidar-de-caja-no-seu-quintal\/","url":"https:\/\/www.em.com.br\/emfoco\/2026\/01\/13\/dicas-essenciais-para-plantar-e-cuidar-de-caja-no-seu-quintal\/","name":"Dicas essenciais para plantar e cuidar de caj\u00e1 no seu quintal - Estado de Minas - Em foco","isPartOf":{"@id":"https:\/\/www.em.com.br\/emfoco\/#website"},"primaryImageOfPage":{"@id":"https:\/\/www.em.com.br\/emfoco\/2026\/01\/13\/dicas-essenciais-para-plantar-e-cuidar-de-caja-no-seu-quintal\/#primaryimage"},"image":{"@id":"https:\/\/www.em.com.br\/emfoco\/2026\/01\/13\/dicas-essenciais-para-plantar-e-cuidar-de-caja-no-seu-quintal\/#primaryimage"},"thumbnailUrl":"https:\/\/www.em.com.br\/emfoco\/wp-content\/uploads\/2026\/01\/Spondias-mombin_1768244630954.jpg","datePublished":"2026-01-13T20:35:13+00:00","dateModified":"2026-01-12T19:55:22+00:00","author":{"@id":"https:\/\/www.em.com.br\/emfoco\/#\/schema\/person\/0a8186d72f2c3a5c6276d90b41f271a0"},"description":"Como plantar caj\u00e1: escolha mudas enxertadas e local ensolarado. Prepare a cova, regue e pode para ter sombra e suco","breadcrumb":{"@id":"https:\/\/www.em.com.br\/emfoco\/2026\/01\/13\/dicas-essenciais-para-plantar-e-cuidar-de-caja-no-seu-quintal\/#breadcrumb"},"inLanguage":"pt-BR","potentialAction":[{"@type":"ReadAction","target":["https:\/\/www.em.com.br\/emfoco\/2026\/01\/13\/dicas-essenciais-para-plantar-e-cuidar-de-caja-no-seu-quintal\/"]}]},{"@type":"ImageObject","inLanguage":"pt-BR","@id":"https:\/\/www.em.com.br\/emfoco\/2026\/01\/13\/dicas-essenciais-para-plantar-e-cuidar-de-caja-no-seu-quintal\/#primaryimage","url":"https:\/\/www.em.com.br\/emfoco\/wp-content\/uploads\/2026\/01\/Spondias-mombin_1768244630954.jpg","contentUrl":"https:\/\/www.em.com.br\/emfoco\/wp-content\/uploads\/2026\/01\/Spondias-mombin_1768244630954.jpg","width":1280,"height":720,"caption":"Imagine chegar no quintal no fim da tarde e encontrar uma \u00e1rvore carregada de frutinhas amarelas - Cr\u00e9ditos: depositphotos.com \/ softkrafts.live.com"},{"@type":"BreadcrumbList","@id":"https:\/\/www.em.com.br\/emfoco\/2026\/01\/13\/dicas-essenciais-para-plantar-e-cuidar-de-caja-no-seu-quintal\/#breadcrumb","itemListElement":[{"@type":"ListItem","position":1,"name":"In\u00edcio","item":"https:\/\/www.em.com.br\/emfoco\/"},{"@type":"ListItem","position":2,"name":"Dicas essenciais para plantar e cuidar de caj\u00e1 no seu quintal"}]},{"@type":"WebSite","@id":"https:\/\/www.em.com.br\/emfoco\/#website","url":"https:\/\/www.em.com.br\/emfoco\/","name":"Estado de Minas - Em foco","description":"Acompanhe as \u00faltimas not\u00edcias e fique bem informado sobre tudo o que acontece em Minas Gerais, Brasil e no mundo.","potentialAction":[{"@type":"SearchAction","target":{"@type":"EntryPoint","urlTemplate":"https:\/\/www.em.com.br\/emfoco\/?s={search_term_string}"},"query-input":{"@type":"PropertyValueSpecification","valueRequired":true,"valueName":"search_term_string"}}],"inLanguage":"pt-BR"},{"@type":"Person","@id":"https:\/\/www.em.com.br\/emfoco\/#\/schema\/person\/0a8186d72f2c3a5c6276d90b41f271a0","name":"Daniely Cardoso","image":{"@type":"ImageObject","inLanguage":"pt-BR","@id":"https:\/\/www.em.com.br\/emfoco\/#\/schema\/person\/image\/","url":"https:\/\/secure.gravatar.com\/avatar\/4b80ddbd124d1f071b626d52d62e5dff?s=96&d=mm&r=g","contentUrl":"https:\/\/secure.gravatar.com\/avatar\/4b80ddbd124d1f071b626d52d62e5dff?s=96&d=mm&r=g","caption":"Daniely Cardoso"},"url":"https:\/\/www.em.com.br\/emfoco\/author\/danielymyth\/"}]}},"_links":{"self":[{"href":"https:\/\/www.em.com.br\/emfoco\/wp-json\/wp\/v2\/posts\/153992","targetHints":{"allow":["GET"]}}],"collection":[{"href":"https:\/\/www.em.com.br\/emfoco\/wp-json\/wp\/v2\/posts"}],"about":[{"href":"https:\/\/www.em.com.br\/emfoco\/wp-json\/wp\/v2\/types\/post"}],"author":[{"embeddable":true,"href":"https:\/\/www.em.com.br\/emfoco\/wp-json\/wp\/v2\/users\/9"}],"replies":[{"embeddable":true,"href":"https:\/\/www.em.com.br\/emfoco\/wp-json\/wp\/v2\/comments?post=153992"}],"version-history":[{"count":3,"href":"https:\/\/www.em.com.br\/emfoco\/wp-json\/wp\/v2\/posts\/153992\/revisions"}],"predecessor-version":[{"id":154149,"href":"https:\/\/www.em.com.br\/emfoco\/wp-json\/wp\/v2\/posts\/153992\/revisions\/154149"}],"wp:featuredmedia":[{"embeddable":true,"href":"https:\/\/www.em.com.br\/emfoco\/wp-json\/wp\/v2\/media\/154066"}],"wp:attachment":[{"href":"https:\/\/www.em.com.br\/emfoco\/wp-json\/wp\/v2\/media?parent=153992"}],"wp:term":[{"taxonomy":"category","embeddable":true,"href":"https:\/\/www.em.com.br\/emfoco\/wp-json\/wp\/v2\/categories?post=153992"},{"taxonomy":"post_tag","embeddable":true,"href":"https:\/\/www.em.com.br\/emfoco\/wp-json\/wp\/v2\/tags?post=153992"}],"curies":[{"name":"wp","href":"https:\/\/api.w.org\/{rel}","templated":true}]}}