{"id":153979,"date":"2026-01-26T09:05:23","date_gmt":"2026-01-26T12:05:23","guid":{"rendered":"https:\/\/www.em.com.br\/emfoco\/?p=153979"},"modified":"2026-01-14T17:39:06","modified_gmt":"2026-01-14T20:39:06","slug":"dr-cesar-cimonari-artrose-da-coluna-causa-dor-constante","status":"publish","type":"post","link":"https:\/\/www.em.com.br\/emfoco\/2026\/01\/26\/dr-cesar-cimonari-artrose-da-coluna-causa-dor-constante\/","title":{"rendered":"Dr. Cesar Cimonari: Artrose da coluna causa dor constante"},"content":{"rendered":"\n<p>Em algum momento de suas vidas, a maioria das pessoas experimenta dores nas costas ou no pesco\u00e7o. Quando essa dor se torna cr\u00f4nica e gradualmente crescente, uma condi\u00e7\u00e3o conhecida como <strong>Artrose da Coluna Vertebral<\/strong> pode ser a respons\u00e1vel. Essa condi\u00e7\u00e3o, tamb\u00e9m chamada de osteoartrite, envolve o desgaste das articula\u00e7\u00f5es da coluna, afetando a qualidade de vida de quem a desenvolve.<\/p>\n\n\n\n<p>A osteoartrite da coluna ocorre principalmente devido ao envelhecimento. Ao longo dos anos, a cartilagem que amortece as articula\u00e7\u00f5es sofre deteriora\u00e7\u00e3o, resultando em dor e rigidez. Al\u00e9m disso, o crescimento de espor\u00f5es \u00f3sseos nas v\u00e9rtebras pode intensificar esses sintomas. As v\u00e9rtebras, sem sua prote\u00e7\u00e3o adequada, tornam-se mais propensas a causar desconforto significativo.<\/p>\n\n\n\n<h2 class=\"wp-block-heading\">Quais s\u00e3o os Fatores de Risco?<\/h2>\n\n\n\n<p>Existem diversos fatores que podem aumentar a probabilidade de desenvolvimento da artrose na coluna vertebral. A idade \u00e9 um dos principais, pois o envelhecimento natural leva ao desgaste das articula\u00e7\u00f5es. Al\u00e9m disso, as mudan\u00e7as na estrutura da coluna, como danos nos discos vertebrais ou anormalidades cong\u00eanitas, tamb\u00e9m podem contribuir para o desenvolvimento dessa condi\u00e7\u00e3o.<\/p>\n\n\n<div class=\"wp-block-image\">\n<figure class=\"aligncenter size-large\"><img loading=\"lazy\" decoding=\"async\" width=\"1024\" height=\"576\" src=\"https:\/\/www.em.com.br\/emfoco\/wp-content\/uploads\/2026\/01\/Artrose-da-coluna_1768242353388-1024x576.jpg\" alt=\"\" class=\"wp-image-154002\" srcset=\"https:\/\/www.em.com.br\/emfoco\/wp-content\/uploads\/2026\/01\/Artrose-da-coluna_1768242353388-1024x576.jpg 1024w, https:\/\/www.em.com.br\/emfoco\/wp-content\/uploads\/2026\/01\/Artrose-da-coluna_1768242353388-300x169.jpg 300w, https:\/\/www.em.com.br\/emfoco\/wp-content\/uploads\/2026\/01\/Artrose-da-coluna_1768242353388-768x432.jpg 768w, https:\/\/www.em.com.br\/emfoco\/wp-content\/uploads\/2026\/01\/Artrose-da-coluna_1768242353388-750x422.jpg 750w, https:\/\/www.em.com.br\/emfoco\/wp-content\/uploads\/2026\/01\/Artrose-da-coluna_1768242353388-1140x641.jpg 1140w, https:\/\/www.em.com.br\/emfoco\/wp-content\/uploads\/2026\/01\/Artrose-da-coluna_1768242353388.jpg 1280w\" sizes=\"auto, (max-width: 1024px) 100vw, 1024px\" \/><figcaption class=\"wp-element-caption\">Artrose da Coluna Vertebral &#8211; Cr\u00e9ditos: depositphotos.com \/ imagepointfr<\/figcaption><\/figure><\/div>\n\n\n<p>Outra quest\u00e3o importante \u00e9 a obesidade. O sobrepeso coloca press\u00e3o adicional sobre as articula\u00e7\u00f5es da coluna, aumentando as chances de desgaste precoce. Um alinhamento inadequado da coluna devido a defeitos cong\u00eanitos ou posturas incorretas durante a vida pode intensificar o estresse articular, acelerando a deteriora\u00e7\u00e3o da cartilagem.<\/p>\n\n\n\n<h2 class=\"wp-block-heading\">Sintomas e Impacto da Osteoartrite Espinhal<\/h2>\n\n\n\n<p>A dor \u00e9 o sintoma predominante associado \u00e0 osteoartrite da coluna vertebral. Geralmente, ela se manifesta de maneira intermitente, sendo mais exacerbada durante atividades espec\u00edficas, como torcer a coluna ou permanecer na mesma posi\u00e7\u00e3o por longos per\u00edodos. A rigidez tamb\u00e9m \u00e9 comum, muitas vezes observada ao acordar ou ap\u00f3s per\u00edodos prolongados de inatividade.<\/p>\n\n\n\n<p>Al\u00e9m da dor localizada, pode ocorrer dor referida, como dores de cabe\u00e7a ou sensa\u00e7\u00e3o de formigamento nos membros. Essas manifesta\u00e7\u00f5es ocorrem devido \u00e0 irrita\u00e7\u00e3o das ra\u00edzes nervosas pela compress\u00e3o causada pelos espor\u00f5es \u00f3sseos ou pelo desgaste articular.<\/p>\n\n\n\n<h2 class=\"wp-block-heading\">Qual \u00e9 o Tratamento Indicado?<\/h2>\n\n\n\n<p>Embora n\u00e3o haja cura para a artrose da coluna, o tratamento visa aliviar os sintomas e melhorar a qualidade de vida. Estrat\u00e9gias n\u00e3o invasivas, como a fisioterapia e a perda de peso, s\u00e3o \u00fateis para reduzir a carga sobre a coluna. Terapias complementares, como a acupuntura e a massagem terap\u00eautica, tamb\u00e9m podem oferecer al\u00edvio, reduzindo a dor e a rigidez muscular.<\/p>\n\n\n\n<p>Para casos mais severos, medicamentos como analg\u00e9sicos e anti-inflamat\u00f3rios podem ser prescritos para controlar a dor. Em situa\u00e7\u00f5es extremas onde outras abordagens falham, a cirurgia pode ser considerada. Procedimentos como fus\u00f5es vertebrais e laminectomias s\u00e3o op\u00e7\u00f5es para al\u00edvio a longo prazo, embora raramente sejam necess\u00e1rios.<\/p>\n\n\n\n<h2 class=\"wp-block-heading\">Autocuidado e Preven\u00e7\u00e3o: O que Pode Ser Feito?<\/h2>\n\n\n\n<p>Adotar algumas pr\u00e1ticas de autocuidado pode ajudar na gest\u00e3o da osteoartrite da coluna. O repouso peri\u00f3dico e o uso de colch\u00f5es firmes podem oferecer suporte e reduzir a dor. O controle do peso e a manuten\u00e7\u00e3o de uma dieta saud\u00e1vel s\u00e3o fundamentais para aliviar a press\u00e3o nas articula\u00e7\u00f5es vertebrais.<\/p>\n\n\n\n<p>Praticar atividades que fortale\u00e7am os m\u00fasculos das costas proporciona um suporte adicional \u00e0s v\u00e9rtebras, amenizando os sintomas. T\u00e9cnicas de relaxamento e enfrentamento da dor, como a medita\u00e7\u00e3o e o biofeedback, podem auxiliar no controle da dor cr\u00f4nica. Por fim, evitar atividades que gerem estresse excessivo na coluna, como carregar cargas pesadas, \u00e9 crucial para prevenir epis\u00f3dios agudos e manter a fun\u00e7\u00e3o articular.<\/p>\n\n\n\n<p style=\"margin: 0; padding: 0; text-align: center;\">   <a href=\"https:\/\/www.instagram.com\/cesarcimonari\/\" target=\"_blank\" rel=\"noopener\"      style=\"text-decoration: none; color: inherit; display: inline-block; width: 60%; margin: 0 auto; border: 1px solid #ccc; border-radius: 10px; padding: 15px; font-family: sans-serif; box-shadow: 0 2px 5px rgba(0,0,0,0.1); cursor: pointer; text-align: center; box-sizing: border-box;\">      <span style=\"display: block; margin-bottom: 15px; font-weight: bold; color: #2c3e50;\">       Precisa de um m\u00e9dico? Entre em contato:     <\/span>      <span style=\"display: block;\">       <span style=\"display: block; font-size: 1.1em; font-weight: 600; line-height: 1.4;\">         Dr. Cesar Cimonari       <\/span>       <span style=\"display: block; font-size: 0.9em; color: #0073aa; line-height: 1.4; font-style: italic;\">         M\u00e9dico Neurocirurgi\u00e3o       <\/span>       <span style=\"display: block; font-size: 0.9em; color: #555; line-height: 1.4;\">         CRM-SP: 150.620       <\/span>       <span style=\"display: block; font-size: 0.9em; color: #555; line-height: 1.4; font-style: italic;\">         RQE: 66.640       <\/span>     <\/span>   <\/a> <\/p>\n","protected":false},"excerpt":{"rendered":"<p>Em algum momento de suas vidas, a maioria das pessoas experimenta dores nas costas ou no pesco\u00e7o. Quando essa dor se torna cr\u00f4nica e gradualmente crescente, uma condi\u00e7\u00e3o conhecida como Artrose da Coluna Vertebral pode ser a respons\u00e1vel. Essa condi\u00e7\u00e3o, tamb\u00e9m chamada de osteoartrite, envolve o desgaste das articula\u00e7\u00f5es da coluna, afetando a qualidade de [&hellip;]<\/p>\n","protected":false},"author":25,"featured_media":154001,"comment_status":"open","ping_status":"open","sticky":false,"template":"","format":"standard","meta":{"jnews-multi-image_gallery":[],"jnews_single_post":{"format":"standard"},"jnews_primary_category":[],"jnews_social_meta":[],"jnews_override_counter":[],"footnotes":""},"categories":[9053],"tags":[22429,711,415],"class_list":["post-153979","post","type-post","status-publish","format-standard","has-post-thumbnail","hentry","category-saude","tag-artrose-da-coluna-vertebral","tag-bem-estar","tag-saude"],"yoast_head":"<!-- This site is optimized with the Yoast SEO plugin v23.8 - https:\/\/yoast.com\/wordpress\/plugins\/seo\/ -->\n<title>Dr. Cesar Cimonari: Artrose da coluna causa dor constante - Estado de Minas - Em foco<\/title>\n<meta name=\"description\" content=\"Artrose da coluna causa dor, rigidez e limita\u00e7\u00e3o de movimentos. Saiba identificar os sintomas e tratar corretamente.\" \/>\n<meta name=\"robots\" content=\"index, follow, max-snippet:-1, max-image-preview:large, max-video-preview:-1\" \/>\n<link rel=\"canonical\" href=\"https:\/\/www.em.com.br\/emfoco\/2026\/01\/26\/dr-cesar-cimonari-artrose-da-coluna-causa-dor-constante\/\" \/>\n<meta property=\"og:locale\" content=\"pt_BR\" \/>\n<meta property=\"og:type\" content=\"article\" \/>\n<meta property=\"og:title\" content=\"Dr. Cesar Cimonari: Artrose da coluna causa dor constante - Estado de Minas - Em foco\" \/>\n<meta property=\"og:description\" content=\"Artrose da coluna causa dor, rigidez e limita\u00e7\u00e3o de movimentos. Saiba identificar os sintomas e tratar corretamente.\" \/>\n<meta property=\"og:url\" content=\"https:\/\/www.em.com.br\/emfoco\/2026\/01\/26\/dr-cesar-cimonari-artrose-da-coluna-causa-dor-constante\/\" \/>\n<meta property=\"og:site_name\" content=\"Estado de Minas - Em foco\" \/>\n<meta property=\"article:published_time\" content=\"2026-01-26T12:05:23+00:00\" \/>\n<meta property=\"article:modified_time\" content=\"2026-01-14T20:39:06+00:00\" \/>\n<meta property=\"og:image\" content=\"https:\/\/www.em.com.br\/emfoco\/wp-content\/uploads\/2026\/01\/Artrose-da-coluna_1768242333592.jpg\" \/>\n\t<meta property=\"og:image:width\" content=\"1280\" \/>\n\t<meta property=\"og:image:height\" content=\"720\" \/>\n\t<meta property=\"og:image:type\" content=\"image\/jpeg\" \/>\n<meta name=\"author\" content=\"Guilherme Lopes\" \/>\n<meta name=\"twitter:card\" content=\"summary_large_image\" \/>\n<meta name=\"twitter:label1\" content=\"Escrito por\" \/>\n\t<meta name=\"twitter:data1\" content=\"Guilherme Lopes\" \/>\n\t<meta name=\"twitter:label2\" content=\"Est. tempo de leitura\" \/>\n\t<meta name=\"twitter:data2\" content=\"4 minutos\" \/>\n<!-- \/ Yoast SEO plugin. -->","yoast_head_json":{"title":"Dr. Cesar Cimonari: Artrose da coluna causa dor constante - Estado de Minas - Em foco","description":"Artrose da coluna causa dor, rigidez e limita\u00e7\u00e3o de movimentos. Saiba identificar os sintomas e tratar corretamente.","robots":{"index":"index","follow":"follow","max-snippet":"max-snippet:-1","max-image-preview":"max-image-preview:large","max-video-preview":"max-video-preview:-1"},"canonical":"https:\/\/www.em.com.br\/emfoco\/2026\/01\/26\/dr-cesar-cimonari-artrose-da-coluna-causa-dor-constante\/","og_locale":"pt_BR","og_type":"article","og_title":"Dr. Cesar Cimonari: Artrose da coluna causa dor constante - Estado de Minas - Em foco","og_description":"Artrose da coluna causa dor, rigidez e limita\u00e7\u00e3o de movimentos. Saiba identificar os sintomas e tratar corretamente.","og_url":"https:\/\/www.em.com.br\/emfoco\/2026\/01\/26\/dr-cesar-cimonari-artrose-da-coluna-causa-dor-constante\/","og_site_name":"Estado de Minas - Em foco","article_published_time":"2026-01-26T12:05:23+00:00","article_modified_time":"2026-01-14T20:39:06+00:00","og_image":[{"width":1280,"height":720,"url":"https:\/\/www.em.com.br\/emfoco\/wp-content\/uploads\/2026\/01\/Artrose-da-coluna_1768242333592.jpg","type":"image\/jpeg"}],"author":"Guilherme Lopes","twitter_card":"summary_large_image","twitter_misc":{"Escrito por":"Guilherme Lopes","Est. tempo de leitura":"4 minutos"},"schema":{"@context":"https:\/\/schema.org","@graph":[{"@type":"WebPage","@id":"https:\/\/www.em.com.br\/emfoco\/2026\/01\/26\/dr-cesar-cimonari-artrose-da-coluna-causa-dor-constante\/","url":"https:\/\/www.em.com.br\/emfoco\/2026\/01\/26\/dr-cesar-cimonari-artrose-da-coluna-causa-dor-constante\/","name":"Dr. Cesar Cimonari: Artrose da coluna causa dor constante - Estado de Minas - Em foco","isPartOf":{"@id":"https:\/\/www.em.com.br\/emfoco\/#website"},"primaryImageOfPage":{"@id":"https:\/\/www.em.com.br\/emfoco\/2026\/01\/26\/dr-cesar-cimonari-artrose-da-coluna-causa-dor-constante\/#primaryimage"},"image":{"@id":"https:\/\/www.em.com.br\/emfoco\/2026\/01\/26\/dr-cesar-cimonari-artrose-da-coluna-causa-dor-constante\/#primaryimage"},"thumbnailUrl":"https:\/\/www.em.com.br\/emfoco\/wp-content\/uploads\/2026\/01\/Artrose-da-coluna_1768242333592.jpg","datePublished":"2026-01-26T12:05:23+00:00","dateModified":"2026-01-14T20:39:06+00:00","author":{"@id":"https:\/\/www.em.com.br\/emfoco\/#\/schema\/person\/f6eade2e287023da170a1b2b329f68e5"},"description":"Artrose da coluna causa dor, rigidez e limita\u00e7\u00e3o de movimentos. Saiba identificar os sintomas e tratar corretamente.","breadcrumb":{"@id":"https:\/\/www.em.com.br\/emfoco\/2026\/01\/26\/dr-cesar-cimonari-artrose-da-coluna-causa-dor-constante\/#breadcrumb"},"inLanguage":"pt-BR","potentialAction":[{"@type":"ReadAction","target":["https:\/\/www.em.com.br\/emfoco\/2026\/01\/26\/dr-cesar-cimonari-artrose-da-coluna-causa-dor-constante\/"]}]},{"@type":"ImageObject","inLanguage":"pt-BR","@id":"https:\/\/www.em.com.br\/emfoco\/2026\/01\/26\/dr-cesar-cimonari-artrose-da-coluna-causa-dor-constante\/#primaryimage","url":"https:\/\/www.em.com.br\/emfoco\/wp-content\/uploads\/2026\/01\/Artrose-da-coluna_1768242333592.jpg","contentUrl":"https:\/\/www.em.com.br\/emfoco\/wp-content\/uploads\/2026\/01\/Artrose-da-coluna_1768242333592.jpg","width":1280,"height":720,"caption":"Artrose da Coluna Vertebral - Cr\u00e9ditos: depositphotos.com \/ imagepointfr"},{"@type":"BreadcrumbList","@id":"https:\/\/www.em.com.br\/emfoco\/2026\/01\/26\/dr-cesar-cimonari-artrose-da-coluna-causa-dor-constante\/#breadcrumb","itemListElement":[{"@type":"ListItem","position":1,"name":"In\u00edcio","item":"https:\/\/www.em.com.br\/emfoco\/"},{"@type":"ListItem","position":2,"name":"Dr. Cesar Cimonari: Artrose da coluna causa dor constante"}]},{"@type":"WebSite","@id":"https:\/\/www.em.com.br\/emfoco\/#website","url":"https:\/\/www.em.com.br\/emfoco\/","name":"Estado de Minas - Em foco","description":"Acompanhe as \u00faltimas not\u00edcias e fique bem informado sobre tudo o que acontece em Minas Gerais, Brasil e no mundo.","potentialAction":[{"@type":"SearchAction","target":{"@type":"EntryPoint","urlTemplate":"https:\/\/www.em.com.br\/emfoco\/?s={search_term_string}"},"query-input":{"@type":"PropertyValueSpecification","valueRequired":true,"valueName":"search_term_string"}}],"inLanguage":"pt-BR"},{"@type":"Person","@id":"https:\/\/www.em.com.br\/emfoco\/#\/schema\/person\/f6eade2e287023da170a1b2b329f68e5","name":"Guilherme Lopes","image":{"@type":"ImageObject","inLanguage":"pt-BR","@id":"https:\/\/www.em.com.br\/emfoco\/#\/schema\/person\/image\/","url":"https:\/\/secure.gravatar.com\/avatar\/df9adfb835d344bc0af109d41756253f?s=96&d=mm&r=g","contentUrl":"https:\/\/secure.gravatar.com\/avatar\/df9adfb835d344bc0af109d41756253f?s=96&d=mm&r=g","caption":"Guilherme Lopes"},"url":"https:\/\/www.em.com.br\/emfoco\/author\/guilherme_saude\/"}]}},"_links":{"self":[{"href":"https:\/\/www.em.com.br\/emfoco\/wp-json\/wp\/v2\/posts\/153979","targetHints":{"allow":["GET"]}}],"collection":[{"href":"https:\/\/www.em.com.br\/emfoco\/wp-json\/wp\/v2\/posts"}],"about":[{"href":"https:\/\/www.em.com.br\/emfoco\/wp-json\/wp\/v2\/types\/post"}],"author":[{"embeddable":true,"href":"https:\/\/www.em.com.br\/emfoco\/wp-json\/wp\/v2\/users\/25"}],"replies":[{"embeddable":true,"href":"https:\/\/www.em.com.br\/emfoco\/wp-json\/wp\/v2\/comments?post=153979"}],"version-history":[{"count":1,"href":"https:\/\/www.em.com.br\/emfoco\/wp-json\/wp\/v2\/posts\/153979\/revisions"}],"predecessor-version":[{"id":154003,"href":"https:\/\/www.em.com.br\/emfoco\/wp-json\/wp\/v2\/posts\/153979\/revisions\/154003"}],"wp:featuredmedia":[{"embeddable":true,"href":"https:\/\/www.em.com.br\/emfoco\/wp-json\/wp\/v2\/media\/154001"}],"wp:attachment":[{"href":"https:\/\/www.em.com.br\/emfoco\/wp-json\/wp\/v2\/media?parent=153979"}],"wp:term":[{"taxonomy":"category","embeddable":true,"href":"https:\/\/www.em.com.br\/emfoco\/wp-json\/wp\/v2\/categories?post=153979"},{"taxonomy":"post_tag","embeddable":true,"href":"https:\/\/www.em.com.br\/emfoco\/wp-json\/wp\/v2\/tags?post=153979"}],"curies":[{"name":"wp","href":"https:\/\/api.w.org\/{rel}","templated":true}]}}