{"id":153956,"date":"2026-01-13T09:25:00","date_gmt":"2026-01-13T12:25:00","guid":{"rendered":"https:\/\/www.em.com.br\/emfoco\/?p=153956"},"modified":"2026-01-12T15:31:06","modified_gmt":"2026-01-12T18:31:06","slug":"janeiro-e-o-mes-mais-florido-do-ano-no-brasil-e-essas-plantas-explodem-em-cores-quando-o-calor-e-a-umidade-se-combinam","status":"publish","type":"post","link":"https:\/\/www.em.com.br\/emfoco\/2026\/01\/13\/janeiro-e-o-mes-mais-florido-do-ano-no-brasil-e-essas-plantas-explodem-em-cores-quando-o-calor-e-a-umidade-se-combinam\/","title":{"rendered":"Janeiro \u00e9 o m\u00eas mais florido do ano no Brasil e essas plantas explodem em cores quando o calor e a umidade se combinam"},"content":{"rendered":"\n<h2 class=\"wp-block-heading\">Janeiro favorece a flora\u00e7\u00e3o por unir calor, sol intenso e alta umidade. O clima acelera a fotoss\u00edntese e mant\u00e9m plantas t\u00fargidas. Flores como onze-horas, hibisco e sunpatiens exigem manejo correto para flora\u00e7\u00e3o prolongada.<\/h2>\n\n\n\n<p>Janeiro marca o auge das <strong>flores de ver\u00e3o<\/strong> no Brasil, quando calor intenso e alta umidade aceleram o crescimento e intensificam as cores. Para manter o jardim vibrante durante toda a esta\u00e7\u00e3o, \u00e9 essencial entender como o clima influencia a flora\u00e7\u00e3o e ajustar os cuidados.<\/p>\n\n\n\n<h2 class=\"wp-block-heading\">Por que janeiro favorece tanto a flora\u00e7\u00e3o nos jardins?<\/h2>\n\n\n\n<p>O clima de janeiro combina <strong>radia\u00e7\u00e3o solar elevada<\/strong> e chuvas frequentes, fatores que aumentam a taxa de fotoss\u00edntese e impulsionam o metabolismo das plantas tropicais, permitindo que direcionem mais energia para a produ\u00e7\u00e3o de flores grandes e numerosas.<\/p>\n\n\n\n<p>Esse per\u00edodo \u00e9 conhecido como <strong>pico vegetativo<\/strong>, quando a planta prioriza a reprodu\u00e7\u00e3o. Com \u00e1gua dispon\u00edvel e dias longos, as esp\u00e9cies de ver\u00e3o permanecem t\u00fargidas, resistentes ao calor e capazes de sustentar flora\u00e7\u00e3o cont\u00ednua mesmo sob sol intenso.<\/p>\n\n\n\n<figure class=\"wp-block-image size-large\"><img loading=\"lazy\" decoding=\"async\" width=\"1024\" height=\"576\" src=\"https:\/\/www.em.com.br\/emfoco\/wp-content\/uploads\/2026\/01\/AIAI-1-2-1024x576.jpg\" alt=\"Janeiro \u00e9 o m\u00eas mais florido do ano no Brasil e essas plantas explodem em cores quando o calor e a umidade se combinam\" class=\"wp-image-154018\" srcset=\"https:\/\/www.em.com.br\/emfoco\/wp-content\/uploads\/2026\/01\/AIAI-1-2-1024x576.jpg 1024w, https:\/\/www.em.com.br\/emfoco\/wp-content\/uploads\/2026\/01\/AIAI-1-2-300x169.jpg 300w, https:\/\/www.em.com.br\/emfoco\/wp-content\/uploads\/2026\/01\/AIAI-1-2-768x432.jpg 768w, https:\/\/www.em.com.br\/emfoco\/wp-content\/uploads\/2026\/01\/AIAI-1-2-750x422.jpg 750w, https:\/\/www.em.com.br\/emfoco\/wp-content\/uploads\/2026\/01\/AIAI-1-2-1140x641.jpg 1140w, https:\/\/www.em.com.br\/emfoco\/wp-content\/uploads\/2026\/01\/AIAI-1-2.jpg 1280w\" sizes=\"auto, (max-width: 1024px) 100vw, 1024px\" \/><figcaption class=\"wp-element-caption\">Clima quente e \u00famido aumenta fotoss\u00edntese e energia para flores<\/figcaption><\/figure>\n\n\n\n<h2 class=\"wp-block-heading\">Quais flores se destacam no jardim durante janeiro?<\/h2>\n\n\n\n<p>Algumas esp\u00e9cies s\u00e3o naturalmente adaptadas ao calor e \u00e0 umidade elevados, apresentando flora\u00e7\u00e3o intensa e manuten\u00e7\u00e3o relativamente simples, o que as torna ideais para canteiros e vasos nesta \u00e9poca. Entre as principais op\u00e7\u00f5es est\u00e3o as que voc\u00ea v\u00ea a seguir.<\/p>\n\n\n\n<ul class=\"wp-block-list\">\n<li><strong>Onze-horas<\/strong>, que abre as flores com sol pleno e tolera solos mais secos.<\/li>\n\n\n\n<li><strong>Sunpatiens<\/strong>, desenvolvida para resistir ao calor direto sem murchar.<\/li>\n\n\n\n<li><strong>Hibisco<\/strong>, s\u00edmbolo do ver\u00e3o, com flores maiores e cores intensas.<\/li>\n<\/ul>\n\n\n\n<h2 class=\"wp-block-heading\">Como o calor e a umidade afetam a biologia das plantas?<\/h2>\n\n\n\n<p>Com mais luz dispon\u00edvel, a planta intensifica a produ\u00e7\u00e3o de <strong>glicose<\/strong>, combust\u00edvel essencial para o desenvolvimento das p\u00e9talas e estruturas florais, garantindo cores vivas e crescimento acelerado durante o ver\u00e3o.<\/p>\n\n\n\n<p>A <strong>umidade elevada do ar<\/strong> reduz a perda de \u00e1gua pelos est\u00f4matos, evitando murchamento mesmo em dias quentes. Esse equil\u00edbrio h\u00eddrico permite que a planta mantenha tecidos firmes e prolongue o per\u00edodo de flora\u00e7\u00e3o.<\/p>\n\n\n\n<p>Confira o v\u00eddeo compartilhado pelo canal do TikTok <strong><a href=\"https:\/\/www.tiktok.com\/@florestando.sua.c\" target=\"_blank\" rel=\"noreferrer noopener\"><strong>florestando.sua.c<\/strong><\/a><\/strong> dando mais dicas de quais plantas s\u00e3o \u00f3timas para plantar no come\u00e7o do ano para aproveitar o ver\u00e3o.<\/p>\n\n\n\n<blockquote class=\"tiktok-embed\" cite=\"https:\/\/www.tiktok.com\/@florestando.sua.c\/video\/7457371598216023302\" data-video-id=\"7457371598216023302\" style=\"max-width: 605px;min-width: 325px;\" > <section> <a target=\"_blank\" title=\"@florestando.sua.c\" href=\"https:\/\/www.tiktok.com\/@florestando.sua.c?refer=embed\">@florestando.sua.c<\/a> \ud83d\udc8c Cr\u00e9ditos: @rairechprof (Instagram)  Incr\u00edvel como o ver\u00e3o proporciona uma grande diversidade de plantas n\u00e9?!\ud83d\ude0d\ud83d\udc9a <a title=\"fy\" target=\"_blank\" href=\"https:\/\/www.tiktok.com\/tag\/fy?refer=embed\">#fy<\/a> <a title=\"plants\" target=\"_blank\" href=\"https:\/\/www.tiktok.com\/tag\/plants?refer=embed\">#plants<\/a> <a title=\"garden\" target=\"_blank\" href=\"https:\/\/www.tiktok.com\/tag\/garden?refer=embed\">#garden<\/a> <a title=\"jardinagem\" target=\"_blank\" href=\"https:\/\/www.tiktok.com\/tag\/jardinagem?refer=embed\">#jardinagem<\/a> <a title=\"plantas\" target=\"_blank\" href=\"https:\/\/www.tiktok.com\/tag\/plantas?refer=embed\">#plantas<\/a> <a target=\"_blank\" title=\"\u266c som original - Florestando Sua Casa\" href=\"https:\/\/www.tiktok.com\/music\/som-original-7457371612296694534?refer=embed\">\u266c som original &#8211; Florestando Sua Casa<\/a> <\/section> <\/blockquote> <script async src=\"https:\/\/www.tiktok.com\/embed.js\"><\/script>\n\n\n\n<p><em>Leia mais: <strong><a href=\"https:\/\/www.em.com.br\/emfoco\/2026\/01\/12\/como-cuidar-da-roma-no-verao-para-ter-flor-e-fruto-mesmo-em-regioes-muito-quentes\/\" target=\"_blank\" rel=\"noreferrer noopener\">Como cuidar da rom\u00e3 no ver\u00e3o para ter flor e fruto mesmo em regi\u00f5es muito quentes<\/a><\/strong><\/em><\/p>\n\n\n\n<h2 class=\"wp-block-heading\">Quais cuidados prolongam a flora\u00e7\u00e3o no auge do ver\u00e3o?<\/h2>\n\n\n\n<p>Mesmo com clima favor\u00e1vel, a manuten\u00e7\u00e3o correta define a durabilidade das flores e a sa\u00fade das plantas ao longo do m\u00eas. Ajustes simples no manejo fazem grande diferen\u00e7a, como mostram as orienta\u00e7\u00f5es pr\u00e1ticas a seguir.<\/p>\n\n\n\n<ul class=\"wp-block-list\">\n<li><strong>Nutri\u00e7\u00e3o adequada<\/strong> com adubos ricos em f\u00f3sforo e pot\u00e1ssio, favorecendo flores.<\/li>\n\n\n\n<li><strong>Rega estrat\u00e9gica<\/strong> pela manh\u00e3 ou fim da tarde, evitando queimaduras nas p\u00e9talas.<\/li>\n\n\n\n<li><strong>Observa\u00e7\u00e3o constante<\/strong> para remover flores secas e estimular novas brota\u00e7\u00f5es.<\/li>\n<\/ul>\n\n\n\n<h2 class=\"wp-block-heading\">Como aproveitar janeiro para um jardim mais vibrante?<\/h2>\n\n\n\n<p>Janeiro \u00e9 o momento ideal para observar a <strong>resili\u00eancia das plantas tropicais<\/strong> e ajustar pr\u00e1ticas de cultivo, aproveitando o clima como aliado para canteiros mais cheios e coloridos.<\/p>\n\n\n\n<p>Ao compreender a rela\u00e7\u00e3o entre clima, nutri\u00e7\u00e3o e manejo, o jardineiro consegue manter um <strong>espet\u00e1culo visual cont\u00ednuo<\/strong> durante o ver\u00e3o, valorizando o espa\u00e7o e garantindo flores saud\u00e1veis por mais tempo.<\/p>\n","protected":false},"excerpt":{"rendered":"<p>Janeiro favorece a flora\u00e7\u00e3o por unir calor, sol intenso e alta umidade. O clima acelera a fotoss\u00edntese e mant\u00e9m plantas t\u00fargidas. Flores como onze-horas, hibisco e sunpatiens exigem manejo correto para flora\u00e7\u00e3o prolongada. Janeiro marca o auge das flores de ver\u00e3o no Brasil, quando calor intenso e alta umidade aceleram o crescimento e intensificam as [&hellip;]<\/p>\n","protected":false},"author":13,"featured_media":154013,"comment_status":"open","ping_status":"open","sticky":false,"template":"","format":"standard","meta":{"jnews-multi-image_gallery":[],"jnews_single_post":{"format":"standard"},"jnews_primary_category":[],"jnews_social_meta":[],"jnews_override_counter":[],"footnotes":""},"categories":[1],"tags":[],"class_list":["post-153956","post","type-post","status-publish","format-standard","has-post-thumbnail","hentry","category-noticias"],"yoast_head":"<!-- This site is optimized with the Yoast SEO plugin v23.8 - https:\/\/yoast.com\/wordpress\/plugins\/seo\/ -->\n<title>Janeiro \u00e9 o m\u00eas mais florido do ano no Brasil e essas plantas explodem em cores quando o calor e a umidade se combinam - Estado de Minas - Em foco<\/title>\n<meta name=\"description\" content=\"Janeiro \u00e9 o auge das flores tropicais no Brasil. Aprenda quais esp\u00e9cies brilham no ver\u00e3o e como cuidar para manter o jardim vibrante.\" \/>\n<meta name=\"robots\" content=\"index, follow, max-snippet:-1, max-image-preview:large, max-video-preview:-1\" \/>\n<link rel=\"canonical\" href=\"https:\/\/www.em.com.br\/emfoco\/2026\/01\/13\/janeiro-e-o-mes-mais-florido-do-ano-no-brasil-e-essas-plantas-explodem-em-cores-quando-o-calor-e-a-umidade-se-combinam\/\" \/>\n<meta property=\"og:locale\" content=\"pt_BR\" \/>\n<meta property=\"og:type\" content=\"article\" \/>\n<meta property=\"og:title\" content=\"Janeiro \u00e9 o m\u00eas mais florido do ano no Brasil e essas plantas explodem em cores quando o calor e a umidade se combinam - Estado de Minas - Em foco\" \/>\n<meta property=\"og:description\" content=\"Janeiro \u00e9 o auge das flores tropicais no Brasil. Aprenda quais esp\u00e9cies brilham no ver\u00e3o e como cuidar para manter o jardim vibrante.\" \/>\n<meta property=\"og:url\" content=\"https:\/\/www.em.com.br\/emfoco\/2026\/01\/13\/janeiro-e-o-mes-mais-florido-do-ano-no-brasil-e-essas-plantas-explodem-em-cores-quando-o-calor-e-a-umidade-se-combinam\/\" \/>\n<meta property=\"og:site_name\" content=\"Estado de Minas - Em foco\" \/>\n<meta property=\"article:published_time\" content=\"2026-01-13T12:25:00+00:00\" \/>\n<meta property=\"article:modified_time\" content=\"2026-01-12T18:31:06+00:00\" \/>\n<meta property=\"og:image\" content=\"https:\/\/www.em.com.br\/emfoco\/wp-content\/uploads\/2026\/01\/AIAI-15.jpg\" \/>\n\t<meta property=\"og:image:width\" content=\"1280\" \/>\n\t<meta property=\"og:image:height\" content=\"720\" \/>\n\t<meta property=\"og:image:type\" content=\"image\/jpeg\" \/>\n<meta name=\"author\" content=\"Gabriel Martins\" \/>\n<meta name=\"twitter:card\" content=\"summary_large_image\" \/>\n<meta name=\"twitter:label1\" content=\"Escrito por\" \/>\n\t<meta name=\"twitter:data1\" content=\"Gabriel Martins\" \/>\n\t<meta name=\"twitter:label2\" content=\"Est. tempo de leitura\" \/>\n\t<meta name=\"twitter:data2\" content=\"4 minutos\" \/>\n<!-- \/ Yoast SEO plugin. -->","yoast_head_json":{"title":"Janeiro \u00e9 o m\u00eas mais florido do ano no Brasil e essas plantas explodem em cores quando o calor e a umidade se combinam - Estado de Minas - Em foco","description":"Janeiro \u00e9 o auge das flores tropicais no Brasil. Aprenda quais esp\u00e9cies brilham no ver\u00e3o e como cuidar para manter o jardim vibrante.","robots":{"index":"index","follow":"follow","max-snippet":"max-snippet:-1","max-image-preview":"max-image-preview:large","max-video-preview":"max-video-preview:-1"},"canonical":"https:\/\/www.em.com.br\/emfoco\/2026\/01\/13\/janeiro-e-o-mes-mais-florido-do-ano-no-brasil-e-essas-plantas-explodem-em-cores-quando-o-calor-e-a-umidade-se-combinam\/","og_locale":"pt_BR","og_type":"article","og_title":"Janeiro \u00e9 o m\u00eas mais florido do ano no Brasil e essas plantas explodem em cores quando o calor e a umidade se combinam - Estado de Minas - Em foco","og_description":"Janeiro \u00e9 o auge das flores tropicais no Brasil. Aprenda quais esp\u00e9cies brilham no ver\u00e3o e como cuidar para manter o jardim vibrante.","og_url":"https:\/\/www.em.com.br\/emfoco\/2026\/01\/13\/janeiro-e-o-mes-mais-florido-do-ano-no-brasil-e-essas-plantas-explodem-em-cores-quando-o-calor-e-a-umidade-se-combinam\/","og_site_name":"Estado de Minas - Em foco","article_published_time":"2026-01-13T12:25:00+00:00","article_modified_time":"2026-01-12T18:31:06+00:00","og_image":[{"width":1280,"height":720,"url":"https:\/\/www.em.com.br\/emfoco\/wp-content\/uploads\/2026\/01\/AIAI-15.jpg","type":"image\/jpeg"}],"author":"Gabriel Martins","twitter_card":"summary_large_image","twitter_misc":{"Escrito por":"Gabriel Martins","Est. tempo de leitura":"4 minutos"},"schema":{"@context":"https:\/\/schema.org","@graph":[{"@type":"WebPage","@id":"https:\/\/www.em.com.br\/emfoco\/2026\/01\/13\/janeiro-e-o-mes-mais-florido-do-ano-no-brasil-e-essas-plantas-explodem-em-cores-quando-o-calor-e-a-umidade-se-combinam\/","url":"https:\/\/www.em.com.br\/emfoco\/2026\/01\/13\/janeiro-e-o-mes-mais-florido-do-ano-no-brasil-e-essas-plantas-explodem-em-cores-quando-o-calor-e-a-umidade-se-combinam\/","name":"Janeiro \u00e9 o m\u00eas mais florido do ano no Brasil e essas plantas explodem em cores quando o calor e a umidade se combinam - Estado de Minas - Em foco","isPartOf":{"@id":"https:\/\/www.em.com.br\/emfoco\/#website"},"primaryImageOfPage":{"@id":"https:\/\/www.em.com.br\/emfoco\/2026\/01\/13\/janeiro-e-o-mes-mais-florido-do-ano-no-brasil-e-essas-plantas-explodem-em-cores-quando-o-calor-e-a-umidade-se-combinam\/#primaryimage"},"image":{"@id":"https:\/\/www.em.com.br\/emfoco\/2026\/01\/13\/janeiro-e-o-mes-mais-florido-do-ano-no-brasil-e-essas-plantas-explodem-em-cores-quando-o-calor-e-a-umidade-se-combinam\/#primaryimage"},"thumbnailUrl":"https:\/\/www.em.com.br\/emfoco\/wp-content\/uploads\/2026\/01\/AIAI-15.jpg","datePublished":"2026-01-13T12:25:00+00:00","dateModified":"2026-01-12T18:31:06+00:00","author":{"@id":"https:\/\/www.em.com.br\/emfoco\/#\/schema\/person\/1c9ddeab18b98abeffef834667bcf08a"},"description":"Janeiro \u00e9 o auge das flores tropicais no Brasil. Aprenda quais esp\u00e9cies brilham no ver\u00e3o e como cuidar para manter o jardim vibrante.","breadcrumb":{"@id":"https:\/\/www.em.com.br\/emfoco\/2026\/01\/13\/janeiro-e-o-mes-mais-florido-do-ano-no-brasil-e-essas-plantas-explodem-em-cores-quando-o-calor-e-a-umidade-se-combinam\/#breadcrumb"},"inLanguage":"pt-BR","potentialAction":[{"@type":"ReadAction","target":["https:\/\/www.em.com.br\/emfoco\/2026\/01\/13\/janeiro-e-o-mes-mais-florido-do-ano-no-brasil-e-essas-plantas-explodem-em-cores-quando-o-calor-e-a-umidade-se-combinam\/"]}]},{"@type":"ImageObject","inLanguage":"pt-BR","@id":"https:\/\/www.em.com.br\/emfoco\/2026\/01\/13\/janeiro-e-o-mes-mais-florido-do-ano-no-brasil-e-essas-plantas-explodem-em-cores-quando-o-calor-e-a-umidade-se-combinam\/#primaryimage","url":"https:\/\/www.em.com.br\/emfoco\/wp-content\/uploads\/2026\/01\/AIAI-15.jpg","contentUrl":"https:\/\/www.em.com.br\/emfoco\/wp-content\/uploads\/2026\/01\/AIAI-15.jpg","width":1280,"height":720,"caption":"Janeiro intensifica flora\u00e7\u00e3o de ver\u00e3o com calor, umidade e manejo adequado"},{"@type":"BreadcrumbList","@id":"https:\/\/www.em.com.br\/emfoco\/2026\/01\/13\/janeiro-e-o-mes-mais-florido-do-ano-no-brasil-e-essas-plantas-explodem-em-cores-quando-o-calor-e-a-umidade-se-combinam\/#breadcrumb","itemListElement":[{"@type":"ListItem","position":1,"name":"In\u00edcio","item":"https:\/\/www.em.com.br\/emfoco\/"},{"@type":"ListItem","position":2,"name":"Janeiro \u00e9 o m\u00eas mais florido do ano no Brasil e essas plantas explodem em cores quando o calor e a umidade se combinam"}]},{"@type":"WebSite","@id":"https:\/\/www.em.com.br\/emfoco\/#website","url":"https:\/\/www.em.com.br\/emfoco\/","name":"Estado de Minas - Em foco","description":"Acompanhe as \u00faltimas not\u00edcias e fique bem informado sobre tudo o que acontece em Minas Gerais, Brasil e no mundo.","potentialAction":[{"@type":"SearchAction","target":{"@type":"EntryPoint","urlTemplate":"https:\/\/www.em.com.br\/emfoco\/?s={search_term_string}"},"query-input":{"@type":"PropertyValueSpecification","valueRequired":true,"valueName":"search_term_string"}}],"inLanguage":"pt-BR"},{"@type":"Person","@id":"https:\/\/www.em.com.br\/emfoco\/#\/schema\/person\/1c9ddeab18b98abeffef834667bcf08a","name":"Gabriel Martins","image":{"@type":"ImageObject","inLanguage":"pt-BR","@id":"https:\/\/www.em.com.br\/emfoco\/#\/schema\/person\/image\/","url":"https:\/\/secure.gravatar.com\/avatar\/f0f1e2efdfd88f1ad2cb08c5c2731e50?s=96&d=mm&r=g","contentUrl":"https:\/\/secure.gravatar.com\/avatar\/f0f1e2efdfd88f1ad2cb08c5c2731e50?s=96&d=mm&r=g","caption":"Gabriel Martins"},"sameAs":["https:\/\/www.em.com.br\/emfoco\/"],"url":"https:\/\/www.em.com.br\/emfoco\/author\/gabrielmartinsmyth\/"}]}},"_links":{"self":[{"href":"https:\/\/www.em.com.br\/emfoco\/wp-json\/wp\/v2\/posts\/153956","targetHints":{"allow":["GET"]}}],"collection":[{"href":"https:\/\/www.em.com.br\/emfoco\/wp-json\/wp\/v2\/posts"}],"about":[{"href":"https:\/\/www.em.com.br\/emfoco\/wp-json\/wp\/v2\/types\/post"}],"author":[{"embeddable":true,"href":"https:\/\/www.em.com.br\/emfoco\/wp-json\/wp\/v2\/users\/13"}],"replies":[{"embeddable":true,"href":"https:\/\/www.em.com.br\/emfoco\/wp-json\/wp\/v2\/comments?post=153956"}],"version-history":[{"count":1,"href":"https:\/\/www.em.com.br\/emfoco\/wp-json\/wp\/v2\/posts\/153956\/revisions"}],"predecessor-version":[{"id":154019,"href":"https:\/\/www.em.com.br\/emfoco\/wp-json\/wp\/v2\/posts\/153956\/revisions\/154019"}],"wp:featuredmedia":[{"embeddable":true,"href":"https:\/\/www.em.com.br\/emfoco\/wp-json\/wp\/v2\/media\/154013"}],"wp:attachment":[{"href":"https:\/\/www.em.com.br\/emfoco\/wp-json\/wp\/v2\/media?parent=153956"}],"wp:term":[{"taxonomy":"category","embeddable":true,"href":"https:\/\/www.em.com.br\/emfoco\/wp-json\/wp\/v2\/categories?post=153956"},{"taxonomy":"post_tag","embeddable":true,"href":"https:\/\/www.em.com.br\/emfoco\/wp-json\/wp\/v2\/tags?post=153956"}],"curies":[{"name":"wp","href":"https:\/\/api.w.org\/{rel}","templated":true}]}}