{"id":153867,"date":"2026-01-14T11:15:00","date_gmt":"2026-01-14T14:15:00","guid":{"rendered":"https:\/\/www.em.com.br\/emfoco\/?p=153867"},"modified":"2026-01-13T19:52:29","modified_gmt":"2026-01-13T22:52:29","slug":"rascunho-automat","status":"publish","type":"post","link":"https:\/\/www.em.com.br\/emfoco\/2026\/01\/14\/rascunho-automat\/","title":{"rendered":"10 dicas para escapar do calor sem usar ar-condicionado"},"content":{"rendered":"\n<p>Escapar do calor sem ar-condicionado \u00e9 totalmente poss\u00edvel quando a casa trabalha a favor do morador. Com solu\u00e7\u00f5es simples de projeto, decora\u00e7\u00e3o e rotina, d\u00e1 para reduzir de forma percept\u00edvel a temperatura interna e deixar os ambientes mais confort\u00e1veis, mesmo em dias de calor extremo.<\/p>\n\n\n\n<h2 class=\"wp-block-heading\">Por que o isolamento correto faz tanta diferen\u00e7a no calor<\/h2>\n\n\n\n<p>Um dos pontos mais importantes para enfrentar o calor excessivo \u00e9 evitar que ele entre pela parede e pelo telhado. Quando a fachada recebe sol direto, especialmente voltada para oeste ou norte, o ambiente interno tende a virar uma esp\u00e9cie de estufa.<\/p>\n\n\n\n<p>Entre as solu\u00e7\u00f5es mais eficientes est\u00e1 o sistema conhecido como EIFS, que utiliza placas de EPS coladas na parte externa da fachada. Esse tipo de isolamento atua como um \u201cescudo\u201d contra o sol, reduzindo o calor que atravessa a parede e mantendo o interior mais est\u00e1vel ao longo do dia e da noite.<\/p>\n\n\n\n<p>No v\u00eddeo abaixo voc\u00ea vai entender melhor com as dicas do <strong><strong><a href=\"https:\/\/www.youtube.com\/@PLANARQCAMPOS\" target=\"_blank\" rel=\"noreferrer noopener\">PLANARQ CAMPOS \/ Ralph Dias<\/a><\/strong><\/strong> que faz sucesso no YouTube com suas dicas:<\/p>\n\n\n\n<figure class=\"wp-block-embed is-type-video is-provider-youtube wp-block-embed-youtube wp-embed-aspect-16-9 wp-has-aspect-ratio\"><div class=\"wp-block-embed__wrapper\">\n<div class=\"jeg_video_container jeg_video_content\"><iframe loading=\"lazy\" title=\"10 DICAS PARA ESCAPAR DO CALOR SEM AR CONDICIONADO\" width=\"500\" height=\"281\" src=\"https:\/\/www.youtube.com\/embed\/WsGX_3RlbZQ?feature=oembed\" frameborder=\"0\" allow=\"accelerometer; autoplay; clipboard-write; encrypted-media; gyroscope; picture-in-picture; web-share\" referrerpolicy=\"strict-origin-when-cross-origin\" allowfullscreen><\/iframe><\/div>\n<\/div><\/figure>\n\n\n\n<h2 class=\"wp-block-heading\">Quais materiais ajudam a manter telhado e laje mais frescos<\/h2>\n\n\n\n<p>Quando se fala em 10 dicas para escapar do calor sem ar condicionado, parte importante dessa lista est\u00e1 escondida na laje e no telhado. Materiais com boa capacidade de isolamento, como a vermiculita expandida, funcionam como um \u201ccobertor t\u00e9rmico\u201d sobre a casa, diminuindo a transfer\u00eancia de calor para os c\u00f4modos.<\/p>\n\n\n\n<p>A combina\u00e7\u00e3o laje bem tratada, impermeabiliza\u00e7\u00e3o e camada de prote\u00e7\u00e3o t\u00e9rmica, como argila expandida, placas de EPS ou telha sandu\u00edche com n\u00facleo isolante de EPS ou PU, cria uma barreira eficiente contra o calor vindo de cima. Em casas t\u00e9rreas, essas solu\u00e7\u00f5es podem at\u00e9 dispensar o uso de laje tradicional em alguns projetos, com bom desempenho t\u00e9rmico e economia de material.<\/p>\n\n\n\n<h2 class=\"wp-block-heading\">Como o projeto da casa melhora a ventila\u00e7\u00e3o natural<\/h2>\n\n\n\n<p>Antes de pensar em aparelhos, muitos arquitetos ajustam o projeto da casa para que o ar circule de forma natural. A ventila\u00e7\u00e3o cruzada, com janelas em faces opostas, permite a entrada de ar mais frio por baixo e a sa\u00edda do ar quente por cima, renovando o ambiente sem esfor\u00e7o extra.<\/p>\n\n\n\n<p>Paredes duplas com l\u00e3 de vidro, l\u00e3 de rocha ou EPS aluminizado e vidros de controle solar ou insulados ajudam a bloquear o calor nas fachadas cr\u00edticas. Em janelas voltadas para oeste e norte, pel\u00edculas t\u00e9rmicas s\u00e3o uma alternativa acess\u00edvel, reduzindo o ganho de calor sem grandes reformas.<\/p>\n\n\n\n<h2 class=\"wp-block-heading\">Quais truques r\u00e1pidos funcionam no dia a dia sem reforma<\/h2>\n\n\n\n<p>Al\u00e9m das solu\u00e7\u00f5es de obra, algumas atitudes simples podem trazer al\u00edvio imediato, mesmo em im\u00f3veis alugados. A ideia \u00e9 sempre a mesma: bloquear o calor externo, melhorar a circula\u00e7\u00e3o do ar e aproveitar superf\u00edcies e elementos que naturalmente refrescam o ambiente.<\/p>\n\n\n\n<figure class=\"wp-block-image size-large\"><img loading=\"lazy\" decoding=\"async\" width=\"1024\" height=\"576\" src=\"https:\/\/www.em.com.br\/emfoco\/wp-content\/uploads\/2026\/01\/unnamed-1-11-1024x576.jpg\" alt=\"O segredo das casas que vencem o calor naturalmente\" class=\"wp-image-153957\" srcset=\"https:\/\/www.em.com.br\/emfoco\/wp-content\/uploads\/2026\/01\/unnamed-1-11-1024x576.jpg 1024w, https:\/\/www.em.com.br\/emfoco\/wp-content\/uploads\/2026\/01\/unnamed-1-11-300x169.jpg 300w, https:\/\/www.em.com.br\/emfoco\/wp-content\/uploads\/2026\/01\/unnamed-1-11-768x432.jpg 768w, https:\/\/www.em.com.br\/emfoco\/wp-content\/uploads\/2026\/01\/unnamed-1-11-750x422.jpg 750w, https:\/\/www.em.com.br\/emfoco\/wp-content\/uploads\/2026\/01\/unnamed-1-11-1140x641.jpg 1140w, https:\/\/www.em.com.br\/emfoco\/wp-content\/uploads\/2026\/01\/unnamed-1-11.jpg 1280w\" sizes=\"auto, (max-width: 1024px) 100vw, 1024px\" \/><figcaption class=\"wp-element-caption\">O segredo das casas que vencem o calor naturalmente<\/figcaption><\/figure>\n\n\n\n<p>Entre os truques mais citados para quem busca 10 dicas para escapar do calor sem ar condicionado, alguns se destacam pela praticidade e custo baixo no uso di\u00e1rio:<\/p>\n\n\n\n<ul class=\"wp-block-list\">\n<li>Abrir janelas apenas nos hor\u00e1rios mais frescos, mantendo cortinas fechadas nas horas de sol forte.<\/li>\n\n\n\n<li>Colocar garrafa congelada ou bacia com gelo em frente ao ventilador para resfriar o ar que circula.<\/li>\n\n\n\n<li>Usar len\u00e7\u00f3is gelados para dormir, deixando-os na geladeira ou em ambiente mais frio antes de deitar.<\/li>\n\n\n\n<li>Aproveitar pisos frios, como cer\u00e2mica, porcelanato ou cimento queimado, que acumulam menos calor.<\/li>\n\n\n\n<li>Espalhar plantas dentro e fora de casa para aumentar a umidade e criar sombreamento natural.<\/li>\n<\/ul>\n\n\n\n<h2 class=\"wp-block-heading\">Como decora\u00e7\u00e3o e solu\u00e7\u00f5es avan\u00e7adas ampliam o conforto t\u00e9rmico<\/h2>\n\n\n\n<p>A decora\u00e7\u00e3o tamb\u00e9m entra na estrat\u00e9gia t\u00e9rmica: tecidos leves como linho e algod\u00e3o, cores claras e menos tapetes grossos ajudam a deixar o ambiente mais fresco. Substituir <a href=\"https:\/\/www.em.com.br\/emfoco\/2026\/01\/04\/o-truque-caseiro-para-consertar-lampadas-led-e-evitar-comprar-novas\/\" target=\"_blank\" rel=\"noreferrer noopener\">l\u00e2mpadas <\/a>incandescentes e hal\u00f3genas por LED reduz o aquecimento interno e ainda economiza energia ao longo do m\u00eas.<\/p>\n\n\n\n<p>Para quem quer ir al\u00e9m, telhado verde, po\u00e7o canadense e elementos vazados como brises e cobog\u00f3s elevam o conforto a outro n\u00edvel, filtrando sol e refrescando o ar antes de ele entrar em casa. N\u00e3o espere a pr\u00f3xima onda de calor para agir: comece hoje com as solu\u00e7\u00f5es simples, planeje as reformas estrat\u00e9gicas e transforme sua casa em um ref\u00fagio fresco e saud\u00e1vel, mesmo nos dias mais quentes do ano.<\/p>\n\n\n\n<p><\/p>\n","protected":false},"excerpt":{"rendered":"<p>Escapar do calor sem ar-condicionado \u00e9 totalmente poss\u00edvel quando a casa trabalha a favor do morador. Com solu\u00e7\u00f5es simples de projeto, decora\u00e7\u00e3o e rotina, d\u00e1 para reduzir de forma percept\u00edvel a temperatura interna e deixar os ambientes mais confort\u00e1veis, mesmo em dias de calor extremo. Por que o isolamento correto faz tanta diferen\u00e7a no calor [&hellip;]<\/p>\n","protected":false},"author":11,"featured_media":152405,"comment_status":"open","ping_status":"open","sticky":false,"template":"","format":"standard","meta":{"jnews-multi-image_gallery":[],"jnews_single_post":{"format":"standard"},"jnews_primary_category":[],"jnews_social_meta":[],"jnews_override_counter":[],"footnotes":""},"categories":[8819,1],"tags":[6942,22424,12621],"class_list":["post-153867","post","type-post","status-publish","format-standard","has-post-thumbnail","hentry","category-curiosidades","category-noticias","tag-ar-condicionado","tag-reduzir-o-calor-dentro-de-casa","tag-ventilacao"],"yoast_head":"<!-- This site is optimized with the Yoast SEO plugin v23.8 - https:\/\/yoast.com\/wordpress\/plugins\/seo\/ -->\n<title>10 dicas para escapar do calor sem usar ar-condicionado - Estado de Minas - Em foco<\/title>\n<meta name=\"description\" content=\"\u00c9 poss\u00edvel reduzir o calor dentro de casa sem ar-condicionado. Veja solu\u00e7\u00f5es simples de projeto, decora\u00e7\u00e3o e rotina que realmente funcionam.\" \/>\n<meta name=\"robots\" content=\"index, follow, max-snippet:-1, max-image-preview:large, max-video-preview:-1\" \/>\n<link rel=\"canonical\" href=\"https:\/\/www.em.com.br\/emfoco\/2026\/01\/14\/rascunho-automat\/\" \/>\n<meta property=\"og:locale\" content=\"pt_BR\" \/>\n<meta property=\"og:type\" content=\"article\" \/>\n<meta property=\"og:title\" content=\"10 dicas para escapar do calor sem usar ar-condicionado - Estado de Minas - Em foco\" \/>\n<meta property=\"og:description\" content=\"\u00c9 poss\u00edvel reduzir o calor dentro de casa sem ar-condicionado. Veja solu\u00e7\u00f5es simples de projeto, decora\u00e7\u00e3o e rotina que realmente funcionam.\" \/>\n<meta property=\"og:url\" content=\"https:\/\/www.em.com.br\/emfoco\/2026\/01\/14\/rascunho-automat\/\" \/>\n<meta property=\"og:site_name\" content=\"Estado de Minas - Em foco\" \/>\n<meta property=\"article:published_time\" content=\"2026-01-14T14:15:00+00:00\" \/>\n<meta property=\"article:modified_time\" content=\"2026-01-13T22:52:29+00:00\" \/>\n<meta property=\"og:image\" content=\"https:\/\/www.em.com.br\/emfoco\/wp-content\/uploads\/2026\/01\/ChatGPT-Image-8-de-jan.-de-2026-13_56_18-1.png\" \/>\n\t<meta property=\"og:image:width\" content=\"1280\" \/>\n\t<meta property=\"og:image:height\" content=\"720\" \/>\n\t<meta property=\"og:image:type\" content=\"image\/png\" \/>\n<meta name=\"author\" content=\"Andre\u0301 Rangel\u00a0\" \/>\n<meta name=\"twitter:card\" content=\"summary_large_image\" \/>\n<meta name=\"twitter:label1\" content=\"Escrito por\" \/>\n\t<meta name=\"twitter:data1\" content=\"Andre\u0301 Rangel\u00a0\" \/>\n\t<meta name=\"twitter:label2\" content=\"Est. tempo de leitura\" \/>\n\t<meta name=\"twitter:data2\" content=\"5 minutos\" \/>\n<!-- \/ Yoast SEO plugin. -->","yoast_head_json":{"title":"10 dicas para escapar do calor sem usar ar-condicionado - Estado de Minas - Em foco","description":"\u00c9 poss\u00edvel reduzir o calor dentro de casa sem ar-condicionado. Veja solu\u00e7\u00f5es simples de projeto, decora\u00e7\u00e3o e rotina que realmente funcionam.","robots":{"index":"index","follow":"follow","max-snippet":"max-snippet:-1","max-image-preview":"max-image-preview:large","max-video-preview":"max-video-preview:-1"},"canonical":"https:\/\/www.em.com.br\/emfoco\/2026\/01\/14\/rascunho-automat\/","og_locale":"pt_BR","og_type":"article","og_title":"10 dicas para escapar do calor sem usar ar-condicionado - Estado de Minas - Em foco","og_description":"\u00c9 poss\u00edvel reduzir o calor dentro de casa sem ar-condicionado. Veja solu\u00e7\u00f5es simples de projeto, decora\u00e7\u00e3o e rotina que realmente funcionam.","og_url":"https:\/\/www.em.com.br\/emfoco\/2026\/01\/14\/rascunho-automat\/","og_site_name":"Estado de Minas - Em foco","article_published_time":"2026-01-14T14:15:00+00:00","article_modified_time":"2026-01-13T22:52:29+00:00","og_image":[{"width":1280,"height":720,"url":"https:\/\/www.em.com.br\/emfoco\/wp-content\/uploads\/2026\/01\/ChatGPT-Image-8-de-jan.-de-2026-13_56_18-1.png","type":"image\/png"}],"author":"Andre\u0301 Rangel\u00a0","twitter_card":"summary_large_image","twitter_misc":{"Escrito por":"Andre\u0301 Rangel\u00a0","Est. tempo de leitura":"5 minutos"},"schema":{"@context":"https:\/\/schema.org","@graph":[{"@type":"WebPage","@id":"https:\/\/www.em.com.br\/emfoco\/2026\/01\/14\/rascunho-automat\/","url":"https:\/\/www.em.com.br\/emfoco\/2026\/01\/14\/rascunho-automat\/","name":"10 dicas para escapar do calor sem usar ar-condicionado - Estado de Minas - Em foco","isPartOf":{"@id":"https:\/\/www.em.com.br\/emfoco\/#website"},"primaryImageOfPage":{"@id":"https:\/\/www.em.com.br\/emfoco\/2026\/01\/14\/rascunho-automat\/#primaryimage"},"image":{"@id":"https:\/\/www.em.com.br\/emfoco\/2026\/01\/14\/rascunho-automat\/#primaryimage"},"thumbnailUrl":"https:\/\/www.em.com.br\/emfoco\/wp-content\/uploads\/2026\/01\/ChatGPT-Image-8-de-jan.-de-2026-13_56_18-1.png","datePublished":"2026-01-14T14:15:00+00:00","dateModified":"2026-01-13T22:52:29+00:00","author":{"@id":"https:\/\/www.em.com.br\/emfoco\/#\/schema\/person\/60eda09c1fedf0d6891f4cef4b60b8b8"},"description":"\u00c9 poss\u00edvel reduzir o calor dentro de casa sem ar-condicionado. Veja solu\u00e7\u00f5es simples de projeto, decora\u00e7\u00e3o e rotina que realmente funcionam.","breadcrumb":{"@id":"https:\/\/www.em.com.br\/emfoco\/2026\/01\/14\/rascunho-automat\/#breadcrumb"},"inLanguage":"pt-BR","potentialAction":[{"@type":"ReadAction","target":["https:\/\/www.em.com.br\/emfoco\/2026\/01\/14\/rascunho-automat\/"]}]},{"@type":"ImageObject","inLanguage":"pt-BR","@id":"https:\/\/www.em.com.br\/emfoco\/2026\/01\/14\/rascunho-automat\/#primaryimage","url":"https:\/\/www.em.com.br\/emfoco\/wp-content\/uploads\/2026\/01\/ChatGPT-Image-8-de-jan.-de-2026-13_56_18-1.png","contentUrl":"https:\/\/www.em.com.br\/emfoco\/wp-content\/uploads\/2026\/01\/ChatGPT-Image-8-de-jan.-de-2026-13_56_18-1.png","width":1280,"height":720,"caption":"O segredo das casas que vencem o calor naturalmente"},{"@type":"BreadcrumbList","@id":"https:\/\/www.em.com.br\/emfoco\/2026\/01\/14\/rascunho-automat\/#breadcrumb","itemListElement":[{"@type":"ListItem","position":1,"name":"In\u00edcio","item":"https:\/\/www.em.com.br\/emfoco\/"},{"@type":"ListItem","position":2,"name":"10 dicas para escapar do calor sem usar ar-condicionado"}]},{"@type":"WebSite","@id":"https:\/\/www.em.com.br\/emfoco\/#website","url":"https:\/\/www.em.com.br\/emfoco\/","name":"Estado de Minas - Em foco","description":"Acompanhe as \u00faltimas not\u00edcias e fique bem informado sobre tudo o que acontece em Minas Gerais, Brasil e no mundo.","potentialAction":[{"@type":"SearchAction","target":{"@type":"EntryPoint","urlTemplate":"https:\/\/www.em.com.br\/emfoco\/?s={search_term_string}"},"query-input":{"@type":"PropertyValueSpecification","valueRequired":true,"valueName":"search_term_string"}}],"inLanguage":"pt-BR"},{"@type":"Person","@id":"https:\/\/www.em.com.br\/emfoco\/#\/schema\/person\/60eda09c1fedf0d6891f4cef4b60b8b8","name":"Andre\u0301 Rangel\u00a0","image":{"@type":"ImageObject","inLanguage":"pt-BR","@id":"https:\/\/www.em.com.br\/emfoco\/#\/schema\/person\/image\/","url":"https:\/\/secure.gravatar.com\/avatar\/6234dc814c77c8ef6d8bba622c787efc?s=96&d=mm&r=g","contentUrl":"https:\/\/secure.gravatar.com\/avatar\/6234dc814c77c8ef6d8bba622c787efc?s=96&d=mm&r=g","caption":"Andre\u0301 Rangel\u00a0"},"url":"https:\/\/www.em.com.br\/emfoco\/author\/luizmyth\/"}]}},"_links":{"self":[{"href":"https:\/\/www.em.com.br\/emfoco\/wp-json\/wp\/v2\/posts\/153867","targetHints":{"allow":["GET"]}}],"collection":[{"href":"https:\/\/www.em.com.br\/emfoco\/wp-json\/wp\/v2\/posts"}],"about":[{"href":"https:\/\/www.em.com.br\/emfoco\/wp-json\/wp\/v2\/types\/post"}],"author":[{"embeddable":true,"href":"https:\/\/www.em.com.br\/emfoco\/wp-json\/wp\/v2\/users\/11"}],"replies":[{"embeddable":true,"href":"https:\/\/www.em.com.br\/emfoco\/wp-json\/wp\/v2\/comments?post=153867"}],"version-history":[{"count":5,"href":"https:\/\/www.em.com.br\/emfoco\/wp-json\/wp\/v2\/posts\/153867\/revisions"}],"predecessor-version":[{"id":153967,"href":"https:\/\/www.em.com.br\/emfoco\/wp-json\/wp\/v2\/posts\/153867\/revisions\/153967"}],"wp:featuredmedia":[{"embeddable":true,"href":"https:\/\/www.em.com.br\/emfoco\/wp-json\/wp\/v2\/media\/152405"}],"wp:attachment":[{"href":"https:\/\/www.em.com.br\/emfoco\/wp-json\/wp\/v2\/media?parent=153867"}],"wp:term":[{"taxonomy":"category","embeddable":true,"href":"https:\/\/www.em.com.br\/emfoco\/wp-json\/wp\/v2\/categories?post=153867"},{"taxonomy":"post_tag","embeddable":true,"href":"https:\/\/www.em.com.br\/emfoco\/wp-json\/wp\/v2\/tags?post=153867"}],"curies":[{"name":"wp","href":"https:\/\/api.w.org\/{rel}","templated":true}]}}