{"id":153832,"date":"2026-01-13T19:55:00","date_gmt":"2026-01-13T22:55:00","guid":{"rendered":"https:\/\/www.em.com.br\/emfoco\/?p=153832"},"modified":"2026-01-12T18:07:44","modified_gmt":"2026-01-12T21:07:44","slug":"a-capital-da-alegria-virou-o-lugar-onde-cidade-grande-e-mar-quente-convivem-sem-esforco","status":"publish","type":"post","link":"https:\/\/www.em.com.br\/emfoco\/2026\/01\/13\/a-capital-da-alegria-virou-o-lugar-onde-cidade-grande-e-mar-quente-convivem-sem-esforco\/","title":{"rendered":"A Capital da Alegria virou o lugar onde cidade grande e mar quente convivem sem esfor\u00e7o"},"content":{"rendered":"\n<p><strong>Fortaleza<\/strong>, a vibrante &#8220;Capital da Alegria&#8221;, destaca-se como o principal polo tur\u00edstico do <strong>Cear\u00e1<\/strong> no <strong>Nordeste<\/strong> brasileiro. Situada a 520 km de <strong>Natal<\/strong>, a metr\u00f3pole oferece uma mescla de cultura urbana e belezas naturais banhadas pelo <strong>Oceano Atl\u00e2ntico<\/strong>.<\/p>\n\n\n\n<h2 class=\"wp-block-heading\">Quais experi\u00eancias s\u00e3o indispens\u00e1veis no litoral fortalezense?<\/h2>\n\n\n\n<p>Visitar <strong>Fortaleza<\/strong> exige um mergulho na diversidade de barracas da <strong>Praia do Futuro<\/strong> e passeios culturais pelo centro hist\u00f3rico preservado. A cidade reserva pontos que equilibram o lazer \u00e0 beira-mar com o conhecimento sobre as ra\u00edzes regionais e art\u00edsticas locais.<\/p>\n\n\n\n<p>A capital cearense apresenta op\u00e7\u00f5es que atendem desde viajantes solit\u00e1rios at\u00e9 fam\u00edlias em busca de divers\u00e3o em ambientes estruturados e seguros.<\/p>\n\n\n\n<ul class=\"wp-block-list has-medium-font-size\">\n<li><strong>Praia do Futuro<\/strong>: Famosa pelas megabarracas que oferecem piscinas, massagens e uma culin\u00e1ria refinada com p\u00e9s na areia clara.<\/li>\n\n\n\n<li><strong>Avenida Beira Mar<\/strong>: O ponto de encontro ideal para caminhadas ao p\u00f4r do sol, abrigando a tradicional feira de artesanato local.<\/li>\n\n\n\n<li><strong>Centro Drag\u00e3o do Mar de Arte e Cultura (CDMAC)<\/strong>: Complexo arquitet\u00f4nico que re\u00fane planet\u00e1rio, cinemas e museus voltados \u00e0 preserva\u00e7\u00e3o da mem\u00f3ria cearense.<\/li>\n\n\n\n<li><strong>Mercado Central de Fortaleza<\/strong>: Um labirinto de cinco pavimentos onde o bordado em <em>rechilieu<\/em> e as castanhas frescas dominam as vitrines.<\/li>\n\n\n\n<li><strong>Praia de Iracema<\/strong>: Palco de manifesta\u00e7\u00f5es culturais e onde est\u00e1 o ic\u00f4nico monumento \u00e0 personagem de <strong>Jos\u00e9 de Alencar<\/strong>, musa do estado.<\/li>\n\n\n\n<li><strong>Catedral Metropolitana de Fortaleza<\/strong>: Monumento em estilo neog\u00f3tico que impressiona pela magnitude e pelos vitrais coloridos que iluminam o altar principal.<\/li>\n<\/ul>\n\n\n<div class=\"wp-block-image\">\n<figure class=\"aligncenter size-large\"><img loading=\"lazy\" decoding=\"async\" width=\"1024\" height=\"576\" src=\"https:\/\/www.em.com.br\/emfoco\/wp-content\/uploads\/2025\/12\/Fortaleza_1738587281940-1024x576.jpg\" alt=\"\" class=\"wp-image-140519\" srcset=\"https:\/\/www.em.com.br\/emfoco\/wp-content\/uploads\/2025\/12\/Fortaleza_1738587281940-1024x576.jpg 1024w, https:\/\/www.em.com.br\/emfoco\/wp-content\/uploads\/2025\/12\/Fortaleza_1738587281940-300x169.jpg 300w, https:\/\/www.em.com.br\/emfoco\/wp-content\/uploads\/2025\/12\/Fortaleza_1738587281940-768x432.jpg 768w, https:\/\/www.em.com.br\/emfoco\/wp-content\/uploads\/2025\/12\/Fortaleza_1738587281940-750x422.jpg 750w, https:\/\/www.em.com.br\/emfoco\/wp-content\/uploads\/2025\/12\/Fortaleza_1738587281940-1140x641.jpg 1140w, https:\/\/www.em.com.br\/emfoco\/wp-content\/uploads\/2025\/12\/Fortaleza_1738587281940.jpg 1280w\" sizes=\"auto, (max-width: 1024px) 100vw, 1024px\" \/><figcaption class=\"wp-element-caption\">Fortaleza, Cear\u00e1, \u00e9 o destino nordestino que encanta por suas praias e energia acolhedora \/\/ Cr\u00e9ditos: depositphotos.com \/ gustavofrazao<\/figcaption><\/figure><\/div>\n\n\n<h2 class=\"wp-block-heading\">O que torna o Parque do Coc\u00f3 um recordista ambiental?<\/h2>\n\n\n\n<p>O <strong>Parque Estadual do Coc\u00f3<\/strong> det\u00e9m o t\u00edtulo de maior reserva natural em \u00e1rea urbana das regi\u00f5es <strong>Norte<\/strong> e <strong>Nordeste<\/strong>. Com 1.581 hectares, a unidade de preserva\u00e7\u00e3o protege o sens\u00edvel ecossistema de manguezal e oferece trilhas ecol\u00f3gicas para os 2,4 milh\u00f5es de habitantes da capital.<\/p>\n\n\n\n<p>A gest\u00e3o do local, sob responsabilidade da <strong><a href=\"https:\/\/www.sema.ce.gov.br\/\" target=\"_blank\" rel=\"noreferrer noopener\">Secretaria do Meio Ambiente e Mudan\u00e7a do Clima<\/a> (SEMA)<\/strong>, promove o ecoturismo sustent\u00e1vel atrav\u00e9s de passeios fluviais. O rio que corta a vegeta\u00e7\u00e3o nativa serve como ref\u00fagio para esp\u00e9cies raras de aves e pequenos mam\u00edferos silvestres.<\/p>\n\n\n<div class=\"wp-block-image\">\n<figure class=\"aligncenter size-large\"><img loading=\"lazy\" decoding=\"async\" width=\"1024\" height=\"576\" src=\"https:\/\/www.em.com.br\/emfoco\/wp-content\/uploads\/2026\/01\/fortaleza_1768251837710-1024x576.jpg\" alt=\"\" class=\"wp-image-154198\" srcset=\"https:\/\/www.em.com.br\/emfoco\/wp-content\/uploads\/2026\/01\/fortaleza_1768251837710-1024x576.jpg 1024w, https:\/\/www.em.com.br\/emfoco\/wp-content\/uploads\/2026\/01\/fortaleza_1768251837710-300x169.jpg 300w, https:\/\/www.em.com.br\/emfoco\/wp-content\/uploads\/2026\/01\/fortaleza_1768251837710-768x432.jpg 768w, https:\/\/www.em.com.br\/emfoco\/wp-content\/uploads\/2026\/01\/fortaleza_1768251837710-750x422.jpg 750w, https:\/\/www.em.com.br\/emfoco\/wp-content\/uploads\/2026\/01\/fortaleza_1768251837710-1140x641.jpg 1140w, https:\/\/www.em.com.br\/emfoco\/wp-content\/uploads\/2026\/01\/fortaleza_1768251837710.jpg 1280w\" sizes=\"auto, (max-width: 1024px) 100vw, 1024px\" \/><figcaption class=\"wp-element-caption\">Fortaleza combina infraestrutura moderna e praias tropicais para encantar turistas \/\/ Cr\u00e9ditos: depositphotos.com \/ Ranimiro<\/figcaption><\/figure><\/div>\n\n\n<h2 class=\"wp-block-heading\">Quando aproveitar o sol constante da capital cearense?<\/h2>\n\n\n\n<p>O clima tropical garante temperaturas elevadas durante todo o ano, com m\u00e9dias mensais que oscilam entre 26\u00b0C e 28\u00b0C. A luminosidade intensa \u00e9 uma marca registrada que atrai praticantes de esportes n\u00e1uticos de diversos pa\u00edses para o litoral norte.<\/p>\n\n\n\n<p>A tabela abaixo detalha as condi\u00e7\u00f5es clim\u00e1ticas m\u00e9dias esperadas para o destino, baseada em levantamentos hist\u00f3ricos do <a href=\"https:\/\/www.climatempo.com.br\/previsao-do-tempo\/cidade\/60\/fortaleza-ce\" target=\"_blank\" rel=\"noreferrer noopener\"><strong>Climatempo<\/strong> <\/a>para a regi\u00e3o litor\u00e2nea.<\/p>\n\n\n\n<figure class=\"wp-block-table\"><table class=\"has-fixed-layout\"><thead><tr><th>Esta\u00e7\u00e3o\/Meses<\/th><th>M\u00e9dia T\u00e9rmica<\/th><th>O que esperar<\/th><\/tr><\/thead><tbody><tr><td>Janeiro a Junho<\/td><td>26,5\u00b0C<\/td><td>Per\u00edodo com incid\u00eancia de chuvas r\u00e1pidas que mant\u00eam a vegeta\u00e7\u00e3o verdejante.<\/td><\/tr><tr><td>Julho a Dezembro<\/td><td>27,8\u00b0C<\/td><td>Sol pleno, ventos fortes constantes e condi\u00e7\u00f5es perfeitas para o <em>kitesurf<\/em>.<\/td><\/tr><\/tbody><\/table><\/figure>\n\n\n\n<h2 class=\"wp-block-heading\">Como planejar a chegada ao destino internacional?<\/h2>\n\n\n\n<p>O acesso principal ocorre pelo <strong>Aeroporto Internacional de Fortaleza Pinto Martins (FOR)<\/strong>, localizado a apenas 10 km da principal zona hoteleira. O trajeto entre o terminal a\u00e9reo e a <strong>Avenida Beira Mar<\/strong> leva cerca de 20 minutos em fluxos de tr\u00e2nsito moderados.<\/p>\n\n\n\n<p>Para quem viaja por via terrestre, a rodovia <strong>BR-116<\/strong> conecta a cidade aos estados do sul, enquanto a <strong>CE-040<\/strong> leva \u00e0s praias do litoral leste. A malha vi\u00e1ria moderna facilita o deslocamento para destinos vizinhos famosos, como a vila de <strong>Jericoacoara<\/strong> ou as fal\u00e9sias de <strong>Beberibe<\/strong>.<\/p>\n\n\n\n<h2 class=\"wp-block-heading\">Quais sabores representam a identidade de Fortaleza?<\/h2>\n\n\n\n<p>A gastronomia cearense brilha com o tradicional <strong>Bai\u00e3o de Dois<\/strong> e a famosa caranguejada, que se tornou um ritual obrigat\u00f3rio \u00e0s quintas-feiras. Ingredientes frescos do mar encontram o tempero r\u00fastico do sert\u00e3o para criar uma identidade sensorial \u00fanica em restaurantes do bairro <strong>Varjota<\/strong>.<\/p>\n\n\n\n<p>O uso da nata, do queijo coalho e da carne de sol em receitas contempor\u00e2neas demonstra o respeito dos <em>chefs<\/em> locais \u00e0s tradi\u00e7\u00f5es ancestrais. Estabelecimentos renomados buscam apoio t\u00e9cnico junto ao <strong><a href=\"http:\/\/portal.iphan.gov.br\/pagina\/detalhes\/258\" target=\"_blank\" rel=\"noreferrer noopener\">Instituto do Patrim\u00f4nio Hist\u00f3rico e Art\u00edstico Nacional<\/a> (IPHAN)<\/strong> para preservar modos de fazer tradicionais.<\/p>\n\n\n\n<p>Quem busca o sol e a energia do Nordeste, vai curtir esse v\u00eddeo especialmente selecionado do canal <strong>Trip Partiu<\/strong>, que conta com mais de 441 mil visualiza\u00e7\u00f5es, onde <strong>Juliana<\/strong> mostra detalhadamente as melhores praias e dicas imperd\u00edveis de <strong>Fortaleza<\/strong>:<\/p>\n\n\n\n<figure class=\"wp-block-embed is-type-video is-provider-youtube wp-block-embed-youtube wp-embed-aspect-16-9 wp-has-aspect-ratio\"><div class=\"wp-block-embed__wrapper\">\n<div class=\"jeg_video_container jeg_video_content\"><iframe loading=\"lazy\" title=\"FORTALEZA Cear\u00e1 - melhores praias + dicas de como economizar\" width=\"500\" height=\"281\" src=\"https:\/\/www.youtube.com\/embed\/hWcruCktuVc?feature=oembed\" frameborder=\"0\" allow=\"accelerometer; autoplay; clipboard-write; encrypted-media; gyroscope; picture-in-picture; web-share\" referrerpolicy=\"strict-origin-when-cross-origin\" allowfullscreen><\/iframe><\/div>\n<\/div><\/figure>\n\n\n\n<p><strong>Leia tamb\u00e9m: <a href=\"https:\/\/www.em.com.br\/emfoco\/2026\/01\/12\/no-coracao-do-pais-existe-uma-cidade-em-que-a-agua-quente-brota-da-terra-e-se-torna-um-descanso-perfeito-para-familias\/\" target=\"_blank\" rel=\"noreferrer noopener\">No cora\u00e7\u00e3o do pa\u00eds existe uma cidade em que a \u00e1gua quente brota da terra e se torna um descanso perfeito para fam\u00edlias<\/a><\/strong><\/p>\n\n\n\n<h2 class=\"wp-block-heading\">Vivencie a hospitalidade cearense em cada detalhe<\/h2>\n\n\n\n<p>Explorar esta metr\u00f3pole \u00e9 compreender como a modernidade dos arranha-c\u00e9us convive harmoniosamente com as jangadas coloridas que ainda partem para a pesca. A energia do povo local e a infraestrutura de padr\u00e3o internacional consolidam o destino como uma escolha estrat\u00e9gica para as f\u00e9rias.<\/p>\n\n\n\n<ul class=\"wp-block-list has-medium-font-size\">\n<li>Priorize hospedagens na orla para facilitar o acesso aos principais polos de entretenimento e seguran\u00e7a.<\/li>\n\n\n\n<li>Experimente os sorvetes de frutas t\u00edpicas, como caju e seriguela, dispon\u00edveis em sorveterias tradicionais do centro.<\/li>\n\n\n\n<li>Reserve ao menos um dia para explorar as dunas e lagoas que circundam a regi\u00e3o metropolitana.<\/li>\n<\/ul>\n\n\n\n<p>Voc\u00ea precisa sentir o vento constante e o calor humano que tornam <strong>Fortaleza<\/strong> um destino singular e inesquec\u00edvel no territ\u00f3rio brasileiro.<\/p>\n","protected":false},"excerpt":{"rendered":"<p>Fortaleza, a vibrante &#8220;Capital da Alegria&#8221;, destaca-se como o principal polo tur\u00edstico do Cear\u00e1 no Nordeste brasileiro. Situada a 520 km de Natal, a metr\u00f3pole oferece uma mescla de cultura urbana e belezas naturais banhadas pelo Oceano Atl\u00e2ntico. Quais experi\u00eancias s\u00e3o indispens\u00e1veis no litoral fortalezense? Visitar Fortaleza exige um mergulho na diversidade de barracas da [&hellip;]<\/p>\n","protected":false},"author":6,"featured_media":140518,"comment_status":"open","ping_status":"open","sticky":false,"template":"","format":"standard","meta":{"jnews-multi-image_gallery":[],"jnews_single_post":{"format":"standard"},"jnews_primary_category":[],"jnews_social_meta":[],"jnews_override_counter":[],"footnotes":""},"categories":[26],"tags":[3260,183,1189],"class_list":["post-153832","post","type-post","status-publish","format-standard","has-post-thumbnail","hentry","category-cidades","tag-ceara","tag-cidades","tag-fortaleza"],"yoast_head":"<!-- This site is optimized with the Yoast SEO plugin v23.8 - https:\/\/yoast.com\/wordpress\/plugins\/seo\/ -->\n<title>A Capital da Alegria virou o lugar onde cidade grande e mar quente convivem sem esfor\u00e7o - Estado de Minas - Em foco<\/title>\n<meta name=\"description\" content=\"Muitas pessoas escolhem viver na Capital da Alegria para aproveitar um estilo de vida vibrante e o litoral deslumbrante do Nordeste.\" \/>\n<meta name=\"robots\" content=\"index, follow, max-snippet:-1, max-image-preview:large, max-video-preview:-1\" \/>\n<link rel=\"canonical\" href=\"https:\/\/www.em.com.br\/emfoco\/2026\/01\/13\/a-capital-da-alegria-virou-o-lugar-onde-cidade-grande-e-mar-quente-convivem-sem-esforco\/\" \/>\n<meta property=\"og:locale\" content=\"pt_BR\" \/>\n<meta property=\"og:type\" content=\"article\" \/>\n<meta property=\"og:title\" content=\"A Capital da Alegria virou o lugar onde cidade grande e mar quente convivem sem esfor\u00e7o - Estado de Minas - Em foco\" \/>\n<meta property=\"og:description\" content=\"Muitas pessoas escolhem viver na Capital da Alegria para aproveitar um estilo de vida vibrante e o litoral deslumbrante do Nordeste.\" \/>\n<meta property=\"og:url\" content=\"https:\/\/www.em.com.br\/emfoco\/2026\/01\/13\/a-capital-da-alegria-virou-o-lugar-onde-cidade-grande-e-mar-quente-convivem-sem-esforco\/\" \/>\n<meta property=\"og:site_name\" content=\"Estado de Minas - Em foco\" \/>\n<meta property=\"article:published_time\" content=\"2026-01-13T22:55:00+00:00\" \/>\n<meta property=\"article:modified_time\" content=\"2026-01-12T21:07:44+00:00\" \/>\n<meta property=\"og:image\" content=\"https:\/\/www.em.com.br\/emfoco\/wp-content\/uploads\/2025\/12\/Fortaleza_1738587247742-1.jpg\" \/>\n\t<meta property=\"og:image:width\" content=\"1280\" \/>\n\t<meta property=\"og:image:height\" content=\"720\" \/>\n\t<meta property=\"og:image:type\" content=\"image\/jpeg\" \/>\n<meta name=\"author\" content=\"Vitor Bruno\" \/>\n<meta name=\"twitter:card\" content=\"summary_large_image\" \/>\n<meta name=\"twitter:label1\" content=\"Escrito por\" \/>\n\t<meta name=\"twitter:data1\" content=\"Vitor Bruno\" \/>\n\t<meta name=\"twitter:label2\" content=\"Est. tempo de leitura\" \/>\n\t<meta name=\"twitter:data2\" content=\"6 minutos\" \/>\n<!-- \/ Yoast SEO plugin. -->","yoast_head_json":{"title":"A Capital da Alegria virou o lugar onde cidade grande e mar quente convivem sem esfor\u00e7o - Estado de Minas - Em foco","description":"Muitas pessoas escolhem viver na Capital da Alegria para aproveitar um estilo de vida vibrante e o litoral deslumbrante do Nordeste.","robots":{"index":"index","follow":"follow","max-snippet":"max-snippet:-1","max-image-preview":"max-image-preview:large","max-video-preview":"max-video-preview:-1"},"canonical":"https:\/\/www.em.com.br\/emfoco\/2026\/01\/13\/a-capital-da-alegria-virou-o-lugar-onde-cidade-grande-e-mar-quente-convivem-sem-esforco\/","og_locale":"pt_BR","og_type":"article","og_title":"A Capital da Alegria virou o lugar onde cidade grande e mar quente convivem sem esfor\u00e7o - Estado de Minas - Em foco","og_description":"Muitas pessoas escolhem viver na Capital da Alegria para aproveitar um estilo de vida vibrante e o litoral deslumbrante do Nordeste.","og_url":"https:\/\/www.em.com.br\/emfoco\/2026\/01\/13\/a-capital-da-alegria-virou-o-lugar-onde-cidade-grande-e-mar-quente-convivem-sem-esforco\/","og_site_name":"Estado de Minas - Em foco","article_published_time":"2026-01-13T22:55:00+00:00","article_modified_time":"2026-01-12T21:07:44+00:00","og_image":[{"width":1280,"height":720,"url":"https:\/\/www.em.com.br\/emfoco\/wp-content\/uploads\/2025\/12\/Fortaleza_1738587247742-1.jpg","type":"image\/jpeg"}],"author":"Vitor Bruno","twitter_card":"summary_large_image","twitter_misc":{"Escrito por":"Vitor Bruno","Est. tempo de leitura":"6 minutos"},"schema":{"@context":"https:\/\/schema.org","@graph":[{"@type":"WebPage","@id":"https:\/\/www.em.com.br\/emfoco\/2026\/01\/13\/a-capital-da-alegria-virou-o-lugar-onde-cidade-grande-e-mar-quente-convivem-sem-esforco\/","url":"https:\/\/www.em.com.br\/emfoco\/2026\/01\/13\/a-capital-da-alegria-virou-o-lugar-onde-cidade-grande-e-mar-quente-convivem-sem-esforco\/","name":"A Capital da Alegria virou o lugar onde cidade grande e mar quente convivem sem esfor\u00e7o - Estado de Minas - Em foco","isPartOf":{"@id":"https:\/\/www.em.com.br\/emfoco\/#website"},"primaryImageOfPage":{"@id":"https:\/\/www.em.com.br\/emfoco\/2026\/01\/13\/a-capital-da-alegria-virou-o-lugar-onde-cidade-grande-e-mar-quente-convivem-sem-esforco\/#primaryimage"},"image":{"@id":"https:\/\/www.em.com.br\/emfoco\/2026\/01\/13\/a-capital-da-alegria-virou-o-lugar-onde-cidade-grande-e-mar-quente-convivem-sem-esforco\/#primaryimage"},"thumbnailUrl":"https:\/\/www.em.com.br\/emfoco\/wp-content\/uploads\/2025\/12\/Fortaleza_1738587247742-1.jpg","datePublished":"2026-01-13T22:55:00+00:00","dateModified":"2026-01-12T21:07:44+00:00","author":{"@id":"https:\/\/www.em.com.br\/emfoco\/#\/schema\/person\/364ac1852fafd00f1be20f0b8b237569"},"description":"Muitas pessoas escolhem viver na Capital da Alegria para aproveitar um estilo de vida vibrante e o litoral deslumbrante do Nordeste.","breadcrumb":{"@id":"https:\/\/www.em.com.br\/emfoco\/2026\/01\/13\/a-capital-da-alegria-virou-o-lugar-onde-cidade-grande-e-mar-quente-convivem-sem-esforco\/#breadcrumb"},"inLanguage":"pt-BR","potentialAction":[{"@type":"ReadAction","target":["https:\/\/www.em.com.br\/emfoco\/2026\/01\/13\/a-capital-da-alegria-virou-o-lugar-onde-cidade-grande-e-mar-quente-convivem-sem-esforco\/"]}]},{"@type":"ImageObject","inLanguage":"pt-BR","@id":"https:\/\/www.em.com.br\/emfoco\/2026\/01\/13\/a-capital-da-alegria-virou-o-lugar-onde-cidade-grande-e-mar-quente-convivem-sem-esforco\/#primaryimage","url":"https:\/\/www.em.com.br\/emfoco\/wp-content\/uploads\/2025\/12\/Fortaleza_1738587247742-1.jpg","contentUrl":"https:\/\/www.em.com.br\/emfoco\/wp-content\/uploads\/2025\/12\/Fortaleza_1738587247742-1.jpg","width":1280,"height":720,"caption":"Fortaleza, no Cear\u00e1, conquista turistas com praias paradis\u00edacas e hospitalidade marcante \/\/ Cr\u00e9ditos: depositphotos.com \/ moviafilmes"},{"@type":"BreadcrumbList","@id":"https:\/\/www.em.com.br\/emfoco\/2026\/01\/13\/a-capital-da-alegria-virou-o-lugar-onde-cidade-grande-e-mar-quente-convivem-sem-esforco\/#breadcrumb","itemListElement":[{"@type":"ListItem","position":1,"name":"In\u00edcio","item":"https:\/\/www.em.com.br\/emfoco\/"},{"@type":"ListItem","position":2,"name":"A Capital da Alegria virou o lugar onde cidade grande e mar quente convivem sem esfor\u00e7o"}]},{"@type":"WebSite","@id":"https:\/\/www.em.com.br\/emfoco\/#website","url":"https:\/\/www.em.com.br\/emfoco\/","name":"Estado de Minas - Em foco","description":"Acompanhe as \u00faltimas not\u00edcias e fique bem informado sobre tudo o que acontece em Minas Gerais, Brasil e no mundo.","potentialAction":[{"@type":"SearchAction","target":{"@type":"EntryPoint","urlTemplate":"https:\/\/www.em.com.br\/emfoco\/?s={search_term_string}"},"query-input":{"@type":"PropertyValueSpecification","valueRequired":true,"valueName":"search_term_string"}}],"inLanguage":"pt-BR"},{"@type":"Person","@id":"https:\/\/www.em.com.br\/emfoco\/#\/schema\/person\/364ac1852fafd00f1be20f0b8b237569","name":"Vitor Bruno","image":{"@type":"ImageObject","inLanguage":"pt-BR","@id":"https:\/\/www.em.com.br\/emfoco\/#\/schema\/person\/image\/","url":"https:\/\/secure.gravatar.com\/avatar\/b719e5cdede09f942064960883b5524d?s=96&d=mm&r=g","contentUrl":"https:\/\/secure.gravatar.com\/avatar\/b719e5cdede09f942064960883b5524d?s=96&d=mm&r=g","caption":"Vitor Bruno"},"sameAs":["https:\/\/www.em.com.br\/emfoco\/"],"url":"https:\/\/www.em.com.br\/emfoco\/author\/vitormyth\/"}]}},"_links":{"self":[{"href":"https:\/\/www.em.com.br\/emfoco\/wp-json\/wp\/v2\/posts\/153832","targetHints":{"allow":["GET"]}}],"collection":[{"href":"https:\/\/www.em.com.br\/emfoco\/wp-json\/wp\/v2\/posts"}],"about":[{"href":"https:\/\/www.em.com.br\/emfoco\/wp-json\/wp\/v2\/types\/post"}],"author":[{"embeddable":true,"href":"https:\/\/www.em.com.br\/emfoco\/wp-json\/wp\/v2\/users\/6"}],"replies":[{"embeddable":true,"href":"https:\/\/www.em.com.br\/emfoco\/wp-json\/wp\/v2\/comments?post=153832"}],"version-history":[{"count":3,"href":"https:\/\/www.em.com.br\/emfoco\/wp-json\/wp\/v2\/posts\/153832\/revisions"}],"predecessor-version":[{"id":154206,"href":"https:\/\/www.em.com.br\/emfoco\/wp-json\/wp\/v2\/posts\/153832\/revisions\/154206"}],"wp:featuredmedia":[{"embeddable":true,"href":"https:\/\/www.em.com.br\/emfoco\/wp-json\/wp\/v2\/media\/140518"}],"wp:attachment":[{"href":"https:\/\/www.em.com.br\/emfoco\/wp-json\/wp\/v2\/media?parent=153832"}],"wp:term":[{"taxonomy":"category","embeddable":true,"href":"https:\/\/www.em.com.br\/emfoco\/wp-json\/wp\/v2\/categories?post=153832"},{"taxonomy":"post_tag","embeddable":true,"href":"https:\/\/www.em.com.br\/emfoco\/wp-json\/wp\/v2\/tags?post=153832"}],"curies":[{"name":"wp","href":"https:\/\/api.w.org\/{rel}","templated":true}]}}