{"id":153828,"date":"2026-01-13T10:35:00","date_gmt":"2026-01-13T13:35:00","guid":{"rendered":"https:\/\/www.em.com.br\/emfoco\/?p=153828"},"modified":"2026-01-12T18:16:07","modified_gmt":"2026-01-12T21:16:07","slug":"esse-lugar-no-triangulo-mineiro-parece-um-parque-natural-com-quedas-dagua-por-todos-os-lados","status":"publish","type":"post","link":"https:\/\/www.em.com.br\/emfoco\/2026\/01\/13\/esse-lugar-no-triangulo-mineiro-parece-um-parque-natural-com-quedas-dagua-por-todos-os-lados\/","title":{"rendered":"Esse lugar no Tri\u00e2ngulo Mineiro parece um parque natural com quedas d\u2019\u00e1gua por todos os lados"},"content":{"rendered":"\n<p>Situada no <strong>Tri\u00e2ngulo Mineiro<\/strong>, <strong>Araguari<\/strong> fica a 560 km de <strong>Belo Horizonte<\/strong> e integra o pr\u00f3spero <strong>Cerrado Mineiro<\/strong>. Conhecida como <strong>Cidade Sorriso<\/strong>, a localidade se destaca pela for\u00e7a do agroneg\u00f3cio e natureza exuberante.<\/p>\n\n\n\n<h2 class=\"wp-block-heading\">Por que o munic\u00edpio det\u00e9m o recorde de cachoeiras catalogadas<\/h2>\n\n\n\n<p>A geografia privilegiada da regi\u00e3o abriga 282 cachoeiras mapeadas, o que posiciona a localidade entre as maiores concentra\u00e7\u00f5es de quedas d&#8217;\u00e1gua do <strong>Brasil<\/strong>. Esse fen\u00f4meno ocorre devido ao relevo acidentado e \u00e0 presen\u00e7a de diversos aqu\u00edferos que alimentam a bacia local.<\/p>\n\n\n\n<p>A abund\u00e2ncia h\u00eddrica impulsionou o desenvolvimento do turismo ecol\u00f3gico e sustenta a produ\u00e7\u00e3o de gr\u00e3os de alta qualidade. O reconhecimento desse patrim\u00f4nio natural atrai pesquisadores e aventureiros de todo o territ\u00f3rio nacional durante o ano inteiro.<\/p>\n\n\n<div class=\"wp-block-image\">\n<figure class=\"aligncenter size-large\"><img loading=\"lazy\" decoding=\"async\" width=\"1024\" height=\"576\" src=\"https:\/\/www.em.com.br\/emfoco\/wp-content\/uploads\/2026\/01\/Araguari3-1024x576.jpg\" alt=\"\" class=\"wp-image-154209\" srcset=\"https:\/\/www.em.com.br\/emfoco\/wp-content\/uploads\/2026\/01\/Araguari3-1024x576.jpg 1024w, https:\/\/www.em.com.br\/emfoco\/wp-content\/uploads\/2026\/01\/Araguari3-300x169.jpg 300w, https:\/\/www.em.com.br\/emfoco\/wp-content\/uploads\/2026\/01\/Araguari3-768x432.jpg 768w, https:\/\/www.em.com.br\/emfoco\/wp-content\/uploads\/2026\/01\/Araguari3-750x422.jpg 750w, https:\/\/www.em.com.br\/emfoco\/wp-content\/uploads\/2026\/01\/Araguari3-1140x641.jpg 1140w, https:\/\/www.em.com.br\/emfoco\/wp-content\/uploads\/2026\/01\/Araguari3.jpg 1280w\" sizes=\"auto, (max-width: 1024px) 100vw, 1024px\" \/><figcaption class=\"wp-element-caption\">Araguari atrai visitantes com caf\u00e9 premiado e belas quedas d\u2019\u00e1gua \/\/ Cr\u00e9ditos: Wikipedia<\/figcaption><\/figure><\/div>\n\n\n<h2 class=\"wp-block-heading\">Como funciona o cotidiano na din\u00e2mica Cidade Sorriso<\/h2>\n\n\n\n<p>O estilo de vida equilibra a calma interiorana com a infraestrutura de um polo regional em expans\u00e3o produtiva. Moradores aproveitam a proximidade com <strong>Uberl\u00e2ndia<\/strong> para servi\u00e7os complexos enquanto desfrutam de avenidas largas e bem planejadas.<\/p>\n\n\n\n<p>Centros comerciais e pra\u00e7as p\u00fablicas servem como pontos de encontro para as fam\u00edlias da regi\u00e3o. A rotina urbana reflete o acolhimento t\u00edpico do povo de <strong>Minas Gerais<\/strong>, mantendo tradi\u00e7\u00f5es culturais vivas em eventos sazonais.<\/p>\n\n\n\n<h2 class=\"wp-block-heading\">Qual \u00e9 o perfil demogr\u00e1fico e educacional atual<\/h2>\n\n\n\n<p>O munic\u00edpio abriga 123 mil habitantes, conforme as estimativas mais recentes projetadas para o <strong><a href=\"https:\/\/cidades.ibge.gov.br\/brasil\/mg\/araguari\/panorama\" target=\"_blank\" rel=\"noreferrer noopener\">Instituto Brasileiro de Geografia e Estat\u00edstica<\/a><\/strong> (<strong>IBGE<\/strong>). Na esfera do conhecimento, a solidez econ\u00f4mica da cidade viabiliza o funcionamento de grandes institui\u00e7\u00f5es de ensino superior.<\/p>\n\n\n\n<p>Unidades como o <strong>IMEPAC<\/strong> e a <strong>UNIPAC<\/strong> formam m\u00e3o de obra qualificada para as ind\u00fastrias e o setor de servi\u00e7os especializados. A rede escolar t\u00e9cnica tamb\u00e9m colabora para manter os indicadores de empregabilidade em patamares elevados no estado.<\/p>\n\n\n<div class=\"wp-block-image\">\n<figure class=\"aligncenter size-large\"><img loading=\"lazy\" decoding=\"async\" width=\"1024\" height=\"576\" src=\"https:\/\/www.em.com.br\/emfoco\/wp-content\/uploads\/2026\/01\/Araguari-1024x576.jpg\" alt=\"\" class=\"wp-image-154211\" srcset=\"https:\/\/www.em.com.br\/emfoco\/wp-content\/uploads\/2026\/01\/Araguari-1024x576.jpg 1024w, https:\/\/www.em.com.br\/emfoco\/wp-content\/uploads\/2026\/01\/Araguari-300x169.jpg 300w, https:\/\/www.em.com.br\/emfoco\/wp-content\/uploads\/2026\/01\/Araguari-768x432.jpg 768w, https:\/\/www.em.com.br\/emfoco\/wp-content\/uploads\/2026\/01\/Araguari-750x422.jpg 750w, https:\/\/www.em.com.br\/emfoco\/wp-content\/uploads\/2026\/01\/Araguari-1140x641.jpg 1140w, https:\/\/www.em.com.br\/emfoco\/wp-content\/uploads\/2026\/01\/Araguari.jpg 1280w\" sizes=\"auto, (max-width: 1024px) 100vw, 1024px\" \/><figcaption class=\"wp-element-caption\">Araguari \u00e9 polo do caf\u00e9 e ecoturismo no Cerrado Mineiro \/\/ Cr\u00e9ditos: Wikipedia<\/figcaption><\/figure><\/div>\n\n\n<h2 class=\"wp-block-heading\">O que visitar nos arredores das \u00e1guas e trilhas<\/h2>\n\n\n\n<p>Visitantes encontram op\u00e7\u00f5es que variam de mergulhos em piscinas naturais a visitas em pr\u00e9dios hist\u00f3ricos preservados no centro urbano. A infraestrutura tur\u00edstica evoluiu para oferecer seguran\u00e7a em roteiros de aventura e passeios contemplativos.<\/p>\n\n\n\n<p>A lista a seguir destaca os pontos de maior interesse para quem planeja uma estadia proveitosa e inesquec\u00edvel na regi\u00e3o.<\/p>\n\n\n\n<ul class=\"wp-block-list has-medium-font-size\">\n<li><strong>Cachoeira das Irm\u00e3s<\/strong>: Queda imponente com \u00e1guas cristalinas situada em propriedade de f\u00e1cil acesso para fam\u00edlias.<\/li>\n\n\n\n<li><strong>Bosque John Kennedy<\/strong>: Reserva urbana gigante que funciona como pulm\u00e3o verde com trilhas sombreadas e fauna nativa.<\/li>\n\n\n\n<li><strong>Pal\u00e1cio dos Ferrovi\u00e1rios<\/strong>: Sede administrativa instalada em pr\u00e9dio hist\u00f3rico que remete \u00e0 era de ouro das ferrovias mineiras.<\/li>\n\n\n\n<li><strong>Represa de Emborca\u00e7\u00e3o<\/strong>: Espelho d&#8217;\u00e1gua vasto prop\u00edcio para esportes n\u00e1uticos e pesca esportiva com guias locais.<\/li>\n<\/ul>\n\n\n\n<p>Quem busca ref\u00fagios naturais em Minas, vai curtir esse v\u00eddeo selecionado do canal <strong>VIAJAR EU PRECISO<\/strong>, que conta com milhares de visualiza\u00e7\u00f5es, onde os autores mostram detalhadamente a majestosa <strong>Cachoeira das Irm\u00e3s<\/strong>, em <strong>Araguari<\/strong>:<\/p>\n\n\n\n<iframe loading=\"lazy\" width=\"460\" height=\"818\" src=\"https:\/\/www.youtube.com\/embed\/XdcDq62uYQU\" title=\"Cachoeira das Irm\u00e3s ~ Araguari MG\" frameborder=\"0\" allow=\"accelerometer; autoplay; clipboard-write; encrypted-media; gyroscope; picture-in-picture; web-share\" referrerpolicy=\"strict-origin-when-cross-origin\" allowfullscreen><\/iframe>\n\n\n\n<p><strong>Leia tamb\u00e9m: <a href=\"https:\/\/www.em.com.br\/emfoco\/2026\/01\/12\/no-coracao-do-pais-existe-uma-cidade-em-que-a-agua-quente-brota-da-terra-e-se-torna-um-descanso-perfeito-para-familias\/\" target=\"_blank\" rel=\"noreferrer noopener\">No cora\u00e7\u00e3o do pa\u00eds existe uma cidade em que a \u00e1gua quente brota da terra e se torna um descanso perfeito para fam\u00edlias<\/a><\/strong><\/p>\n\n\n\n<h2 class=\"wp-block-heading\">Quando aproveitar as temperaturas de Araguari<\/h2>\n\n\n\n<p>O clima tropical de altitude define as esta\u00e7\u00f5es com invernos secos e ver\u00f5es marcados por chuvas intensas. Conforme dados coletados pelo <strong><a href=\"https:\/\/www.climatempo.com.br\/previsao-do-tempo\/cidade\/1078\/araguari-mg\" target=\"_blank\" rel=\"noreferrer noopener\">Climatempo<\/a><\/strong>, a eleva\u00e7\u00e3o m\u00e9dia de 800 metros garante ventila\u00e7\u00e3o constante e noites frescas.<\/p>\n\n\n\n<p>A tabela detalha as varia\u00e7\u00f5es t\u00e9rmicas e as condi\u00e7\u00f5es atmosf\u00e9ricas esperadas para facilitar o planejamento da sua viagem.<\/p>\n\n\n\n<figure class=\"wp-block-table\"><table class=\"has-fixed-layout\"><tbody><tr><th>Esta\u00e7\u00e3o\/Meses<\/th><th>Temperatura<\/th><th>O que esperar<\/th><\/tr><tr><td>Ver\u00e3o (Dez a Mar)<\/td><td>20\u00b0C a 30\u00b0C<\/td><td>Pancadas de chuva e calor<\/td><\/tr><tr><td>Inverno (Jun a Ago)<\/td><td>14\u00b0C a 29\u00b0C<\/td><td>Tempo seco e c\u00e9u aberto<\/td><\/tr><\/tbody><\/table><\/figure>\n\n\n\n<h2 class=\"wp-block-heading\">Motivos reais para viver em Araguari<\/h2>\n\n\n\n<p>A combina\u00e7\u00e3o de pot\u00eancia econ\u00f4mica e patrim\u00f4nio natural transforma o munic\u00edpio em um destino estrat\u00e9gico para investimentos e moradia. O local preserva o acolhimento mineiro enquanto avan\u00e7a em tecnologia industrial e produ\u00e7\u00e3o de caf\u00e9s especiais.<\/p>\n\n\n\n<ul class=\"wp-block-list has-medium-font-size\">\n<li><strong>Log\u00edstica estrat\u00e9gica<\/strong> por estar no eixo de liga\u00e7\u00e3o entre grandes centros nacionais e rodovias federais duplicadas.<\/li>\n\n\n\n<li><strong>Gastronomia aut\u00eantica<\/strong> fundamentada na tradi\u00e7\u00e3o do caf\u00e9 e culin\u00e1ria mineira premiada internacionalmente.<\/li>\n\n\n\n<li><strong>Potencial ecol\u00f3gico<\/strong> com centenas de quedas d&#8217;\u00e1gua catalogadas que garantem lazer gratuito e contato com a natureza.<\/li>\n<\/ul>\n\n\n\n<p>Voc\u00ea precisa conhecer a hospitalidade \u00fanica desta terra mineira.<\/p>\n","protected":false},"excerpt":{"rendered":"<p>Situada no Tri\u00e2ngulo Mineiro, Araguari fica a 560 km de Belo Horizonte e integra o pr\u00f3spero Cerrado Mineiro. Conhecida como Cidade Sorriso, a localidade se destaca pela for\u00e7a do agroneg\u00f3cio e natureza exuberante. Por que o munic\u00edpio det\u00e9m o recorde de cachoeiras catalogadas A geografia privilegiada da regi\u00e3o abriga 282 cachoeiras mapeadas, o que posiciona [&hellip;]<\/p>\n","protected":false},"author":6,"featured_media":154210,"comment_status":"open","ping_status":"open","sticky":false,"template":"","format":"standard","meta":{"jnews-multi-image_gallery":[],"jnews_single_post":{"format":"standard"},"jnews_primary_category":[],"jnews_social_meta":[],"jnews_override_counter":[],"footnotes":""},"categories":[26],"tags":[22421,183,207],"class_list":["post-153828","post","type-post","status-publish","format-standard","has-post-thumbnail","hentry","category-cidades","tag-araguari","tag-cidades","tag-minas-gerais"],"yoast_head":"<!-- This site is optimized with the Yoast SEO plugin v23.8 - https:\/\/yoast.com\/wordpress\/plugins\/seo\/ -->\n<title>Esse lugar no Tri\u00e2ngulo Mineiro parece um parque natural com quedas d\u2019\u00e1gua por todos os lados - Estado de Minas - Em foco<\/title>\n<meta name=\"description\" content=\"Saiba por que esta cidade \u00e9 considerada o para\u00edso das cachoeiras no Tri\u00e2ngulo Mineiro com mais de cem quedas d&#039;\u00e1gua catalogadas.\" \/>\n<meta name=\"robots\" content=\"index, follow, max-snippet:-1, max-image-preview:large, max-video-preview:-1\" \/>\n<link rel=\"canonical\" href=\"https:\/\/www.em.com.br\/emfoco\/2026\/01\/13\/esse-lugar-no-triangulo-mineiro-parece-um-parque-natural-com-quedas-dagua-por-todos-os-lados\/\" \/>\n<meta property=\"og:locale\" content=\"pt_BR\" \/>\n<meta property=\"og:type\" content=\"article\" \/>\n<meta property=\"og:title\" content=\"Esse lugar no Tri\u00e2ngulo Mineiro parece um parque natural com quedas d\u2019\u00e1gua por todos os lados - Estado de Minas - Em foco\" \/>\n<meta property=\"og:description\" content=\"Saiba por que esta cidade \u00e9 considerada o para\u00edso das cachoeiras no Tri\u00e2ngulo Mineiro com mais de cem quedas d&#039;\u00e1gua catalogadas.\" \/>\n<meta property=\"og:url\" content=\"https:\/\/www.em.com.br\/emfoco\/2026\/01\/13\/esse-lugar-no-triangulo-mineiro-parece-um-parque-natural-com-quedas-dagua-por-todos-os-lados\/\" \/>\n<meta property=\"og:site_name\" content=\"Estado de Minas - Em foco\" \/>\n<meta property=\"article:published_time\" content=\"2026-01-13T13:35:00+00:00\" \/>\n<meta property=\"article:modified_time\" content=\"2026-01-12T21:16:07+00:00\" \/>\n<meta property=\"og:image\" content=\"https:\/\/www.em.com.br\/emfoco\/wp-content\/uploads\/2026\/01\/Araguari2.jpg\" \/>\n\t<meta property=\"og:image:width\" content=\"1280\" \/>\n\t<meta property=\"og:image:height\" content=\"720\" \/>\n\t<meta property=\"og:image:type\" content=\"image\/jpeg\" \/>\n<meta name=\"author\" content=\"Vitor Bruno\" \/>\n<meta name=\"twitter:card\" content=\"summary_large_image\" \/>\n<meta name=\"twitter:label1\" content=\"Escrito por\" \/>\n\t<meta name=\"twitter:data1\" content=\"Vitor Bruno\" \/>\n\t<meta name=\"twitter:label2\" content=\"Est. tempo de leitura\" \/>\n\t<meta name=\"twitter:data2\" content=\"5 minutos\" \/>\n<!-- \/ Yoast SEO plugin. -->","yoast_head_json":{"title":"Esse lugar no Tri\u00e2ngulo Mineiro parece um parque natural com quedas d\u2019\u00e1gua por todos os lados - Estado de Minas - Em foco","description":"Saiba por que esta cidade \u00e9 considerada o para\u00edso das cachoeiras no Tri\u00e2ngulo Mineiro com mais de cem quedas d'\u00e1gua catalogadas.","robots":{"index":"index","follow":"follow","max-snippet":"max-snippet:-1","max-image-preview":"max-image-preview:large","max-video-preview":"max-video-preview:-1"},"canonical":"https:\/\/www.em.com.br\/emfoco\/2026\/01\/13\/esse-lugar-no-triangulo-mineiro-parece-um-parque-natural-com-quedas-dagua-por-todos-os-lados\/","og_locale":"pt_BR","og_type":"article","og_title":"Esse lugar no Tri\u00e2ngulo Mineiro parece um parque natural com quedas d\u2019\u00e1gua por todos os lados - Estado de Minas - Em foco","og_description":"Saiba por que esta cidade \u00e9 considerada o para\u00edso das cachoeiras no Tri\u00e2ngulo Mineiro com mais de cem quedas d'\u00e1gua catalogadas.","og_url":"https:\/\/www.em.com.br\/emfoco\/2026\/01\/13\/esse-lugar-no-triangulo-mineiro-parece-um-parque-natural-com-quedas-dagua-por-todos-os-lados\/","og_site_name":"Estado de Minas - Em foco","article_published_time":"2026-01-13T13:35:00+00:00","article_modified_time":"2026-01-12T21:16:07+00:00","og_image":[{"width":1280,"height":720,"url":"https:\/\/www.em.com.br\/emfoco\/wp-content\/uploads\/2026\/01\/Araguari2.jpg","type":"image\/jpeg"}],"author":"Vitor Bruno","twitter_card":"summary_large_image","twitter_misc":{"Escrito por":"Vitor Bruno","Est. tempo de leitura":"5 minutos"},"schema":{"@context":"https:\/\/schema.org","@graph":[{"@type":"WebPage","@id":"https:\/\/www.em.com.br\/emfoco\/2026\/01\/13\/esse-lugar-no-triangulo-mineiro-parece-um-parque-natural-com-quedas-dagua-por-todos-os-lados\/","url":"https:\/\/www.em.com.br\/emfoco\/2026\/01\/13\/esse-lugar-no-triangulo-mineiro-parece-um-parque-natural-com-quedas-dagua-por-todos-os-lados\/","name":"Esse lugar no Tri\u00e2ngulo Mineiro parece um parque natural com quedas d\u2019\u00e1gua por todos os lados - Estado de Minas - Em foco","isPartOf":{"@id":"https:\/\/www.em.com.br\/emfoco\/#website"},"primaryImageOfPage":{"@id":"https:\/\/www.em.com.br\/emfoco\/2026\/01\/13\/esse-lugar-no-triangulo-mineiro-parece-um-parque-natural-com-quedas-dagua-por-todos-os-lados\/#primaryimage"},"image":{"@id":"https:\/\/www.em.com.br\/emfoco\/2026\/01\/13\/esse-lugar-no-triangulo-mineiro-parece-um-parque-natural-com-quedas-dagua-por-todos-os-lados\/#primaryimage"},"thumbnailUrl":"https:\/\/www.em.com.br\/emfoco\/wp-content\/uploads\/2026\/01\/Araguari2.jpg","datePublished":"2026-01-13T13:35:00+00:00","dateModified":"2026-01-12T21:16:07+00:00","author":{"@id":"https:\/\/www.em.com.br\/emfoco\/#\/schema\/person\/364ac1852fafd00f1be20f0b8b237569"},"description":"Saiba por que esta cidade \u00e9 considerada o para\u00edso das cachoeiras no Tri\u00e2ngulo Mineiro com mais de cem quedas d'\u00e1gua catalogadas.","breadcrumb":{"@id":"https:\/\/www.em.com.br\/emfoco\/2026\/01\/13\/esse-lugar-no-triangulo-mineiro-parece-um-parque-natural-com-quedas-dagua-por-todos-os-lados\/#breadcrumb"},"inLanguage":"pt-BR","potentialAction":[{"@type":"ReadAction","target":["https:\/\/www.em.com.br\/emfoco\/2026\/01\/13\/esse-lugar-no-triangulo-mineiro-parece-um-parque-natural-com-quedas-dagua-por-todos-os-lados\/"]}]},{"@type":"ImageObject","inLanguage":"pt-BR","@id":"https:\/\/www.em.com.br\/emfoco\/2026\/01\/13\/esse-lugar-no-triangulo-mineiro-parece-um-parque-natural-com-quedas-dagua-por-todos-os-lados\/#primaryimage","url":"https:\/\/www.em.com.br\/emfoco\/wp-content\/uploads\/2026\/01\/Araguari2.jpg","contentUrl":"https:\/\/www.em.com.br\/emfoco\/wp-content\/uploads\/2026\/01\/Araguari2.jpg","width":1280,"height":720,"caption":"Araguari combina agroneg\u00f3cio forte e natureza exuberante \/\/ Cr\u00e9ditos: Wikipedia"},{"@type":"BreadcrumbList","@id":"https:\/\/www.em.com.br\/emfoco\/2026\/01\/13\/esse-lugar-no-triangulo-mineiro-parece-um-parque-natural-com-quedas-dagua-por-todos-os-lados\/#breadcrumb","itemListElement":[{"@type":"ListItem","position":1,"name":"In\u00edcio","item":"https:\/\/www.em.com.br\/emfoco\/"},{"@type":"ListItem","position":2,"name":"Esse lugar no Tri\u00e2ngulo Mineiro parece um parque natural com quedas d\u2019\u00e1gua por todos os lados"}]},{"@type":"WebSite","@id":"https:\/\/www.em.com.br\/emfoco\/#website","url":"https:\/\/www.em.com.br\/emfoco\/","name":"Estado de Minas - Em foco","description":"Acompanhe as \u00faltimas not\u00edcias e fique bem informado sobre tudo o que acontece em Minas Gerais, Brasil e no mundo.","potentialAction":[{"@type":"SearchAction","target":{"@type":"EntryPoint","urlTemplate":"https:\/\/www.em.com.br\/emfoco\/?s={search_term_string}"},"query-input":{"@type":"PropertyValueSpecification","valueRequired":true,"valueName":"search_term_string"}}],"inLanguage":"pt-BR"},{"@type":"Person","@id":"https:\/\/www.em.com.br\/emfoco\/#\/schema\/person\/364ac1852fafd00f1be20f0b8b237569","name":"Vitor Bruno","image":{"@type":"ImageObject","inLanguage":"pt-BR","@id":"https:\/\/www.em.com.br\/emfoco\/#\/schema\/person\/image\/","url":"https:\/\/secure.gravatar.com\/avatar\/b719e5cdede09f942064960883b5524d?s=96&d=mm&r=g","contentUrl":"https:\/\/secure.gravatar.com\/avatar\/b719e5cdede09f942064960883b5524d?s=96&d=mm&r=g","caption":"Vitor Bruno"},"sameAs":["https:\/\/www.em.com.br\/emfoco\/"],"url":"https:\/\/www.em.com.br\/emfoco\/author\/vitormyth\/"}]}},"_links":{"self":[{"href":"https:\/\/www.em.com.br\/emfoco\/wp-json\/wp\/v2\/posts\/153828","targetHints":{"allow":["GET"]}}],"collection":[{"href":"https:\/\/www.em.com.br\/emfoco\/wp-json\/wp\/v2\/posts"}],"about":[{"href":"https:\/\/www.em.com.br\/emfoco\/wp-json\/wp\/v2\/types\/post"}],"author":[{"embeddable":true,"href":"https:\/\/www.em.com.br\/emfoco\/wp-json\/wp\/v2\/users\/6"}],"replies":[{"embeddable":true,"href":"https:\/\/www.em.com.br\/emfoco\/wp-json\/wp\/v2\/comments?post=153828"}],"version-history":[{"count":3,"href":"https:\/\/www.em.com.br\/emfoco\/wp-json\/wp\/v2\/posts\/153828\/revisions"}],"predecessor-version":[{"id":154213,"href":"https:\/\/www.em.com.br\/emfoco\/wp-json\/wp\/v2\/posts\/153828\/revisions\/154213"}],"wp:featuredmedia":[{"embeddable":true,"href":"https:\/\/www.em.com.br\/emfoco\/wp-json\/wp\/v2\/media\/154210"}],"wp:attachment":[{"href":"https:\/\/www.em.com.br\/emfoco\/wp-json\/wp\/v2\/media?parent=153828"}],"wp:term":[{"taxonomy":"category","embeddable":true,"href":"https:\/\/www.em.com.br\/emfoco\/wp-json\/wp\/v2\/categories?post=153828"},{"taxonomy":"post_tag","embeddable":true,"href":"https:\/\/www.em.com.br\/emfoco\/wp-json\/wp\/v2\/tags?post=153828"}],"curies":[{"name":"wp","href":"https:\/\/api.w.org\/{rel}","templated":true}]}}