{"id":153815,"date":"2026-01-14T14:45:00","date_gmt":"2026-01-14T17:45:00","guid":{"rendered":"https:\/\/www.em.com.br\/emfoco\/?p=153815"},"modified":"2026-01-13T19:56:32","modified_gmt":"2026-01-13T22:56:32","slug":"antes-de-jogar-fora-a-garrafa-de-plastico-veja-isso-com-um-ziper-ela-vira-item-util-para-a-escola","status":"publish","type":"post","link":"https:\/\/www.em.com.br\/emfoco\/2026\/01\/14\/antes-de-jogar-fora-a-garrafa-de-plastico-veja-isso-com-um-ziper-ela-vira-item-util-para-a-escola\/","title":{"rendered":"Antes de jogar fora a garrafa de pl\u00e1stico, veja isso: com um z\u00edper ela vira item \u00fatil para a escola"},"content":{"rendered":"\n<p>Transformar objetos que iriam para o lixo em algo \u00fatil dentro de casa est\u00e1 cada vez mais presente nas conversas sobre consumo consciente. Em vez de descartar a garrafa pl\u00e1stica logo ap\u00f3s o uso, \u00e9 poss\u00edvel reaproveit\u00e1-la de forma simples, pr\u00e1tica e com impacto direto no or\u00e7amento familiar, criando estojos, organizadores e outros itens que unem economia, criatividade e cuidado ambiental.<\/p>\n\n\n\n<h2 class=\"wp-block-heading\">Por que a reciclagem de garrafas pl\u00e1sticas \u00e9 t\u00e3o relevante hoje<\/h2>\n\n\n\n<p>A reciclagem de <a href=\"https:\/\/www.em.com.br\/emfoco\/2025\/12\/07\/como-montar-uma-mini-horta-de-temperos-com-garrafas-em-espacos-pequenos\/\" target=\"_blank\" rel=\"noreferrer noopener\">garrafas pl\u00e1sticas <\/a>ganhou destaque por reduzir res\u00edduos e prolongar a vida \u00fatil de um material que leva muitos anos para se decompor. Em vez de depender apenas da coleta seletiva, muitas fam\u00edlias buscam alternativas de reutiliza\u00e7\u00e3o dentro de casa, diminuindo o volume de lixo gerado e o impacto em aterros e ambientes naturais.<\/p>\n\n\n\n<p>Al\u00e9m do aspecto ambiental, reutilizar embalagens traz impacto financeiro concreto. Produtos como estojos escolares, organizadores e pequenos recipientes t\u00eam ficado mais caros, e transformar uma garrafa em estojo permite economizar e refor\u00e7ar uma rela\u00e7\u00e3o mais respons\u00e1vel com o consumo di\u00e1rio.<\/p>\n\n\n\n<figure class=\"wp-block-image size-large\"><img loading=\"lazy\" decoding=\"async\" width=\"1024\" height=\"576\" src=\"https:\/\/www.em.com.br\/emfoco\/wp-content\/uploads\/2026\/01\/Gemini_Generated_Image_yij3xeyij3xeyij3-1-1024x576.png\" alt=\"Esse reaproveitamento simples est\u00e1 mudando a rotina de muitas fam\u00edlias\" class=\"wp-image-153847\" srcset=\"https:\/\/www.em.com.br\/emfoco\/wp-content\/uploads\/2026\/01\/Gemini_Generated_Image_yij3xeyij3xeyij3-1-1024x576.png 1024w, https:\/\/www.em.com.br\/emfoco\/wp-content\/uploads\/2026\/01\/Gemini_Generated_Image_yij3xeyij3xeyij3-1-300x169.png 300w, https:\/\/www.em.com.br\/emfoco\/wp-content\/uploads\/2026\/01\/Gemini_Generated_Image_yij3xeyij3xeyij3-1-768x432.png 768w, https:\/\/www.em.com.br\/emfoco\/wp-content\/uploads\/2026\/01\/Gemini_Generated_Image_yij3xeyij3xeyij3-1-750x422.png 750w, https:\/\/www.em.com.br\/emfoco\/wp-content\/uploads\/2026\/01\/Gemini_Generated_Image_yij3xeyij3xeyij3-1-1140x641.png 1140w, https:\/\/www.em.com.br\/emfoco\/wp-content\/uploads\/2026\/01\/Gemini_Generated_Image_yij3xeyij3xeyij3-1.png 1280w\" sizes=\"auto, (max-width: 1024px) 100vw, 1024px\" \/><figcaption class=\"wp-element-caption\">Esse reaproveitamento simples est\u00e1 mudando a rotina de muitas fam\u00edlias<\/figcaption><\/figure>\n\n\n\n<h2 class=\"wp-block-heading\">Como transformar garrafas pl\u00e1sticas em estojos escolares<\/h2>\n\n\n\n<p>Entre as v\u00e1rias possibilidades de <a href=\"https:\/\/br.pinterest.com\/tniacesar\/reciclagem-criativa-e-utilitaria\/\" target=\"_blank\" rel=\"noreferrer noopener\">reciclagem criativa<\/a>, o estojo escolar feito com uma garrafa PET e um z\u00edper \u00e9 um exemplo pr\u00e1tico e r\u00e1pido de reproduzir. O corpo da garrafa \u00e9 adaptado para funcionar como compartimento r\u00edgido para l\u00e1pis, canetas, marcadores, borrachas e outros materiais pequenos, gerando um estojo leve, lav\u00e1vel e dur\u00e1vel.<\/p>\n\n\n\n<p>Essa atividade pode ser feita em casa, em projetos escolares ou oficinas de reciclagem, estimulando criatividade, coordena\u00e7\u00e3o motora e no\u00e7\u00f5es de sustentabilidade. A seguir, um modelo b\u00e1sico de como montar o estojo com seguran\u00e7a e bom acabamento:<\/p>\n\n\n\n<ol class=\"wp-block-list\">\n<li><strong>Escolher a garrafa:<\/strong>\u00a0optar por uma garrafa pl\u00e1stica limpa, seca e com o tamanho adequado para o uso desejado.<\/li>\n\n\n\n<li><strong>Definir a altura:<\/strong>\u00a0marcar com caneta a parte que ser\u00e1 cortada, considerando o espa\u00e7o necess\u00e1rio para l\u00e1pis, canetas e outros itens.<\/li>\n\n\n\n<li><strong>Cortar em duas partes:<\/strong>\u00a0com cuidado, dividir a garrafa em duas se\u00e7\u00f5es, formando a base e a tampa do futuro estojo.<\/li>\n\n\n\n<li><strong>Preparar o z\u00edper:<\/strong>\u00a0escolher um fechamento de comprimento semelhante ao di\u00e2metro da garrafa.<\/li>\n\n\n\n<li><strong>Fixar o z\u00edper:<\/strong>\u00a0colar o z\u00edper nas bordas cortadas com cola resistente, como cola quente ou cola espec\u00edfica para pl\u00e1stico.<\/li>\n\n\n\n<li><strong>Aguardar a secagem:<\/strong>\u00a0deixar o conjunto parado at\u00e9 que a cola esteja firme, garantindo que o z\u00edper abra e feche sem soltar.<\/li>\n\n\n\n<li><strong>Personalizar:<\/strong>\u00a0decorar com adesivos, tintas acr\u00edlicas ou fitas coloridas, conforme o gosto de quem vai usar.<\/li>\n<\/ol>\n\n\n\n<p>Depois de pronto, o estojo pode ser colocado na mochila, na bolsa ou na mesa de trabalho, protegendo o conte\u00fado contra impactos leves e evitando sujeira ou tinta em outros objetos.<\/p>\n\n\n\n<figure class=\"wp-block-image size-large\"><img loading=\"lazy\" decoding=\"async\" width=\"1024\" height=\"576\" src=\"https:\/\/www.em.com.br\/emfoco\/wp-content\/uploads\/2026\/01\/Gemini_Generated_Image_jncgfgjncgfgjncg-1-1024x576.png\" alt=\"Esse reaproveitamento simples est\u00e1 mudando a rotina de muitas fam\u00edlias\" class=\"wp-image-153848\" srcset=\"https:\/\/www.em.com.br\/emfoco\/wp-content\/uploads\/2026\/01\/Gemini_Generated_Image_jncgfgjncgfgjncg-1-1024x576.png 1024w, https:\/\/www.em.com.br\/emfoco\/wp-content\/uploads\/2026\/01\/Gemini_Generated_Image_jncgfgjncgfgjncg-1-300x169.png 300w, https:\/\/www.em.com.br\/emfoco\/wp-content\/uploads\/2026\/01\/Gemini_Generated_Image_jncgfgjncgfgjncg-1-768x432.png 768w, https:\/\/www.em.com.br\/emfoco\/wp-content\/uploads\/2026\/01\/Gemini_Generated_Image_jncgfgjncgfgjncg-1-750x422.png 750w, https:\/\/www.em.com.br\/emfoco\/wp-content\/uploads\/2026\/01\/Gemini_Generated_Image_jncgfgjncgfgjncg-1-1140x641.png 1140w, https:\/\/www.em.com.br\/emfoco\/wp-content\/uploads\/2026\/01\/Gemini_Generated_Image_jncgfgjncgfgjncg-1.png 1280w\" sizes=\"auto, (max-width: 1024px) 100vw, 1024px\" \/><figcaption class=\"wp-element-caption\">Esse reaproveitamento simples est\u00e1 mudando a rotina de muitas fam\u00edlias<\/figcaption><\/figure>\n\n\n\n<h2 class=\"wp-block-heading\">Quais s\u00e3o as principais vantagens pr\u00e1ticas dessa reutiliza\u00e7\u00e3o<\/h2>\n\n\n\n<p>No uso di\u00e1rio, a reutiliza\u00e7\u00e3o de garrafas em forma de estojos e organizadores oferece benef\u00edcios que v\u00e3o al\u00e9m do discurso ambiental. A estrutura r\u00edgida ajuda a proteger l\u00e1pis e canetas contra quebras, impede que pontas soltas rasguem cadernos ou bolsas e torna o transporte mais seguro e organizado.<\/p>\n\n\n\n<p>Para visualizar melhor como essa ideia pode facilitar a rotina em diferentes ambientes, veja algumas vantagens pr\u00e1ticas diretas desse tipo de reaproveitamento:<\/p>\n\n\n\n<ul class=\"wp-block-list\">\n<li><strong>Economia:<\/strong>\u00a0evita a compra de um estojo novo, aproveitando materiais j\u00e1 existentes em casa.<\/li>\n\n\n\n<li><strong>Durabilidade:<\/strong>\u00a0garrafas pl\u00e1sticas s\u00e3o resistentes a quedas e n\u00e3o rasgam com facilidade.<\/li>\n\n\n\n<li><strong>Higiene:<\/strong>\u00a0podem ser lavadas com \u00e1gua e sab\u00e3o sempre que necess\u00e1rio.<\/li>\n\n\n\n<li><strong>Personaliza\u00e7\u00e3o:<\/strong>\u00a0cada pessoa pode decorar de acordo com a pr\u00f3pria identidade visual.<\/li>\n\n\n\n<li><strong>Educa\u00e7\u00e3o ambiental:<\/strong>\u00a0funciona como exemplo pr\u00e1tico de reutiliza\u00e7\u00e3o para crian\u00e7as e jovens.<\/li>\n<\/ul>\n\n\n\n<h2 class=\"wp-block-heading\">Como incluir a reciclagem criativo na rotina da casa e da escola<\/h2>\n\n\n\n<p>Inserir a reciclagem criativa de garrafas pl\u00e1sticas na rotina n\u00e3o exige grandes mudan\u00e7as de h\u00e1bito. Em muitas casas, as garrafas j\u00e1 s\u00e3o consumidas regularmente; o que muda \u00e9 a decis\u00e3o de separar algumas para atividades de reaproveitamento, criando estojos, organizadores de cabos, porta-trecos e recipientes para artesanato.<\/p>\n\n\n\n<figure class=\"wp-block-image size-large\"><img loading=\"lazy\" decoding=\"async\" width=\"1024\" height=\"576\" src=\"https:\/\/www.em.com.br\/emfoco\/wp-content\/uploads\/2026\/01\/Gemini_Generated_Image_nqebqvnqebqvnqeb-1-1024x576.png\" alt=\"Esse reaproveitamento simples est\u00e1 mudando a rotina de muitas fam\u00edlias\" class=\"wp-image-153849\" srcset=\"https:\/\/www.em.com.br\/emfoco\/wp-content\/uploads\/2026\/01\/Gemini_Generated_Image_nqebqvnqebqvnqeb-1-1024x576.png 1024w, https:\/\/www.em.com.br\/emfoco\/wp-content\/uploads\/2026\/01\/Gemini_Generated_Image_nqebqvnqebqvnqeb-1-300x169.png 300w, https:\/\/www.em.com.br\/emfoco\/wp-content\/uploads\/2026\/01\/Gemini_Generated_Image_nqebqvnqebqvnqeb-1-768x432.png 768w, https:\/\/www.em.com.br\/emfoco\/wp-content\/uploads\/2026\/01\/Gemini_Generated_Image_nqebqvnqebqvnqeb-1-750x422.png 750w, https:\/\/www.em.com.br\/emfoco\/wp-content\/uploads\/2026\/01\/Gemini_Generated_Image_nqebqvnqebqvnqeb-1-1140x641.png 1140w, https:\/\/www.em.com.br\/emfoco\/wp-content\/uploads\/2026\/01\/Gemini_Generated_Image_nqebqvnqebqvnqeb-1.png 1280w\" sizes=\"auto, (max-width: 1024px) 100vw, 1024px\" \/><figcaption class=\"wp-element-caption\">Esse reaproveitamento simples est\u00e1 mudando a rotina de muitas fam\u00edlias<\/figcaption><\/figure>\n\n\n\n<p>Escolas podem propor que os alunos tragam garrafas vazias e z\u00edperes antigos para montar seus pr\u00f3prios estojos em sala de aula. Al\u00e9m de reduzir gastos com material, a atividade trabalha planejamento, responsabilidade e mostra na pr\u00e1tica como o consumo consciente pode fazer parte do dia a dia de forma simples e colaborativa.<\/p>\n\n\n\n<h2 class=\"wp-block-heading\">Por que come\u00e7ar agora a reciclar garrafas pl\u00e1sticas com criatividade<\/h2>\n\n\n\n<p>Cada garrafa que deixa de ir para o lixo comum e ganha nova fun\u00e7\u00e3o representa menos pl\u00e1stico em aterros, rios e oceanos, al\u00e9m de economia real no or\u00e7amento da fam\u00edlia. Estojos, organizadores e outros itens produzidos em casa provam que pequenas a\u00e7\u00f5es podem gerar impacto ambiental e financeiro significativo em pouco tempo.<\/p>\n\n\n\n<p>N\u00e3o espere o pr\u00f3ximo ano letivo ou o pr\u00f3ximo aumento de pre\u00e7os para agir. Separe hoje mesmo algumas garrafas, re\u00fana a fam\u00edlia, a turma da escola ou a equipe de trabalho e crie seus pr\u00f3prios estojos reutiliz\u00e1veis. Come\u00e7ar agora \u00e9 transformar o problema do excesso de pl\u00e1stico em uma solu\u00e7\u00e3o criativa, urgente e cheia de prop\u00f3sito.<\/p>\n","protected":false},"excerpt":{"rendered":"<p>Transformar objetos que iriam para o lixo em algo \u00fatil dentro de casa est\u00e1 cada vez mais presente nas conversas sobre consumo consciente. Em vez de descartar a garrafa pl\u00e1stica logo ap\u00f3s o uso, \u00e9 poss\u00edvel reaproveit\u00e1-la de forma simples, pr\u00e1tica e com impacto direto no or\u00e7amento familiar, criando estojos, organizadores e outros itens que [&hellip;]<\/p>\n","protected":false},"author":11,"featured_media":153846,"comment_status":"open","ping_status":"open","sticky":false,"template":"","format":"standard","meta":{"jnews-multi-image_gallery":[],"jnews_single_post":{"format":"standard"},"jnews_primary_category":[],"jnews_social_meta":[],"jnews_override_counter":[],"footnotes":""},"categories":[8819,1],"tags":[22417,22416,2595,547],"class_list":["post-153815","post","type-post","status-publish","format-standard","has-post-thumbnail","hentry","category-curiosidades","category-noticias","tag-estojo","tag-garrafas-plasticas","tag-reciclagem","tag-sustentavel"],"yoast_head":"<!-- This site is optimized with the Yoast SEO plugin v23.8 - https:\/\/yoast.com\/wordpress\/plugins\/seo\/ -->\n<title>Antes de jogar fora a garrafa de pl\u00e1stico, veja isso: com um z\u00edper ela vira item \u00fatil para a escola - Estado de Minas - Em foco<\/title>\n<meta name=\"description\" content=\"Transformar garrafa pl\u00e1stica em estojo \u00e9 uma forma simples de economizar reduzir lixo e criar itens \u00fateis para casa e escola.\" \/>\n<meta name=\"robots\" content=\"index, follow, max-snippet:-1, max-image-preview:large, max-video-preview:-1\" \/>\n<link rel=\"canonical\" href=\"https:\/\/www.em.com.br\/emfoco\/2026\/01\/14\/antes-de-jogar-fora-a-garrafa-de-plastico-veja-isso-com-um-ziper-ela-vira-item-util-para-a-escola\/\" \/>\n<meta property=\"og:locale\" content=\"pt_BR\" \/>\n<meta property=\"og:type\" content=\"article\" \/>\n<meta property=\"og:title\" content=\"Antes de jogar fora a garrafa de pl\u00e1stico, veja isso: com um z\u00edper ela vira item \u00fatil para a escola - Estado de Minas - Em foco\" \/>\n<meta property=\"og:description\" content=\"Transformar garrafa pl\u00e1stica em estojo \u00e9 uma forma simples de economizar reduzir lixo e criar itens \u00fateis para casa e escola.\" \/>\n<meta property=\"og:url\" content=\"https:\/\/www.em.com.br\/emfoco\/2026\/01\/14\/antes-de-jogar-fora-a-garrafa-de-plastico-veja-isso-com-um-ziper-ela-vira-item-util-para-a-escola\/\" \/>\n<meta property=\"og:site_name\" content=\"Estado de Minas - Em foco\" \/>\n<meta property=\"article:published_time\" content=\"2026-01-14T17:45:00+00:00\" \/>\n<meta property=\"article:modified_time\" content=\"2026-01-13T22:56:32+00:00\" \/>\n<meta property=\"og:image\" content=\"https:\/\/www.em.com.br\/emfoco\/wp-content\/uploads\/2026\/01\/Gemini_Generated_Image_90h0r090h0r090h0-1.png\" \/>\n\t<meta property=\"og:image:width\" content=\"1280\" \/>\n\t<meta property=\"og:image:height\" content=\"720\" \/>\n\t<meta property=\"og:image:type\" content=\"image\/png\" \/>\n<meta name=\"author\" content=\"Andre\u0301 Rangel\u00a0\" \/>\n<meta name=\"twitter:card\" content=\"summary_large_image\" \/>\n<meta name=\"twitter:label1\" content=\"Escrito por\" \/>\n\t<meta name=\"twitter:data1\" content=\"Andre\u0301 Rangel\u00a0\" \/>\n\t<meta name=\"twitter:label2\" content=\"Est. tempo de leitura\" \/>\n\t<meta name=\"twitter:data2\" content=\"6 minutos\" \/>\n<!-- \/ Yoast SEO plugin. -->","yoast_head_json":{"title":"Antes de jogar fora a garrafa de pl\u00e1stico, veja isso: com um z\u00edper ela vira item \u00fatil para a escola - Estado de Minas - Em foco","description":"Transformar garrafa pl\u00e1stica em estojo \u00e9 uma forma simples de economizar reduzir lixo e criar itens \u00fateis para casa e escola.","robots":{"index":"index","follow":"follow","max-snippet":"max-snippet:-1","max-image-preview":"max-image-preview:large","max-video-preview":"max-video-preview:-1"},"canonical":"https:\/\/www.em.com.br\/emfoco\/2026\/01\/14\/antes-de-jogar-fora-a-garrafa-de-plastico-veja-isso-com-um-ziper-ela-vira-item-util-para-a-escola\/","og_locale":"pt_BR","og_type":"article","og_title":"Antes de jogar fora a garrafa de pl\u00e1stico, veja isso: com um z\u00edper ela vira item \u00fatil para a escola - Estado de Minas - Em foco","og_description":"Transformar garrafa pl\u00e1stica em estojo \u00e9 uma forma simples de economizar reduzir lixo e criar itens \u00fateis para casa e escola.","og_url":"https:\/\/www.em.com.br\/emfoco\/2026\/01\/14\/antes-de-jogar-fora-a-garrafa-de-plastico-veja-isso-com-um-ziper-ela-vira-item-util-para-a-escola\/","og_site_name":"Estado de Minas - Em foco","article_published_time":"2026-01-14T17:45:00+00:00","article_modified_time":"2026-01-13T22:56:32+00:00","og_image":[{"width":1280,"height":720,"url":"https:\/\/www.em.com.br\/emfoco\/wp-content\/uploads\/2026\/01\/Gemini_Generated_Image_90h0r090h0r090h0-1.png","type":"image\/png"}],"author":"Andre\u0301 Rangel\u00a0","twitter_card":"summary_large_image","twitter_misc":{"Escrito por":"Andre\u0301 Rangel\u00a0","Est. tempo de leitura":"6 minutos"},"schema":{"@context":"https:\/\/schema.org","@graph":[{"@type":"WebPage","@id":"https:\/\/www.em.com.br\/emfoco\/2026\/01\/14\/antes-de-jogar-fora-a-garrafa-de-plastico-veja-isso-com-um-ziper-ela-vira-item-util-para-a-escola\/","url":"https:\/\/www.em.com.br\/emfoco\/2026\/01\/14\/antes-de-jogar-fora-a-garrafa-de-plastico-veja-isso-com-um-ziper-ela-vira-item-util-para-a-escola\/","name":"Antes de jogar fora a garrafa de pl\u00e1stico, veja isso: com um z\u00edper ela vira item \u00fatil para a escola - Estado de Minas - Em foco","isPartOf":{"@id":"https:\/\/www.em.com.br\/emfoco\/#website"},"primaryImageOfPage":{"@id":"https:\/\/www.em.com.br\/emfoco\/2026\/01\/14\/antes-de-jogar-fora-a-garrafa-de-plastico-veja-isso-com-um-ziper-ela-vira-item-util-para-a-escola\/#primaryimage"},"image":{"@id":"https:\/\/www.em.com.br\/emfoco\/2026\/01\/14\/antes-de-jogar-fora-a-garrafa-de-plastico-veja-isso-com-um-ziper-ela-vira-item-util-para-a-escola\/#primaryimage"},"thumbnailUrl":"https:\/\/www.em.com.br\/emfoco\/wp-content\/uploads\/2026\/01\/Gemini_Generated_Image_90h0r090h0r090h0-1.png","datePublished":"2026-01-14T17:45:00+00:00","dateModified":"2026-01-13T22:56:32+00:00","author":{"@id":"https:\/\/www.em.com.br\/emfoco\/#\/schema\/person\/60eda09c1fedf0d6891f4cef4b60b8b8"},"description":"Transformar garrafa pl\u00e1stica em estojo \u00e9 uma forma simples de economizar reduzir lixo e criar itens \u00fateis para casa e escola.","breadcrumb":{"@id":"https:\/\/www.em.com.br\/emfoco\/2026\/01\/14\/antes-de-jogar-fora-a-garrafa-de-plastico-veja-isso-com-um-ziper-ela-vira-item-util-para-a-escola\/#breadcrumb"},"inLanguage":"pt-BR","potentialAction":[{"@type":"ReadAction","target":["https:\/\/www.em.com.br\/emfoco\/2026\/01\/14\/antes-de-jogar-fora-a-garrafa-de-plastico-veja-isso-com-um-ziper-ela-vira-item-util-para-a-escola\/"]}]},{"@type":"ImageObject","inLanguage":"pt-BR","@id":"https:\/\/www.em.com.br\/emfoco\/2026\/01\/14\/antes-de-jogar-fora-a-garrafa-de-plastico-veja-isso-com-um-ziper-ela-vira-item-util-para-a-escola\/#primaryimage","url":"https:\/\/www.em.com.br\/emfoco\/wp-content\/uploads\/2026\/01\/Gemini_Generated_Image_90h0r090h0r090h0-1.png","contentUrl":"https:\/\/www.em.com.br\/emfoco\/wp-content\/uploads\/2026\/01\/Gemini_Generated_Image_90h0r090h0r090h0-1.png","width":1280,"height":720,"caption":"Esse reaproveitamento simples est\u00e1 mudando a rotina de muitas fam\u00edlias"},{"@type":"BreadcrumbList","@id":"https:\/\/www.em.com.br\/emfoco\/2026\/01\/14\/antes-de-jogar-fora-a-garrafa-de-plastico-veja-isso-com-um-ziper-ela-vira-item-util-para-a-escola\/#breadcrumb","itemListElement":[{"@type":"ListItem","position":1,"name":"In\u00edcio","item":"https:\/\/www.em.com.br\/emfoco\/"},{"@type":"ListItem","position":2,"name":"Antes de jogar fora a garrafa de pl\u00e1stico, veja isso: com um z\u00edper ela vira item \u00fatil para a escola"}]},{"@type":"WebSite","@id":"https:\/\/www.em.com.br\/emfoco\/#website","url":"https:\/\/www.em.com.br\/emfoco\/","name":"Estado de Minas - Em foco","description":"Acompanhe as \u00faltimas not\u00edcias e fique bem informado sobre tudo o que acontece em Minas Gerais, Brasil e no mundo.","potentialAction":[{"@type":"SearchAction","target":{"@type":"EntryPoint","urlTemplate":"https:\/\/www.em.com.br\/emfoco\/?s={search_term_string}"},"query-input":{"@type":"PropertyValueSpecification","valueRequired":true,"valueName":"search_term_string"}}],"inLanguage":"pt-BR"},{"@type":"Person","@id":"https:\/\/www.em.com.br\/emfoco\/#\/schema\/person\/60eda09c1fedf0d6891f4cef4b60b8b8","name":"Andre\u0301 Rangel\u00a0","image":{"@type":"ImageObject","inLanguage":"pt-BR","@id":"https:\/\/www.em.com.br\/emfoco\/#\/schema\/person\/image\/","url":"https:\/\/secure.gravatar.com\/avatar\/6234dc814c77c8ef6d8bba622c787efc?s=96&d=mm&r=g","contentUrl":"https:\/\/secure.gravatar.com\/avatar\/6234dc814c77c8ef6d8bba622c787efc?s=96&d=mm&r=g","caption":"Andre\u0301 Rangel\u00a0"},"url":"https:\/\/www.em.com.br\/emfoco\/author\/luizmyth\/"}]}},"_links":{"self":[{"href":"https:\/\/www.em.com.br\/emfoco\/wp-json\/wp\/v2\/posts\/153815","targetHints":{"allow":["GET"]}}],"collection":[{"href":"https:\/\/www.em.com.br\/emfoco\/wp-json\/wp\/v2\/posts"}],"about":[{"href":"https:\/\/www.em.com.br\/emfoco\/wp-json\/wp\/v2\/types\/post"}],"author":[{"embeddable":true,"href":"https:\/\/www.em.com.br\/emfoco\/wp-json\/wp\/v2\/users\/11"}],"replies":[{"embeddable":true,"href":"https:\/\/www.em.com.br\/emfoco\/wp-json\/wp\/v2\/comments?post=153815"}],"version-history":[{"count":3,"href":"https:\/\/www.em.com.br\/emfoco\/wp-json\/wp\/v2\/posts\/153815\/revisions"}],"predecessor-version":[{"id":153850,"href":"https:\/\/www.em.com.br\/emfoco\/wp-json\/wp\/v2\/posts\/153815\/revisions\/153850"}],"wp:featuredmedia":[{"embeddable":true,"href":"https:\/\/www.em.com.br\/emfoco\/wp-json\/wp\/v2\/media\/153846"}],"wp:attachment":[{"href":"https:\/\/www.em.com.br\/emfoco\/wp-json\/wp\/v2\/media?parent=153815"}],"wp:term":[{"taxonomy":"category","embeddable":true,"href":"https:\/\/www.em.com.br\/emfoco\/wp-json\/wp\/v2\/categories?post=153815"},{"taxonomy":"post_tag","embeddable":true,"href":"https:\/\/www.em.com.br\/emfoco\/wp-json\/wp\/v2\/tags?post=153815"}],"curies":[{"name":"wp","href":"https:\/\/api.w.org\/{rel}","templated":true}]}}