{"id":153809,"date":"2026-01-13T14:45:00","date_gmt":"2026-01-13T17:45:00","guid":{"rendered":"https:\/\/www.em.com.br\/emfoco\/?p=153809"},"modified":"2026-01-12T19:44:59","modified_gmt":"2026-01-12T22:44:59","slug":"antes-de-jogar-fora-tubos-de-papel-higienico-veja-isso-eles-viram-vasos-biodegradaveis","status":"publish","type":"post","link":"https:\/\/www.em.com.br\/emfoco\/2026\/01\/13\/antes-de-jogar-fora-tubos-de-papel-higienico-veja-isso-eles-viram-vasos-biodegradaveis\/","title":{"rendered":"Antes de jogar fora tubos de papel higi\u00eanico, veja isso: eles viram vasos biodegrad\u00e1veis"},"content":{"rendered":"\n<p>Reaproveitar materiais do dia a dia tem se tornado uma pr\u00e1tica comum em casas que buscam reduzir o lixo e cuidar melhor do jardim. Entre esses materiais, o tubo de papel higi\u00eanico surge como uma solu\u00e7\u00e3o sustent\u00e1vel e muito acess\u00edvel para montar um pequeno viveiro dom\u00e9stico, evitando o descarte imediato e transformando o rolinho de papel\u00e3o em um suporte \u00fatil para o cultivo de sementes.<\/p>\n\n\n\n<h2 class=\"wp-block-heading\">Por que usar tubos de papel higi\u00eanico como vasos biodegrad\u00e1veis<\/h2>\n\n\n\n<p>O uso de\u00a0<strong>tubos de papel higi\u00eanico como vasos biodegrad\u00e1veis<\/strong>\u00a0combina a aten\u00e7\u00e3o ao meio ambiente com o interesse crescente pela jardinagem caseira. Por ser feito de <a href=\"https:\/\/www.em.com.br\/emfoco\/2026\/01\/10\/com-um-pedaco-de-papelao-crie-uma-linda-cesta-de-pao-para-decorar-sua-mesa\/\" target=\"_blank\" rel=\"noreferrer noopener\">papel\u00e3o <\/a>fino, o tubo se decomp\u00f5e no solo, reduzindo res\u00edduos e a necessidade de recipientes pl\u00e1sticos descart\u00e1veis.<\/p>\n\n\n\n<p>Esse tipo de vaso tamb\u00e9m favorece o desenvolvimento das mudas, pois pode ser plantado diretamente na terra, minimizando danos \u00e0s ra\u00edzes no transplante. Al\u00e9m disso, seu formato cil\u00edndrico e compacto permite organizar v\u00e1rios rolinhos lado a lado em bandejas, otimizando o espa\u00e7o em varandas e pequenos apartamentos.<\/p>\n\n\n\n<figure class=\"wp-block-image size-large\"><img loading=\"lazy\" decoding=\"async\" width=\"1024\" height=\"576\" src=\"https:\/\/www.em.com.br\/emfoco\/wp-content\/uploads\/2026\/01\/unnamed-1-10-1024x576.jpg\" alt=\"Vasinhos biodegrad\u00e1veis feitos com tubo de papel higi\u00eanico\" class=\"wp-image-153840\" srcset=\"https:\/\/www.em.com.br\/emfoco\/wp-content\/uploads\/2026\/01\/unnamed-1-10-1024x576.jpg 1024w, https:\/\/www.em.com.br\/emfoco\/wp-content\/uploads\/2026\/01\/unnamed-1-10-300x169.jpg 300w, https:\/\/www.em.com.br\/emfoco\/wp-content\/uploads\/2026\/01\/unnamed-1-10-768x432.jpg 768w, https:\/\/www.em.com.br\/emfoco\/wp-content\/uploads\/2026\/01\/unnamed-1-10-750x422.jpg 750w, https:\/\/www.em.com.br\/emfoco\/wp-content\/uploads\/2026\/01\/unnamed-1-10-1140x641.jpg 1140w, https:\/\/www.em.com.br\/emfoco\/wp-content\/uploads\/2026\/01\/unnamed-1-10.jpg 1280w\" sizes=\"auto, (max-width: 1024px) 100vw, 1024px\" \/><figcaption class=\"wp-element-caption\">Vasinhos biodegrad\u00e1veis feitos com tubo de papel higi\u00eanico<\/figcaption><\/figure>\n\n\n\n<h2 class=\"wp-block-heading\">Quais s\u00e3o os benef\u00edcios econ\u00f4micos e ambientais do reaproveitamento<\/h2>\n\n\n\n<p>Do ponto de vista econ\u00f4mico, os tubos j\u00e1 fazem parte do dia a dia da maioria das fam\u00edlias, reduzindo custos com bandejas de germina\u00e7\u00e3o e pequenos vasos. Em vez de descartar o papel\u00e3o, ele entra em um ciclo de uso ampliado, alinhado \u00e0\u00a0<a href=\"https:\/\/br.pinterest.com\/tniacesar\/reciclagem-criativa-e-utilitaria\/\" target=\"_blank\" rel=\"noreferrer noopener\"><strong>reciclagem criativa<\/strong>\u00a0<\/a>e \u00e0 redu\u00e7\u00e3o de desperd\u00edcio.<\/p>\n\n\n\n<p>No aspecto ambiental, cada tubo reaproveitado representa menos lixo enviado a aterros e menor consumo de pl\u00e1stico. Esse h\u00e1bito simples ajuda a construir um estilo de vida mais sustent\u00e1vel, aproximando as pessoas do cultivo de alimentos, flores e ervas em casa.<\/p>\n\n\n\n<h2 class=\"wp-block-heading\">Como transformar tubos de papel higi\u00eanico em pequenas macetas biodegrad\u00e1veis<\/h2>\n\n\n\n<p>Para utilizar os tubos de papel higi\u00eanico como recipientes para mudas, \u00e9 preciso adapt\u00e1-los para reter o substrato sem que a terra escape. Com alguns cortes e dobras, o pr\u00f3prio papel\u00e3o se transforma em uma base funcional, permitindo montar v\u00e1rios pequenos vasos em poucos minutos.<\/p>\n\n\n\n<ol class=\"wp-block-list\">\n<li><strong>Separa\u00e7\u00e3o dos materiais<\/strong>: reservar tubos de papel higi\u00eanico limpos e secos, substrato leve (de prefer\u00eancia para semeadura), bandeja funda e \u00e1gua para umedecer a terra.<\/li>\n\n\n\n<li><strong>Prepara\u00e7\u00e3o do fundo<\/strong>: em um dos lados do tubo, fazer cortes verticais curtos, criando abas que ser\u00e3o dobradas para dentro, formando uma base com leve drenagem.<\/li>\n\n\n\n<li><strong>Organiza\u00e7\u00e3o na bandeja<\/strong>: posicionar os cilindros lado a lado em uma bandeja pl\u00e1stica, met\u00e1lica ou reaproveitada, o que ajuda a estabilizar e manter a umidade.<\/li>\n\n\n\n<li><strong>Preenchimento com substrato<\/strong>: colocar o substrato dentro de cada rolinho sem compactar demais, facilitando o crescimento das ra\u00edzes.<\/li>\n\n\n\n<li><strong>Distribui\u00e7\u00e3o das sementes<\/strong>: inserir algumas sementes em cada tubo, em pequena profundidade, seguindo as orienta\u00e7\u00f5es de cultivo da esp\u00e9cie.<\/li>\n<\/ol>\n\n\n\n<figure class=\"wp-block-image size-large\"><img loading=\"lazy\" decoding=\"async\" width=\"1024\" height=\"576\" src=\"https:\/\/www.em.com.br\/emfoco\/wp-content\/uploads\/2026\/01\/Gemini_Generated_Image_sfq0s9sfq0s9sfq0-1-1024x576.png\" alt=\"Vasinhos biodegrad\u00e1veis feitos com tubo de papel higi\u00eanico\" class=\"wp-image-153839\" srcset=\"https:\/\/www.em.com.br\/emfoco\/wp-content\/uploads\/2026\/01\/Gemini_Generated_Image_sfq0s9sfq0s9sfq0-1-1024x576.png 1024w, https:\/\/www.em.com.br\/emfoco\/wp-content\/uploads\/2026\/01\/Gemini_Generated_Image_sfq0s9sfq0s9sfq0-1-300x169.png 300w, https:\/\/www.em.com.br\/emfoco\/wp-content\/uploads\/2026\/01\/Gemini_Generated_Image_sfq0s9sfq0s9sfq0-1-768x432.png 768w, https:\/\/www.em.com.br\/emfoco\/wp-content\/uploads\/2026\/01\/Gemini_Generated_Image_sfq0s9sfq0s9sfq0-1-750x422.png 750w, https:\/\/www.em.com.br\/emfoco\/wp-content\/uploads\/2026\/01\/Gemini_Generated_Image_sfq0s9sfq0s9sfq0-1-1140x641.png 1140w, https:\/\/www.em.com.br\/emfoco\/wp-content\/uploads\/2026\/01\/Gemini_Generated_Image_sfq0s9sfq0s9sfq0-1.png 1280w\" sizes=\"auto, (max-width: 1024px) 100vw, 1024px\" \/><figcaption class=\"wp-element-caption\">Vasinhos biodegrad\u00e1veis feitos com tubo de papel higi\u00eanico<\/figcaption><\/figure>\n\n\n\n<h2 class=\"wp-block-heading\">Quais cuidados adotar no cultivo e transplante das mudas<\/h2>\n\n\n\n<p>O uso de&nbsp;<strong>tubos de papel higi\u00eanico como macetas biodegrad\u00e1veis<\/strong>&nbsp;exige aten\u00e7\u00e3o especial \u00e0 umidade, j\u00e1 que o papel\u00e3o \u00e9 poroso e perde \u00e1gua com facilidade. O ideal \u00e9 manter o substrato levemente \u00famido, regando com pulverizador e evitando encharcar para n\u00e3o desfazer o material cedo demais.<\/p>\n\n\n\n<p>\u00c0 medida que as pl\u00e2ntulas crescem e apresentam folhas bem formadas, chega o momento de transplantar o tubo inteiro para o local definitivo. Enterrado totalmente no solo, o papel\u00e3o se integra \u00e0 terra como mat\u00e9ria org\u00e2nica, permitindo que as ra\u00edzes ultrapassem a estrutura inicial sem estresse.<\/p>\n\n\n\n<h2 class=\"wp-block-heading\">Como manter um cultivo sustent\u00e1vel com tubos de papel higi\u00eanico<\/h2>\n\n\n\n<p>Para aproveitar ao m\u00e1ximo essa t\u00e9cnica, \u00e9 importante observar o ambiente em que as bandejas ficam, evitando sol direto prolongado e excesso de \u00e1gua acumulada. Pequenos ajustes de rega, ventila\u00e7\u00e3o e luminosidade fazem diferen\u00e7a no vigor das mudas e na durabilidade dos rolinhos.<\/p>\n\n\n\n<p>Ao transformar um res\u00edduo cotidiano em ferramenta de cultivo, voc\u00ea reduz lixo, economiza dinheiro e ainda refor\u00e7a sua conex\u00e3o com a natureza. Comece hoje mesmo a guardar seus tubos de papel higi\u00eanico, monte seus primeiros vasinhos biodegrad\u00e1veis e n\u00e3o adie mais o passo de criar um cantinho verde produtivo dentro de casa.<\/p>\n","protected":false},"excerpt":{"rendered":"<p>Reaproveitar materiais do dia a dia tem se tornado uma pr\u00e1tica comum em casas que buscam reduzir o lixo e cuidar melhor do jardim. Entre esses materiais, o tubo de papel higi\u00eanico surge como uma solu\u00e7\u00e3o sustent\u00e1vel e muito acess\u00edvel para montar um pequeno viveiro dom\u00e9stico, evitando o descarte imediato e transformando o rolinho de [&hellip;]<\/p>\n","protected":false},"author":11,"featured_media":120600,"comment_status":"open","ping_status":"open","sticky":false,"template":"","format":"standard","meta":{"jnews-multi-image_gallery":[],"jnews_single_post":{"format":"standard"},"jnews_primary_category":[],"jnews_social_meta":[],"jnews_override_counter":[],"footnotes":""},"categories":[8819,1],"tags":[5115,3358,18215,22414],"class_list":["post-153809","post","type-post","status-publish","format-standard","has-post-thumbnail","hentry","category-curiosidades","category-noticias","tag-diy","tag-jardinagem","tag-reciclar","tag-tubos-de-papel-higienico"],"yoast_head":"<!-- This site is optimized with the Yoast SEO plugin v23.8 - https:\/\/yoast.com\/wordpress\/plugins\/seo\/ -->\n<title>Antes de jogar fora tubos de papel higi\u00eanico, veja isso: eles viram vasos biodegrad\u00e1veis - Estado de Minas - Em foco<\/title>\n<meta name=\"description\" content=\"Reaproveitar tubo de papel higi\u00eanico na jardinagem \u00e9 barato sustent\u00e1vel e ideal para germinar sementes em pequenos espa\u00e7os.\" \/>\n<meta name=\"robots\" content=\"index, follow, max-snippet:-1, max-image-preview:large, max-video-preview:-1\" \/>\n<link rel=\"canonical\" href=\"https:\/\/www.em.com.br\/emfoco\/2026\/01\/13\/antes-de-jogar-fora-tubos-de-papel-higienico-veja-isso-eles-viram-vasos-biodegradaveis\/\" \/>\n<meta property=\"og:locale\" content=\"pt_BR\" \/>\n<meta property=\"og:type\" content=\"article\" \/>\n<meta property=\"og:title\" content=\"Antes de jogar fora tubos de papel higi\u00eanico, veja isso: eles viram vasos biodegrad\u00e1veis - Estado de Minas - Em foco\" \/>\n<meta property=\"og:description\" content=\"Reaproveitar tubo de papel higi\u00eanico na jardinagem \u00e9 barato sustent\u00e1vel e ideal para germinar sementes em pequenos espa\u00e7os.\" \/>\n<meta property=\"og:url\" content=\"https:\/\/www.em.com.br\/emfoco\/2026\/01\/13\/antes-de-jogar-fora-tubos-de-papel-higienico-veja-isso-eles-viram-vasos-biodegradaveis\/\" \/>\n<meta property=\"og:site_name\" content=\"Estado de Minas - Em foco\" \/>\n<meta property=\"article:published_time\" content=\"2026-01-13T17:45:00+00:00\" \/>\n<meta property=\"article:modified_time\" content=\"2026-01-12T22:44:59+00:00\" \/>\n<meta property=\"og:image\" content=\"https:\/\/www.em.com.br\/emfoco\/wp-content\/uploads\/2025\/10\/tubos-de-papel-higienico_1761692559281.jpg\" \/>\n\t<meta property=\"og:image:width\" content=\"1280\" \/>\n\t<meta property=\"og:image:height\" content=\"720\" \/>\n\t<meta property=\"og:image:type\" content=\"image\/jpeg\" \/>\n<meta name=\"author\" content=\"Andre\u0301 Rangel\u00a0\" \/>\n<meta name=\"twitter:card\" content=\"summary_large_image\" \/>\n<meta name=\"twitter:label1\" content=\"Escrito por\" \/>\n\t<meta name=\"twitter:data1\" content=\"Andre\u0301 Rangel\u00a0\" \/>\n\t<meta name=\"twitter:label2\" content=\"Est. tempo de leitura\" \/>\n\t<meta name=\"twitter:data2\" content=\"5 minutos\" \/>\n<!-- \/ Yoast SEO plugin. -->","yoast_head_json":{"title":"Antes de jogar fora tubos de papel higi\u00eanico, veja isso: eles viram vasos biodegrad\u00e1veis - Estado de Minas - Em foco","description":"Reaproveitar tubo de papel higi\u00eanico na jardinagem \u00e9 barato sustent\u00e1vel e ideal para germinar sementes em pequenos espa\u00e7os.","robots":{"index":"index","follow":"follow","max-snippet":"max-snippet:-1","max-image-preview":"max-image-preview:large","max-video-preview":"max-video-preview:-1"},"canonical":"https:\/\/www.em.com.br\/emfoco\/2026\/01\/13\/antes-de-jogar-fora-tubos-de-papel-higienico-veja-isso-eles-viram-vasos-biodegradaveis\/","og_locale":"pt_BR","og_type":"article","og_title":"Antes de jogar fora tubos de papel higi\u00eanico, veja isso: eles viram vasos biodegrad\u00e1veis - Estado de Minas - Em foco","og_description":"Reaproveitar tubo de papel higi\u00eanico na jardinagem \u00e9 barato sustent\u00e1vel e ideal para germinar sementes em pequenos espa\u00e7os.","og_url":"https:\/\/www.em.com.br\/emfoco\/2026\/01\/13\/antes-de-jogar-fora-tubos-de-papel-higienico-veja-isso-eles-viram-vasos-biodegradaveis\/","og_site_name":"Estado de Minas - Em foco","article_published_time":"2026-01-13T17:45:00+00:00","article_modified_time":"2026-01-12T22:44:59+00:00","og_image":[{"width":1280,"height":720,"url":"https:\/\/www.em.com.br\/emfoco\/wp-content\/uploads\/2025\/10\/tubos-de-papel-higienico_1761692559281.jpg","type":"image\/jpeg"}],"author":"Andre\u0301 Rangel\u00a0","twitter_card":"summary_large_image","twitter_misc":{"Escrito por":"Andre\u0301 Rangel\u00a0","Est. tempo de leitura":"5 minutos"},"schema":{"@context":"https:\/\/schema.org","@graph":[{"@type":"WebPage","@id":"https:\/\/www.em.com.br\/emfoco\/2026\/01\/13\/antes-de-jogar-fora-tubos-de-papel-higienico-veja-isso-eles-viram-vasos-biodegradaveis\/","url":"https:\/\/www.em.com.br\/emfoco\/2026\/01\/13\/antes-de-jogar-fora-tubos-de-papel-higienico-veja-isso-eles-viram-vasos-biodegradaveis\/","name":"Antes de jogar fora tubos de papel higi\u00eanico, veja isso: eles viram vasos biodegrad\u00e1veis - Estado de Minas - Em foco","isPartOf":{"@id":"https:\/\/www.em.com.br\/emfoco\/#website"},"primaryImageOfPage":{"@id":"https:\/\/www.em.com.br\/emfoco\/2026\/01\/13\/antes-de-jogar-fora-tubos-de-papel-higienico-veja-isso-eles-viram-vasos-biodegradaveis\/#primaryimage"},"image":{"@id":"https:\/\/www.em.com.br\/emfoco\/2026\/01\/13\/antes-de-jogar-fora-tubos-de-papel-higienico-veja-isso-eles-viram-vasos-biodegradaveis\/#primaryimage"},"thumbnailUrl":"https:\/\/www.em.com.br\/emfoco\/wp-content\/uploads\/2025\/10\/tubos-de-papel-higienico_1761692559281.jpg","datePublished":"2026-01-13T17:45:00+00:00","dateModified":"2026-01-12T22:44:59+00:00","author":{"@id":"https:\/\/www.em.com.br\/emfoco\/#\/schema\/person\/60eda09c1fedf0d6891f4cef4b60b8b8"},"description":"Reaproveitar tubo de papel higi\u00eanico na jardinagem \u00e9 barato sustent\u00e1vel e ideal para germinar sementes em pequenos espa\u00e7os.","breadcrumb":{"@id":"https:\/\/www.em.com.br\/emfoco\/2026\/01\/13\/antes-de-jogar-fora-tubos-de-papel-higienico-veja-isso-eles-viram-vasos-biodegradaveis\/#breadcrumb"},"inLanguage":"pt-BR","potentialAction":[{"@type":"ReadAction","target":["https:\/\/www.em.com.br\/emfoco\/2026\/01\/13\/antes-de-jogar-fora-tubos-de-papel-higienico-veja-isso-eles-viram-vasos-biodegradaveis\/"]}]},{"@type":"ImageObject","inLanguage":"pt-BR","@id":"https:\/\/www.em.com.br\/emfoco\/2026\/01\/13\/antes-de-jogar-fora-tubos-de-papel-higienico-veja-isso-eles-viram-vasos-biodegradaveis\/#primaryimage","url":"https:\/\/www.em.com.br\/emfoco\/wp-content\/uploads\/2025\/10\/tubos-de-papel-higienico_1761692559281.jpg","contentUrl":"https:\/\/www.em.com.br\/emfoco\/wp-content\/uploads\/2025\/10\/tubos-de-papel-higienico_1761692559281.jpg","width":1280,"height":720,"caption":"Decora\u00e7\u00e3o ecol\u00f3gica que encanta e ajuda o planeta - Cr\u00e9ditos: depositphotos.com \/ mschuppi"},{"@type":"BreadcrumbList","@id":"https:\/\/www.em.com.br\/emfoco\/2026\/01\/13\/antes-de-jogar-fora-tubos-de-papel-higienico-veja-isso-eles-viram-vasos-biodegradaveis\/#breadcrumb","itemListElement":[{"@type":"ListItem","position":1,"name":"In\u00edcio","item":"https:\/\/www.em.com.br\/emfoco\/"},{"@type":"ListItem","position":2,"name":"Antes de jogar fora tubos de papel higi\u00eanico, veja isso: eles viram vasos biodegrad\u00e1veis"}]},{"@type":"WebSite","@id":"https:\/\/www.em.com.br\/emfoco\/#website","url":"https:\/\/www.em.com.br\/emfoco\/","name":"Estado de Minas - Em foco","description":"Acompanhe as \u00faltimas not\u00edcias e fique bem informado sobre tudo o que acontece em Minas Gerais, Brasil e no mundo.","potentialAction":[{"@type":"SearchAction","target":{"@type":"EntryPoint","urlTemplate":"https:\/\/www.em.com.br\/emfoco\/?s={search_term_string}"},"query-input":{"@type":"PropertyValueSpecification","valueRequired":true,"valueName":"search_term_string"}}],"inLanguage":"pt-BR"},{"@type":"Person","@id":"https:\/\/www.em.com.br\/emfoco\/#\/schema\/person\/60eda09c1fedf0d6891f4cef4b60b8b8","name":"Andre\u0301 Rangel\u00a0","image":{"@type":"ImageObject","inLanguage":"pt-BR","@id":"https:\/\/www.em.com.br\/emfoco\/#\/schema\/person\/image\/","url":"https:\/\/secure.gravatar.com\/avatar\/6234dc814c77c8ef6d8bba622c787efc?s=96&d=mm&r=g","contentUrl":"https:\/\/secure.gravatar.com\/avatar\/6234dc814c77c8ef6d8bba622c787efc?s=96&d=mm&r=g","caption":"Andre\u0301 Rangel\u00a0"},"url":"https:\/\/www.em.com.br\/emfoco\/author\/luizmyth\/"}]}},"_links":{"self":[{"href":"https:\/\/www.em.com.br\/emfoco\/wp-json\/wp\/v2\/posts\/153809","targetHints":{"allow":["GET"]}}],"collection":[{"href":"https:\/\/www.em.com.br\/emfoco\/wp-json\/wp\/v2\/posts"}],"about":[{"href":"https:\/\/www.em.com.br\/emfoco\/wp-json\/wp\/v2\/types\/post"}],"author":[{"embeddable":true,"href":"https:\/\/www.em.com.br\/emfoco\/wp-json\/wp\/v2\/users\/11"}],"replies":[{"embeddable":true,"href":"https:\/\/www.em.com.br\/emfoco\/wp-json\/wp\/v2\/comments?post=153809"}],"version-history":[{"count":3,"href":"https:\/\/www.em.com.br\/emfoco\/wp-json\/wp\/v2\/posts\/153809\/revisions"}],"predecessor-version":[{"id":153841,"href":"https:\/\/www.em.com.br\/emfoco\/wp-json\/wp\/v2\/posts\/153809\/revisions\/153841"}],"wp:featuredmedia":[{"embeddable":true,"href":"https:\/\/www.em.com.br\/emfoco\/wp-json\/wp\/v2\/media\/120600"}],"wp:attachment":[{"href":"https:\/\/www.em.com.br\/emfoco\/wp-json\/wp\/v2\/media?parent=153809"}],"wp:term":[{"taxonomy":"category","embeddable":true,"href":"https:\/\/www.em.com.br\/emfoco\/wp-json\/wp\/v2\/categories?post=153809"},{"taxonomy":"post_tag","embeddable":true,"href":"https:\/\/www.em.com.br\/emfoco\/wp-json\/wp\/v2\/tags?post=153809"}],"curies":[{"name":"wp","href":"https:\/\/api.w.org\/{rel}","templated":true}]}}