{"id":153803,"date":"2026-01-13T06:55:00","date_gmt":"2026-01-13T09:55:00","guid":{"rendered":"https:\/\/www.em.com.br\/emfoco\/?p=153803"},"modified":"2026-01-12T14:05:48","modified_gmt":"2026-01-12T17:05:48","slug":"voce-joga-fora-essa-agua-todo-dia-sem-saber-que-ela-pode-te-ajudar-a-economizar-litros-por-semana","status":"publish","type":"post","link":"https:\/\/www.em.com.br\/emfoco\/2026\/01\/13\/voce-joga-fora-essa-agua-todo-dia-sem-saber-que-ela-pode-te-ajudar-a-economizar-litros-por-semana\/","title":{"rendered":"Voc\u00ea joga fora essa \u00e1gua todo dia sem saber que ela pode te ajudar a economizar litros por semana"},"content":{"rendered":"\n<h2 class=\"wp-block-heading\">A \u00e1gua do desumidificador resulta da condensa\u00e7\u00e3o do ar, n\u00e3o \u00e9 pot\u00e1vel e pode conter microrganismos. Com reservat\u00f3rio higienizado, pode ser reaproveitada em ferro a vapor, limpeza e descargas, reduzindo desperd\u00edcio dom\u00e9stico.<\/h2>\n\n\n\n<p>O reaproveitamento da <strong>\u00e1gua do desumidificador<\/strong> evita desperd\u00edcios e contribui para a economia dom\u00e9stica. Embora n\u00e3o seja pot\u00e1vel, essa \u00e1gua de condensa\u00e7\u00e3o pode ser usada com seguran\u00e7a em tarefas espec\u00edficas, desde que respeitados cuidados t\u00e9cnicos e de higiene do equipamento.<\/p>\n\n\n\n<h2 class=\"wp-block-heading\">O que \u00e9 a \u00e1gua produzida pelo desumidificador?<\/h2>\n\n\n\n<p>A \u00e1gua recolhida pelo aparelho resulta da <strong>condensa\u00e7\u00e3o do vapor presente no ar<\/strong>, processo em que o ar \u00famido entra em contacto com superf\u00edcies frias e se transforma em l\u00edquido, acumulando-se no reservat\u00f3rio interno.<\/p>\n\n\n\n<p>Apesar da apar\u00eancia cristalina, trata-se de <strong>\u00e1gua n\u00e3o pot\u00e1vel<\/strong>, pois durante o processo pode incorporar poeira, bact\u00e9rias e esporos de fungos presentes no ar e no interior do equipamento.<\/p>\n\n\n\n<figure class=\"wp-block-image size-large\"><img loading=\"lazy\" decoding=\"async\" width=\"1024\" height=\"576\" src=\"https:\/\/www.em.com.br\/emfoco\/wp-content\/uploads\/2026\/01\/AIAI-1024x576.jpg\" alt=\"Voc\u00ea joga fora essa \u00e1gua todo dia sem saber que ela pode te ajudar a economizar litros por semana\" class=\"wp-image-153877\" srcset=\"https:\/\/www.em.com.br\/emfoco\/wp-content\/uploads\/2026\/01\/AIAI-1024x576.jpg 1024w, https:\/\/www.em.com.br\/emfoco\/wp-content\/uploads\/2026\/01\/AIAI-300x169.jpg 300w, https:\/\/www.em.com.br\/emfoco\/wp-content\/uploads\/2026\/01\/AIAI-768x432.jpg 768w, https:\/\/www.em.com.br\/emfoco\/wp-content\/uploads\/2026\/01\/AIAI-750x422.jpg 750w, https:\/\/www.em.com.br\/emfoco\/wp-content\/uploads\/2026\/01\/AIAI-1140x641.jpg 1140w, https:\/\/www.em.com.br\/emfoco\/wp-content\/uploads\/2026\/01\/AIAI.jpg 1280w\" sizes=\"auto, (max-width: 1024px) 100vw, 1024px\" \/><figcaption class=\"wp-element-caption\">\u00c1gua do desumidificador surge da condensa\u00e7\u00e3o do vapor presente no ar<\/figcaption><\/figure>\n\n\n\n<h2 class=\"wp-block-heading\">Por que essa \u00e1gua \u00e9 diferente da \u00e1gua da torneira?<\/h2>\n\n\n\n<p>A \u00e1gua de condensa\u00e7\u00e3o possui caracter\u00edsticas espec\u00edficas que a tornam \u00fatil em tarefas dom\u00e9sticas, especialmente por quase n\u00e3o conter sais minerais. Esse fator explica seu bom desempenho em determinadas aplica\u00e7\u00f5es, como mostram as utiliza\u00e7\u00f5es mais indicadas a seguir.<\/p>\n\n\n\n<ul class=\"wp-block-list\">\n<li><strong>Baixo teor mineral<\/strong>, reduzindo dep\u00f3sitos de calc\u00e1rio em superf\u00edcies e aparelhos.<\/li>\n\n\n\n<li><strong>Textura leve<\/strong>, que evita manchas em vidros e pisos ap\u00f3s a secagem.<\/li>\n\n\n\n<li><strong>Origem indireta<\/strong>, n\u00e3o ligada ao consumo de \u00e1gua pot\u00e1vel.<\/li>\n<\/ul>\n\n\n\n<h2 class=\"wp-block-heading\">Quais cuidados s\u00e3o necess\u00e1rios antes do reaproveitamento?<\/h2>\n\n\n\n<p>Para reutilizar a \u00e1gua com seguran\u00e7a, \u00e9 essencial manter o <strong>dep\u00f3sito sempre limpo<\/strong>, j\u00e1 que o ambiente \u00famido favorece a prolifera\u00e7\u00e3o de micro-organismos se n\u00e3o houver higieniza\u00e7\u00e3o regular.<\/p>\n\n\n\n<p>Especialistas recomendam lavar o reservat\u00f3rio com \u00e1gua e sab\u00e3o ao menos uma vez por semana, evitando odores, forma\u00e7\u00e3o de biofilme e riscos durante o <strong>uso da \u00e1gua em limpezas dom\u00e9sticas<\/strong>.<\/p>\n\n\n\n<figure class=\"wp-block-image size-large\"><img loading=\"lazy\" decoding=\"async\" width=\"1024\" height=\"576\" src=\"https:\/\/www.em.com.br\/emfoco\/wp-content\/uploads\/2026\/01\/AIAI-1-1024x576.jpg\" alt=\"Voc\u00ea joga fora essa \u00e1gua todo dia sem saber que ela pode te ajudar a economizar litros por semana\" class=\"wp-image-153879\" srcset=\"https:\/\/www.em.com.br\/emfoco\/wp-content\/uploads\/2026\/01\/AIAI-1-1024x576.jpg 1024w, https:\/\/www.em.com.br\/emfoco\/wp-content\/uploads\/2026\/01\/AIAI-1-300x169.jpg 300w, https:\/\/www.em.com.br\/emfoco\/wp-content\/uploads\/2026\/01\/AIAI-1-768x432.jpg 768w, https:\/\/www.em.com.br\/emfoco\/wp-content\/uploads\/2026\/01\/AIAI-1-750x422.jpg 750w, https:\/\/www.em.com.br\/emfoco\/wp-content\/uploads\/2026\/01\/AIAI-1-1140x641.jpg 1140w, https:\/\/www.em.com.br\/emfoco\/wp-content\/uploads\/2026\/01\/AIAI-1.jpg 1280w\" sizes=\"auto, (max-width: 1024px) 100vw, 1024px\" \/><figcaption class=\"wp-element-caption\">Limpeza frequente do reservat\u00f3rio evita prolifera\u00e7\u00e3o de bact\u00e9rias e fungos<\/figcaption><\/figure>\n\n\n\n<p><em>Leia mais: <strong><a href=\"https:\/\/www.em.com.br\/emfoco\/2026\/01\/12\/como-cuidar-da-roma-no-verao-para-ter-flor-e-fruto-mesmo-em-regioes-muito-quentes\/\" target=\"_blank\" rel=\"noreferrer noopener\">Como cuidar da rom\u00e3 no ver\u00e3o para ter flor e fruto mesmo em regi\u00f5es muito quentes<\/a><\/strong><\/em><\/p>\n\n\n\n<h2 class=\"wp-block-heading\">Como reutilizar a \u00e1gua do desumidificador no dia a dia?<\/h2>\n\n\n\n<p>Quando bem armazenada e usada corretamente, essa \u00e1gua pode substituir a \u00e1gua pot\u00e1vel em atividades rotineiras, gerando economia mensal e reduzindo desperd\u00edcios. Entre as aplica\u00e7\u00f5es pr\u00e1ticas mais comuns, destacam-se as op\u00e7\u00f5es abaixo.<\/p>\n\n\n\n<ul class=\"wp-block-list\">\n<li><strong>Uso em ferro a vapor<\/strong>, evitando entupimentos causados por calc\u00e1rio.<\/li>\n\n\n\n<li><strong>Limpeza de pisos e janelas<\/strong>, com menos manchas ap\u00f3s a secagem.<\/li>\n\n\n\n<li><strong>Descarga sanit\u00e1ria<\/strong>, poupando v\u00e1rios litros de \u00e1gua tratada por dia.<\/li>\n<\/ul>\n\n\n\n<h2 class=\"wp-block-heading\">Em que situa\u00e7\u00f5es a \u00e1gua do desumidificador n\u00e3o deve ser usada?<\/h2>\n\n\n\n<p>Mesmo reutiliz\u00e1vel, essa \u00e1gua enquadra-se como <strong>\u00e1gua cinzenta<\/strong> e n\u00e3o \u00e9 adequada para consumo humano ou animal, pois n\u00e3o passa por qualquer processo de desinfec\u00e7\u00e3o.<\/p>\n\n\n\n<p>Ela tamb\u00e9m n\u00e3o deve ser aplicada em <strong><a href=\"https:\/\/www.tudogostoso.com.br\/noticias\/agua-magica-que-voce-tem-em-casa-e-joga-fora-e-maravilhosa-para-regar-plantas-aprenda-ja-esse-truque-a10470.htm\" target=\"_blank\" rel=\"noreferrer noopener\">plantas comest\u00edveis<\/a><\/strong> nem utilizada para higiene pessoal, como lavar m\u00e3os, rosto ou alimentos, devido ao risco de contamina\u00e7\u00e3o microbiol\u00f3gica.<\/p>\n","protected":false},"excerpt":{"rendered":"<p>A \u00e1gua do desumidificador resulta da condensa\u00e7\u00e3o do ar, n\u00e3o \u00e9 pot\u00e1vel e pode conter microrganismos. Com reservat\u00f3rio higienizado, pode ser reaproveitada em ferro a vapor, limpeza e descargas, reduzindo desperd\u00edcio dom\u00e9stico. O reaproveitamento da \u00e1gua do desumidificador evita desperd\u00edcios e contribui para a economia dom\u00e9stica. Embora n\u00e3o seja pot\u00e1vel, essa \u00e1gua de condensa\u00e7\u00e3o pode [&hellip;]<\/p>\n","protected":false},"author":13,"featured_media":153876,"comment_status":"open","ping_status":"open","sticky":false,"template":"","format":"standard","meta":{"jnews-multi-image_gallery":[],"jnews_single_post":{"format":"standard"},"jnews_primary_category":[],"jnews_social_meta":[],"jnews_override_counter":[],"footnotes":""},"categories":[8819],"tags":[22411,22410,16542],"class_list":["post-153803","post","type-post","status-publish","format-standard","has-post-thumbnail","hentry","category-curiosidades","tag-agua-nao-potavel","tag-desumidificador","tag-reutilizar-agua"],"yoast_head":"<!-- This site is optimized with the Yoast SEO plugin v23.8 - https:\/\/yoast.com\/wordpress\/plugins\/seo\/ -->\n<title>Voc\u00ea joga fora essa \u00e1gua todo dia sem saber que ela pode te ajudar a economizar litros por semana - Estado de Minas - Em foco<\/title>\n<meta name=\"description\" content=\"Essa \u00e1gua descartada pode render economia em tarefas dom\u00e9sticas e ainda evitar desperd\u00edcios. Veja como us\u00e1-la com seguran\u00e7a no dia a dia.\" \/>\n<meta name=\"robots\" content=\"index, follow, max-snippet:-1, max-image-preview:large, max-video-preview:-1\" \/>\n<link rel=\"canonical\" href=\"https:\/\/www.em.com.br\/emfoco\/2026\/01\/13\/voce-joga-fora-essa-agua-todo-dia-sem-saber-que-ela-pode-te-ajudar-a-economizar-litros-por-semana\/\" \/>\n<meta property=\"og:locale\" content=\"pt_BR\" \/>\n<meta property=\"og:type\" content=\"article\" \/>\n<meta property=\"og:title\" content=\"Voc\u00ea joga fora essa \u00e1gua todo dia sem saber que ela pode te ajudar a economizar litros por semana - Estado de Minas - Em foco\" \/>\n<meta property=\"og:description\" content=\"Essa \u00e1gua descartada pode render economia em tarefas dom\u00e9sticas e ainda evitar desperd\u00edcios. Veja como us\u00e1-la com seguran\u00e7a no dia a dia.\" \/>\n<meta property=\"og:url\" content=\"https:\/\/www.em.com.br\/emfoco\/2026\/01\/13\/voce-joga-fora-essa-agua-todo-dia-sem-saber-que-ela-pode-te-ajudar-a-economizar-litros-por-semana\/\" \/>\n<meta property=\"og:site_name\" content=\"Estado de Minas - Em foco\" \/>\n<meta property=\"article:published_time\" content=\"2026-01-13T09:55:00+00:00\" \/>\n<meta property=\"article:modified_time\" content=\"2026-01-12T17:05:48+00:00\" \/>\n<meta property=\"og:image\" content=\"https:\/\/www.em.com.br\/emfoco\/wp-content\/uploads\/2026\/01\/Copia-de-Quanto-custa-construir-uma-casa-com-100m\u00b2-em-janeiro-de-2026.jpg\" \/>\n\t<meta property=\"og:image:width\" content=\"1280\" \/>\n\t<meta property=\"og:image:height\" content=\"720\" \/>\n\t<meta property=\"og:image:type\" content=\"image\/jpeg\" \/>\n<meta name=\"author\" content=\"Gabriel Martins\" \/>\n<meta name=\"twitter:card\" content=\"summary_large_image\" \/>\n<meta name=\"twitter:label1\" content=\"Escrito por\" \/>\n\t<meta name=\"twitter:data1\" content=\"Gabriel Martins\" \/>\n\t<meta name=\"twitter:label2\" content=\"Est. tempo de leitura\" \/>\n\t<meta name=\"twitter:data2\" content=\"4 minutos\" \/>\n<!-- \/ Yoast SEO plugin. -->","yoast_head_json":{"title":"Voc\u00ea joga fora essa \u00e1gua todo dia sem saber que ela pode te ajudar a economizar litros por semana - Estado de Minas - Em foco","description":"Essa \u00e1gua descartada pode render economia em tarefas dom\u00e9sticas e ainda evitar desperd\u00edcios. Veja como us\u00e1-la com seguran\u00e7a no dia a dia.","robots":{"index":"index","follow":"follow","max-snippet":"max-snippet:-1","max-image-preview":"max-image-preview:large","max-video-preview":"max-video-preview:-1"},"canonical":"https:\/\/www.em.com.br\/emfoco\/2026\/01\/13\/voce-joga-fora-essa-agua-todo-dia-sem-saber-que-ela-pode-te-ajudar-a-economizar-litros-por-semana\/","og_locale":"pt_BR","og_type":"article","og_title":"Voc\u00ea joga fora essa \u00e1gua todo dia sem saber que ela pode te ajudar a economizar litros por semana - Estado de Minas - Em foco","og_description":"Essa \u00e1gua descartada pode render economia em tarefas dom\u00e9sticas e ainda evitar desperd\u00edcios. Veja como us\u00e1-la com seguran\u00e7a no dia a dia.","og_url":"https:\/\/www.em.com.br\/emfoco\/2026\/01\/13\/voce-joga-fora-essa-agua-todo-dia-sem-saber-que-ela-pode-te-ajudar-a-economizar-litros-por-semana\/","og_site_name":"Estado de Minas - Em foco","article_published_time":"2026-01-13T09:55:00+00:00","article_modified_time":"2026-01-12T17:05:48+00:00","og_image":[{"width":1280,"height":720,"url":"https:\/\/www.em.com.br\/emfoco\/wp-content\/uploads\/2026\/01\/Copia-de-Quanto-custa-construir-uma-casa-com-100m\u00b2-em-janeiro-de-2026.jpg","type":"image\/jpeg"}],"author":"Gabriel Martins","twitter_card":"summary_large_image","twitter_misc":{"Escrito por":"Gabriel Martins","Est. tempo de leitura":"4 minutos"},"schema":{"@context":"https:\/\/schema.org","@graph":[{"@type":"WebPage","@id":"https:\/\/www.em.com.br\/emfoco\/2026\/01\/13\/voce-joga-fora-essa-agua-todo-dia-sem-saber-que-ela-pode-te-ajudar-a-economizar-litros-por-semana\/","url":"https:\/\/www.em.com.br\/emfoco\/2026\/01\/13\/voce-joga-fora-essa-agua-todo-dia-sem-saber-que-ela-pode-te-ajudar-a-economizar-litros-por-semana\/","name":"Voc\u00ea joga fora essa \u00e1gua todo dia sem saber que ela pode te ajudar a economizar litros por semana - Estado de Minas - Em foco","isPartOf":{"@id":"https:\/\/www.em.com.br\/emfoco\/#website"},"primaryImageOfPage":{"@id":"https:\/\/www.em.com.br\/emfoco\/2026\/01\/13\/voce-joga-fora-essa-agua-todo-dia-sem-saber-que-ela-pode-te-ajudar-a-economizar-litros-por-semana\/#primaryimage"},"image":{"@id":"https:\/\/www.em.com.br\/emfoco\/2026\/01\/13\/voce-joga-fora-essa-agua-todo-dia-sem-saber-que-ela-pode-te-ajudar-a-economizar-litros-por-semana\/#primaryimage"},"thumbnailUrl":"https:\/\/www.em.com.br\/emfoco\/wp-content\/uploads\/2026\/01\/Copia-de-Quanto-custa-construir-uma-casa-com-100m\u00b2-em-janeiro-de-2026.jpg","datePublished":"2026-01-13T09:55:00+00:00","dateModified":"2026-01-12T17:05:48+00:00","author":{"@id":"https:\/\/www.em.com.br\/emfoco\/#\/schema\/person\/1c9ddeab18b98abeffef834667bcf08a"},"description":"Essa \u00e1gua descartada pode render economia em tarefas dom\u00e9sticas e ainda evitar desperd\u00edcios. Veja como us\u00e1-la com seguran\u00e7a no dia a dia.","breadcrumb":{"@id":"https:\/\/www.em.com.br\/emfoco\/2026\/01\/13\/voce-joga-fora-essa-agua-todo-dia-sem-saber-que-ela-pode-te-ajudar-a-economizar-litros-por-semana\/#breadcrumb"},"inLanguage":"pt-BR","potentialAction":[{"@type":"ReadAction","target":["https:\/\/www.em.com.br\/emfoco\/2026\/01\/13\/voce-joga-fora-essa-agua-todo-dia-sem-saber-que-ela-pode-te-ajudar-a-economizar-litros-por-semana\/"]}]},{"@type":"ImageObject","inLanguage":"pt-BR","@id":"https:\/\/www.em.com.br\/emfoco\/2026\/01\/13\/voce-joga-fora-essa-agua-todo-dia-sem-saber-que-ela-pode-te-ajudar-a-economizar-litros-por-semana\/#primaryimage","url":"https:\/\/www.em.com.br\/emfoco\/wp-content\/uploads\/2026\/01\/Copia-de-Quanto-custa-construir-uma-casa-com-100m\u00b2-em-janeiro-de-2026.jpg","contentUrl":"https:\/\/www.em.com.br\/emfoco\/wp-content\/uploads\/2026\/01\/Copia-de-Quanto-custa-construir-uma-casa-com-100m\u00b2-em-janeiro-de-2026.jpg","width":1280,"height":720,"caption":"Reaproveitamento da \u00e1gua do desumidificador reduz desperd\u00edcio e gera economia dom\u00e9stica sustent\u00e1vel"},{"@type":"BreadcrumbList","@id":"https:\/\/www.em.com.br\/emfoco\/2026\/01\/13\/voce-joga-fora-essa-agua-todo-dia-sem-saber-que-ela-pode-te-ajudar-a-economizar-litros-por-semana\/#breadcrumb","itemListElement":[{"@type":"ListItem","position":1,"name":"In\u00edcio","item":"https:\/\/www.em.com.br\/emfoco\/"},{"@type":"ListItem","position":2,"name":"Voc\u00ea joga fora essa \u00e1gua todo dia sem saber que ela pode te ajudar a economizar litros por semana"}]},{"@type":"WebSite","@id":"https:\/\/www.em.com.br\/emfoco\/#website","url":"https:\/\/www.em.com.br\/emfoco\/","name":"Estado de Minas - Em foco","description":"Acompanhe as \u00faltimas not\u00edcias e fique bem informado sobre tudo o que acontece em Minas Gerais, Brasil e no mundo.","potentialAction":[{"@type":"SearchAction","target":{"@type":"EntryPoint","urlTemplate":"https:\/\/www.em.com.br\/emfoco\/?s={search_term_string}"},"query-input":{"@type":"PropertyValueSpecification","valueRequired":true,"valueName":"search_term_string"}}],"inLanguage":"pt-BR"},{"@type":"Person","@id":"https:\/\/www.em.com.br\/emfoco\/#\/schema\/person\/1c9ddeab18b98abeffef834667bcf08a","name":"Gabriel Martins","image":{"@type":"ImageObject","inLanguage":"pt-BR","@id":"https:\/\/www.em.com.br\/emfoco\/#\/schema\/person\/image\/","url":"https:\/\/secure.gravatar.com\/avatar\/f0f1e2efdfd88f1ad2cb08c5c2731e50?s=96&d=mm&r=g","contentUrl":"https:\/\/secure.gravatar.com\/avatar\/f0f1e2efdfd88f1ad2cb08c5c2731e50?s=96&d=mm&r=g","caption":"Gabriel Martins"},"sameAs":["https:\/\/www.em.com.br\/emfoco\/"],"url":"https:\/\/www.em.com.br\/emfoco\/author\/gabrielmartinsmyth\/"}]}},"_links":{"self":[{"href":"https:\/\/www.em.com.br\/emfoco\/wp-json\/wp\/v2\/posts\/153803","targetHints":{"allow":["GET"]}}],"collection":[{"href":"https:\/\/www.em.com.br\/emfoco\/wp-json\/wp\/v2\/posts"}],"about":[{"href":"https:\/\/www.em.com.br\/emfoco\/wp-json\/wp\/v2\/types\/post"}],"author":[{"embeddable":true,"href":"https:\/\/www.em.com.br\/emfoco\/wp-json\/wp\/v2\/users\/13"}],"replies":[{"embeddable":true,"href":"https:\/\/www.em.com.br\/emfoco\/wp-json\/wp\/v2\/comments?post=153803"}],"version-history":[{"count":1,"href":"https:\/\/www.em.com.br\/emfoco\/wp-json\/wp\/v2\/posts\/153803\/revisions"}],"predecessor-version":[{"id":153880,"href":"https:\/\/www.em.com.br\/emfoco\/wp-json\/wp\/v2\/posts\/153803\/revisions\/153880"}],"wp:featuredmedia":[{"embeddable":true,"href":"https:\/\/www.em.com.br\/emfoco\/wp-json\/wp\/v2\/media\/153876"}],"wp:attachment":[{"href":"https:\/\/www.em.com.br\/emfoco\/wp-json\/wp\/v2\/media?parent=153803"}],"wp:term":[{"taxonomy":"category","embeddable":true,"href":"https:\/\/www.em.com.br\/emfoco\/wp-json\/wp\/v2\/categories?post=153803"},{"taxonomy":"post_tag","embeddable":true,"href":"https:\/\/www.em.com.br\/emfoco\/wp-json\/wp\/v2\/tags?post=153803"}],"curies":[{"name":"wp","href":"https:\/\/api.w.org\/{rel}","templated":true}]}}