{"id":153802,"date":"2026-01-13T21:45:00","date_gmt":"2026-01-14T00:45:00","guid":{"rendered":"https:\/\/www.em.com.br\/emfoco\/?p=153802"},"modified":"2026-01-12T14:40:42","modified_gmt":"2026-01-12T17:40:42","slug":"aviso-previo-proporcional-pode-garantir-ate-90-dias-e-muitas-empresas-ainda-pagam-menos-do-que-o-trabalhador-tem-direito","status":"publish","type":"post","link":"https:\/\/www.em.com.br\/emfoco\/2026\/01\/13\/aviso-previo-proporcional-pode-garantir-ate-90-dias-e-muitas-empresas-ainda-pagam-menos-do-que-o-trabalhador-tem-direito\/","title":{"rendered":"Aviso pr\u00e9vio proporcional pode garantir at\u00e9 90 dias e muitas empresas ainda pagam menos do que o trabalhador tem direito"},"content":{"rendered":"\n<h2 class=\"wp-block-heading\">O aviso pr\u00e9vio proporcional garante 30 dias base mais 3 dias por ano trabalhado, at\u00e9 90. Dias al\u00e9m dos 30 s\u00e3o indenizados e projetam tempo de servi\u00e7o, aumentando FGTS, f\u00e9rias e 13\u00ba na rescis\u00e3o.<\/h2>\n\n\n\n<p>O <strong>aviso pr\u00e9vio proporcional<\/strong> garante que trabalhadores demitidos recebam mais dias de aviso conforme o tempo de empresa, podendo chegar a 90 dias. A regra evita perdas financeiras na rescis\u00e3o e influencia diretamente FGTS, f\u00e9rias e 13\u00ba sal\u00e1rio.<\/p>\n\n\n\n<h2 class=\"wp-block-heading\">O que \u00e9 o aviso pr\u00e9vio proporcional e quem tem direito?<\/h2>\n\n\n\n<p>O aviso pr\u00e9vio proporcional foi criado para proteger o trabalhador com maior tempo de servi\u00e7o, assegurando um per\u00edodo maior de transi\u00e7\u00e3o ap\u00f3s a demiss\u00e3o sem justa causa, respeitando um <strong>m\u00ednimo legal de 30 dias<\/strong> para todos os empregados.<\/p>\n\n\n\n<p>Al\u00e9m do per\u00edodo b\u00e1sico, a legisla\u00e7\u00e3o prev\u00ea um acr\u00e9scimo progressivo conforme os anos completos trabalhados, garantindo previsibilidade ao contrato e evitando que profissionais antigos recebam o mesmo tratamento rescis\u00f3rio de quem permaneceu pouco tempo na empresa.<\/p>\n\n\n\n<p>Confira o v\u00eddeo compartilhado pelo canal do YouTube <strong><a href=\"https:\/\/www.youtube.com\/@ricardoazevedofernandes\" target=\"_blank\" rel=\"noreferrer noopener\">Ricardo Azevedo | Advogado<\/a><\/strong> comentando sobre o aviso pr\u00e9vio de 90 dias para voc\u00ea entender todos seus direitos.<\/p>\n\n\n\n<figure class=\"wp-block-embed is-type-video is-provider-youtube wp-block-embed-youtube wp-embed-aspect-16-9 wp-has-aspect-ratio\"><div class=\"wp-block-embed__wrapper\">\n<div class=\"jeg_video_container jeg_video_content\"><iframe loading=\"lazy\" title=\"IMPORTANTE! Funcion\u00e1rio, entenda o aviso pr\u00e9vio de 90 dias e GARANTA seus direitos!\" width=\"500\" height=\"281\" src=\"https:\/\/www.youtube.com\/embed\/mi2AeQYO2mo?feature=oembed\" frameborder=\"0\" allow=\"accelerometer; autoplay; clipboard-write; encrypted-media; gyroscope; picture-in-picture; web-share\" referrerpolicy=\"strict-origin-when-cross-origin\" allowfullscreen><\/iframe><\/div>\n<\/div><\/figure>\n\n\n\n<h2 class=\"wp-block-heading\">Como funciona o c\u00e1lculo do aviso pr\u00e9vio proporcional?<\/h2>\n\n\n\n<p>O c\u00e1lculo segue regras objetivas definidas em lei e ainda gera d\u00favidas em muitas rescis\u00f5es, especialmente quando o trabalhador tem v\u00e1rios anos de casa. A l\u00f3gica do c\u00e1lculo considera crit\u00e9rios fixos que funcionam da seguinte forma.<\/p>\n\n\n\n<ul class=\"wp-block-list\">\n<li><strong>30 dias base<\/strong> garantidos a todo trabalhador, independentemente do tempo de empresa.<\/li>\n\n\n\n<li><strong>3 dias adicionais<\/strong> para cada ano completo trabalhado.<\/li>\n\n\n\n<li><strong>Limite m\u00e1ximo<\/strong> de at\u00e9 90 dias totais de aviso pr\u00e9vio.<\/li>\n<\/ul>\n\n\n\n<h2 class=\"wp-block-heading\">O aviso pr\u00e9vio deve ser trabalhado ou indenizado?<\/h2>\n\n\n\n<p>Um erro comum ocorre quando empresas exigem que o funcion\u00e1rio cumpra todo o aviso proporcional de forma trabalhada, mas a regra estabelece que o <strong>trabalho obrigat\u00f3rio \u00e9 limitado a 30 dias<\/strong>, mesmo em contratos longos.<\/p>\n\n\n\n<p>Se o trabalhador tiver direito a um aviso maior, os dias excedentes devem ser pagos como <strong>aviso indenizado<\/strong>, sem exig\u00eancia de comparecimento, integrando normalmente o c\u00e1lculo das verbas rescis\u00f3rias.<\/p>\n\n\n\n<figure class=\"wp-block-image size-large\"><img loading=\"lazy\" decoding=\"async\" width=\"1024\" height=\"576\" src=\"https:\/\/www.em.com.br\/emfoco\/wp-content\/uploads\/2026\/01\/AIAI-14-1024x576.jpg\" alt=\"Aviso pr\u00e9vio proporcional pode garantir at\u00e9 90 dias e muitas empresas ainda pagam menos do que o trabalhador tem direito\" class=\"wp-image-153944\" srcset=\"https:\/\/www.em.com.br\/emfoco\/wp-content\/uploads\/2026\/01\/AIAI-14-1024x576.jpg 1024w, https:\/\/www.em.com.br\/emfoco\/wp-content\/uploads\/2026\/01\/AIAI-14-300x169.jpg 300w, https:\/\/www.em.com.br\/emfoco\/wp-content\/uploads\/2026\/01\/AIAI-14-768x432.jpg 768w, https:\/\/www.em.com.br\/emfoco\/wp-content\/uploads\/2026\/01\/AIAI-14-750x422.jpg 750w, https:\/\/www.em.com.br\/emfoco\/wp-content\/uploads\/2026\/01\/AIAI-14-1140x641.jpg 1140w, https:\/\/www.em.com.br\/emfoco\/wp-content\/uploads\/2026\/01\/AIAI-14.jpg 1280w\" sizes=\"auto, (max-width: 1024px) 100vw, 1024px\" \/><figcaption class=\"wp-element-caption\">Trabalho obrigat\u00f3rio limita-se a trinta dias, restante \u00e9 indenizado<\/figcaption><\/figure>\n\n\n\n<p><em>Leia mais: <em><strong><a href=\"https:\/\/www.em.com.br\/emfoco\/2026\/01\/12\/novo-modelo-do-inss-revoluciona-prova-de-vida-veja-como-o-sistema-agora-identifica-se-voce-esta-vivo-automaticamente\/\" target=\"_blank\" rel=\"noreferrer noopener\">Novo modelo do INSS revoluciona prova de vida: veja como o sistema agora identifica se voc\u00ea est\u00e1 vivo automaticamente<\/a><\/strong><\/em><\/em><\/p>\n\n\n\n<h2 class=\"wp-block-heading\">Como o aviso pr\u00e9vio proporcional impacta a rescis\u00e3o?<\/h2>\n\n\n\n<p>Mesmo quando indenizados, os dias adicionais do aviso pr\u00e9vio contam como tempo de servi\u00e7o e ampliam valores recebidos na demiss\u00e3o, influenciando diretamente outros direitos trabalhistas. Entre os principais impactos pr\u00e1ticos, est\u00e3o os seguintes pontos.<\/p>\n\n\n\n<ul class=\"wp-block-list\">\n<li><strong>Reflexo no 13\u00ba sal\u00e1rio<\/strong> proporcional ao per\u00edodo projetado.<\/li>\n\n\n\n<li><strong>F\u00e9rias proporcionais<\/strong> acrescidas de um ter\u00e7o constitucional.<\/li>\n\n\n\n<li><strong>Aumento da base<\/strong> para c\u00e1lculo da multa de 40% do FGTS.<\/li>\n<\/ul>\n\n\n\n<h2 class=\"wp-block-heading\">Quais cuidados o trabalhador deve ter ao receber a rescis\u00e3o?<\/h2>\n\n\n\n<p>\u00c9 essencial conferir se a data de sa\u00edda registrada considera a proje\u00e7\u00e3o total do aviso, pois isso altera <strong>FGTS, f\u00e9rias e 13\u00ba<\/strong>. Erros nesse ponto reduzem valores e podem gerar preju\u00edzos dif\u00edceis de corrigir depois.<\/p>\n\n\n\n<p>Em caso de diverg\u00eancias no c\u00e1lculo, o trabalhador n\u00e3o \u00e9 obrigado a assinar a rescis\u00e3o imediatamente e pode buscar orienta\u00e7\u00e3o especializada para garantir que o aviso proporcional foi aplicado corretamente.<\/p>\n\n\n\n<p><\/p>\n","protected":false},"excerpt":{"rendered":"<p>O aviso pr\u00e9vio proporcional garante 30 dias base mais 3 dias por ano trabalhado, at\u00e9 90. Dias al\u00e9m dos 30 s\u00e3o indenizados e projetam tempo de servi\u00e7o, aumentando FGTS, f\u00e9rias e 13\u00ba na rescis\u00e3o. O aviso pr\u00e9vio proporcional garante que trabalhadores demitidos recebam mais dias de aviso conforme o tempo de empresa, podendo chegar a [&hellip;]<\/p>\n","protected":false},"author":13,"featured_media":153942,"comment_status":"open","ping_status":"open","sticky":false,"template":"","format":"standard","meta":{"jnews-multi-image_gallery":[],"jnews_single_post":{"format":"standard"},"jnews_primary_category":[],"jnews_social_meta":[],"jnews_override_counter":[],"footnotes":""},"categories":[28],"tags":[9987,22412],"class_list":["post-153802","post","type-post","status-publish","format-standard","has-post-thumbnail","hentry","category-economia","tag-aviso-previo","tag-trabalhores"],"yoast_head":"<!-- This site is optimized with the Yoast SEO plugin v23.8 - https:\/\/yoast.com\/wordpress\/plugins\/seo\/ -->\n<title>Aviso pr\u00e9vio proporcional pode garantir at\u00e9 90 dias e muitas empresas ainda pagam menos do que o trabalhador tem direito - Estado de Minas - Em foco<\/title>\n<meta name=\"description\" content=\"Seu aviso pr\u00e9vio pode ser maior do que informaram. A regra muda com o tempo de empresa e pode aumentar suas verbas na demiss\u00e3o.\" \/>\n<meta name=\"robots\" content=\"index, follow, max-snippet:-1, max-image-preview:large, max-video-preview:-1\" \/>\n<link rel=\"canonical\" href=\"https:\/\/www.em.com.br\/emfoco\/2026\/01\/13\/aviso-previo-proporcional-pode-garantir-ate-90-dias-e-muitas-empresas-ainda-pagam-menos-do-que-o-trabalhador-tem-direito\/\" \/>\n<meta property=\"og:locale\" content=\"pt_BR\" \/>\n<meta property=\"og:type\" content=\"article\" \/>\n<meta property=\"og:title\" content=\"Aviso pr\u00e9vio proporcional pode garantir at\u00e9 90 dias e muitas empresas ainda pagam menos do que o trabalhador tem direito - Estado de Minas - Em foco\" \/>\n<meta property=\"og:description\" content=\"Seu aviso pr\u00e9vio pode ser maior do que informaram. A regra muda com o tempo de empresa e pode aumentar suas verbas na demiss\u00e3o.\" \/>\n<meta property=\"og:url\" content=\"https:\/\/www.em.com.br\/emfoco\/2026\/01\/13\/aviso-previo-proporcional-pode-garantir-ate-90-dias-e-muitas-empresas-ainda-pagam-menos-do-que-o-trabalhador-tem-direito\/\" \/>\n<meta property=\"og:site_name\" content=\"Estado de Minas - Em foco\" \/>\n<meta property=\"article:published_time\" content=\"2026-01-14T00:45:00+00:00\" \/>\n<meta property=\"article:modified_time\" content=\"2026-01-12T17:40:42+00:00\" \/>\n<meta property=\"og:image\" content=\"https:\/\/www.em.com.br\/emfoco\/wp-content\/uploads\/2026\/01\/AIAI-9-1.jpg\" \/>\n\t<meta property=\"og:image:width\" content=\"1280\" \/>\n\t<meta property=\"og:image:height\" content=\"720\" \/>\n\t<meta property=\"og:image:type\" content=\"image\/jpeg\" \/>\n<meta name=\"author\" content=\"Gabriel Martins\" \/>\n<meta name=\"twitter:card\" content=\"summary_large_image\" \/>\n<meta name=\"twitter:label1\" content=\"Escrito por\" \/>\n\t<meta name=\"twitter:data1\" content=\"Gabriel Martins\" \/>\n\t<meta name=\"twitter:label2\" content=\"Est. tempo de leitura\" \/>\n\t<meta name=\"twitter:data2\" content=\"4 minutos\" \/>\n<!-- \/ Yoast SEO plugin. -->","yoast_head_json":{"title":"Aviso pr\u00e9vio proporcional pode garantir at\u00e9 90 dias e muitas empresas ainda pagam menos do que o trabalhador tem direito - Estado de Minas - Em foco","description":"Seu aviso pr\u00e9vio pode ser maior do que informaram. A regra muda com o tempo de empresa e pode aumentar suas verbas na demiss\u00e3o.","robots":{"index":"index","follow":"follow","max-snippet":"max-snippet:-1","max-image-preview":"max-image-preview:large","max-video-preview":"max-video-preview:-1"},"canonical":"https:\/\/www.em.com.br\/emfoco\/2026\/01\/13\/aviso-previo-proporcional-pode-garantir-ate-90-dias-e-muitas-empresas-ainda-pagam-menos-do-que-o-trabalhador-tem-direito\/","og_locale":"pt_BR","og_type":"article","og_title":"Aviso pr\u00e9vio proporcional pode garantir at\u00e9 90 dias e muitas empresas ainda pagam menos do que o trabalhador tem direito - Estado de Minas - Em foco","og_description":"Seu aviso pr\u00e9vio pode ser maior do que informaram. A regra muda com o tempo de empresa e pode aumentar suas verbas na demiss\u00e3o.","og_url":"https:\/\/www.em.com.br\/emfoco\/2026\/01\/13\/aviso-previo-proporcional-pode-garantir-ate-90-dias-e-muitas-empresas-ainda-pagam-menos-do-que-o-trabalhador-tem-direito\/","og_site_name":"Estado de Minas - Em foco","article_published_time":"2026-01-14T00:45:00+00:00","article_modified_time":"2026-01-12T17:40:42+00:00","og_image":[{"width":1280,"height":720,"url":"https:\/\/www.em.com.br\/emfoco\/wp-content\/uploads\/2026\/01\/AIAI-9-1.jpg","type":"image\/jpeg"}],"author":"Gabriel Martins","twitter_card":"summary_large_image","twitter_misc":{"Escrito por":"Gabriel Martins","Est. tempo de leitura":"4 minutos"},"schema":{"@context":"https:\/\/schema.org","@graph":[{"@type":"WebPage","@id":"https:\/\/www.em.com.br\/emfoco\/2026\/01\/13\/aviso-previo-proporcional-pode-garantir-ate-90-dias-e-muitas-empresas-ainda-pagam-menos-do-que-o-trabalhador-tem-direito\/","url":"https:\/\/www.em.com.br\/emfoco\/2026\/01\/13\/aviso-previo-proporcional-pode-garantir-ate-90-dias-e-muitas-empresas-ainda-pagam-menos-do-que-o-trabalhador-tem-direito\/","name":"Aviso pr\u00e9vio proporcional pode garantir at\u00e9 90 dias e muitas empresas ainda pagam menos do que o trabalhador tem direito - Estado de Minas - Em foco","isPartOf":{"@id":"https:\/\/www.em.com.br\/emfoco\/#website"},"primaryImageOfPage":{"@id":"https:\/\/www.em.com.br\/emfoco\/2026\/01\/13\/aviso-previo-proporcional-pode-garantir-ate-90-dias-e-muitas-empresas-ainda-pagam-menos-do-que-o-trabalhador-tem-direito\/#primaryimage"},"image":{"@id":"https:\/\/www.em.com.br\/emfoco\/2026\/01\/13\/aviso-previo-proporcional-pode-garantir-ate-90-dias-e-muitas-empresas-ainda-pagam-menos-do-que-o-trabalhador-tem-direito\/#primaryimage"},"thumbnailUrl":"https:\/\/www.em.com.br\/emfoco\/wp-content\/uploads\/2026\/01\/AIAI-9-1.jpg","datePublished":"2026-01-14T00:45:00+00:00","dateModified":"2026-01-12T17:40:42+00:00","author":{"@id":"https:\/\/www.em.com.br\/emfoco\/#\/schema\/person\/1c9ddeab18b98abeffef834667bcf08a"},"description":"Seu aviso pr\u00e9vio pode ser maior do que informaram. A regra muda com o tempo de empresa e pode aumentar suas verbas na demiss\u00e3o.","breadcrumb":{"@id":"https:\/\/www.em.com.br\/emfoco\/2026\/01\/13\/aviso-previo-proporcional-pode-garantir-ate-90-dias-e-muitas-empresas-ainda-pagam-menos-do-que-o-trabalhador-tem-direito\/#breadcrumb"},"inLanguage":"pt-BR","potentialAction":[{"@type":"ReadAction","target":["https:\/\/www.em.com.br\/emfoco\/2026\/01\/13\/aviso-previo-proporcional-pode-garantir-ate-90-dias-e-muitas-empresas-ainda-pagam-menos-do-que-o-trabalhador-tem-direito\/"]}]},{"@type":"ImageObject","inLanguage":"pt-BR","@id":"https:\/\/www.em.com.br\/emfoco\/2026\/01\/13\/aviso-previo-proporcional-pode-garantir-ate-90-dias-e-muitas-empresas-ainda-pagam-menos-do-que-o-trabalhador-tem-direito\/#primaryimage","url":"https:\/\/www.em.com.br\/emfoco\/wp-content\/uploads\/2026\/01\/AIAI-9-1.jpg","contentUrl":"https:\/\/www.em.com.br\/emfoco\/wp-content\/uploads\/2026\/01\/AIAI-9-1.jpg","width":1280,"height":720,"caption":"Aviso pr\u00e9vio proporcional amplia direitos e valores na rescis\u00e3o trabalhista"},{"@type":"BreadcrumbList","@id":"https:\/\/www.em.com.br\/emfoco\/2026\/01\/13\/aviso-previo-proporcional-pode-garantir-ate-90-dias-e-muitas-empresas-ainda-pagam-menos-do-que-o-trabalhador-tem-direito\/#breadcrumb","itemListElement":[{"@type":"ListItem","position":1,"name":"In\u00edcio","item":"https:\/\/www.em.com.br\/emfoco\/"},{"@type":"ListItem","position":2,"name":"Aviso pr\u00e9vio proporcional pode garantir at\u00e9 90 dias e muitas empresas ainda pagam menos do que o trabalhador tem direito"}]},{"@type":"WebSite","@id":"https:\/\/www.em.com.br\/emfoco\/#website","url":"https:\/\/www.em.com.br\/emfoco\/","name":"Estado de Minas - Em foco","description":"Acompanhe as \u00faltimas not\u00edcias e fique bem informado sobre tudo o que acontece em Minas Gerais, Brasil e no mundo.","potentialAction":[{"@type":"SearchAction","target":{"@type":"EntryPoint","urlTemplate":"https:\/\/www.em.com.br\/emfoco\/?s={search_term_string}"},"query-input":{"@type":"PropertyValueSpecification","valueRequired":true,"valueName":"search_term_string"}}],"inLanguage":"pt-BR"},{"@type":"Person","@id":"https:\/\/www.em.com.br\/emfoco\/#\/schema\/person\/1c9ddeab18b98abeffef834667bcf08a","name":"Gabriel Martins","image":{"@type":"ImageObject","inLanguage":"pt-BR","@id":"https:\/\/www.em.com.br\/emfoco\/#\/schema\/person\/image\/","url":"https:\/\/secure.gravatar.com\/avatar\/f0f1e2efdfd88f1ad2cb08c5c2731e50?s=96&d=mm&r=g","contentUrl":"https:\/\/secure.gravatar.com\/avatar\/f0f1e2efdfd88f1ad2cb08c5c2731e50?s=96&d=mm&r=g","caption":"Gabriel Martins"},"sameAs":["https:\/\/www.em.com.br\/emfoco\/"],"url":"https:\/\/www.em.com.br\/emfoco\/author\/gabrielmartinsmyth\/"}]}},"_links":{"self":[{"href":"https:\/\/www.em.com.br\/emfoco\/wp-json\/wp\/v2\/posts\/153802","targetHints":{"allow":["GET"]}}],"collection":[{"href":"https:\/\/www.em.com.br\/emfoco\/wp-json\/wp\/v2\/posts"}],"about":[{"href":"https:\/\/www.em.com.br\/emfoco\/wp-json\/wp\/v2\/types\/post"}],"author":[{"embeddable":true,"href":"https:\/\/www.em.com.br\/emfoco\/wp-json\/wp\/v2\/users\/13"}],"replies":[{"embeddable":true,"href":"https:\/\/www.em.com.br\/emfoco\/wp-json\/wp\/v2\/comments?post=153802"}],"version-history":[{"count":1,"href":"https:\/\/www.em.com.br\/emfoco\/wp-json\/wp\/v2\/posts\/153802\/revisions"}],"predecessor-version":[{"id":153946,"href":"https:\/\/www.em.com.br\/emfoco\/wp-json\/wp\/v2\/posts\/153802\/revisions\/153946"}],"wp:featuredmedia":[{"embeddable":true,"href":"https:\/\/www.em.com.br\/emfoco\/wp-json\/wp\/v2\/media\/153942"}],"wp:attachment":[{"href":"https:\/\/www.em.com.br\/emfoco\/wp-json\/wp\/v2\/media?parent=153802"}],"wp:term":[{"taxonomy":"category","embeddable":true,"href":"https:\/\/www.em.com.br\/emfoco\/wp-json\/wp\/v2\/categories?post=153802"},{"taxonomy":"post_tag","embeddable":true,"href":"https:\/\/www.em.com.br\/emfoco\/wp-json\/wp\/v2\/tags?post=153802"}],"curies":[{"name":"wp","href":"https:\/\/api.w.org\/{rel}","templated":true}]}}