{"id":153792,"date":"2026-01-13T07:45:00","date_gmt":"2026-01-13T10:45:00","guid":{"rendered":"https:\/\/www.em.com.br\/emfoco\/?p=153792"},"modified":"2026-01-12T14:08:45","modified_gmt":"2026-01-12T17:08:45","slug":"brasil-aprova-maior-acordo-comercial-da-sua-historia-e-entra-em-nova-era-de-exportacoes-e-investimentos","status":"publish","type":"post","link":"https:\/\/www.em.com.br\/emfoco\/2026\/01\/13\/brasil-aprova-maior-acordo-comercial-da-sua-historia-e-entra-em-nova-era-de-exportacoes-e-investimentos\/","title":{"rendered":"Brasil aprova maior acordo comercial da sua hist\u00f3ria e entra em nova era de exporta\u00e7\u00f5es e investimentos"},"content":{"rendered":"\n<h2 class=\"wp-block-heading\">A aprova\u00e7\u00e3o do acordo Mercosul-Uni\u00e3o Europeia encerra 25 anos de negocia\u00e7\u00f5es, cria uma das maiores \u00e1reas de livre com\u00e9rcio do mundo e pode acrescentar at\u00e9 US$ 100 bilh\u00f5es ao PIB brasileiro em 15 anos, com redu\u00e7\u00e3o de tarifas, expans\u00e3o das exporta\u00e7\u00f5es e atra\u00e7\u00e3o de investimentos.<\/h2>\n\n\n\n<p>A aprova\u00e7\u00e3o do <strong>acordo Mercosul-Uni\u00e3o Europeia<\/strong> encerra 25 anos de negocia\u00e7\u00f5es e inaugura uma nova fase do com\u00e9rcio exterior brasileiro, com impacto direto sobre exporta\u00e7\u00f5es, investimentos produtivos e competitividade industrial em mercados de alto poder aquisitivo.<\/p>\n\n\n\n<h2 class=\"wp-block-heading\">Por que o acordo Mercosul-Uni\u00e3o Europeia \u00e9 considerado hist\u00f3rico?<\/h2>\n\n\n\n<p>O tratado cria uma das maiores \u00e1reas de livre com\u00e9rcio do mundo, conectando economias da Am\u00e9rica do Sul e da Europa sob regras comuns para bens, servi\u00e7os e investimentos, reduzindo barreiras tarif\u00e1rias e ampliando previsibilidade comercial.<\/p>\n\n\n\n<p>Esse avan\u00e7o representa uma mudan\u00e7a estrutural na inser\u00e7\u00e3o do Brasil nas <strong>cadeias globais de valor<\/strong>, permitindo maior escala de exporta\u00e7\u00f5es, diversifica\u00e7\u00e3o de destinos comerciais e integra\u00e7\u00e3o produtiva com economias tecnologicamente mais avan\u00e7adas.<\/p>\n\n\n\n<figure class=\"wp-block-image size-large\"><img loading=\"lazy\" decoding=\"async\" width=\"1024\" height=\"576\" src=\"https:\/\/www.em.com.br\/emfoco\/wp-content\/uploads\/2026\/01\/AIAI-3-1024x576.jpg\" alt=\"Brasil aprova maior acordo comercial da sua hist\u00f3ria e entra em nova era de exporta\u00e7\u00f5es e investimentos\" class=\"wp-image-153882\" srcset=\"https:\/\/www.em.com.br\/emfoco\/wp-content\/uploads\/2026\/01\/AIAI-3-1024x576.jpg 1024w, https:\/\/www.em.com.br\/emfoco\/wp-content\/uploads\/2026\/01\/AIAI-3-300x169.jpg 300w, https:\/\/www.em.com.br\/emfoco\/wp-content\/uploads\/2026\/01\/AIAI-3-768x432.jpg 768w, https:\/\/www.em.com.br\/emfoco\/wp-content\/uploads\/2026\/01\/AIAI-3-750x422.jpg 750w, https:\/\/www.em.com.br\/emfoco\/wp-content\/uploads\/2026\/01\/AIAI-3-1140x641.jpg 1140w, https:\/\/www.em.com.br\/emfoco\/wp-content\/uploads\/2026\/01\/AIAI-3.jpg 1280w\" sizes=\"auto, (max-width: 1024px) 100vw, 1024px\" \/><figcaption class=\"wp-element-caption\">Tratado cria uma das maiores \u00e1reas globais de livre com\u00e9rcio<\/figcaption><\/figure>\n\n\n\n<h2 class=\"wp-block-heading\">Quais pontos centrais tornam o acordo estrat\u00e9gico para o Brasil?<\/h2>\n\n\n\n<p>Al\u00e9m da abertura comercial, o acordo preserva instrumentos de pol\u00edtica econ\u00f4mica e cria oportunidades concretas para setores-chave, equilibrando acesso a mercados com prote\u00e7\u00e3o a \u00e1reas sens\u00edveis da economia nacional. Entre os principais pontos estrat\u00e9gicos est\u00e3o os seguintes.<\/p>\n\n\n\n<ul class=\"wp-block-list\">\n<li><strong>Manuten\u00e7\u00e3o da pol\u00edtica industrial<\/strong> com uso estrat\u00e9gico de compras governamentais.<\/li>\n\n\n\n<li><strong>Acesso ampliado<\/strong> a mercados consumidores de alto poder aquisitivo.<\/li>\n\n\n\n<li><strong>Previsibilidade regulat\u00f3ria<\/strong> para investimentos de longo prazo.<\/li>\n<\/ul>\n\n\n\n<h2 class=\"wp-block-heading\">Quais impactos econ\u00f4micos s\u00e3o projetados nos pr\u00f3ximos anos?<\/h2>\n\n\n\n<p>As proje\u00e7\u00f5es indicam que o acordo pode acrescentar at\u00e9 <strong>US$ 100 bilh\u00f5es ao <a href=\"https:\/\/www.ibge.gov.br\/explica\/pib.php\" target=\"_blank\" rel=\"noreferrer noopener\">PIB brasileiro<\/a><\/strong> ao longo de 15 anos, impulsionado pela expans\u00e3o das exporta\u00e7\u00f5es, atra\u00e7\u00e3o de investimentos estrangeiros e ganhos de efici\u00eancia produtiva.<\/p>\n\n\n\n<p>A redu\u00e7\u00e3o de custos para importar tecnologia e insumos tende a estimular <strong>investimentos industriais<\/strong>, elevar a produtividade e fortalecer setores como agroneg\u00f3cio, manufatura e servi\u00e7os ligados ao com\u00e9rcio exterior.<\/p>\n\n\n\n<figure class=\"wp-block-image size-large\"><img loading=\"lazy\" decoding=\"async\" width=\"1024\" height=\"576\" src=\"https:\/\/www.em.com.br\/emfoco\/wp-content\/uploads\/2026\/01\/AIAI-4-1024x576.jpg\" alt=\"Brasil aprova maior acordo comercial da sua hist\u00f3ria e entra em nova era de exporta\u00e7\u00f5es e investimentos\" class=\"wp-image-153886\" srcset=\"https:\/\/www.em.com.br\/emfoco\/wp-content\/uploads\/2026\/01\/AIAI-4-1024x576.jpg 1024w, https:\/\/www.em.com.br\/emfoco\/wp-content\/uploads\/2026\/01\/AIAI-4-300x169.jpg 300w, https:\/\/www.em.com.br\/emfoco\/wp-content\/uploads\/2026\/01\/AIAI-4-768x432.jpg 768w, https:\/\/www.em.com.br\/emfoco\/wp-content\/uploads\/2026\/01\/AIAI-4-750x422.jpg 750w, https:\/\/www.em.com.br\/emfoco\/wp-content\/uploads\/2026\/01\/AIAI-4-1140x641.jpg 1140w, https:\/\/www.em.com.br\/emfoco\/wp-content\/uploads\/2026\/01\/AIAI-4.jpg 1280w\" sizes=\"auto, (max-width: 1024px) 100vw, 1024px\" \/><figcaption class=\"wp-element-caption\">Proje\u00e7\u00f5es indicam aumento expressivo do PIB brasileiro no longo prazo<\/figcaption><\/figure>\n\n\n\n<p><em>Leia mais: <strong><a href=\"https:\/\/www.em.com.br\/emfoco\/2026\/01\/12\/novo-modelo-do-inss-revoluciona-prova-de-vida-veja-como-o-sistema-agora-identifica-se-voce-esta-vivo-automaticamente\/\" target=\"_blank\" rel=\"noreferrer noopener\">Novo modelo do INSS revoluciona prova de vida: veja como o sistema agora identifica se voc\u00ea est\u00e1 vivo automaticamente<\/a><\/strong><\/em><\/p>\n\n\n\n<h2 class=\"wp-block-heading\">Como a elimina\u00e7\u00e3o de tarifas afeta empresas e consumidores?<\/h2>\n\n\n\n<p>A retirada de tarifas para mais de 90% dos produtos negociados altera pre\u00e7os, estrat\u00e9gias empresariais e o custo de vida, com efeitos diretos tanto na produ\u00e7\u00e3o quanto no consumo interno. Entre os impactos pr\u00e1ticos desse novo cen\u00e1rio, destacam-se os pontos abaixo.<\/p>\n\n\n\n<ul class=\"wp-block-list\">\n<li><strong>Tarifa zero<\/strong> para caf\u00e9 sol\u00favel, suco de laranja e cal\u00e7ados brasileiros.<\/li>\n\n\n\n<li><strong>Queda de pre\u00e7os<\/strong> de vinhos, azeites e queijos importados.<\/li>\n\n\n\n<li><strong>Redu\u00e7\u00e3o de custos<\/strong> para importar m\u00e1quinas e tecnologia industrial.<\/li>\n<\/ul>\n\n\n\n<h2 class=\"wp-block-heading\">Quais s\u00e3o os pr\u00f3ximos passos at\u00e9 o acordo entrar em vigor?<\/h2>\n\n\n\n<p>Mesmo aprovado politicamente, o tratado ainda passar\u00e1 por <strong>revis\u00f5es jur\u00eddicas e lingu\u00edsticas<\/strong>, al\u00e9m de processos de ratifica\u00e7\u00e3o interna em cada pa\u00eds, respeitando os prazos e exig\u00eancias constitucionais.<\/p>\n\n\n\n<p>A implementa\u00e7\u00e3o ser\u00e1 gradual, com prazos que podem variar entre <strong>10 e 15 anos<\/strong> para setores sens\u00edveis, exigindo adapta\u00e7\u00e3o das empresas brasileiras a padr\u00f5es t\u00e9cnicos, ambientais e regulat\u00f3rios mais rigorosos.<\/p>\n\n\n\n<p><\/p>\n","protected":false},"excerpt":{"rendered":"<p>A aprova\u00e7\u00e3o do acordo Mercosul-Uni\u00e3o Europeia encerra 25 anos de negocia\u00e7\u00f5es, cria uma das maiores \u00e1reas de livre com\u00e9rcio do mundo e pode acrescentar at\u00e9 US$ 100 bilh\u00f5es ao PIB brasileiro em 15 anos, com redu\u00e7\u00e3o de tarifas, expans\u00e3o das exporta\u00e7\u00f5es e atra\u00e7\u00e3o de investimentos. A aprova\u00e7\u00e3o do acordo Mercosul-Uni\u00e3o Europeia encerra 25 anos de [&hellip;]<\/p>\n","protected":false},"author":13,"featured_media":153881,"comment_status":"open","ping_status":"open","sticky":false,"template":"","format":"standard","meta":{"jnews-multi-image_gallery":[],"jnews_single_post":{"format":"standard"},"jnews_primary_category":[],"jnews_social_meta":[],"jnews_override_counter":[],"footnotes":""},"categories":[28],"tags":[3247,22394],"class_list":["post-153792","post","type-post","status-publish","format-standard","has-post-thumbnail","hentry","category-economia","tag-mercosul","tag-uniao-europei"],"yoast_head":"<!-- This site is optimized with the Yoast SEO plugin v23.8 - https:\/\/yoast.com\/wordpress\/plugins\/seo\/ -->\n<title>Brasil aprova maior acordo comercial da sua hist\u00f3ria e entra em nova era de exporta\u00e7\u00f5es e investimentos - Estado de Minas - Em foco<\/title>\n<meta name=\"description\" content=\"Brasil aprova acordo com a Uni\u00e3o Europeia que pode mudar exporta\u00e7\u00f5es, atrair bilh\u00f5es e baixar pre\u00e7os de produtos no pa\u00eds.\" \/>\n<meta name=\"robots\" content=\"index, follow, max-snippet:-1, max-image-preview:large, max-video-preview:-1\" \/>\n<link rel=\"canonical\" href=\"https:\/\/www.em.com.br\/emfoco\/2026\/01\/13\/brasil-aprova-maior-acordo-comercial-da-sua-historia-e-entra-em-nova-era-de-exportacoes-e-investimentos\/\" \/>\n<meta property=\"og:locale\" content=\"pt_BR\" \/>\n<meta property=\"og:type\" content=\"article\" \/>\n<meta property=\"og:title\" content=\"Brasil aprova maior acordo comercial da sua hist\u00f3ria e entra em nova era de exporta\u00e7\u00f5es e investimentos - Estado de Minas - Em foco\" \/>\n<meta property=\"og:description\" content=\"Brasil aprova acordo com a Uni\u00e3o Europeia que pode mudar exporta\u00e7\u00f5es, atrair bilh\u00f5es e baixar pre\u00e7os de produtos no pa\u00eds.\" \/>\n<meta property=\"og:url\" content=\"https:\/\/www.em.com.br\/emfoco\/2026\/01\/13\/brasil-aprova-maior-acordo-comercial-da-sua-historia-e-entra-em-nova-era-de-exportacoes-e-investimentos\/\" \/>\n<meta property=\"og:site_name\" content=\"Estado de Minas - Em foco\" \/>\n<meta property=\"article:published_time\" content=\"2026-01-13T10:45:00+00:00\" \/>\n<meta property=\"article:modified_time\" content=\"2026-01-12T17:08:45+00:00\" \/>\n<meta property=\"og:image\" content=\"https:\/\/www.em.com.br\/emfoco\/wp-content\/uploads\/2026\/01\/AIAI-2.jpg\" \/>\n\t<meta property=\"og:image:width\" content=\"1280\" \/>\n\t<meta property=\"og:image:height\" content=\"720\" \/>\n\t<meta property=\"og:image:type\" content=\"image\/jpeg\" \/>\n<meta name=\"author\" content=\"Gabriel Martins\" \/>\n<meta name=\"twitter:card\" content=\"summary_large_image\" \/>\n<meta name=\"twitter:label1\" content=\"Escrito por\" \/>\n\t<meta name=\"twitter:data1\" content=\"Gabriel Martins\" \/>\n\t<meta name=\"twitter:label2\" content=\"Est. tempo de leitura\" \/>\n\t<meta name=\"twitter:data2\" content=\"4 minutos\" \/>\n<!-- \/ Yoast SEO plugin. -->","yoast_head_json":{"title":"Brasil aprova maior acordo comercial da sua hist\u00f3ria e entra em nova era de exporta\u00e7\u00f5es e investimentos - Estado de Minas - Em foco","description":"Brasil aprova acordo com a Uni\u00e3o Europeia que pode mudar exporta\u00e7\u00f5es, atrair bilh\u00f5es e baixar pre\u00e7os de produtos no pa\u00eds.","robots":{"index":"index","follow":"follow","max-snippet":"max-snippet:-1","max-image-preview":"max-image-preview:large","max-video-preview":"max-video-preview:-1"},"canonical":"https:\/\/www.em.com.br\/emfoco\/2026\/01\/13\/brasil-aprova-maior-acordo-comercial-da-sua-historia-e-entra-em-nova-era-de-exportacoes-e-investimentos\/","og_locale":"pt_BR","og_type":"article","og_title":"Brasil aprova maior acordo comercial da sua hist\u00f3ria e entra em nova era de exporta\u00e7\u00f5es e investimentos - Estado de Minas - Em foco","og_description":"Brasil aprova acordo com a Uni\u00e3o Europeia que pode mudar exporta\u00e7\u00f5es, atrair bilh\u00f5es e baixar pre\u00e7os de produtos no pa\u00eds.","og_url":"https:\/\/www.em.com.br\/emfoco\/2026\/01\/13\/brasil-aprova-maior-acordo-comercial-da-sua-historia-e-entra-em-nova-era-de-exportacoes-e-investimentos\/","og_site_name":"Estado de Minas - Em foco","article_published_time":"2026-01-13T10:45:00+00:00","article_modified_time":"2026-01-12T17:08:45+00:00","og_image":[{"width":1280,"height":720,"url":"https:\/\/www.em.com.br\/emfoco\/wp-content\/uploads\/2026\/01\/AIAI-2.jpg","type":"image\/jpeg"}],"author":"Gabriel Martins","twitter_card":"summary_large_image","twitter_misc":{"Escrito por":"Gabriel Martins","Est. tempo de leitura":"4 minutos"},"schema":{"@context":"https:\/\/schema.org","@graph":[{"@type":"WebPage","@id":"https:\/\/www.em.com.br\/emfoco\/2026\/01\/13\/brasil-aprova-maior-acordo-comercial-da-sua-historia-e-entra-em-nova-era-de-exportacoes-e-investimentos\/","url":"https:\/\/www.em.com.br\/emfoco\/2026\/01\/13\/brasil-aprova-maior-acordo-comercial-da-sua-historia-e-entra-em-nova-era-de-exportacoes-e-investimentos\/","name":"Brasil aprova maior acordo comercial da sua hist\u00f3ria e entra em nova era de exporta\u00e7\u00f5es e investimentos - Estado de Minas - Em foco","isPartOf":{"@id":"https:\/\/www.em.com.br\/emfoco\/#website"},"primaryImageOfPage":{"@id":"https:\/\/www.em.com.br\/emfoco\/2026\/01\/13\/brasil-aprova-maior-acordo-comercial-da-sua-historia-e-entra-em-nova-era-de-exportacoes-e-investimentos\/#primaryimage"},"image":{"@id":"https:\/\/www.em.com.br\/emfoco\/2026\/01\/13\/brasil-aprova-maior-acordo-comercial-da-sua-historia-e-entra-em-nova-era-de-exportacoes-e-investimentos\/#primaryimage"},"thumbnailUrl":"https:\/\/www.em.com.br\/emfoco\/wp-content\/uploads\/2026\/01\/AIAI-2.jpg","datePublished":"2026-01-13T10:45:00+00:00","dateModified":"2026-01-12T17:08:45+00:00","author":{"@id":"https:\/\/www.em.com.br\/emfoco\/#\/schema\/person\/1c9ddeab18b98abeffef834667bcf08a"},"description":"Brasil aprova acordo com a Uni\u00e3o Europeia que pode mudar exporta\u00e7\u00f5es, atrair bilh\u00f5es e baixar pre\u00e7os de produtos no pa\u00eds.","breadcrumb":{"@id":"https:\/\/www.em.com.br\/emfoco\/2026\/01\/13\/brasil-aprova-maior-acordo-comercial-da-sua-historia-e-entra-em-nova-era-de-exportacoes-e-investimentos\/#breadcrumb"},"inLanguage":"pt-BR","potentialAction":[{"@type":"ReadAction","target":["https:\/\/www.em.com.br\/emfoco\/2026\/01\/13\/brasil-aprova-maior-acordo-comercial-da-sua-historia-e-entra-em-nova-era-de-exportacoes-e-investimentos\/"]}]},{"@type":"ImageObject","inLanguage":"pt-BR","@id":"https:\/\/www.em.com.br\/emfoco\/2026\/01\/13\/brasil-aprova-maior-acordo-comercial-da-sua-historia-e-entra-em-nova-era-de-exportacoes-e-investimentos\/#primaryimage","url":"https:\/\/www.em.com.br\/emfoco\/wp-content\/uploads\/2026\/01\/AIAI-2.jpg","contentUrl":"https:\/\/www.em.com.br\/emfoco\/wp-content\/uploads\/2026\/01\/AIAI-2.jpg","width":1280,"height":720,"caption":"Acordo Mercosul-Uni\u00e3o Europeia redefine com\u00e9rcio exterior brasileiro e amplia acesso internacional"},{"@type":"BreadcrumbList","@id":"https:\/\/www.em.com.br\/emfoco\/2026\/01\/13\/brasil-aprova-maior-acordo-comercial-da-sua-historia-e-entra-em-nova-era-de-exportacoes-e-investimentos\/#breadcrumb","itemListElement":[{"@type":"ListItem","position":1,"name":"In\u00edcio","item":"https:\/\/www.em.com.br\/emfoco\/"},{"@type":"ListItem","position":2,"name":"Brasil aprova maior acordo comercial da sua hist\u00f3ria e entra em nova era de exporta\u00e7\u00f5es e investimentos"}]},{"@type":"WebSite","@id":"https:\/\/www.em.com.br\/emfoco\/#website","url":"https:\/\/www.em.com.br\/emfoco\/","name":"Estado de Minas - Em foco","description":"Acompanhe as \u00faltimas not\u00edcias e fique bem informado sobre tudo o que acontece em Minas Gerais, Brasil e no mundo.","potentialAction":[{"@type":"SearchAction","target":{"@type":"EntryPoint","urlTemplate":"https:\/\/www.em.com.br\/emfoco\/?s={search_term_string}"},"query-input":{"@type":"PropertyValueSpecification","valueRequired":true,"valueName":"search_term_string"}}],"inLanguage":"pt-BR"},{"@type":"Person","@id":"https:\/\/www.em.com.br\/emfoco\/#\/schema\/person\/1c9ddeab18b98abeffef834667bcf08a","name":"Gabriel Martins","image":{"@type":"ImageObject","inLanguage":"pt-BR","@id":"https:\/\/www.em.com.br\/emfoco\/#\/schema\/person\/image\/","url":"https:\/\/secure.gravatar.com\/avatar\/f0f1e2efdfd88f1ad2cb08c5c2731e50?s=96&d=mm&r=g","contentUrl":"https:\/\/secure.gravatar.com\/avatar\/f0f1e2efdfd88f1ad2cb08c5c2731e50?s=96&d=mm&r=g","caption":"Gabriel Martins"},"sameAs":["https:\/\/www.em.com.br\/emfoco\/"],"url":"https:\/\/www.em.com.br\/emfoco\/author\/gabrielmartinsmyth\/"}]}},"_links":{"self":[{"href":"https:\/\/www.em.com.br\/emfoco\/wp-json\/wp\/v2\/posts\/153792","targetHints":{"allow":["GET"]}}],"collection":[{"href":"https:\/\/www.em.com.br\/emfoco\/wp-json\/wp\/v2\/posts"}],"about":[{"href":"https:\/\/www.em.com.br\/emfoco\/wp-json\/wp\/v2\/types\/post"}],"author":[{"embeddable":true,"href":"https:\/\/www.em.com.br\/emfoco\/wp-json\/wp\/v2\/users\/13"}],"replies":[{"embeddable":true,"href":"https:\/\/www.em.com.br\/emfoco\/wp-json\/wp\/v2\/comments?post=153792"}],"version-history":[{"count":1,"href":"https:\/\/www.em.com.br\/emfoco\/wp-json\/wp\/v2\/posts\/153792\/revisions"}],"predecessor-version":[{"id":153887,"href":"https:\/\/www.em.com.br\/emfoco\/wp-json\/wp\/v2\/posts\/153792\/revisions\/153887"}],"wp:featuredmedia":[{"embeddable":true,"href":"https:\/\/www.em.com.br\/emfoco\/wp-json\/wp\/v2\/media\/153881"}],"wp:attachment":[{"href":"https:\/\/www.em.com.br\/emfoco\/wp-json\/wp\/v2\/media?parent=153792"}],"wp:term":[{"taxonomy":"category","embeddable":true,"href":"https:\/\/www.em.com.br\/emfoco\/wp-json\/wp\/v2\/categories?post=153792"},{"taxonomy":"post_tag","embeddable":true,"href":"https:\/\/www.em.com.br\/emfoco\/wp-json\/wp\/v2\/tags?post=153792"}],"curies":[{"name":"wp","href":"https:\/\/api.w.org\/{rel}","templated":true}]}}