{"id":153733,"date":"2026-01-12T08:05:00","date_gmt":"2026-01-12T11:05:00","guid":{"rendered":"https:\/\/www.em.com.br\/emfoco\/?p=153733"},"modified":"2026-01-11T20:53:00","modified_gmt":"2026-01-11T23:53:00","slug":"por-que-o-cancer-de-pancreas-e-tao-agressivo","status":"publish","type":"post","link":"https:\/\/www.em.com.br\/emfoco\/2026\/01\/12\/por-que-o-cancer-de-pancreas-e-tao-agressivo\/","title":{"rendered":"Por que o c\u00e2ncer de p\u00e2ncreas \u00e9 t\u00e3o agressivo"},"content":{"rendered":"\n<p>A origem do <strong>C\u00e2ncer de P\u00e2ncreas<\/strong> est\u00e1 no desenvolvimento de tumores malignos no \u00f3rg\u00e3o localizado atr\u00e1s do est\u00f4mago. Sua evolu\u00e7\u00e3o silenciosa e sintom\u00e1tica apenas nos est\u00e1gios mais avan\u00e7ados dificulta um diagn\u00f3stico antecipado. Isso acaba resultando em op\u00e7\u00f5es de tratamento limitadas e em sua maioria, ineficazes. A identifica\u00e7\u00e3o do c\u00e2ncer em est\u00e1gios avan\u00e7ados reduz as possibilidades de interven\u00e7\u00e3o cir\u00fargica, frequentemente restando apenas tratamentos paliativos como quimioterapia e radioterapia.<\/p>\n\n\n\n<p>Conforme relatado por profissionais da <a href=\"https:\/\/www.correiobraziliense.com.br\/cbradar\/o-habito-comum-que-esta-antecipando-casos-de-avc\/\" target=\"_blank\" rel=\"noreferrer noopener\">sa\u00fade<\/a>, apenas uma pequena fra\u00e7\u00e3o dos pacientes consegue um diagn\u00f3stico precoce, o que aumenta significativamente as chances de tratamento bem-sucedido. A peculiaridade do c\u00e2ncer pancre\u00e1tico est\u00e1 no seu comportamento agressivo, invadindo tecidos adjacentes e se espalhando rapidamente para outras partes do corpo.<\/p>\n\n\n\n<h2 class=\"wp-block-heading\">O que torna o c\u00e2ncer de p\u00e2ncreas t\u00e3o amea\u00e7ador?<\/h2>\n\n\n\n<p>A agressividade e alta letalidade desse tipo de c\u00e2ncer podem ser explicadas por v\u00e1rios fatores. Primeiramente, a localiza\u00e7\u00e3o anat\u00f4mica do p\u00e2ncreas torna as manifesta\u00e7\u00f5es cl\u00ednicas dos tumores sutis at\u00e9 que estejam em uma fase avan\u00e7ada. Al\u00e9m disso, a fisiologia do c\u00e2ncer de p\u00e2ncreas inclui sua r\u00e1pida dissemina\u00e7\u00e3o por meio de met\u00e1stases, tanto linf\u00e1ticas quanto sangu\u00edneas, para \u00f3rg\u00e3os pr\u00f3ximos como o f\u00edgado.<\/p>\n\n\n<div class=\"wp-block-image\">\n<figure class=\"aligncenter size-large\"><img loading=\"lazy\" decoding=\"async\" width=\"1024\" height=\"576\" src=\"https:\/\/www.em.com.br\/emfoco\/wp-content\/uploads\/2026\/01\/Cancer-de-Pancreas_1768175535719-1024x576.jpg\" alt=\"\" class=\"wp-image-153734\" srcset=\"https:\/\/www.em.com.br\/emfoco\/wp-content\/uploads\/2026\/01\/Cancer-de-Pancreas_1768175535719-1024x576.jpg 1024w, https:\/\/www.em.com.br\/emfoco\/wp-content\/uploads\/2026\/01\/Cancer-de-Pancreas_1768175535719-300x169.jpg 300w, https:\/\/www.em.com.br\/emfoco\/wp-content\/uploads\/2026\/01\/Cancer-de-Pancreas_1768175535719-768x432.jpg 768w, https:\/\/www.em.com.br\/emfoco\/wp-content\/uploads\/2026\/01\/Cancer-de-Pancreas_1768175535719-750x422.jpg 750w, https:\/\/www.em.com.br\/emfoco\/wp-content\/uploads\/2026\/01\/Cancer-de-Pancreas_1768175535719-1140x641.jpg 1140w, https:\/\/www.em.com.br\/emfoco\/wp-content\/uploads\/2026\/01\/Cancer-de-Pancreas_1768175535719.jpg 1280w\" sizes=\"auto, (max-width: 1024px) 100vw, 1024px\" \/><figcaption class=\"wp-element-caption\">C\u00e2ncer de P\u00e2ncreas &#8211; Cr\u00e9ditos: depositphotos.com \/ IgorVetushko<\/figcaption><\/figure><\/div>\n\n\n<p>Compreender plenamente o impacto desse tipo de c\u00e2ncer exige uma an\u00e1lise dos subtipos de tumores que podem ocorrer no p\u00e2ncreas. Entre eles, o adenocarcinoma ductal pancre\u00e1tico \u00e9 o mais comum e letal, devido \u00e0 sua tend\u00eancia invasiva. Tumores neuroend\u00f3crinos, embora menos frequentes, tamb\u00e9m s\u00e3o relevantes, pois podem apresentar um comportamento menos agressivo.<\/p>\n\n\n\n<h2 class=\"wp-block-heading\">Quem est\u00e1 em risco?<\/h2>\n\n\n\n<p>Os fatores de risco para o c\u00e2ncer de p\u00e2ncreas podem ser categorizados como heredit\u00e1rios e n\u00e3o heredit\u00e1rios. Os heredit\u00e1rios, embora representem uma minoria dos casos, incluem muta\u00e7\u00f5es gen\u00e9ticas associadas a s\u00edndromes como a de Peutz-Jeghers e muta\u00e7\u00f5es nos genes BRCA1, BRCA2, entre outras. J\u00e1 fatores n\u00e3o heredit\u00e1rios dizem respeito, em geral, a h\u00e1bitos e condi\u00e7\u00f5es de sa\u00fade, como tabagismo, obesidade, diabetes e pancreatite cr\u00f4nica.<\/p>\n\n\n\n<p>Com o avan\u00e7o da idade, o risco de desenvolvimento da doen\u00e7a aumenta, geralmente afetando pessoas acima dos 60 anos. Dessa forma, o rastreamento gen\u00e9tico e a modifica\u00e7\u00e3o no estilo de vida s\u00e3o medidas recomendadas para algumas pessoas para reduzir o risco de aparecimento do c\u00e2ncer.<\/p>\n\n\n\n<h2 class=\"wp-block-heading\">Qual \u00e9 o avan\u00e7o nos m\u00e9todos de diagn\u00f3stico e tratamento?<\/h2>\n\n\n\n<p>Embora n\u00e3o existam rotinas de rastreamento eficazes para o c\u00e2ncer de p\u00e2ncreas como h\u00e1 para outras doen\u00e7as oncol\u00f3gicas, inova\u00e7\u00f5es promissoras surgem no horizonte. T\u00e9cnicas avan\u00e7adas como a bi\u00f3psia l\u00edquida t\u00eam potencial para revolucionar o diagn\u00f3stico, permitindo a detec\u00e7\u00e3o de fragmentos gen\u00e9ticos tumorais no sangue. Contudo, a disponibilidade dessa t\u00e9cnica ainda \u00e9 limitada.<\/p>\n\n\n\n<p>A cirurgia continua sendo a melhor op\u00e7\u00e3o para chances de cura em c\u00e2nceres diagnosticados precocemente. Em casos mais avan\u00e7ados, a quimioterapia e a radioterapia permanecem como alicerces do tratamento, embora geralmente com enfoque mais paliativo do que curativo.<\/p>\n\n\n\n<h2 class=\"wp-block-heading\">Atua\u00e7\u00e3o de Titina Medeiros no cen\u00e1rio art\u00edstico<\/h2>\n\n\n\n<p>Al\u00e9m dos desafios enfrentados pela ci\u00eancia m\u00e9dica, a morte da atriz Titina Medeiros p\u00f5e em evid\u00eancia a luta pessoal de muitos diante do c\u00e2ncer de p\u00e2ncreas. Reconhecida por seu papel na novela \u201cCheias de Charme\u201d, Titina teve uma carreira pautada por talento e dedica\u00e7\u00e3o. A atriz deixa um legado no teatro e na televis\u00e3o, destacando-se em diversos pap\u00e9is que a solidificaram como uma refer\u00eancia do cen\u00e1rio art\u00edstico nacional.<\/p>\n\n\n\n<p>A vida de Titina Medeiros \u00e9 um lembrete do impacto do c\u00e2ncer de p\u00e2ncreas na sociedade e da import\u00e2ncia cont\u00ednua de pesquisas e avan\u00e7os m\u00e9dicos que possam oferecer esperan\u00e7a \u00e0s futuras gera\u00e7\u00f5es enfrentando esse agressivo advers\u00e1rio.<\/p>\n\n\n<a href=\"https:\/\/www.instagram.com\/dra.annaluisabf\/\" target=\"_blank\" style=\"text-decoration: none; color: inherit;\">\n  <span style=\"display:inline-block; border:1px solid #ccc; border-radius:10px; padding:15px; max-width:550px; font-family:sans-serif; box-shadow:0 2px 5px rgba(0,0,0,0.1);\">\n    <span style=\"margin:0 0 15px 0; font-weight:bold; color:#2c3e50; text-align: center;\">Entre em contato:<\/span>\n\n    <span style=\"display:flex; align-items:center;\">\n      <img decoding=\"async\" src=\"https:\/\/www.correiobraziliense.com.br\/cbradar\/wp-content\/uploads\/2025\/08\/dra_anna_luisa.jpeg\" alt=\"Dra Anna Lu\u00edsa\" style=\"border-radius:50%; width:80px; height:80px; margin-right:15px;\">\n      <span style=\"flex:1;\">\n        <h3 style=\"margin:0 0 5px 0;\">Dra. Anna Lu\u00edsa Barbosa Fernandes<\/h3>\n        <p style=\"margin:0 0 10px 0;\">CRM-GO 33.271<\/p>\n        <span style=\"display:flex; gap:10px;\">\n          <img decoding=\"async\" src=\"https:\/\/cdn-icons-png.flaticon.com\/24\/1384\/1384063.png\" alt=\"Instagram\">\n        <\/span>\n      <\/span>\n    <\/span>\n  <\/span>\n<\/a>\n\n\n<p><\/p>\n","protected":false},"excerpt":{"rendered":"<p>A origem do C\u00e2ncer de P\u00e2ncreas est\u00e1 no desenvolvimento de tumores malignos no \u00f3rg\u00e3o localizado atr\u00e1s do est\u00f4mago. Sua evolu\u00e7\u00e3o silenciosa e sintom\u00e1tica apenas nos est\u00e1gios mais avan\u00e7ados dificulta um diagn\u00f3stico antecipado. Isso acaba resultando em op\u00e7\u00f5es de tratamento limitadas e em sua maioria, ineficazes. A identifica\u00e7\u00e3o do c\u00e2ncer em est\u00e1gios avan\u00e7ados reduz as possibilidades [&hellip;]<\/p>\n","protected":false},"author":25,"featured_media":153735,"comment_status":"open","ping_status":"open","sticky":false,"template":"","format":"standard","meta":{"jnews-multi-image_gallery":[],"jnews_single_post":{"format":"standard"},"jnews_primary_category":[],"jnews_social_meta":[],"jnews_override_counter":[],"footnotes":""},"categories":[9053],"tags":[711,22383,327,415],"class_list":["post-153733","post","type-post","status-publish","format-standard","has-post-thumbnail","hentry","category-saude","tag-bem-estar","tag-cancer-de-pancreas-2","tag-qualidade-de-vida","tag-saude"],"yoast_head":"<!-- This site is optimized with the Yoast SEO plugin v23.8 - https:\/\/yoast.com\/wordpress\/plugins\/seo\/ -->\n<title>Por que o c\u00e2ncer de p\u00e2ncreas \u00e9 t\u00e3o agressivo - Estado de Minas - Em foco<\/title>\n<meta name=\"description\" content=\"O c\u00e2ncer de p\u00e2ncreas \u00e9 agressivo, silencioso e costuma ser diagnosticado tardiamente, reduzindo as chances de cura.\" \/>\n<meta name=\"robots\" content=\"index, follow, max-snippet:-1, max-image-preview:large, max-video-preview:-1\" \/>\n<link rel=\"canonical\" href=\"https:\/\/www.em.com.br\/emfoco\/2026\/01\/12\/por-que-o-cancer-de-pancreas-e-tao-agressivo\/\" \/>\n<meta property=\"og:locale\" content=\"pt_BR\" \/>\n<meta property=\"og:type\" content=\"article\" \/>\n<meta property=\"og:title\" content=\"Por que o c\u00e2ncer de p\u00e2ncreas \u00e9 t\u00e3o agressivo - Estado de Minas - Em foco\" \/>\n<meta property=\"og:description\" content=\"O c\u00e2ncer de p\u00e2ncreas \u00e9 agressivo, silencioso e costuma ser diagnosticado tardiamente, reduzindo as chances de cura.\" \/>\n<meta property=\"og:url\" content=\"https:\/\/www.em.com.br\/emfoco\/2026\/01\/12\/por-que-o-cancer-de-pancreas-e-tao-agressivo\/\" \/>\n<meta property=\"og:site_name\" content=\"Estado de Minas - Em foco\" \/>\n<meta property=\"article:published_time\" content=\"2026-01-12T11:05:00+00:00\" \/>\n<meta property=\"article:modified_time\" content=\"2026-01-11T23:53:00+00:00\" \/>\n<meta property=\"og:image\" content=\"https:\/\/www.em.com.br\/emfoco\/wp-content\/uploads\/2026\/01\/Cancer-de-Pancreas_1768175556399.jpg\" \/>\n\t<meta property=\"og:image:width\" content=\"1280\" \/>\n\t<meta property=\"og:image:height\" content=\"720\" \/>\n\t<meta property=\"og:image:type\" content=\"image\/jpeg\" \/>\n<meta name=\"author\" content=\"Guilherme Lopes\" \/>\n<meta name=\"twitter:card\" content=\"summary_large_image\" \/>\n<meta name=\"twitter:label1\" content=\"Escrito por\" \/>\n\t<meta name=\"twitter:data1\" content=\"Guilherme Lopes\" \/>\n\t<meta name=\"twitter:label2\" content=\"Est. tempo de leitura\" \/>\n\t<meta name=\"twitter:data2\" content=\"4 minutos\" \/>\n<!-- \/ Yoast SEO plugin. -->","yoast_head_json":{"title":"Por que o c\u00e2ncer de p\u00e2ncreas \u00e9 t\u00e3o agressivo - Estado de Minas - Em foco","description":"O c\u00e2ncer de p\u00e2ncreas \u00e9 agressivo, silencioso e costuma ser diagnosticado tardiamente, reduzindo as chances de cura.","robots":{"index":"index","follow":"follow","max-snippet":"max-snippet:-1","max-image-preview":"max-image-preview:large","max-video-preview":"max-video-preview:-1"},"canonical":"https:\/\/www.em.com.br\/emfoco\/2026\/01\/12\/por-que-o-cancer-de-pancreas-e-tao-agressivo\/","og_locale":"pt_BR","og_type":"article","og_title":"Por que o c\u00e2ncer de p\u00e2ncreas \u00e9 t\u00e3o agressivo - Estado de Minas - Em foco","og_description":"O c\u00e2ncer de p\u00e2ncreas \u00e9 agressivo, silencioso e costuma ser diagnosticado tardiamente, reduzindo as chances de cura.","og_url":"https:\/\/www.em.com.br\/emfoco\/2026\/01\/12\/por-que-o-cancer-de-pancreas-e-tao-agressivo\/","og_site_name":"Estado de Minas - Em foco","article_published_time":"2026-01-12T11:05:00+00:00","article_modified_time":"2026-01-11T23:53:00+00:00","og_image":[{"width":1280,"height":720,"url":"https:\/\/www.em.com.br\/emfoco\/wp-content\/uploads\/2026\/01\/Cancer-de-Pancreas_1768175556399.jpg","type":"image\/jpeg"}],"author":"Guilherme Lopes","twitter_card":"summary_large_image","twitter_misc":{"Escrito por":"Guilherme Lopes","Est. tempo de leitura":"4 minutos"},"schema":{"@context":"https:\/\/schema.org","@graph":[{"@type":"WebPage","@id":"https:\/\/www.em.com.br\/emfoco\/2026\/01\/12\/por-que-o-cancer-de-pancreas-e-tao-agressivo\/","url":"https:\/\/www.em.com.br\/emfoco\/2026\/01\/12\/por-que-o-cancer-de-pancreas-e-tao-agressivo\/","name":"Por que o c\u00e2ncer de p\u00e2ncreas \u00e9 t\u00e3o agressivo - Estado de Minas - Em foco","isPartOf":{"@id":"https:\/\/www.em.com.br\/emfoco\/#website"},"primaryImageOfPage":{"@id":"https:\/\/www.em.com.br\/emfoco\/2026\/01\/12\/por-que-o-cancer-de-pancreas-e-tao-agressivo\/#primaryimage"},"image":{"@id":"https:\/\/www.em.com.br\/emfoco\/2026\/01\/12\/por-que-o-cancer-de-pancreas-e-tao-agressivo\/#primaryimage"},"thumbnailUrl":"https:\/\/www.em.com.br\/emfoco\/wp-content\/uploads\/2026\/01\/Cancer-de-Pancreas_1768175556399.jpg","datePublished":"2026-01-12T11:05:00+00:00","dateModified":"2026-01-11T23:53:00+00:00","author":{"@id":"https:\/\/www.em.com.br\/emfoco\/#\/schema\/person\/f6eade2e287023da170a1b2b329f68e5"},"description":"O c\u00e2ncer de p\u00e2ncreas \u00e9 agressivo, silencioso e costuma ser diagnosticado tardiamente, reduzindo as chances de cura.","breadcrumb":{"@id":"https:\/\/www.em.com.br\/emfoco\/2026\/01\/12\/por-que-o-cancer-de-pancreas-e-tao-agressivo\/#breadcrumb"},"inLanguage":"pt-BR","potentialAction":[{"@type":"ReadAction","target":["https:\/\/www.em.com.br\/emfoco\/2026\/01\/12\/por-que-o-cancer-de-pancreas-e-tao-agressivo\/"]}]},{"@type":"ImageObject","inLanguage":"pt-BR","@id":"https:\/\/www.em.com.br\/emfoco\/2026\/01\/12\/por-que-o-cancer-de-pancreas-e-tao-agressivo\/#primaryimage","url":"https:\/\/www.em.com.br\/emfoco\/wp-content\/uploads\/2026\/01\/Cancer-de-Pancreas_1768175556399.jpg","contentUrl":"https:\/\/www.em.com.br\/emfoco\/wp-content\/uploads\/2026\/01\/Cancer-de-Pancreas_1768175556399.jpg","width":1280,"height":720,"caption":"C\u00e2ncer de P\u00e2ncreas - Cr\u00e9ditos: depositphotos.com \/ JoPanuwatD"},{"@type":"BreadcrumbList","@id":"https:\/\/www.em.com.br\/emfoco\/2026\/01\/12\/por-que-o-cancer-de-pancreas-e-tao-agressivo\/#breadcrumb","itemListElement":[{"@type":"ListItem","position":1,"name":"In\u00edcio","item":"https:\/\/www.em.com.br\/emfoco\/"},{"@type":"ListItem","position":2,"name":"Por que o c\u00e2ncer de p\u00e2ncreas \u00e9 t\u00e3o agressivo"}]},{"@type":"WebSite","@id":"https:\/\/www.em.com.br\/emfoco\/#website","url":"https:\/\/www.em.com.br\/emfoco\/","name":"Estado de Minas - Em foco","description":"Acompanhe as \u00faltimas not\u00edcias e fique bem informado sobre tudo o que acontece em Minas Gerais, Brasil e no mundo.","potentialAction":[{"@type":"SearchAction","target":{"@type":"EntryPoint","urlTemplate":"https:\/\/www.em.com.br\/emfoco\/?s={search_term_string}"},"query-input":{"@type":"PropertyValueSpecification","valueRequired":true,"valueName":"search_term_string"}}],"inLanguage":"pt-BR"},{"@type":"Person","@id":"https:\/\/www.em.com.br\/emfoco\/#\/schema\/person\/f6eade2e287023da170a1b2b329f68e5","name":"Guilherme Lopes","image":{"@type":"ImageObject","inLanguage":"pt-BR","@id":"https:\/\/www.em.com.br\/emfoco\/#\/schema\/person\/image\/","url":"https:\/\/secure.gravatar.com\/avatar\/df9adfb835d344bc0af109d41756253f?s=96&d=mm&r=g","contentUrl":"https:\/\/secure.gravatar.com\/avatar\/df9adfb835d344bc0af109d41756253f?s=96&d=mm&r=g","caption":"Guilherme Lopes"},"url":"https:\/\/www.em.com.br\/emfoco\/author\/guilherme_saude\/"}]}},"_links":{"self":[{"href":"https:\/\/www.em.com.br\/emfoco\/wp-json\/wp\/v2\/posts\/153733","targetHints":{"allow":["GET"]}}],"collection":[{"href":"https:\/\/www.em.com.br\/emfoco\/wp-json\/wp\/v2\/posts"}],"about":[{"href":"https:\/\/www.em.com.br\/emfoco\/wp-json\/wp\/v2\/types\/post"}],"author":[{"embeddable":true,"href":"https:\/\/www.em.com.br\/emfoco\/wp-json\/wp\/v2\/users\/25"}],"replies":[{"embeddable":true,"href":"https:\/\/www.em.com.br\/emfoco\/wp-json\/wp\/v2\/comments?post=153733"}],"version-history":[{"count":1,"href":"https:\/\/www.em.com.br\/emfoco\/wp-json\/wp\/v2\/posts\/153733\/revisions"}],"predecessor-version":[{"id":153736,"href":"https:\/\/www.em.com.br\/emfoco\/wp-json\/wp\/v2\/posts\/153733\/revisions\/153736"}],"wp:featuredmedia":[{"embeddable":true,"href":"https:\/\/www.em.com.br\/emfoco\/wp-json\/wp\/v2\/media\/153735"}],"wp:attachment":[{"href":"https:\/\/www.em.com.br\/emfoco\/wp-json\/wp\/v2\/media?parent=153733"}],"wp:term":[{"taxonomy":"category","embeddable":true,"href":"https:\/\/www.em.com.br\/emfoco\/wp-json\/wp\/v2\/categories?post=153733"},{"taxonomy":"post_tag","embeddable":true,"href":"https:\/\/www.em.com.br\/emfoco\/wp-json\/wp\/v2\/tags?post=153733"}],"curies":[{"name":"wp","href":"https:\/\/api.w.org\/{rel}","templated":true}]}}