{"id":153689,"date":"2026-01-12T19:55:00","date_gmt":"2026-01-12T22:55:00","guid":{"rendered":"https:\/\/www.em.com.br\/emfoco\/?p=153689"},"modified":"2026-01-11T18:29:03","modified_gmt":"2026-01-11T21:29:03","slug":"a-princesa-dos-campos-surpreende-quem-descobre-um-lugar-onde-a-natureza-gigantesca-faz-parte-da-rotina","status":"publish","type":"post","link":"https:\/\/www.em.com.br\/emfoco\/2026\/01\/12\/a-princesa-dos-campos-surpreende-quem-descobre-um-lugar-onde-a-natureza-gigantesca-faz-parte-da-rotina\/","title":{"rendered":"A Princesa dos Campos surpreende quem descobre um lugar onde a natureza gigantesca faz parte da rotina"},"content":{"rendered":"\n<p>Viver em<strong> Ponta Grossa<\/strong> permite residir em um dos eixos log\u00edsticos mais importantes do sul do pa\u00eds, situado a cerca de 115 km de <strong>Curitiba<\/strong>. O munic\u00edpio atua como o cora\u00e7\u00e3o da regi\u00e3o dos <strong>Campos Gerais<\/strong>, integrando desenvolvimento econ\u00f4mico e patrim\u00f4nio geol\u00f3gico preservado em 2026.<\/p>\n\n\n\n<h2 class=\"wp-block-heading\">Como funciona o estilo de vida na Princesa dos Campos<\/h2>\n\n\n\n<p>Residir em <strong>Ponta Grossa<\/strong> exige adapta\u00e7\u00e3o ao ritmo de uma metr\u00f3pole regional que equilibra a agita\u00e7\u00e3o industrial com a tranquilidade de bairros residenciais. O cotidiano \u00e9 pautado pela efici\u00eancia de uma malha urbana que conecta grandes centros de consumo e escoamento de safra no <strong>Paran\u00e1<\/strong>.<\/p>\n\n\n\n<p>A qualidade de vida \u00e9 monitorada por indicadores de seguran\u00e7a p\u00fablica est\u00e1veis, conforme dados do <strong>Instituto de Pesquisa Econ\u00f4mica Aplicada<\/strong> (<strong>IPEA<\/strong>) no <strong><a href=\"https:\/\/repositorio.ipea.gov.br\/server\/api\/core\/bitstreams\/15ed8176-7e93-4b70-b01f-5a767f64269b\/content\" target=\"_blank\" rel=\"noreferrer noopener\">Atlas da Viol\u00eancia<\/a><\/strong>. A localidade oferece uma rede de servi\u00e7os completa, evitando a necessidade de deslocamentos constantes para a capital do estado.<\/p>\n\n\n<div class=\"wp-block-image\">\n<figure class=\"aligncenter size-large\"><img loading=\"lazy\" decoding=\"async\" width=\"1024\" height=\"576\" src=\"https:\/\/www.em.com.br\/emfoco\/wp-content\/uploads\/2025\/12\/MAIOR-PARQUE-INDUSTRIAL-do-INTERIOR-do-PARANA-_-PONTA-GROSSA-PR-4-33-screenshot-1024x576.jpg\" alt=\"\" class=\"wp-image-140028\" srcset=\"https:\/\/www.em.com.br\/emfoco\/wp-content\/uploads\/2025\/12\/MAIOR-PARQUE-INDUSTRIAL-do-INTERIOR-do-PARANA-_-PONTA-GROSSA-PR-4-33-screenshot-1024x576.jpg 1024w, https:\/\/www.em.com.br\/emfoco\/wp-content\/uploads\/2025\/12\/MAIOR-PARQUE-INDUSTRIAL-do-INTERIOR-do-PARANA-_-PONTA-GROSSA-PR-4-33-screenshot-300x169.jpg 300w, https:\/\/www.em.com.br\/emfoco\/wp-content\/uploads\/2025\/12\/MAIOR-PARQUE-INDUSTRIAL-do-INTERIOR-do-PARANA-_-PONTA-GROSSA-PR-4-33-screenshot-768x432.jpg 768w, https:\/\/www.em.com.br\/emfoco\/wp-content\/uploads\/2025\/12\/MAIOR-PARQUE-INDUSTRIAL-do-INTERIOR-do-PARANA-_-PONTA-GROSSA-PR-4-33-screenshot-750x422.jpg 750w, https:\/\/www.em.com.br\/emfoco\/wp-content\/uploads\/2025\/12\/MAIOR-PARQUE-INDUSTRIAL-do-INTERIOR-do-PARANA-_-PONTA-GROSSA-PR-4-33-screenshot-1140x641.jpg 1140w, https:\/\/www.em.com.br\/emfoco\/wp-content\/uploads\/2025\/12\/MAIOR-PARQUE-INDUSTRIAL-do-INTERIOR-do-PARANA-_-PONTA-GROSSA-PR-4-33-screenshot.jpg 1280w\" sizes=\"auto, (max-width: 1024px) 100vw, 1024px\" \/><figcaption class=\"wp-element-caption\">A cidade de Ponta Grossa encanta por oferecer bem-estar, oportunidades e paisagens naturais \u00fanicas \/\/ Cr\u00e9ditos: YouTube.com\/@paranadrone<\/figcaption><\/figure><\/div>\n\n\n<h2 class=\"wp-block-heading\">Qual recorde geogr\u00e1fico define o relevo local<\/h2>\n\n\n\n<p>O <strong><a href=\"https:\/\/parquevilavelha.com.br\/\" target=\"_blank\" rel=\"noreferrer noopener\">Parque Estadual de Vila Velha<\/a><\/strong> abriga forma\u00e7\u00f5es aren\u00edticas originadas no per\u00edodo <strong>Carbon\u00edfero<\/strong>, h\u00e1 cerca de 300 milh\u00f5es de anos, sendo um dos s\u00edtios geol\u00f3gicos mais relevantes do mundo. Essas estruturas registram a hist\u00f3ria da sedimenta\u00e7\u00e3o glacial e marinha na antiga <strong>Bacia do Paran\u00e1<\/strong>.<\/p>\n\n\n\n<p>A preserva\u00e7\u00e3o deste ecossistema garante ao munic\u00edpio uma posi\u00e7\u00e3o de destaque no ecoturismo cient\u00edfico e contemplativo internacional. O conjunto de arenitos permanece como o principal s\u00edmbolo visual da regi\u00e3o, atraindo pesquisadores e entusiastas da geomorfologia de diversos pa\u00edses.<\/p>\n\n\n\n<h2 class=\"wp-block-heading\">Quantos habitantes vivem na cidade e qual o n\u00edvel escolar<\/h2>\n\n\n\n<p>A popula\u00e7\u00e3o de <strong>Ponta Grossa<\/strong> soma cerca de 380 mil habitantes, segundo as proje\u00e7\u00f5es baseadas nos dados do <strong><a href=\"https:\/\/cidades.ibge.gov.br\/brasil\/pr\/ponta-grossa\/panorama\" target=\"_blank\" rel=\"noreferrer noopener\">Instituto Brasileiro de Geografia e Estat\u00edstica<\/a><\/strong> (<strong>IBGE<\/strong>). Este contingente populacional sustenta um mercado de trabalho diversificado, focado especialmente nos setores metalmec\u00e2nico e de agroneg\u00f3cio.<\/p>\n\n\n\n<p>No setor educacional, a <strong>Universidade Estadual de Ponta Grossa<\/strong> (<strong>UEPG<\/strong>) \u00e9 reconhecida pela excel\u00eancia em pesquisa e extens\u00e3o tecnol\u00f3gica. A presen\u00e7a de campus de institui\u00e7\u00f5es federais e centros de ensino t\u00e9cnico qualifica a m\u00e3o de obra para as ind\u00fastrias instaladas no <strong>Distrito Industrial Cyro Martins<\/strong>.<\/p>\n\n\n<div class=\"wp-block-image\">\n<figure class=\"aligncenter size-large\"><img loading=\"lazy\" decoding=\"async\" width=\"1024\" height=\"576\" src=\"https:\/\/www.em.com.br\/emfoco\/wp-content\/uploads\/2025\/12\/MAIOR-PARQUE-INDUSTRIAL-do-INTERIOR-do-PARANA-_-PONTA-GROSSA-PR-1-12-screenshot-1024x576.jpg\" alt=\"\" class=\"wp-image-140030\" srcset=\"https:\/\/www.em.com.br\/emfoco\/wp-content\/uploads\/2025\/12\/MAIOR-PARQUE-INDUSTRIAL-do-INTERIOR-do-PARANA-_-PONTA-GROSSA-PR-1-12-screenshot-1024x576.jpg 1024w, https:\/\/www.em.com.br\/emfoco\/wp-content\/uploads\/2025\/12\/MAIOR-PARQUE-INDUSTRIAL-do-INTERIOR-do-PARANA-_-PONTA-GROSSA-PR-1-12-screenshot-300x169.jpg 300w, https:\/\/www.em.com.br\/emfoco\/wp-content\/uploads\/2025\/12\/MAIOR-PARQUE-INDUSTRIAL-do-INTERIOR-do-PARANA-_-PONTA-GROSSA-PR-1-12-screenshot-768x432.jpg 768w, https:\/\/www.em.com.br\/emfoco\/wp-content\/uploads\/2025\/12\/MAIOR-PARQUE-INDUSTRIAL-do-INTERIOR-do-PARANA-_-PONTA-GROSSA-PR-1-12-screenshot-750x422.jpg 750w, https:\/\/www.em.com.br\/emfoco\/wp-content\/uploads\/2025\/12\/MAIOR-PARQUE-INDUSTRIAL-do-INTERIOR-do-PARANA-_-PONTA-GROSSA-PR-1-12-screenshot-1140x641.jpg 1140w, https:\/\/www.em.com.br\/emfoco\/wp-content\/uploads\/2025\/12\/MAIOR-PARQUE-INDUSTRIAL-do-INTERIOR-do-PARANA-_-PONTA-GROSSA-PR-1-12-screenshot.jpg 1280w\" sizes=\"auto, (max-width: 1024px) 100vw, 1024px\" \/><figcaption class=\"wp-element-caption\">Conhecida por seus parques e infraestrutura moderna, Ponta Grossa \u00e9 destaque entre as melhores cidades do Brasil \/\/ Cr\u00e9ditos: YouTube.com\/@paranadrone<\/figcaption><\/figure><\/div>\n\n\n<h2 class=\"wp-block-heading\">O que fazer para explorar os atrativos naturais<\/h2>\n\n\n\n<p>O roteiro tur\u00edstico local oferece uma imers\u00e3o em c\u00e2nions, cachoeiras e fendas geol\u00f3gicas que apresentam uma beleza c\u00eanica bruta e preservada. Visitantes encontram infraestrutura para caminhadas, banhos de rio e observa\u00e7\u00e3o de fauna em \u00e1reas protegidas de campos nativos e <strong>Mata de Arauc\u00e1rias<\/strong>.<\/p>\n\n\n\n<p>A lista a seguir destaca os pontos de elite que tornam a experi\u00eancia tur\u00edstica na localidade uma das mais diversificadas do interior paranaense.<\/p>\n\n\n\n<ul class=\"wp-block-list has-medium-font-size\">\n<li><strong>Parque Estadual de Vila Velha<\/strong>: Caminhe entre os arenitos milenares e observe as furnas que atingem dezenas de metros de profundidade.<\/li>\n\n\n\n<li><strong>Buraco do Padre<\/strong>: Acesse o interior de uma furna em formato de anfiteatro natural onde des\u00e1gua uma cascata de 30 metros de altura.<\/li>\n\n\n\n<li><strong>Cachoeira da Mariquinha<\/strong>: Desfrute de uma queda d&#8217;\u00e1gua com areia branca e \u00e1guas limpas em um ambiente cercado por mata nativa.<\/li>\n\n\n\n<li><strong>Canyon Guartel\u00e1<\/strong>: Explore o sexto maior c\u00e2nion do mundo em extens\u00e3o, localizado nas proximidades e com acesso facilitado pela cidade.<\/li>\n\n\n\n<li><strong>Abadia da Ressurrei\u00e7\u00e3o<\/strong>: Visite o mosteiro beneditino conhecido pelo canto gregoriano e pela produ\u00e7\u00e3o de geleias artesanais reconhecidas na regi\u00e3o.<\/li>\n<\/ul>\n\n\n\n<p>Quem busca belezas naturais e forma\u00e7\u00f5es rochosas impressionantes no Paran\u00e1, vai curtir esse v\u00eddeo especialmente selecionado do canal <strong>To De F\u00e9rias<\/strong>, que conta com milhares de visualiza\u00e7\u00f5es, onde s\u00e3o apresentadas detalhadamente <strong>12 atra\u00e7\u00f5es<\/strong> de <strong>Ponta Grossa<\/strong>, como o <strong>Parque Estadual de Vila Velha<\/strong> e o m\u00edstico <strong>Buraco do Padre<\/strong>:<\/p>\n\n\n\n<figure class=\"wp-block-embed is-type-video is-provider-youtube wp-block-embed-youtube wp-embed-aspect-16-9 wp-has-aspect-ratio\"><div class=\"wp-block-embed__wrapper\">\n<div class=\"jeg_video_container jeg_video_content\"><iframe loading=\"lazy\" title=\"PONTA GROSSA AL\u00c9M DO \u00d3BVIO: 12 ATRA\u00c7\u00d5ES \u00daNICAS QUE V\u00c3O TE SURPREENDER |O QUE FAZER EM PONTA GROSSA\" width=\"500\" height=\"281\" src=\"https:\/\/www.youtube.com\/embed\/MeQFjRpzHQc?feature=oembed\" frameborder=\"0\" allow=\"accelerometer; autoplay; clipboard-write; encrypted-media; gyroscope; picture-in-picture; web-share\" referrerpolicy=\"strict-origin-when-cross-origin\" allowfullscreen><\/iframe><\/div>\n<\/div><\/figure>\n\n\n\n<p><strong>Leia tamb\u00e9m: <a href=\"https:\/\/www.em.com.br\/emfoco\/2026\/01\/11\/pouca-gente-imagina-que-essa-cidade-brasileira-abriga-o-espetaculo-de-agua-mais-impressionante-do-planeta\/\" target=\"_blank\" rel=\"noreferrer noopener\">Pouca gente imagina que essa cidade brasileira abriga o espet\u00e1culo de \u00e1gua mais impressionante do planeta<\/a><\/strong><\/p>\n\n\n\n<h2 class=\"wp-block-heading\">Como se comporta o tempo nas quatro esta\u00e7\u00f5es<\/h2>\n\n\n\n<p>O clima em <strong>Ponta Grossa<\/strong> \u00e9 o subtropical \u00famido, apresentando ver\u00f5es frescos e invernos que frequentemente registram temperaturas pr\u00f3ximas de zero grau. A cidade situa-se a uma altitude m\u00e9dia de 975 metros, fator que intensifica a ocorr\u00eancia de geadas durante as massas de ar polar.<\/p>\n\n\n\n<p>A pluviosidade \u00e9 bem distribu\u00edda durante o ano, garantindo a produtividade das lavouras de soja e milho da regi\u00e3o. A tabela clim\u00e1tica detalha as m\u00e9dias t\u00e9rmicas baseadas em dados hist\u00f3ricos do <strong><a href=\"https:\/\/www.climatempo.com.br\/previsao-do-tempo\/cidade\/279\/pontagrossa-pr\" target=\"_blank\" rel=\"noreferrer noopener\">Climatempo<\/a><\/strong>.<\/p>\n\n\n\n<figure class=\"wp-block-table\"><table class=\"has-fixed-layout\"><thead><tr><th>Esta\u00e7\u00e3o e Meses<\/th><th>Temperatura<\/th><th>O que esperar<\/th><\/tr><\/thead><tbody><tr><td>Ver\u00e3o (Dezembro a Mar\u00e7o)<\/td><td>18\u00b0C a 27\u00b0C<\/td><td>Dias com temperaturas agrad\u00e1veis e pancadas de chuva frequentes ao entardecer.<\/td><\/tr><tr><td>Outono (Abril a Junho)<\/td><td>12\u00b0C a 22\u00b0C<\/td><td>C\u00e9u limpo com redu\u00e7\u00e3o dr\u00e1stica da umidade e noites progressivamente mais frias.<\/td><\/tr><tr><td>Inverno (Julho a Agosto)<\/td><td>7\u00b0C a 18\u00b0C<\/td><td>Frio acentuado com geadas constantes nas \u00e1reas rurais e nevoeiros matinais.<\/td><\/tr><tr><td>Primavera (Setembro a Novembro)<\/td><td>15\u00b0C a 25\u00b0C<\/td><td>Aumento gradativo do calor e retorno das chuvas regulares para o plantio.<\/td><\/tr><\/tbody><\/table><\/figure>\n\n\n\n<h2 class=\"wp-block-heading\">Motivos para morar em Ponta Grossa<\/h2>\n\n\n\n<p>O munic\u00edpio consolida sua posi\u00e7\u00e3o como um dos maiores polos industriais do interior do <strong>Brasil<\/strong>, oferecendo oportunidades reais de ascens\u00e3o profissional. A integra\u00e7\u00e3o entre ensino superior de ponta e um setor produtivo robusto garante dinamismo econ\u00f4mico constante.<\/p>\n\n\n\n<p>Ao considerar a mudan\u00e7a ou investimento na localidade, tr\u00eas pilares fundamentais sustentam a viabilidade deste importante centro paranaense.<\/p>\n\n\n\n<ul class=\"wp-block-list has-medium-font-size\">\n<li>Localiza\u00e7\u00e3o estrat\u00e9gica que serve de entroncamento ferrovi\u00e1rio e rodovi\u00e1rio para o <strong>Porto de Paranagu\u00e1<\/strong>.<\/li>\n\n\n\n<li>Mercado imobili\u00e1rio em expans\u00e3o com novos bairros planejados que valorizam a proximidade com o centro.<\/li>\n\n\n\n<li>Infraestrutura de lazer que une parques urbanos modernos e santu\u00e1rios ecol\u00f3gicos a poucos quil\u00f4metros de dist\u00e2ncia.<\/li>\n<\/ul>\n\n\n\n<p>Voc\u00ea precisa conhecer o vigor econ\u00f4mico e as paisagens geol\u00f3gicas deste centro vital do estado. Venha visitar <strong>Ponta Grossa<\/strong>.<\/p>\n","protected":false},"excerpt":{"rendered":"<p>Viver em Ponta Grossa permite residir em um dos eixos log\u00edsticos mais importantes do sul do pa\u00eds, situado a cerca de 115 km de Curitiba. O munic\u00edpio atua como o cora\u00e7\u00e3o da regi\u00e3o dos Campos Gerais, integrando desenvolvimento econ\u00f4mico e patrim\u00f4nio geol\u00f3gico preservado em 2026. Como funciona o estilo de vida na Princesa dos Campos [&hellip;]<\/p>\n","protected":false},"author":6,"featured_media":140088,"comment_status":"open","ping_status":"open","sticky":false,"template":"","format":"standard","meta":{"jnews-multi-image_gallery":[],"jnews_single_post":{"format":"standard"},"jnews_primary_category":[],"jnews_social_meta":[],"jnews_override_counter":[],"footnotes":""},"categories":[26],"tags":[183,1209,19132],"class_list":["post-153689","post","type-post","status-publish","format-standard","has-post-thumbnail","hentry","category-cidades","tag-cidades","tag-parana","tag-ponta-grossa"],"yoast_head":"<!-- This site is optimized with the Yoast SEO plugin v23.8 - https:\/\/yoast.com\/wordpress\/plugins\/seo\/ -->\n<title>A Princesa dos Campos surpreende quem descobre um lugar onde a natureza gigantesca faz parte da rotina - Estado de Minas - Em foco<\/title>\n<meta name=\"description\" content=\"Muita gente se impressiona com a Princesa dos Campos ao encontrar uma infraestrutura moderna cercada por paisagens gigantescas.\" \/>\n<meta name=\"robots\" content=\"index, follow, max-snippet:-1, max-image-preview:large, max-video-preview:-1\" \/>\n<link rel=\"canonical\" href=\"https:\/\/www.em.com.br\/emfoco\/2026\/01\/12\/a-princesa-dos-campos-surpreende-quem-descobre-um-lugar-onde-a-natureza-gigantesca-faz-parte-da-rotina\/\" \/>\n<meta property=\"og:locale\" content=\"pt_BR\" \/>\n<meta property=\"og:type\" content=\"article\" \/>\n<meta property=\"og:title\" content=\"A Princesa dos Campos surpreende quem descobre um lugar onde a natureza gigantesca faz parte da rotina - Estado de Minas - Em foco\" \/>\n<meta property=\"og:description\" content=\"Muita gente se impressiona com a Princesa dos Campos ao encontrar uma infraestrutura moderna cercada por paisagens gigantescas.\" \/>\n<meta property=\"og:url\" content=\"https:\/\/www.em.com.br\/emfoco\/2026\/01\/12\/a-princesa-dos-campos-surpreende-quem-descobre-um-lugar-onde-a-natureza-gigantesca-faz-parte-da-rotina\/\" \/>\n<meta property=\"og:site_name\" content=\"Estado de Minas - Em foco\" \/>\n<meta property=\"article:published_time\" content=\"2026-01-12T22:55:00+00:00\" \/>\n<meta property=\"article:modified_time\" content=\"2026-01-11T21:29:03+00:00\" \/>\n<meta property=\"og:image\" content=\"https:\/\/www.em.com.br\/emfoco\/wp-content\/uploads\/2025\/12\/image-33.png\" \/>\n\t<meta property=\"og:image:width\" content=\"1280\" \/>\n\t<meta property=\"og:image:height\" content=\"721\" \/>\n\t<meta property=\"og:image:type\" content=\"image\/png\" \/>\n<meta name=\"author\" content=\"Vitor Bruno\" \/>\n<meta name=\"twitter:card\" content=\"summary_large_image\" \/>\n<meta name=\"twitter:label1\" content=\"Escrito por\" \/>\n\t<meta name=\"twitter:data1\" content=\"Vitor Bruno\" \/>\n\t<meta name=\"twitter:label2\" content=\"Est. tempo de leitura\" \/>\n\t<meta name=\"twitter:data2\" content=\"6 minutos\" \/>\n<!-- \/ Yoast SEO plugin. -->","yoast_head_json":{"title":"A Princesa dos Campos surpreende quem descobre um lugar onde a natureza gigantesca faz parte da rotina - Estado de Minas - Em foco","description":"Muita gente se impressiona com a Princesa dos Campos ao encontrar uma infraestrutura moderna cercada por paisagens gigantescas.","robots":{"index":"index","follow":"follow","max-snippet":"max-snippet:-1","max-image-preview":"max-image-preview:large","max-video-preview":"max-video-preview:-1"},"canonical":"https:\/\/www.em.com.br\/emfoco\/2026\/01\/12\/a-princesa-dos-campos-surpreende-quem-descobre-um-lugar-onde-a-natureza-gigantesca-faz-parte-da-rotina\/","og_locale":"pt_BR","og_type":"article","og_title":"A Princesa dos Campos surpreende quem descobre um lugar onde a natureza gigantesca faz parte da rotina - Estado de Minas - Em foco","og_description":"Muita gente se impressiona com a Princesa dos Campos ao encontrar uma infraestrutura moderna cercada por paisagens gigantescas.","og_url":"https:\/\/www.em.com.br\/emfoco\/2026\/01\/12\/a-princesa-dos-campos-surpreende-quem-descobre-um-lugar-onde-a-natureza-gigantesca-faz-parte-da-rotina\/","og_site_name":"Estado de Minas - Em foco","article_published_time":"2026-01-12T22:55:00+00:00","article_modified_time":"2026-01-11T21:29:03+00:00","og_image":[{"width":1280,"height":721,"url":"https:\/\/www.em.com.br\/emfoco\/wp-content\/uploads\/2025\/12\/image-33.png","type":"image\/png"}],"author":"Vitor Bruno","twitter_card":"summary_large_image","twitter_misc":{"Escrito por":"Vitor Bruno","Est. tempo de leitura":"6 minutos"},"schema":{"@context":"https:\/\/schema.org","@graph":[{"@type":"WebPage","@id":"https:\/\/www.em.com.br\/emfoco\/2026\/01\/12\/a-princesa-dos-campos-surpreende-quem-descobre-um-lugar-onde-a-natureza-gigantesca-faz-parte-da-rotina\/","url":"https:\/\/www.em.com.br\/emfoco\/2026\/01\/12\/a-princesa-dos-campos-surpreende-quem-descobre-um-lugar-onde-a-natureza-gigantesca-faz-parte-da-rotina\/","name":"A Princesa dos Campos surpreende quem descobre um lugar onde a natureza gigantesca faz parte da rotina - Estado de Minas - Em foco","isPartOf":{"@id":"https:\/\/www.em.com.br\/emfoco\/#website"},"primaryImageOfPage":{"@id":"https:\/\/www.em.com.br\/emfoco\/2026\/01\/12\/a-princesa-dos-campos-surpreende-quem-descobre-um-lugar-onde-a-natureza-gigantesca-faz-parte-da-rotina\/#primaryimage"},"image":{"@id":"https:\/\/www.em.com.br\/emfoco\/2026\/01\/12\/a-princesa-dos-campos-surpreende-quem-descobre-um-lugar-onde-a-natureza-gigantesca-faz-parte-da-rotina\/#primaryimage"},"thumbnailUrl":"https:\/\/www.em.com.br\/emfoco\/wp-content\/uploads\/2025\/12\/image-33.png","datePublished":"2026-01-12T22:55:00+00:00","dateModified":"2026-01-11T21:29:03+00:00","author":{"@id":"https:\/\/www.em.com.br\/emfoco\/#\/schema\/person\/364ac1852fafd00f1be20f0b8b237569"},"description":"Muita gente se impressiona com a Princesa dos Campos ao encontrar uma infraestrutura moderna cercada por paisagens gigantescas.","breadcrumb":{"@id":"https:\/\/www.em.com.br\/emfoco\/2026\/01\/12\/a-princesa-dos-campos-surpreende-quem-descobre-um-lugar-onde-a-natureza-gigantesca-faz-parte-da-rotina\/#breadcrumb"},"inLanguage":"pt-BR","potentialAction":[{"@type":"ReadAction","target":["https:\/\/www.em.com.br\/emfoco\/2026\/01\/12\/a-princesa-dos-campos-surpreende-quem-descobre-um-lugar-onde-a-natureza-gigantesca-faz-parte-da-rotina\/"]}]},{"@type":"ImageObject","inLanguage":"pt-BR","@id":"https:\/\/www.em.com.br\/emfoco\/2026\/01\/12\/a-princesa-dos-campos-surpreende-quem-descobre-um-lugar-onde-a-natureza-gigantesca-faz-parte-da-rotina\/#primaryimage","url":"https:\/\/www.em.com.br\/emfoco\/wp-content\/uploads\/2025\/12\/image-33.png","contentUrl":"https:\/\/www.em.com.br\/emfoco\/wp-content\/uploads\/2025\/12\/image-33.png","width":1280,"height":721,"caption":"Morar em Ponta Grossa \u00e9 usufruir de uma infraestrutura urbana robusta impulsionada por um dos maiores parques industriais (imagem ilustrativa)"},{"@type":"BreadcrumbList","@id":"https:\/\/www.em.com.br\/emfoco\/2026\/01\/12\/a-princesa-dos-campos-surpreende-quem-descobre-um-lugar-onde-a-natureza-gigantesca-faz-parte-da-rotina\/#breadcrumb","itemListElement":[{"@type":"ListItem","position":1,"name":"In\u00edcio","item":"https:\/\/www.em.com.br\/emfoco\/"},{"@type":"ListItem","position":2,"name":"A Princesa dos Campos surpreende quem descobre um lugar onde a natureza gigantesca faz parte da rotina"}]},{"@type":"WebSite","@id":"https:\/\/www.em.com.br\/emfoco\/#website","url":"https:\/\/www.em.com.br\/emfoco\/","name":"Estado de Minas - Em foco","description":"Acompanhe as \u00faltimas not\u00edcias e fique bem informado sobre tudo o que acontece em Minas Gerais, Brasil e no mundo.","potentialAction":[{"@type":"SearchAction","target":{"@type":"EntryPoint","urlTemplate":"https:\/\/www.em.com.br\/emfoco\/?s={search_term_string}"},"query-input":{"@type":"PropertyValueSpecification","valueRequired":true,"valueName":"search_term_string"}}],"inLanguage":"pt-BR"},{"@type":"Person","@id":"https:\/\/www.em.com.br\/emfoco\/#\/schema\/person\/364ac1852fafd00f1be20f0b8b237569","name":"Vitor Bruno","image":{"@type":"ImageObject","inLanguage":"pt-BR","@id":"https:\/\/www.em.com.br\/emfoco\/#\/schema\/person\/image\/","url":"https:\/\/secure.gravatar.com\/avatar\/b719e5cdede09f942064960883b5524d?s=96&d=mm&r=g","contentUrl":"https:\/\/secure.gravatar.com\/avatar\/b719e5cdede09f942064960883b5524d?s=96&d=mm&r=g","caption":"Vitor Bruno"},"sameAs":["https:\/\/www.em.com.br\/emfoco\/"],"url":"https:\/\/www.em.com.br\/emfoco\/author\/vitormyth\/"}]}},"_links":{"self":[{"href":"https:\/\/www.em.com.br\/emfoco\/wp-json\/wp\/v2\/posts\/153689","targetHints":{"allow":["GET"]}}],"collection":[{"href":"https:\/\/www.em.com.br\/emfoco\/wp-json\/wp\/v2\/posts"}],"about":[{"href":"https:\/\/www.em.com.br\/emfoco\/wp-json\/wp\/v2\/types\/post"}],"author":[{"embeddable":true,"href":"https:\/\/www.em.com.br\/emfoco\/wp-json\/wp\/v2\/users\/6"}],"replies":[{"embeddable":true,"href":"https:\/\/www.em.com.br\/emfoco\/wp-json\/wp\/v2\/comments?post=153689"}],"version-history":[{"count":5,"href":"https:\/\/www.em.com.br\/emfoco\/wp-json\/wp\/v2\/posts\/153689\/revisions"}],"predecessor-version":[{"id":153724,"href":"https:\/\/www.em.com.br\/emfoco\/wp-json\/wp\/v2\/posts\/153689\/revisions\/153724"}],"wp:featuredmedia":[{"embeddable":true,"href":"https:\/\/www.em.com.br\/emfoco\/wp-json\/wp\/v2\/media\/140088"}],"wp:attachment":[{"href":"https:\/\/www.em.com.br\/emfoco\/wp-json\/wp\/v2\/media?parent=153689"}],"wp:term":[{"taxonomy":"category","embeddable":true,"href":"https:\/\/www.em.com.br\/emfoco\/wp-json\/wp\/v2\/categories?post=153689"},{"taxonomy":"post_tag","embeddable":true,"href":"https:\/\/www.em.com.br\/emfoco\/wp-json\/wp\/v2\/tags?post=153689"}],"curies":[{"name":"wp","href":"https:\/\/api.w.org\/{rel}","templated":true}]}}