{"id":153686,"date":"2026-01-12T11:25:00","date_gmt":"2026-01-12T14:25:00","guid":{"rendered":"https:\/\/www.em.com.br\/emfoco\/?p=153686"},"modified":"2026-01-11T18:25:04","modified_gmt":"2026-01-11T21:25:04","slug":"a-cidade-no-interior-que-virou-escolha-de-quem-quer-viver-bem-sem-depender-da-capital","status":"publish","type":"post","link":"https:\/\/www.em.com.br\/emfoco\/2026\/01\/12\/a-cidade-no-interior-que-virou-escolha-de-quem-quer-viver-bem-sem-depender-da-capital\/","title":{"rendered":"A cidade no interior que virou escolha de quem quer viver bem sem depender da capital"},"content":{"rendered":"\n<p>Localizada a 558 km da capital <strong>S\u00e3o Paulo<\/strong>, <strong>Presidente Prudente<\/strong> exerce um papel de lideran\u00e7a econ\u00f4mica fundamental no interior paulista. O cotidiano da cidade equilibra o ritmo acelerado de uma capital regional com a tranquilidade caracter\u00edstica das cidades do interior paulista.<\/p>\n\n\n\n<h2 class=\"wp-block-heading\">Por que a localidade \u00e9 considerada a Capital do Oeste?<\/h2>\n\n\n\n<p>O t\u00edtulo de <strong>Capital do Oeste Paulista<\/strong> decorre do desenvolvimento hist\u00f3rico impulsionado pela <strong>Estrada de Ferro Sorocabana<\/strong> e pelos ciclos da pecu\u00e1ria. Essa centralidade transformou o munic\u00edpio em um n\u00f3 log\u00edstico que facilita o escoamento de produ\u00e7\u00e3o e o fluxo de pessoas entre o interior do estado e divisas interestaduais.<\/p>\n\n\n\n<p>Historicamente, a funda\u00e7\u00e3o por <a href=\"https:\/\/www.camarapprudente.sp.gov.br\/noticia\/8384\/Hoje-Prudente_-Vila-Goulart-era-fundada-ha-104-anos.html\" target=\"_blank\" rel=\"noreferrer noopener\"><strong>Coronel Francisco de Paula Goulart<\/strong> e <strong>Coronel Jos\u00e9 Soares Marcondes<\/strong><\/a> estabeleceu as bases para uma urbaniza\u00e7\u00e3o com avenidas largas. Esse planejamento permitiu que o setor de servi\u00e7os e a medicina de alta complexidade se tornassem refer\u00eancias para as popula\u00e7\u00f5es que buscam atendimento especializado no interior.<\/p>\n\n\n<div class=\"wp-block-image\">\n<figure class=\"aligncenter size-large\"><img loading=\"lazy\" decoding=\"async\" width=\"1024\" height=\"576\" src=\"https:\/\/www.em.com.br\/emfoco\/wp-content\/uploads\/2025\/12\/image-29-1024x576.png\" alt=\"\" class=\"wp-image-139364\" srcset=\"https:\/\/www.em.com.br\/emfoco\/wp-content\/uploads\/2025\/12\/image-29-1024x576.png 1024w, https:\/\/www.em.com.br\/emfoco\/wp-content\/uploads\/2025\/12\/image-29-300x169.png 300w, https:\/\/www.em.com.br\/emfoco\/wp-content\/uploads\/2025\/12\/image-29-768x432.png 768w, https:\/\/www.em.com.br\/emfoco\/wp-content\/uploads\/2025\/12\/image-29-750x422.png 750w, https:\/\/www.em.com.br\/emfoco\/wp-content\/uploads\/2025\/12\/image-29-1140x641.png 1140w, https:\/\/www.em.com.br\/emfoco\/wp-content\/uploads\/2025\/12\/image-29.png 1280w\" sizes=\"auto, (max-width: 1024px) 100vw, 1024px\" \/><figcaption class=\"wp-element-caption\">Presidente Prudente se destaca no Oeste Paulista como polo de educa\u00e7\u00e3o e servi\u00e7os regionais \/\/ Cr\u00e9ditos: Wikimedia Commons<\/figcaption><\/figure><\/div>\n\n\n<h2 class=\"wp-block-heading\">Qual o tamanho da popula\u00e7\u00e3o e a for\u00e7a da educa\u00e7\u00e3o local?<\/h2>\n\n\n\n<p>O munic\u00edpio conta atualmente com 225.668 habitantes, conforme os dados oficiais do <strong>Censo Demogr\u00e1fico<\/strong> do <strong><a href=\"https:\/\/cidades.ibge.gov.br\/brasil\/sp\/presidente-prudente\/panorama\" target=\"_blank\" rel=\"noreferrer noopener\">Instituto Brasileiro de Geografia e Estat\u00edstica<\/a><\/strong> (<strong>IBGE<\/strong>). Esse contingente populacional \u00e9 din\u00e2mico e renovado anualmente pelo fluxo de estudantes que ingressam nas diversas institui\u00e7\u00f5es de ensino superior instaladas na \u00e1rea urbana.<\/p>\n\n\n\n<p>A educa\u00e7\u00e3o \u00e9 um pilar econ\u00f4mico central, com destaque para a <strong>Universidade do Oeste Paulista<\/strong> (<strong>UNOESTE<\/strong>) e a <strong>Universidade Estadual Paulista<\/strong> (<strong>UNESP<\/strong>). Essas institui\u00e7\u00f5es oferecem dezenas de cursos de gradua\u00e7\u00e3o e p\u00f3s-gradua\u00e7\u00e3o, consolidando o munic\u00edpio como um influente centro de produ\u00e7\u00e3o cient\u00edfica e tecnol\u00f3gica do estado.<\/p>\n\n\n\n<h2 class=\"wp-block-heading\">Quais s\u00e3o as principais op\u00e7\u00f5es de lazer para os visitantes?<\/h2>\n\n\n\n<p>As atividades de lazer em <strong>Presidente Prudente<\/strong> privilegiam o contato com \u00e1reas verdes e espa\u00e7os culturais que valorizam a mem\u00f3ria regional. O planejamento urbano local integrou grandes parques ao centro da cidade, facilitando o acesso da popula\u00e7\u00e3o ao entretenimento gratuito e \u00e0 pr\u00e1tica de exerc\u00edcios f\u00edsicos.<\/p>\n\n\n\n<p>Os pontos tur\u00edsticos mais relevantes oferecem experi\u00eancias variadas para moradores e turistas que passam pelo <strong>Oeste Paulista<\/strong>:<\/p>\n\n\n\n<ul class=\"wp-block-list has-medium-font-size\">\n<li><strong>Parque do Povo<\/strong>: extensa \u00e1rea verde com pistas de caminhada, quadras poliesportivas e ampla arboriza\u00e7\u00e3o para o conv\u00edvio social.<\/li>\n\n\n\n<li><strong>Cidade da Crian\u00e7a<\/strong>: complexo que abriga um parque aqu\u00e1tico, planet\u00e1rio e um zool\u00f3gico com foco na preserva\u00e7\u00e3o da fauna regional.<\/li>\n\n\n\n<li><strong>Centro Cultural Matarazzo<\/strong>: antiga planta industrial recuperada que hoje pulsa arte atrav\u00e9s de exposi\u00e7\u00f5es, cinemas e teatros com arquitetura preservada.<\/li>\n\n\n\n<li><strong>SESC Thermas<\/strong>: unidade do <strong>Servi\u00e7o Social do Com\u00e9rcio<\/strong> (<strong>SESC<\/strong>) famosa pelas \u00e1guas termais e programa\u00e7\u00e3o cultural em meio a jardins projetados.<\/li>\n\n\n\n<li><strong>Catedral de S\u00e3o Sebasti\u00e3o<\/strong>: marco arquitet\u00f4nico no centro da cidade que se destaca pela impon\u00eancia e import\u00e2ncia hist\u00f3rica na pra\u00e7a central.<\/li>\n\n\n\n<li><strong>Prudenshopping<\/strong>: principal centro de compras regional com mix variado de lojas e gastronomia que atrai consumidores de todo o interior paulista.<\/li>\n<\/ul>\n\n\n\n<p>Quem busca o que fazer no interior de S\u00e3o Paulo, vai curtir esse v\u00eddeo especialmente selecionado do canal <strong>Viaje Viva Vida<\/strong>, que conta com milhares de visualiza\u00e7\u00f5es, onde s\u00e3o apresentados detalhadamente os principais pontos tur\u00edsticos de <strong>Presidente Prudente<\/strong>, como o <strong>Parque do Povo<\/strong> e o <strong>Centro Cultural Matarazzo<\/strong>:<\/p>\n\n\n\n<figure class=\"wp-block-embed is-type-video is-provider-youtube wp-block-embed-youtube wp-embed-aspect-16-9 wp-has-aspect-ratio\"><div class=\"wp-block-embed__wrapper\">\n<div class=\"jeg_video_container jeg_video_content\"><iframe loading=\"lazy\" title=\"Principais Pontos Tur\u00edsticos de Presidente Prudente | O que fazer no interior de S\u00e3o Paulo?\" width=\"500\" height=\"281\" src=\"https:\/\/www.youtube.com\/embed\/uRqh2-vFnos?feature=oembed\" frameborder=\"0\" allow=\"accelerometer; autoplay; clipboard-write; encrypted-media; gyroscope; picture-in-picture; web-share\" referrerpolicy=\"strict-origin-when-cross-origin\" allowfullscreen><\/iframe><\/div>\n<\/div><\/figure>\n\n\n\n<p><strong>Leia tamb\u00e9m: <a href=\"https:\/\/www.em.com.br\/emfoco\/2026\/01\/11\/pouca-gente-imagina-que-essa-cidade-brasileira-abriga-o-espetaculo-de-agua-mais-impressionante-do-planeta\/\" target=\"_blank\" rel=\"noreferrer noopener\">Pouca gente imagina que essa cidade brasileira abriga o espet\u00e1culo de \u00e1gua mais impressionante do planeta<\/a><\/strong><\/p>\n\n\n\n<h2 class=\"wp-block-heading\">Como o clima e a altitude influenciam a regi\u00e3o?<\/h2>\n\n\n\n<p>O clima em <strong>Presidente Prudente<\/strong> \u00e9 classificado como tropical, sendo marcado por ver\u00f5es quentes e invernos com passagens r\u00e1pidas de frentes frias. A altitude m\u00e9dia de 475 metros acima do n\u00edvel do mar contribui para uma ventila\u00e7\u00e3o constante, embora o tempo seco seja predominante em boa parte do ano.<\/p>\n\n\n\n<p>Os registros clim\u00e1ticos coletados pelo <a href=\"https:\/\/www.climatempo.com.br\/previsao-do-tempo\/cidade\/524\/presidenteprudente-sp\" target=\"_blank\" rel=\"noreferrer noopener\"><strong>Climatempo<\/strong> <\/a>ajudam a planejar a melhor \u00e9poca para atividades ao ar livre no munic\u00edpio:<\/p>\n\n\n\n<figure class=\"wp-block-table\"><table class=\"has-fixed-layout\"><tbody><tr><th>Esta\u00e7\u00e3o\/Meses<\/th><th>Temperatura<\/th><th>O que esperar<\/th><\/tr><tr><td>Ver\u00e3o (Dezembro a Mar\u00e7o)<\/td><td>22\u00b0C a 32\u00b0C<\/td><td>Chuvas frequentes e calor intenso durante o dia<\/td><\/tr><tr><td>Outono (Mar\u00e7o a Junho)<\/td><td>15\u00b0C a 26\u00b0C<\/td><td>C\u00e9u limpo e redu\u00e7\u00e3o gradual das temperaturas<\/td><\/tr><tr><td>Inverno (Junho a Setembro)<\/td><td>12\u00b0C a 24\u00b0C<\/td><td>Tempo seco e noites consideravelmente frias<\/td><\/tr><tr><td>Primavera (Setembro a Dezembro)<\/td><td>20\u00b0C a 30\u00b0C<\/td><td>Retorno das chuvas e aumento da temperatura m\u00e9dia<\/td><\/tr><\/tbody><\/table><\/figure>\n\n\n\n<h2 class=\"wp-block-heading\">Motivos para visitar Presidente Prudente<\/h2>\n\n\n\n<p>A combina\u00e7\u00e3o de infraestrutura moderna, seguran\u00e7a e uma rica vida universit\u00e1ria torna o munic\u00edpio um destino estrat\u00e9gico no interior de <strong>S\u00e3o Paulo<\/strong>. Seja para neg\u00f3cios ou lazer, a cidade oferece o suporte necess\u00e1rio para uma estadia produtiva em um ambiente urbano acolhedor e em constante expans\u00e3o.<\/p>\n\n\n\n<p>Considere os seguintes pontos fortes que fundamentam a import\u00e2ncia regional da localidade para o estado:<\/p>\n\n\n\n<ul class=\"wp-block-list has-medium-font-size\">\n<li><strong>Refer\u00eancia em Sa\u00fade<\/strong>: hospitais de alta complexidade que atendem pacientes de diversas cidades do interior brasileiro.<\/li>\n\n\n\n<li><strong>Gastronomia Regional<\/strong>: restaurantes que preservam a tradi\u00e7\u00e3o caipira paulista integrada \u00e0s influ\u00eancias das col\u00f4nias de imigrantes.<\/li>\n\n\n\n<li><strong>Acesso Facilitado<\/strong>: conex\u00e3o direta com grandes centros atrav\u00e9s de rodovias duplicadas como a <strong>Rodovia Raposo Tavares<\/strong>.<\/li>\n<\/ul>\n\n\n\n<p>Voc\u00ea precisa conhecer este polo din\u00e2mico que representa o vigor do desenvolvimento no interior paulista. Venha visitar <strong>Presidente Prudente<\/strong> e surpreenda-se com a vitalidade do <strong>Oeste Paulista<\/strong>.<\/p>\n","protected":false},"excerpt":{"rendered":"<p>Localizada a 558 km da capital S\u00e3o Paulo, Presidente Prudente exerce um papel de lideran\u00e7a econ\u00f4mica fundamental no interior paulista. O cotidiano da cidade equilibra o ritmo acelerado de uma capital regional com a tranquilidade caracter\u00edstica das cidades do interior paulista. Por que a localidade \u00e9 considerada a Capital do Oeste? O t\u00edtulo de Capital [&hellip;]<\/p>\n","protected":false},"author":6,"featured_media":139363,"comment_status":"open","ping_status":"open","sticky":false,"template":"","format":"standard","meta":{"jnews-multi-image_gallery":[],"jnews_single_post":{"format":"standard"},"jnews_primary_category":[],"jnews_social_meta":[],"jnews_override_counter":[],"footnotes":""},"categories":[26],"tags":[183,20332,553],"class_list":["post-153686","post","type-post","status-publish","format-standard","has-post-thumbnail","hentry","category-cidades","tag-cidades","tag-presidente-prudente","tag-sao-paulo"],"yoast_head":"<!-- This site is optimized with the Yoast SEO plugin v23.8 - https:\/\/yoast.com\/wordpress\/plugins\/seo\/ -->\n<title>A cidade no interior que virou escolha de quem quer viver bem sem depender da capital - Estado de Minas - Em foco<\/title>\n<meta name=\"description\" content=\"Saiba por que muitas fam\u00edlias decidiram viver no interior em uma cidade que oferece independ\u00eancia total em rela\u00e7\u00e3o \u00e0 capital.\" \/>\n<meta name=\"robots\" content=\"index, follow, max-snippet:-1, max-image-preview:large, max-video-preview:-1\" \/>\n<link rel=\"canonical\" href=\"https:\/\/www.em.com.br\/emfoco\/2026\/01\/12\/a-cidade-no-interior-que-virou-escolha-de-quem-quer-viver-bem-sem-depender-da-capital\/\" \/>\n<meta property=\"og:locale\" content=\"pt_BR\" \/>\n<meta property=\"og:type\" content=\"article\" \/>\n<meta property=\"og:title\" content=\"A cidade no interior que virou escolha de quem quer viver bem sem depender da capital - Estado de Minas - Em foco\" \/>\n<meta property=\"og:description\" content=\"Saiba por que muitas fam\u00edlias decidiram viver no interior em uma cidade que oferece independ\u00eancia total em rela\u00e7\u00e3o \u00e0 capital.\" \/>\n<meta property=\"og:url\" content=\"https:\/\/www.em.com.br\/emfoco\/2026\/01\/12\/a-cidade-no-interior-que-virou-escolha-de-quem-quer-viver-bem-sem-depender-da-capital\/\" \/>\n<meta property=\"og:site_name\" content=\"Estado de Minas - Em foco\" \/>\n<meta property=\"article:published_time\" content=\"2026-01-12T14:25:00+00:00\" \/>\n<meta property=\"article:modified_time\" content=\"2026-01-11T21:25:04+00:00\" \/>\n<meta property=\"og:image\" content=\"https:\/\/www.em.com.br\/emfoco\/wp-content\/uploads\/2025\/12\/Presidente-Prudente.png\" \/>\n\t<meta property=\"og:image:width\" content=\"1280\" \/>\n\t<meta property=\"og:image:height\" content=\"720\" \/>\n\t<meta property=\"og:image:type\" content=\"image\/png\" \/>\n<meta name=\"author\" content=\"Vitor Bruno\" \/>\n<meta name=\"twitter:card\" content=\"summary_large_image\" \/>\n<meta name=\"twitter:label1\" content=\"Escrito por\" \/>\n\t<meta name=\"twitter:data1\" content=\"Vitor Bruno\" \/>\n\t<meta name=\"twitter:label2\" content=\"Est. tempo de leitura\" \/>\n\t<meta name=\"twitter:data2\" content=\"5 minutos\" \/>\n<!-- \/ Yoast SEO plugin. -->","yoast_head_json":{"title":"A cidade no interior que virou escolha de quem quer viver bem sem depender da capital - Estado de Minas - Em foco","description":"Saiba por que muitas fam\u00edlias decidiram viver no interior em uma cidade que oferece independ\u00eancia total em rela\u00e7\u00e3o \u00e0 capital.","robots":{"index":"index","follow":"follow","max-snippet":"max-snippet:-1","max-image-preview":"max-image-preview:large","max-video-preview":"max-video-preview:-1"},"canonical":"https:\/\/www.em.com.br\/emfoco\/2026\/01\/12\/a-cidade-no-interior-que-virou-escolha-de-quem-quer-viver-bem-sem-depender-da-capital\/","og_locale":"pt_BR","og_type":"article","og_title":"A cidade no interior que virou escolha de quem quer viver bem sem depender da capital - Estado de Minas - Em foco","og_description":"Saiba por que muitas fam\u00edlias decidiram viver no interior em uma cidade que oferece independ\u00eancia total em rela\u00e7\u00e3o \u00e0 capital.","og_url":"https:\/\/www.em.com.br\/emfoco\/2026\/01\/12\/a-cidade-no-interior-que-virou-escolha-de-quem-quer-viver-bem-sem-depender-da-capital\/","og_site_name":"Estado de Minas - Em foco","article_published_time":"2026-01-12T14:25:00+00:00","article_modified_time":"2026-01-11T21:25:04+00:00","og_image":[{"width":1280,"height":720,"url":"https:\/\/www.em.com.br\/emfoco\/wp-content\/uploads\/2025\/12\/Presidente-Prudente.png","type":"image\/png"}],"author":"Vitor Bruno","twitter_card":"summary_large_image","twitter_misc":{"Escrito por":"Vitor Bruno","Est. tempo de leitura":"5 minutos"},"schema":{"@context":"https:\/\/schema.org","@graph":[{"@type":"WebPage","@id":"https:\/\/www.em.com.br\/emfoco\/2026\/01\/12\/a-cidade-no-interior-que-virou-escolha-de-quem-quer-viver-bem-sem-depender-da-capital\/","url":"https:\/\/www.em.com.br\/emfoco\/2026\/01\/12\/a-cidade-no-interior-que-virou-escolha-de-quem-quer-viver-bem-sem-depender-da-capital\/","name":"A cidade no interior que virou escolha de quem quer viver bem sem depender da capital - Estado de Minas - Em foco","isPartOf":{"@id":"https:\/\/www.em.com.br\/emfoco\/#website"},"primaryImageOfPage":{"@id":"https:\/\/www.em.com.br\/emfoco\/2026\/01\/12\/a-cidade-no-interior-que-virou-escolha-de-quem-quer-viver-bem-sem-depender-da-capital\/#primaryimage"},"image":{"@id":"https:\/\/www.em.com.br\/emfoco\/2026\/01\/12\/a-cidade-no-interior-que-virou-escolha-de-quem-quer-viver-bem-sem-depender-da-capital\/#primaryimage"},"thumbnailUrl":"https:\/\/www.em.com.br\/emfoco\/wp-content\/uploads\/2025\/12\/Presidente-Prudente.png","datePublished":"2026-01-12T14:25:00+00:00","dateModified":"2026-01-11T21:25:04+00:00","author":{"@id":"https:\/\/www.em.com.br\/emfoco\/#\/schema\/person\/364ac1852fafd00f1be20f0b8b237569"},"description":"Saiba por que muitas fam\u00edlias decidiram viver no interior em uma cidade que oferece independ\u00eancia total em rela\u00e7\u00e3o \u00e0 capital.","breadcrumb":{"@id":"https:\/\/www.em.com.br\/emfoco\/2026\/01\/12\/a-cidade-no-interior-que-virou-escolha-de-quem-quer-viver-bem-sem-depender-da-capital\/#breadcrumb"},"inLanguage":"pt-BR","potentialAction":[{"@type":"ReadAction","target":["https:\/\/www.em.com.br\/emfoco\/2026\/01\/12\/a-cidade-no-interior-que-virou-escolha-de-quem-quer-viver-bem-sem-depender-da-capital\/"]}]},{"@type":"ImageObject","inLanguage":"pt-BR","@id":"https:\/\/www.em.com.br\/emfoco\/2026\/01\/12\/a-cidade-no-interior-que-virou-escolha-de-quem-quer-viver-bem-sem-depender-da-capital\/#primaryimage","url":"https:\/\/www.em.com.br\/emfoco\/wp-content\/uploads\/2025\/12\/Presidente-Prudente.png","contentUrl":"https:\/\/www.em.com.br\/emfoco\/wp-content\/uploads\/2025\/12\/Presidente-Prudente.png","width":1280,"height":720,"caption":"Presidente Prudente consolidou-se como a capital do Oeste Paulista, oferecendo uma rotina urbana din\u00e2mica e acolhedora \/\/ Cr\u00e9ditos: Wikimedia Commons"},{"@type":"BreadcrumbList","@id":"https:\/\/www.em.com.br\/emfoco\/2026\/01\/12\/a-cidade-no-interior-que-virou-escolha-de-quem-quer-viver-bem-sem-depender-da-capital\/#breadcrumb","itemListElement":[{"@type":"ListItem","position":1,"name":"In\u00edcio","item":"https:\/\/www.em.com.br\/emfoco\/"},{"@type":"ListItem","position":2,"name":"A cidade no interior que virou escolha de quem quer viver bem sem depender da capital"}]},{"@type":"WebSite","@id":"https:\/\/www.em.com.br\/emfoco\/#website","url":"https:\/\/www.em.com.br\/emfoco\/","name":"Estado de Minas - Em foco","description":"Acompanhe as \u00faltimas not\u00edcias e fique bem informado sobre tudo o que acontece em Minas Gerais, Brasil e no mundo.","potentialAction":[{"@type":"SearchAction","target":{"@type":"EntryPoint","urlTemplate":"https:\/\/www.em.com.br\/emfoco\/?s={search_term_string}"},"query-input":{"@type":"PropertyValueSpecification","valueRequired":true,"valueName":"search_term_string"}}],"inLanguage":"pt-BR"},{"@type":"Person","@id":"https:\/\/www.em.com.br\/emfoco\/#\/schema\/person\/364ac1852fafd00f1be20f0b8b237569","name":"Vitor Bruno","image":{"@type":"ImageObject","inLanguage":"pt-BR","@id":"https:\/\/www.em.com.br\/emfoco\/#\/schema\/person\/image\/","url":"https:\/\/secure.gravatar.com\/avatar\/b719e5cdede09f942064960883b5524d?s=96&d=mm&r=g","contentUrl":"https:\/\/secure.gravatar.com\/avatar\/b719e5cdede09f942064960883b5524d?s=96&d=mm&r=g","caption":"Vitor Bruno"},"sameAs":["https:\/\/www.em.com.br\/emfoco\/"],"url":"https:\/\/www.em.com.br\/emfoco\/author\/vitormyth\/"}]}},"_links":{"self":[{"href":"https:\/\/www.em.com.br\/emfoco\/wp-json\/wp\/v2\/posts\/153686","targetHints":{"allow":["GET"]}}],"collection":[{"href":"https:\/\/www.em.com.br\/emfoco\/wp-json\/wp\/v2\/posts"}],"about":[{"href":"https:\/\/www.em.com.br\/emfoco\/wp-json\/wp\/v2\/types\/post"}],"author":[{"embeddable":true,"href":"https:\/\/www.em.com.br\/emfoco\/wp-json\/wp\/v2\/users\/6"}],"replies":[{"embeddable":true,"href":"https:\/\/www.em.com.br\/emfoco\/wp-json\/wp\/v2\/comments?post=153686"}],"version-history":[{"count":6,"href":"https:\/\/www.em.com.br\/emfoco\/wp-json\/wp\/v2\/posts\/153686\/revisions"}],"predecessor-version":[{"id":168158,"href":"https:\/\/www.em.com.br\/emfoco\/wp-json\/wp\/v2\/posts\/153686\/revisions\/168158"}],"wp:featuredmedia":[{"embeddable":true,"href":"https:\/\/www.em.com.br\/emfoco\/wp-json\/wp\/v2\/media\/139363"}],"wp:attachment":[{"href":"https:\/\/www.em.com.br\/emfoco\/wp-json\/wp\/v2\/media?parent=153686"}],"wp:term":[{"taxonomy":"category","embeddable":true,"href":"https:\/\/www.em.com.br\/emfoco\/wp-json\/wp\/v2\/categories?post=153686"},{"taxonomy":"post_tag","embeddable":true,"href":"https:\/\/www.em.com.br\/emfoco\/wp-json\/wp\/v2\/tags?post=153686"}],"curies":[{"name":"wp","href":"https:\/\/api.w.org\/{rel}","templated":true}]}}