{"id":153660,"date":"2026-01-11T10:35:00","date_gmt":"2026-01-11T13:35:00","guid":{"rendered":"https:\/\/www.em.com.br\/emfoco\/?p=153660"},"modified":"2026-01-11T06:30:35","modified_gmt":"2026-01-11T09:30:35","slug":"essa-cidade-em-minas-gerais-virou-destino-silencioso-de-quem-valoriza-qualidade-de-vida-e-rotina-calma","status":"publish","type":"post","link":"https:\/\/www.em.com.br\/emfoco\/2026\/01\/11\/essa-cidade-em-minas-gerais-virou-destino-silencioso-de-quem-valoriza-qualidade-de-vida-e-rotina-calma\/","title":{"rendered":"Essa cidade em Minas Gerais virou destino silencioso de quem valoriza qualidade de vida e rotina calma"},"content":{"rendered":"\n<p>Situada no <strong>Sul de Minas<\/strong>, <strong>Pouso Alegre<\/strong> fica a cerca de 373 km de <strong>Belo Horizonte<\/strong>. A qualidade de vida se consolida como um atrativo para profissionais que buscam equilibrar o desenvolvimento econ\u00f4mico com a tranquilidade do interior mineiro.<\/p>\n\n\n\n<h2 class=\"wp-block-heading\">Como \u00e9 o estilo de vida no principal polo regional?<\/h2>\n\n\n\n<p>Viver em <strong>Pouso Alegre<\/strong> oferece acesso facilitado a uma infraestrutura de servi\u00e7os completa e centros comerciais diversificados. A cidade mant\u00e9m um ritmo equilibrado, onde o dinamismo industrial convive com bairros residenciais arborizados e seguros para fam\u00edlias.<\/p>\n\n\n\n<p>O cotidiano \u00e9 marcado pela praticidade de deslocamento e pela presen\u00e7a de espa\u00e7os p\u00fablicos voltados ao bem-estar coletivo. Moradores aproveitam as \u00e1reas de lazer e a gastronomia t\u00edpica regional, que preserva as ra\u00edzes mineiras em um ambiente urbano em constante moderniza\u00e7\u00e3o.<\/p>\n\n\n<div class=\"wp-block-image\">\n<figure class=\"aligncenter size-large\"><img loading=\"lazy\" decoding=\"async\" width=\"1024\" height=\"576\" src=\"https:\/\/www.em.com.br\/emfoco\/wp-content\/uploads\/2026\/01\/Minas-Gerais-cidade_1767795115355-1024x576.jpg\" alt=\"\" class=\"wp-image-151563\" srcset=\"https:\/\/www.em.com.br\/emfoco\/wp-content\/uploads\/2026\/01\/Minas-Gerais-cidade_1767795115355-1024x576.jpg 1024w, https:\/\/www.em.com.br\/emfoco\/wp-content\/uploads\/2026\/01\/Minas-Gerais-cidade_1767795115355-300x169.jpg 300w, https:\/\/www.em.com.br\/emfoco\/wp-content\/uploads\/2026\/01\/Minas-Gerais-cidade_1767795115355-768x432.jpg 768w, https:\/\/www.em.com.br\/emfoco\/wp-content\/uploads\/2026\/01\/Minas-Gerais-cidade_1767795115355-750x422.jpg 750w, https:\/\/www.em.com.br\/emfoco\/wp-content\/uploads\/2026\/01\/Minas-Gerais-cidade_1767795115355-1140x641.jpg 1140w, https:\/\/www.em.com.br\/emfoco\/wp-content\/uploads\/2026\/01\/Minas-Gerais-cidade_1767795115355.jpg 1280w\" sizes=\"auto, (max-width: 1024px) 100vw, 1024px\" \/><figcaption class=\"wp-element-caption\">Pouso Alegre \u00e9 polo industrial do Sul de Minas com bem-estar \/\/ Cr\u00e9ditos: depositphotos.com \/ PedroTruffi<\/figcaption><\/figure><\/div>\n\n\n<h2 class=\"wp-block-heading\">Por que a cidade lidera a ind\u00fastria farmac\u00eautica nacional?<\/h2>\n\n\n\n<p>O munic\u00edpio ocupa uma posi\u00e7\u00e3o estrat\u00e9gica na rodovia <strong>Fern\u00e3o Dias<\/strong> (<strong>BR-381<\/strong>), funcionando como um hub log\u00edstico entre <strong>S\u00e3o Paulo<\/strong> e <strong>Belo Horizonte<\/strong>. Esse Ponto de Ouro geogr\u00e1fico atraiu grandes conglomerados farmac\u00eauticos que buscam efici\u00eancia na distribui\u00e7\u00e3o para o <strong>Sudeste<\/strong>.<\/p>\n\n\n\n<p>A consolida\u00e7\u00e3o industrial transformou a economia local, gerando um ecossistema de fornecedores e servi\u00e7os especializados de alta tecnologia. Historicamente, essa voca\u00e7\u00e3o fabril fortaleceu o <strong><a href=\"https:\/\/www.ibge.gov.br\/cidades-e-estados\/mg\/pouso-alegre.html\" target=\"_blank\" rel=\"noreferrer noopener\">Produto Interno Bruto<\/a><\/strong> (<strong>PIB<\/strong>) municipal, elevando o patamar de arrecada\u00e7\u00e3o e investimentos p\u00fablicos em infraestrutura urbana.<\/p>\n\n\n\n<h2 class=\"wp-block-heading\">Qual \u00e9 o tamanho da popula\u00e7\u00e3o e o n\u00edvel da educa\u00e7\u00e3o?<\/h2>\n\n\n\n<p>O munic\u00edpio abriga 152 mil habitantes segundo os dados consolidados pelo <strong><a href=\"https:\/\/cidades.ibge.gov.br\/brasil\/mg\/pouso-alegre\/panorama\" target=\"_blank\" rel=\"noreferrer noopener\">Instituto Brasileiro de Geografia e Estat\u00edstica<\/a><\/strong> (<strong>IBGE<\/strong>). No setor educacional, a cidade se destaca como um polo universit\u00e1rio de refer\u00eancia, atraindo estudantes de diversas partes do pa\u00eds.<\/p>\n\n\n\n<p>A presen\u00e7a da <strong>Universidade do Vale do Sapuca\u00ed<\/strong> (<strong>UNIV\u00c1S<\/strong>) e do <strong>Instituto Federal de Educa\u00e7\u00e3o, Ci\u00eancia e Tecnologia do Sul de Minas<\/strong> (<strong>IFSULDEMINAS<\/strong>) qualifica a m\u00e3o de obra local. Esse foco no ensino superior garante que as ind\u00fastrias da regi\u00e3o tenham acesso a profissionais capacitados em tecnologia e sa\u00fade.<\/p>\n\n\n<div class=\"wp-block-image\">\n<figure class=\"aligncenter size-large\"><img loading=\"lazy\" decoding=\"async\" width=\"1024\" height=\"576\" src=\"https:\/\/www.em.com.br\/emfoco\/wp-content\/uploads\/2026\/01\/Minas-Gerais-cidade_1767795127484-1024x576.jpg\" alt=\"\" class=\"wp-image-151564\" srcset=\"https:\/\/www.em.com.br\/emfoco\/wp-content\/uploads\/2026\/01\/Minas-Gerais-cidade_1767795127484-1024x576.jpg 1024w, https:\/\/www.em.com.br\/emfoco\/wp-content\/uploads\/2026\/01\/Minas-Gerais-cidade_1767795127484-300x169.jpg 300w, https:\/\/www.em.com.br\/emfoco\/wp-content\/uploads\/2026\/01\/Minas-Gerais-cidade_1767795127484-768x432.jpg 768w, https:\/\/www.em.com.br\/emfoco\/wp-content\/uploads\/2026\/01\/Minas-Gerais-cidade_1767795127484-750x422.jpg 750w, https:\/\/www.em.com.br\/emfoco\/wp-content\/uploads\/2026\/01\/Minas-Gerais-cidade_1767795127484-1140x641.jpg 1140w, https:\/\/www.em.com.br\/emfoco\/wp-content\/uploads\/2026\/01\/Minas-Gerais-cidade_1767795127484.jpg 1280w\" sizes=\"auto, (max-width: 1024px) 100vw, 1024px\" \/><figcaption class=\"wp-element-caption\">Pouso Alegre cresce com qualidade de vida no Sul de Minas \/\/ Cr\u00e9ditos: depositphotos.com \/ PedroTruffi<\/figcaption><\/figure><\/div>\n\n\n<h2 class=\"wp-block-heading\">O que fazer entre as montanhas e monumentos mineiros?<\/h2>\n\n\n\n<p>As op\u00e7\u00f5es de lazer misturam a contempla\u00e7\u00e3o de arquiteturas hist\u00f3ricas com roteiros ecol\u00f3gicos em \u00e1reas de preserva\u00e7\u00e3o nativa. Visitantes encontram um centro hist\u00f3rico preservado e espa\u00e7os culturais que narram a trajet\u00f3ria de desenvolvimento social desta regi\u00e3o montanhosa.<\/p>\n\n\n\n<p>O roteiro tur\u00edstico local integra experi\u00eancias sensoriais e culturais em pontos estrat\u00e9gicos de grande import\u00e2ncia para o <strong>Sul de Minas<\/strong>.<\/p>\n\n\n\n<ul class=\"wp-block-list has-medium-font-size\">\n<li><strong>Catedral Metropolitana de Pouso Alegre<\/strong>: Edifica\u00e7\u00e3o monumental em estilo neog\u00f3tico com vitrais importados e uma das maiores naves centrais da regi\u00e3o.<\/li>\n\n\n\n<li><strong>Mercado Municipal<\/strong>: Centro de conviv\u00eancia tradicional para adquirir queijos artesanais, doces t\u00edpicos e o famoso artesanato mineiro de qualidade.<\/li>\n\n\n\n<li><strong>Parque Natural Municipal Professor Fernando Afonso Bonillo Fernandes<\/strong>: Unidade de conserva\u00e7\u00e3o com trilhas sinalizadas, lagos e ampla biodiversidade do bioma local.<\/li>\n\n\n\n<li><strong>Teatro Municipal de Pouso Alegre<\/strong>: Espa\u00e7o cultural situado no <strong>Centro Cultural Cleonice Bonillo Fernandes<\/strong> que recebe espet\u00e1culos e eventos art\u00edsticos nacionais.<\/li>\n<\/ul>\n\n\n\n<p>Quem busca descobrir o que h\u00e1 de melhor no Sul de Minas, vai curtir esse v\u00eddeo especialmente selecionado do canal <strong>Um olhar com Sabrina<\/strong>, onde a apresentadora <strong>Sabrina<\/strong> mostra detalhadamente o que fazer em <strong>Pouso Alegre<\/strong>:<\/p>\n\n\n\n<figure class=\"wp-block-embed is-type-video is-provider-youtube wp-block-embed-youtube wp-embed-aspect-16-9 wp-has-aspect-ratio\"><div class=\"wp-block-embed__wrapper\">\n<div class=\"jeg_video_container jeg_video_content\"><iframe loading=\"lazy\" title=\"O que fazer em Pouso Alegre em Minas Gerais\" width=\"500\" height=\"281\" src=\"https:\/\/www.youtube.com\/embed\/LEkWe-njAgs?feature=oembed\" frameborder=\"0\" allow=\"accelerometer; autoplay; clipboard-write; encrypted-media; gyroscope; picture-in-picture; web-share\" referrerpolicy=\"strict-origin-when-cross-origin\" allowfullscreen><\/iframe><\/div>\n<\/div><\/figure>\n\n\n\n<p><strong>Leia tamb\u00e9m: <a href=\"https:\/\/www.em.com.br\/emfoco\/2026\/01\/10\/essa-cidade-entre-montanhas-e-metropoles-virou-refugio-de-quem-busca-qualidade-de-vida\/\" target=\"_blank\" rel=\"noreferrer noopener\">Essa cidade entre montanhas e metr\u00f3poles virou ref\u00fagio de quem busca qualidade de vida<\/a><\/strong><\/p>\n\n\n\n<h2 class=\"wp-block-heading\">Como o tempo se comporta nesta altitude mineira?<\/h2>\n\n\n\n<p>O clima \u00e9 classificado como tropical de altitude, apresentando ver\u00f5es chuvosos e invernos secos com temperaturas que podem cair bruscamente durante a noite. Segundo o <strong><a href=\"https:\/\/www.climatempo.com.br\/previsao-do-tempo\/cidade\/1100\/pousoalegre-mg\" target=\"_blank\" rel=\"noreferrer noopener\">Climatempo<\/a><\/strong>, a m\u00e9dia de 832 metros de altitude influencia a ventila\u00e7\u00e3o e garante um ar mais puro no per\u00edmetro urbano.<\/p>\n\n\n\n<p>A varia\u00e7\u00e3o t\u00e9rmica exige aten\u00e7\u00e3o dos visitantes, especialmente nos meses de transi\u00e7\u00e3o entre as esta\u00e7\u00f5es. A tabela abaixo apresenta as m\u00e9dias esperadas para auxiliar no planejamento de viagens e atividades ao ar livre.<\/p>\n\n\n\n<figure class=\"wp-block-table\"><table class=\"has-fixed-layout\"><tbody><tr><td>Esta\u00e7\u00e3o do Ano<\/td><td>Temperatura M\u00e9dia<\/td><td>O que esperar<\/td><\/tr><tr><td>Ver\u00e3o<\/td><td>19\u00b0C a 29\u00b0C<\/td><td>Calor \u00famido com pancadas de chuva<\/td><\/tr><tr><td>Outono<\/td><td>15\u00b0C a 25\u00b0C<\/td><td>C\u00e9u limpo e amplitude t\u00e9rmica moderada<\/td><\/tr><tr><td>Inverno<\/td><td>10\u00b0C a 22\u00b0C<\/td><td>Noites frias e clima muito seco<\/td><\/tr><tr><td>Primavera<\/td><td>18\u00b0C a 27\u00b0C<\/td><td>Umidade em eleva\u00e7\u00e3o e dias ensolarados<\/td><\/tr><\/tbody><\/table><\/figure>\n\n\n\n<h2 class=\"wp-block-heading\">Motivos para morar em Pouso Alegre<\/h2>\n\n\n\n<p>A escolha por este destino fundamenta-se na robustez econ\u00f4mica e na oferta de servi\u00e7os de sa\u00fade que servem como refer\u00eancia regional. O munic\u00edpio oferece uma estrutura de capital com o acolhimento t\u00edpico do povo mineiro, facilitando a adapta\u00e7\u00e3o de novos residentes.<\/p>\n\n\n\n<ul class=\"wp-block-list has-medium-font-size\">\n<li>Localiza\u00e7\u00e3o estrat\u00e9gica que permite conex\u00e3o r\u00e1pida com os maiores centros financeiros e industriais do <strong>Brasil<\/strong>.<\/li>\n\n\n\n<li>Mercado de trabalho din\u00e2mico com forte demanda por profissionais t\u00e9cnicos e especializados em gest\u00e3o industrial.<\/li>\n\n\n\n<li>Infraestrutura de lazer completa que inclui parques naturais, teatros e centros de compras de alto padr\u00e3o.<\/li>\n<\/ul>\n\n\n\n<p>Voc\u00ea precisa conhecer o progresso e as belezas naturais desta localidade em sua pr\u00f3xima viagem por <strong>Minas Gerais<\/strong>. Venha visitar <strong>Pouso Alegre<\/strong>.<\/p>\n","protected":false},"excerpt":{"rendered":"<p>Situada no Sul de Minas, Pouso Alegre fica a cerca de 373 km de Belo Horizonte. A qualidade de vida se consolida como um atrativo para profissionais que buscam equilibrar o desenvolvimento econ\u00f4mico com a tranquilidade do interior mineiro. Como \u00e9 o estilo de vida no principal polo regional? Viver em Pouso Alegre oferece acesso [&hellip;]<\/p>\n","protected":false},"author":6,"featured_media":151562,"comment_status":"open","ping_status":"open","sticky":false,"template":"","format":"standard","meta":{"jnews-multi-image_gallery":[],"jnews_single_post":{"format":"standard"},"jnews_primary_category":[],"jnews_social_meta":[],"jnews_override_counter":[],"footnotes":""},"categories":[26],"tags":[183,207,1616],"class_list":["post-153660","post","type-post","status-publish","format-standard","has-post-thumbnail","hentry","category-cidades","tag-cidades","tag-minas-gerais","tag-pouso-alegre"],"yoast_head":"<!-- This site is optimized with the Yoast SEO plugin v23.8 - https:\/\/yoast.com\/wordpress\/plugins\/seo\/ -->\n<title>Essa cidade em Minas Gerais virou destino silencioso de quem valoriza qualidade de vida e rotina calma - Estado de Minas - Em foco<\/title>\n<meta name=\"description\" content=\"Muita gente est\u00e1 escolhendo morar nesta cidade em Minas Gerais para aproveitar o clima de montanha e a seguran\u00e7a do interior mineiro.\" \/>\n<meta name=\"robots\" content=\"index, follow, max-snippet:-1, max-image-preview:large, max-video-preview:-1\" \/>\n<link rel=\"canonical\" href=\"https:\/\/www.em.com.br\/emfoco\/2026\/01\/11\/essa-cidade-em-minas-gerais-virou-destino-silencioso-de-quem-valoriza-qualidade-de-vida-e-rotina-calma\/\" \/>\n<meta property=\"og:locale\" content=\"pt_BR\" \/>\n<meta property=\"og:type\" content=\"article\" \/>\n<meta property=\"og:title\" content=\"Essa cidade em Minas Gerais virou destino silencioso de quem valoriza qualidade de vida e rotina calma - Estado de Minas - Em foco\" \/>\n<meta property=\"og:description\" content=\"Muita gente est\u00e1 escolhendo morar nesta cidade em Minas Gerais para aproveitar o clima de montanha e a seguran\u00e7a do interior mineiro.\" \/>\n<meta property=\"og:url\" content=\"https:\/\/www.em.com.br\/emfoco\/2026\/01\/11\/essa-cidade-em-minas-gerais-virou-destino-silencioso-de-quem-valoriza-qualidade-de-vida-e-rotina-calma\/\" \/>\n<meta property=\"og:site_name\" content=\"Estado de Minas - Em foco\" \/>\n<meta property=\"article:published_time\" content=\"2026-01-11T13:35:00+00:00\" \/>\n<meta property=\"article:modified_time\" content=\"2026-01-11T09:30:35+00:00\" \/>\n<meta property=\"og:image\" content=\"https:\/\/www.em.com.br\/emfoco\/wp-content\/uploads\/2026\/01\/Minas-Gerais-cidade_1767795105368.jpg\" \/>\n\t<meta property=\"og:image:width\" content=\"1280\" \/>\n\t<meta property=\"og:image:height\" content=\"720\" \/>\n\t<meta property=\"og:image:type\" content=\"image\/jpeg\" \/>\n<meta name=\"author\" content=\"Vitor Bruno\" \/>\n<meta name=\"twitter:card\" content=\"summary_large_image\" \/>\n<meta name=\"twitter:label1\" content=\"Escrito por\" \/>\n\t<meta name=\"twitter:data1\" content=\"Vitor Bruno\" \/>\n\t<meta name=\"twitter:label2\" content=\"Est. tempo de leitura\" \/>\n\t<meta name=\"twitter:data2\" content=\"5 minutos\" \/>\n<!-- \/ Yoast SEO plugin. -->","yoast_head_json":{"title":"Essa cidade em Minas Gerais virou destino silencioso de quem valoriza qualidade de vida e rotina calma - Estado de Minas - Em foco","description":"Muita gente est\u00e1 escolhendo morar nesta cidade em Minas Gerais para aproveitar o clima de montanha e a seguran\u00e7a do interior mineiro.","robots":{"index":"index","follow":"follow","max-snippet":"max-snippet:-1","max-image-preview":"max-image-preview:large","max-video-preview":"max-video-preview:-1"},"canonical":"https:\/\/www.em.com.br\/emfoco\/2026\/01\/11\/essa-cidade-em-minas-gerais-virou-destino-silencioso-de-quem-valoriza-qualidade-de-vida-e-rotina-calma\/","og_locale":"pt_BR","og_type":"article","og_title":"Essa cidade em Minas Gerais virou destino silencioso de quem valoriza qualidade de vida e rotina calma - Estado de Minas - Em foco","og_description":"Muita gente est\u00e1 escolhendo morar nesta cidade em Minas Gerais para aproveitar o clima de montanha e a seguran\u00e7a do interior mineiro.","og_url":"https:\/\/www.em.com.br\/emfoco\/2026\/01\/11\/essa-cidade-em-minas-gerais-virou-destino-silencioso-de-quem-valoriza-qualidade-de-vida-e-rotina-calma\/","og_site_name":"Estado de Minas - Em foco","article_published_time":"2026-01-11T13:35:00+00:00","article_modified_time":"2026-01-11T09:30:35+00:00","og_image":[{"width":1280,"height":720,"url":"https:\/\/www.em.com.br\/emfoco\/wp-content\/uploads\/2026\/01\/Minas-Gerais-cidade_1767795105368.jpg","type":"image\/jpeg"}],"author":"Vitor Bruno","twitter_card":"summary_large_image","twitter_misc":{"Escrito por":"Vitor Bruno","Est. tempo de leitura":"5 minutos"},"schema":{"@context":"https:\/\/schema.org","@graph":[{"@type":"WebPage","@id":"https:\/\/www.em.com.br\/emfoco\/2026\/01\/11\/essa-cidade-em-minas-gerais-virou-destino-silencioso-de-quem-valoriza-qualidade-de-vida-e-rotina-calma\/","url":"https:\/\/www.em.com.br\/emfoco\/2026\/01\/11\/essa-cidade-em-minas-gerais-virou-destino-silencioso-de-quem-valoriza-qualidade-de-vida-e-rotina-calma\/","name":"Essa cidade em Minas Gerais virou destino silencioso de quem valoriza qualidade de vida e rotina calma - Estado de Minas - Em foco","isPartOf":{"@id":"https:\/\/www.em.com.br\/emfoco\/#website"},"primaryImageOfPage":{"@id":"https:\/\/www.em.com.br\/emfoco\/2026\/01\/11\/essa-cidade-em-minas-gerais-virou-destino-silencioso-de-quem-valoriza-qualidade-de-vida-e-rotina-calma\/#primaryimage"},"image":{"@id":"https:\/\/www.em.com.br\/emfoco\/2026\/01\/11\/essa-cidade-em-minas-gerais-virou-destino-silencioso-de-quem-valoriza-qualidade-de-vida-e-rotina-calma\/#primaryimage"},"thumbnailUrl":"https:\/\/www.em.com.br\/emfoco\/wp-content\/uploads\/2026\/01\/Minas-Gerais-cidade_1767795105368.jpg","datePublished":"2026-01-11T13:35:00+00:00","dateModified":"2026-01-11T09:30:35+00:00","author":{"@id":"https:\/\/www.em.com.br\/emfoco\/#\/schema\/person\/364ac1852fafd00f1be20f0b8b237569"},"description":"Muita gente est\u00e1 escolhendo morar nesta cidade em Minas Gerais para aproveitar o clima de montanha e a seguran\u00e7a do interior mineiro.","breadcrumb":{"@id":"https:\/\/www.em.com.br\/emfoco\/2026\/01\/11\/essa-cidade-em-minas-gerais-virou-destino-silencioso-de-quem-valoriza-qualidade-de-vida-e-rotina-calma\/#breadcrumb"},"inLanguage":"pt-BR","potentialAction":[{"@type":"ReadAction","target":["https:\/\/www.em.com.br\/emfoco\/2026\/01\/11\/essa-cidade-em-minas-gerais-virou-destino-silencioso-de-quem-valoriza-qualidade-de-vida-e-rotina-calma\/"]}]},{"@type":"ImageObject","inLanguage":"pt-BR","@id":"https:\/\/www.em.com.br\/emfoco\/2026\/01\/11\/essa-cidade-em-minas-gerais-virou-destino-silencioso-de-quem-valoriza-qualidade-de-vida-e-rotina-calma\/#primaryimage","url":"https:\/\/www.em.com.br\/emfoco\/wp-content\/uploads\/2026\/01\/Minas-Gerais-cidade_1767795105368.jpg","contentUrl":"https:\/\/www.em.com.br\/emfoco\/wp-content\/uploads\/2026\/01\/Minas-Gerais-cidade_1767795105368.jpg","width":1280,"height":720,"caption":"Pouso Alegre atrai moradores com qualidade de vida e ind\u00fastria forte \/\/ Cr\u00e9ditos: depositphotos.com \/ PedroTruffi"},{"@type":"BreadcrumbList","@id":"https:\/\/www.em.com.br\/emfoco\/2026\/01\/11\/essa-cidade-em-minas-gerais-virou-destino-silencioso-de-quem-valoriza-qualidade-de-vida-e-rotina-calma\/#breadcrumb","itemListElement":[{"@type":"ListItem","position":1,"name":"In\u00edcio","item":"https:\/\/www.em.com.br\/emfoco\/"},{"@type":"ListItem","position":2,"name":"Essa cidade em Minas Gerais virou destino silencioso de quem valoriza qualidade de vida e rotina calma"}]},{"@type":"WebSite","@id":"https:\/\/www.em.com.br\/emfoco\/#website","url":"https:\/\/www.em.com.br\/emfoco\/","name":"Estado de Minas - Em foco","description":"Acompanhe as \u00faltimas not\u00edcias e fique bem informado sobre tudo o que acontece em Minas Gerais, Brasil e no mundo.","potentialAction":[{"@type":"SearchAction","target":{"@type":"EntryPoint","urlTemplate":"https:\/\/www.em.com.br\/emfoco\/?s={search_term_string}"},"query-input":{"@type":"PropertyValueSpecification","valueRequired":true,"valueName":"search_term_string"}}],"inLanguage":"pt-BR"},{"@type":"Person","@id":"https:\/\/www.em.com.br\/emfoco\/#\/schema\/person\/364ac1852fafd00f1be20f0b8b237569","name":"Vitor Bruno","image":{"@type":"ImageObject","inLanguage":"pt-BR","@id":"https:\/\/www.em.com.br\/emfoco\/#\/schema\/person\/image\/","url":"https:\/\/secure.gravatar.com\/avatar\/b719e5cdede09f942064960883b5524d?s=96&d=mm&r=g","contentUrl":"https:\/\/secure.gravatar.com\/avatar\/b719e5cdede09f942064960883b5524d?s=96&d=mm&r=g","caption":"Vitor Bruno"},"sameAs":["https:\/\/www.em.com.br\/emfoco\/"],"url":"https:\/\/www.em.com.br\/emfoco\/author\/vitormyth\/"}]}},"_links":{"self":[{"href":"https:\/\/www.em.com.br\/emfoco\/wp-json\/wp\/v2\/posts\/153660","targetHints":{"allow":["GET"]}}],"collection":[{"href":"https:\/\/www.em.com.br\/emfoco\/wp-json\/wp\/v2\/posts"}],"about":[{"href":"https:\/\/www.em.com.br\/emfoco\/wp-json\/wp\/v2\/types\/post"}],"author":[{"embeddable":true,"href":"https:\/\/www.em.com.br\/emfoco\/wp-json\/wp\/v2\/users\/6"}],"replies":[{"embeddable":true,"href":"https:\/\/www.em.com.br\/emfoco\/wp-json\/wp\/v2\/comments?post=153660"}],"version-history":[{"count":4,"href":"https:\/\/www.em.com.br\/emfoco\/wp-json\/wp\/v2\/posts\/153660\/revisions"}],"predecessor-version":[{"id":153678,"href":"https:\/\/www.em.com.br\/emfoco\/wp-json\/wp\/v2\/posts\/153660\/revisions\/153678"}],"wp:featuredmedia":[{"embeddable":true,"href":"https:\/\/www.em.com.br\/emfoco\/wp-json\/wp\/v2\/media\/151562"}],"wp:attachment":[{"href":"https:\/\/www.em.com.br\/emfoco\/wp-json\/wp\/v2\/media?parent=153660"}],"wp:term":[{"taxonomy":"category","embeddable":true,"href":"https:\/\/www.em.com.br\/emfoco\/wp-json\/wp\/v2\/categories?post=153660"},{"taxonomy":"post_tag","embeddable":true,"href":"https:\/\/www.em.com.br\/emfoco\/wp-json\/wp\/v2\/tags?post=153660"}],"curies":[{"name":"wp","href":"https:\/\/api.w.org\/{rel}","templated":true}]}}