{"id":153630,"date":"2026-01-11T08:15:34","date_gmt":"2026-01-11T11:15:34","guid":{"rendered":"https:\/\/www.em.com.br\/emfoco\/?p=153630"},"modified":"2026-01-10T16:39:53","modified_gmt":"2026-01-10T19:39:53","slug":"como-se-vestir-bem-no-verao-com-looks-leves-elegantes-e-confortaveis-o-dia-todo","status":"publish","type":"post","link":"https:\/\/www.em.com.br\/emfoco\/2026\/01\/11\/como-se-vestir-bem-no-verao-com-looks-leves-elegantes-e-confortaveis-o-dia-todo\/","title":{"rendered":"Como se vestir bem no ver\u00e3o com looks leves, elegantes e confort\u00e1veis o dia todo"},"content":{"rendered":"\n<p>Montar <strong>looks de ver\u00e3o<\/strong> que sejam ao mesmo tempo elegantes e confort\u00e1veis \u00e9 um desafio para muita gente que sai cedo de casa e s\u00f3 volta \u00e0 noite. As altas temperaturas pedem roupas leves, mas muitos <strong>ambientes<\/strong>, como escrit\u00f3rios, restaurantes e encontros sociais, ainda exigem certa formalidade. Nesse cen\u00e1rio, entender alguns princ\u00edpios b\u00e1sicos de <strong>estilo pessoal<\/strong> ajuda qualquer pessoa a se vestir bem no calor, sem abrir m\u00e3o do bem-estar e da pr\u00f3pria identidade.<\/p>\n\n\n\n<h2 class=\"wp-block-heading\">Como se vestir bem no ver\u00e3o<\/h2>\n\n\n\n<p>A express\u00e3o <strong>se vestir bem<\/strong> no ver\u00e3o est\u00e1 ligada a um equil\u00edbrio entre apar\u00eancia e funcionalidade no dia a dia real. Em vez de focar apenas em tend\u00eancias, muitas pessoas priorizam roupas que permitam <strong>mobilidade<\/strong>, transpira\u00e7\u00e3o adequada e que n\u00e3o gerem desconforto ao longo do dia, especialmente em trajetos longos ou cheios de compromissos.<\/p>\n\n\n\n<p>Nessa l\u00f3gica, a qualidade do <strong>tecido<\/strong> e o caimento das pe\u00e7as ganham destaque imediato. Pe\u00e7as bem cortadas, com costuras firmes e acabamento limpo tendem a valorizar o corpo sem apertar ou marcar demais, enquanto tecidos leves ajudam a reduzir a sensa\u00e7\u00e3o de abafamento mesmo em dias com sensa\u00e7\u00e3o t\u00e9rmica elevada.<\/p>\n\n\n<div class=\"wp-block-image\">\n<figure class=\"aligncenter size-large\"><img loading=\"lazy\" decoding=\"async\" width=\"1024\" height=\"576\" src=\"https:\/\/www.em.com.br\/emfoco\/wp-content\/uploads\/2026\/01\/Gemini_Generated_Image_tyn6zztyn6zztyn6-1-1024x576.png\" alt=\"\" class=\"wp-image-153344\" srcset=\"https:\/\/www.em.com.br\/emfoco\/wp-content\/uploads\/2026\/01\/Gemini_Generated_Image_tyn6zztyn6zztyn6-1-1024x576.png 1024w, https:\/\/www.em.com.br\/emfoco\/wp-content\/uploads\/2026\/01\/Gemini_Generated_Image_tyn6zztyn6zztyn6-1-300x169.png 300w, https:\/\/www.em.com.br\/emfoco\/wp-content\/uploads\/2026\/01\/Gemini_Generated_Image_tyn6zztyn6zztyn6-1-768x432.png 768w, https:\/\/www.em.com.br\/emfoco\/wp-content\/uploads\/2026\/01\/Gemini_Generated_Image_tyn6zztyn6zztyn6-1-750x422.png 750w, https:\/\/www.em.com.br\/emfoco\/wp-content\/uploads\/2026\/01\/Gemini_Generated_Image_tyn6zztyn6zztyn6-1-1140x641.png 1140w, https:\/\/www.em.com.br\/emfoco\/wp-content\/uploads\/2026\/01\/Gemini_Generated_Image_tyn6zztyn6zztyn6-1.png 1280w\" sizes=\"auto, (max-width: 1024px) 100vw, 1024px\" \/><figcaption class=\"wp-element-caption\">A cal\u00e7a capri, famosa pelo comprimento encurtado, retorna com uma proposta mais sofisticada<\/figcaption><\/figure><\/div>\n\n\n<p>Leia tamb\u00e9m:&nbsp;<a href=\"https:\/\/www.em.com.br\/emfoco\/2026\/01\/07\/nem-discreta-nem-basica-a-moda-dos-anos-90-que-vai-bombar-em-2026\/\" target=\"_blank\" rel=\"noopener\">Nem discreta, nem b\u00e1sica: a moda dos anos 90 que vai bombar em 2026<\/a><\/p>\n\n\n\n<h2 class=\"wp-block-heading\">Como montar looks frescos e estilosos para o calor<\/h2>\n\n\n\n<p>Montar um <strong>look de ver\u00e3o<\/strong> eficiente passa por priorizar a ventila\u00e7\u00e3o do corpo e a redu\u00e7\u00e3o de camadas desnecess\u00e1rias. Roupas \u00fanicas, como vestidos, macac\u00f5es leves e conjuntos de duas pe\u00e7as em tecidos respir\u00e1veis, funcionam bem tanto para o dia a dia quanto para situa\u00e7\u00f5es um pouco mais formais, como um <strong>almo\u00e7o<\/strong> de trabalho.<\/p>\n\n\n\n<figure class=\"wp-block-embed is-type-rich is-provider-pinterest wp-block-embed-pinterest\"><div class=\"wp-block-embed__wrapper\">\n<iframe loading=\"lazy\" title=\" \" src=\"https:\/\/assets.pinterest.com\/ext\/embed.html?id=297308012923024658&#038;src=oembed\" height=\"1073\" width=\"450\" frameborder=\"0\" scrolling=\"no\" ><\/iframe>\n<\/div><\/figure>\n\n\n\n<p>Outra estrat\u00e9gia \u00e9 pensar nos <strong>looks<\/strong> por ocasi\u00e3o e pelo tipo de rotina. Para o trabalho, muitas pessoas optam por cal\u00e7as de linho, camisas leves e sand\u00e1lias mais estruturadas, enquanto para encontros informais, shorts de tecido plano, vestidos curtos e saias fluidas aparecem com frequ\u00eancia e garantem <strong>praticidade<\/strong>.<\/p>\n\n\n\n<figure class=\"wp-block-embed is-type-rich is-provider-pinterest wp-block-embed-pinterest\"><div class=\"wp-block-embed__wrapper\">\n<iframe loading=\"lazy\" title=\"a pe\u00e7a perfeita para o seu ver\u00e3o \ud83d\udc9b refer\u00eancia&gt;&gt; macaquinho laure compre on-line: www.tyli.com.br\" src=\"https:\/\/assets.pinterest.com\/ext\/embed.html?id=2040762328985383&#038;src=oembed\" height=\"899\" width=\"450\" frameborder=\"0\" scrolling=\"no\" ><\/iframe>\n<\/div><\/figure>\n\n\n\n<h2 class=\"wp-block-heading\">Como usar cores e tecidos para se vestir bem no ver\u00e3o<\/h2>\n\n\n\n<p>A escolha das <strong>cores certas<\/strong> influencia diretamente na sensa\u00e7\u00e3o t\u00e9rmica e na leveza visual do look. Tons claros tendem a absorver menos calor, o que torna o uso de branco, off-white, bege e cores pastel bastante comum nos looks de calor, al\u00e9m de facilitarem combina\u00e7\u00f5es com poucas pe\u00e7as.<\/p>\n\n\n\n<p>Da mesma forma, os <strong>tecidos<\/strong> exercem papel central em qualquer guarda-roupa de ver\u00e3o. Algod\u00e3o, linho, viscose e rayon s\u00e3o lembrados por serem respir\u00e1veis e confort\u00e1veis, ao contr\u00e1rio de materiais muito sint\u00e9ticos ou grossos, que tendem a reter calor e podem intensificar a sensa\u00e7\u00e3o de suor e <strong>desconforto<\/strong>.<\/p>\n\n\n\n<figure class=\"wp-block-embed\"><div class=\"wp-block-embed__wrapper\">\nhttps:\/\/br.pinterest.com\/pin\/AVYllIwvnOR3uyH2TxR4EfIS4FgxUCAjjwQ_wr63HT7wPzP9s2zcmu6xZmQOXqgmWzFIk6xqVnw6chNbO2TaX9k\n<\/div><\/figure>\n\n\n\n<h2 class=\"wp-block-heading\">Quais cal\u00e7ados e acess\u00f3rios funcionam melhor em dias quentes<\/h2>\n\n\n\n<p>O <strong>cal\u00e7ado<\/strong> \u00e9 parte importante de qualquer look para dias quentes, j\u00e1 que p\u00e9s abafados podem arruinar um dia inteiro. Modelos abertos costumam ser os mais utilizados, justamente por permitirem que os p\u00e9s respirem, e por combinarem facilmente com roupas leves e fluidas t\u00edpicas do ver\u00e3o.<\/p>\n\n\n\n<figure class=\"wp-block-embed is-type-rich is-provider-pinterest wp-block-embed-pinterest\"><div class=\"wp-block-embed__wrapper\">\n<iframe loading=\"lazy\" title=\"Escolha sua favorita e mande EU QUERO \ud83d\udd17\" src=\"https:\/\/assets.pinterest.com\/ext\/embed.html?id=14707136281807791&#038;src=oembed\" height=\"898\" width=\"450\" frameborder=\"0\" scrolling=\"no\" ><\/iframe>\n<\/div><\/figure>\n\n\n\n<p>Os acess\u00f3rios tamb\u00e9m t\u00eam papel relevante na hora de se vestir bem no calor e podem transformar produ\u00e7\u00f5es simples. Em vez de apostar em muitas camadas de roupa, muita gente escolhe pe\u00e7as b\u00e1sicas e utiliza <strong>acess\u00f3rios<\/strong> como ponto de interesse, deixando o visual mais pessoal e descontra\u00eddo.<\/p>\n\n\n\n<figure class=\"wp-block-embed is-type-rich is-provider-pinterest wp-block-embed-pinterest\"><div class=\"wp-block-embed__wrapper\">\n<iframe loading=\"lazy\" title=\" \" src=\"https:\/\/assets.pinterest.com\/ext\/embed.html?id=1407443629513912&#038;src=oembed\" height=\"898\" width=\"450\" frameborder=\"0\" scrolling=\"no\" ><\/iframe>\n<\/div><\/figure>\n\n\n\n<h2 class=\"wp-block-heading\">Quais cuidados tomar ao montar looks de ver\u00e3o<\/h2>\n\n\n\n<p>Alguns h\u00e1bitos comuns podem deixar o dia mais pesado quando a temperatura sobe, mas pequenas mudan\u00e7as j\u00e1 trazem al\u00edvio. Pensar na rotina, nos deslocamentos e no tempo que voc\u00ea ficar\u00e1 com a mesma roupa ajuda a evitar escolhas que pare\u00e7am bonitas, mas sejam pouco pr\u00e1ticas ou desconfort\u00e1veis no <strong>calor<\/strong>.<\/p>\n\n\n\n<p>Para facilitar essas escolhas no dia a dia, vale prestar aten\u00e7\u00e3o em alguns pontos que costumam fazer diferen\u00e7a real no conforto:<\/p>\n\n\n\n<ul class=\"wp-block-list\">\n<li><strong>Excesso de camadas<\/strong> aumenta a sensa\u00e7\u00e3o t\u00e9rmica e restringe movimentos, assim como sapatos totalmente fechados e escuros, roupas muito justas e a pr\u00e1tica de ignorar o clima ao replicar inspira\u00e7\u00f5es estrangeiras sem adapta\u00e7\u00e3o \u00e0 realidade <strong>brasileira<\/strong>.<\/li>\n<\/ul>\n\n\n\n<figure class=\"wp-block-embed is-type-rich is-provider-pinterest wp-block-embed-pinterest\"><div class=\"wp-block-embed__wrapper\">\n<iframe loading=\"lazy\" title=\" \" src=\"https:\/\/assets.pinterest.com\/ext\/embed.html?id=68748718766&#038;src=oembed\" height=\"1077\" width=\"450\" frameborder=\"0\" scrolling=\"no\" ><\/iframe>\n<\/div><\/figure>\n\n\n\n<h2 class=\"wp-block-heading\">Como concluir seus looks de ver\u00e3o com mais seguran\u00e7a no dia a dia<\/h2>\n\n\n\n<p>Ajustar as escolhas de <strong>moda<\/strong> \u00e0 realidade de cada cidade, ao tipo de trabalho e \u00e0 rotina di\u00e1ria permite manter o estilo mesmo nos dias mais quentes. Ao combinar tecidos adequados, cores claras, modelagens soltas e cal\u00e7ados arejados, fica mais simples se vestir bem no ver\u00e3o sem abrir m\u00e3o do conforto e da <strong>praticidade<\/strong>.<\/p>\n\n\n\n<p>Se voc\u00ea quer aprimorar ainda mais seus<a href=\"https:\/\/br.pinterest.com\/search\/pins\/?q=look%20ver%C3%A3o%202026%20feminino&amp;rs=typed\" target=\"_blank\" rel=\"noreferrer noopener\"> looks de ver\u00e3o<\/a>, comece observando o que j\u00e1 funciona no seu guarda-roupa e fazendo pequenos testes nas pr\u00f3ximas semanas. Experimente novas combina\u00e7\u00f5es, tire fotos dos looks que mais gostar e, se achar \u00fatil, busque refer\u00eancias de pessoas com rotina parecida com a sua para se inspirar e criar um <strong>estilo<\/strong> que seja s\u00f3 seu.<\/p>\n","protected":false},"excerpt":{"rendered":"<p>Montar looks de ver\u00e3o que sejam ao mesmo tempo elegantes e confort\u00e1veis \u00e9 um desafio para muita gente que sai cedo de casa e s\u00f3 volta \u00e0 noite. As altas temperaturas pedem roupas leves, mas muitos ambientes, como escrit\u00f3rios, restaurantes e encontros sociais, ainda exigem certa formalidade. Nesse cen\u00e1rio, entender alguns princ\u00edpios b\u00e1sicos de estilo [&hellip;]<\/p>\n","protected":false},"author":9,"featured_media":153634,"comment_status":"open","ping_status":"open","sticky":false,"template":"","format":"standard","meta":{"jnews-multi-image_gallery":[],"jnews_single_post":{"format":"standard"},"jnews_primary_category":[],"jnews_social_meta":[],"jnews_override_counter":[],"footnotes":""},"categories":[8819,1],"tags":[18815,4977,1827],"class_list":["post-153630","post","type-post","status-publish","format-standard","has-post-thumbnail","hentry","category-curiosidades","category-noticias","tag-look","tag-moda","tag-verao"],"yoast_head":"<!-- This site is optimized with the Yoast SEO plugin v23.8 - https:\/\/yoast.com\/wordpress\/plugins\/seo\/ -->\n<title>Como se vestir bem no ver\u00e3o com looks leves, elegantes e confort\u00e1veis o dia todo - Estado de Minas - Em foco<\/title>\n<meta name=\"description\" content=\"Como criar looks de ver\u00e3o leves, elegantes e confort\u00e1veis usando tecidos certos, cores claras e escolhas pr\u00e1ticas para o calor.\" \/>\n<meta name=\"robots\" content=\"index, follow, max-snippet:-1, max-image-preview:large, max-video-preview:-1\" \/>\n<link rel=\"canonical\" href=\"https:\/\/www.em.com.br\/emfoco\/2026\/01\/11\/como-se-vestir-bem-no-verao-com-looks-leves-elegantes-e-confortaveis-o-dia-todo\/\" \/>\n<meta property=\"og:locale\" content=\"pt_BR\" \/>\n<meta property=\"og:type\" content=\"article\" \/>\n<meta property=\"og:title\" content=\"Como se vestir bem no ver\u00e3o com looks leves, elegantes e confort\u00e1veis o dia todo - Estado de Minas - Em foco\" \/>\n<meta property=\"og:description\" content=\"Como criar looks de ver\u00e3o leves, elegantes e confort\u00e1veis usando tecidos certos, cores claras e escolhas pr\u00e1ticas para o calor.\" \/>\n<meta property=\"og:url\" content=\"https:\/\/www.em.com.br\/emfoco\/2026\/01\/11\/como-se-vestir-bem-no-verao-com-looks-leves-elegantes-e-confortaveis-o-dia-todo\/\" \/>\n<meta property=\"og:site_name\" content=\"Estado de Minas - Em foco\" \/>\n<meta property=\"article:published_time\" content=\"2026-01-11T11:15:34+00:00\" \/>\n<meta property=\"article:modified_time\" content=\"2026-01-10T19:39:53+00:00\" \/>\n<meta property=\"og:image\" content=\"https:\/\/www.em.com.br\/emfoco\/wp-content\/uploads\/2026\/01\/Gemini_Generated_Image_c4rpdgc4rpdgc4rp-1.png\" \/>\n\t<meta property=\"og:image:width\" content=\"1280\" \/>\n\t<meta property=\"og:image:height\" content=\"720\" \/>\n\t<meta property=\"og:image:type\" content=\"image\/png\" \/>\n<meta name=\"author\" content=\"Daniely Cardoso\" \/>\n<meta name=\"twitter:card\" content=\"summary_large_image\" \/>\n<meta name=\"twitter:label1\" content=\"Escrito por\" \/>\n\t<meta name=\"twitter:data1\" content=\"Daniely Cardoso\" \/>\n\t<meta name=\"twitter:label2\" content=\"Est. tempo de leitura\" \/>\n\t<meta name=\"twitter:data2\" content=\"5 minutos\" \/>\n<!-- \/ Yoast SEO plugin. -->","yoast_head_json":{"title":"Como se vestir bem no ver\u00e3o com looks leves, elegantes e confort\u00e1veis o dia todo - Estado de Minas - Em foco","description":"Como criar looks de ver\u00e3o leves, elegantes e confort\u00e1veis usando tecidos certos, cores claras e escolhas pr\u00e1ticas para o calor.","robots":{"index":"index","follow":"follow","max-snippet":"max-snippet:-1","max-image-preview":"max-image-preview:large","max-video-preview":"max-video-preview:-1"},"canonical":"https:\/\/www.em.com.br\/emfoco\/2026\/01\/11\/como-se-vestir-bem-no-verao-com-looks-leves-elegantes-e-confortaveis-o-dia-todo\/","og_locale":"pt_BR","og_type":"article","og_title":"Como se vestir bem no ver\u00e3o com looks leves, elegantes e confort\u00e1veis o dia todo - Estado de Minas - Em foco","og_description":"Como criar looks de ver\u00e3o leves, elegantes e confort\u00e1veis usando tecidos certos, cores claras e escolhas pr\u00e1ticas para o calor.","og_url":"https:\/\/www.em.com.br\/emfoco\/2026\/01\/11\/como-se-vestir-bem-no-verao-com-looks-leves-elegantes-e-confortaveis-o-dia-todo\/","og_site_name":"Estado de Minas - Em foco","article_published_time":"2026-01-11T11:15:34+00:00","article_modified_time":"2026-01-10T19:39:53+00:00","og_image":[{"width":1280,"height":720,"url":"https:\/\/www.em.com.br\/emfoco\/wp-content\/uploads\/2026\/01\/Gemini_Generated_Image_c4rpdgc4rpdgc4rp-1.png","type":"image\/png"}],"author":"Daniely Cardoso","twitter_card":"summary_large_image","twitter_misc":{"Escrito por":"Daniely Cardoso","Est. tempo de leitura":"5 minutos"},"schema":{"@context":"https:\/\/schema.org","@graph":[{"@type":"WebPage","@id":"https:\/\/www.em.com.br\/emfoco\/2026\/01\/11\/como-se-vestir-bem-no-verao-com-looks-leves-elegantes-e-confortaveis-o-dia-todo\/","url":"https:\/\/www.em.com.br\/emfoco\/2026\/01\/11\/como-se-vestir-bem-no-verao-com-looks-leves-elegantes-e-confortaveis-o-dia-todo\/","name":"Como se vestir bem no ver\u00e3o com looks leves, elegantes e confort\u00e1veis o dia todo - Estado de Minas - Em foco","isPartOf":{"@id":"https:\/\/www.em.com.br\/emfoco\/#website"},"primaryImageOfPage":{"@id":"https:\/\/www.em.com.br\/emfoco\/2026\/01\/11\/como-se-vestir-bem-no-verao-com-looks-leves-elegantes-e-confortaveis-o-dia-todo\/#primaryimage"},"image":{"@id":"https:\/\/www.em.com.br\/emfoco\/2026\/01\/11\/como-se-vestir-bem-no-verao-com-looks-leves-elegantes-e-confortaveis-o-dia-todo\/#primaryimage"},"thumbnailUrl":"https:\/\/www.em.com.br\/emfoco\/wp-content\/uploads\/2026\/01\/Gemini_Generated_Image_c4rpdgc4rpdgc4rp-1.png","datePublished":"2026-01-11T11:15:34+00:00","dateModified":"2026-01-10T19:39:53+00:00","author":{"@id":"https:\/\/www.em.com.br\/emfoco\/#\/schema\/person\/0a8186d72f2c3a5c6276d90b41f271a0"},"description":"Como criar looks de ver\u00e3o leves, elegantes e confort\u00e1veis usando tecidos certos, cores claras e escolhas pr\u00e1ticas para o calor.","breadcrumb":{"@id":"https:\/\/www.em.com.br\/emfoco\/2026\/01\/11\/como-se-vestir-bem-no-verao-com-looks-leves-elegantes-e-confortaveis-o-dia-todo\/#breadcrumb"},"inLanguage":"pt-BR","potentialAction":[{"@type":"ReadAction","target":["https:\/\/www.em.com.br\/emfoco\/2026\/01\/11\/como-se-vestir-bem-no-verao-com-looks-leves-elegantes-e-confortaveis-o-dia-todo\/"]}]},{"@type":"ImageObject","inLanguage":"pt-BR","@id":"https:\/\/www.em.com.br\/emfoco\/2026\/01\/11\/como-se-vestir-bem-no-verao-com-looks-leves-elegantes-e-confortaveis-o-dia-todo\/#primaryimage","url":"https:\/\/www.em.com.br\/emfoco\/wp-content\/uploads\/2026\/01\/Gemini_Generated_Image_c4rpdgc4rpdgc4rp-1.png","contentUrl":"https:\/\/www.em.com.br\/emfoco\/wp-content\/uploads\/2026\/01\/Gemini_Generated_Image_c4rpdgc4rpdgc4rp-1.png","width":1280,"height":720,"caption":"Em cidades quentes e litor\u00e2neas, esse tom neutro ganha ainda mais destaque pela sensa\u00e7\u00e3o de frescor"},{"@type":"BreadcrumbList","@id":"https:\/\/www.em.com.br\/emfoco\/2026\/01\/11\/como-se-vestir-bem-no-verao-com-looks-leves-elegantes-e-confortaveis-o-dia-todo\/#breadcrumb","itemListElement":[{"@type":"ListItem","position":1,"name":"In\u00edcio","item":"https:\/\/www.em.com.br\/emfoco\/"},{"@type":"ListItem","position":2,"name":"Como se vestir bem no ver\u00e3o com looks leves, elegantes e confort\u00e1veis o dia todo"}]},{"@type":"WebSite","@id":"https:\/\/www.em.com.br\/emfoco\/#website","url":"https:\/\/www.em.com.br\/emfoco\/","name":"Estado de Minas - Em foco","description":"Acompanhe as \u00faltimas not\u00edcias e fique bem informado sobre tudo o que acontece em Minas Gerais, Brasil e no mundo.","potentialAction":[{"@type":"SearchAction","target":{"@type":"EntryPoint","urlTemplate":"https:\/\/www.em.com.br\/emfoco\/?s={search_term_string}"},"query-input":{"@type":"PropertyValueSpecification","valueRequired":true,"valueName":"search_term_string"}}],"inLanguage":"pt-BR"},{"@type":"Person","@id":"https:\/\/www.em.com.br\/emfoco\/#\/schema\/person\/0a8186d72f2c3a5c6276d90b41f271a0","name":"Daniely Cardoso","image":{"@type":"ImageObject","inLanguage":"pt-BR","@id":"https:\/\/www.em.com.br\/emfoco\/#\/schema\/person\/image\/","url":"https:\/\/secure.gravatar.com\/avatar\/4b80ddbd124d1f071b626d52d62e5dff?s=96&d=mm&r=g","contentUrl":"https:\/\/secure.gravatar.com\/avatar\/4b80ddbd124d1f071b626d52d62e5dff?s=96&d=mm&r=g","caption":"Daniely Cardoso"},"url":"https:\/\/www.em.com.br\/emfoco\/author\/danielymyth\/"}]}},"_links":{"self":[{"href":"https:\/\/www.em.com.br\/emfoco\/wp-json\/wp\/v2\/posts\/153630","targetHints":{"allow":["GET"]}}],"collection":[{"href":"https:\/\/www.em.com.br\/emfoco\/wp-json\/wp\/v2\/posts"}],"about":[{"href":"https:\/\/www.em.com.br\/emfoco\/wp-json\/wp\/v2\/types\/post"}],"author":[{"embeddable":true,"href":"https:\/\/www.em.com.br\/emfoco\/wp-json\/wp\/v2\/users\/9"}],"replies":[{"embeddable":true,"href":"https:\/\/www.em.com.br\/emfoco\/wp-json\/wp\/v2\/comments?post=153630"}],"version-history":[{"count":2,"href":"https:\/\/www.em.com.br\/emfoco\/wp-json\/wp\/v2\/posts\/153630\/revisions"}],"predecessor-version":[{"id":153635,"href":"https:\/\/www.em.com.br\/emfoco\/wp-json\/wp\/v2\/posts\/153630\/revisions\/153635"}],"wp:featuredmedia":[{"embeddable":true,"href":"https:\/\/www.em.com.br\/emfoco\/wp-json\/wp\/v2\/media\/153634"}],"wp:attachment":[{"href":"https:\/\/www.em.com.br\/emfoco\/wp-json\/wp\/v2\/media?parent=153630"}],"wp:term":[{"taxonomy":"category","embeddable":true,"href":"https:\/\/www.em.com.br\/emfoco\/wp-json\/wp\/v2\/categories?post=153630"},{"taxonomy":"post_tag","embeddable":true,"href":"https:\/\/www.em.com.br\/emfoco\/wp-json\/wp\/v2\/tags?post=153630"}],"curies":[{"name":"wp","href":"https:\/\/api.w.org\/{rel}","templated":true}]}}