{"id":153530,"date":"2026-01-11T13:25:43","date_gmt":"2026-01-11T16:25:43","guid":{"rendered":"https:\/\/www.em.com.br\/emfoco\/?p=153530"},"modified":"2026-01-10T15:27:12","modified_gmt":"2026-01-10T18:27:12","slug":"calcada-quebrada-nunca-mais-4-arvores-que-nao-destroem-o-piso","status":"publish","type":"post","link":"https:\/\/www.em.com.br\/emfoco\/2026\/01\/11\/calcada-quebrada-nunca-mais-4-arvores-que-nao-destroem-o-piso\/","title":{"rendered":"Cal\u00e7ada quebrada nunca mais, 4 \u00e1rvores que n\u00e3o destroem o piso"},"content":{"rendered":"\n<h2 class=\"wp-block-heading\">Para cal\u00e7adas, use Ip\u00ea-de-jardim, Resed\u00e1 ou Quaresmeira. Elas d\u00e3o sombra e t\u00eam ra\u00edzes que n\u00e3o quebram o piso. Verifique a fia\u00e7\u00e3o e a largura da cal\u00e7ada. Consulte a prefeitura para evitar multas e danos.<\/h2>\n\n\n\n<p>Voc\u00ea j\u00e1 caminhou em uma rua cheia de \u00e1rvores e sentiu o ar mais fresco, a sombra agrad\u00e1vel e at\u00e9 uma sensa\u00e7\u00e3o de bem-estar maior? Plantar \u00e1rvores de m\u00e9dio porte na cal\u00e7ada \u00e9 uma maneira simples de trazer essa experi\u00eancia para a porta de casa, melhorando o conforto t\u00e9rmico, criando sombra e at\u00e9 valorizando o im\u00f3vel, desde que a esp\u00e9cie seja bem escolhida para evitar problemas futuros com <b>ra\u00edzes<\/b>, fia\u00e7\u00e3o e manuten\u00e7\u00e3o urbana.<\/p>\n\n\n\n<h2 class=\"wp-block-heading\">Quais crit\u00e9rios usar para escolher \u00e1rvores de m\u00e9dio porte para cal\u00e7ada<\/h2>\n\n\n\n<p>No contexto urbano de <b>2025<\/b>, muitas prefeituras j\u00e1 trazem listas oficiais de esp\u00e9cies recomendadas para <b>arboriza\u00e7\u00e3o vi\u00e1ria<\/b>. Ainda assim, \u00e9 comum ver \u00e1rvores inadequadas em frente \u00e0s casas, causando <b>rachaduras<\/b> em pisos, interfer\u00eancia em muros e necessidade de podas constantes, o que gera dor de cabe\u00e7a para moradores e para o poder p\u00fablico.<\/p>\n\n\n\n<p>Ao pensar em \u00e1rvores de m\u00e9dio porte para cal\u00e7ada, vale observar o porte <b>adulto<\/b> da esp\u00e9cie, o formato da <b>copa<\/b>, o tipo de <b>raiz<\/b>, a queda de folhas e frutos, al\u00e9m da resist\u00eancia a pragas. Tamb\u00e9m \u00e9 importante considerar a largura da <b>cal\u00e7ada<\/b>, a presen\u00e7a de rede el\u00e9trica e o fluxo de <b>pedestres<\/b>, para que a \u00e1rvore traga benef\u00edcios sem comprometer a seguran\u00e7a e a mobilidade.<\/p>\n\n\n\n<figure class=\"wp-block-embed is-type-rich is-provider-pinterest wp-block-embed-pinterest\"><div class=\"wp-block-embed__wrapper\">\n<iframe loading=\"lazy\" title=\"\u00c1rvores para Cal\u00e7ada: 25 Tipos e +50 Imagens para se Inspirar\" src=\"https:\/\/assets.pinterest.com\/ext\/embed.html?id=217158013273040108&#038;src=oembed\" height=\"919\" width=\"450\" frameborder=\"0\" scrolling=\"no\" ><\/iframe>\n<\/div><\/figure>\n\n\n\n<p>Leia tamb\u00e9m:&nbsp;<a href=\"https:\/\/www.em.com.br\/emfoco\/2026\/01\/06\/saiba-como-plantar-uma-arvore-de-graviola-produtiva-em-pequenos-espacos\/\" target=\"_blank\" rel=\"noopener\">Saiba como plantar uma \u00e1rvore de graviola produtiva em pequenos espa\u00e7os<\/a><\/p>\n\n\n\n<h2 class=\"wp-block-heading\">Como adaptar as \u00e1rvores ao clima e \u00e0 rotina da cidade<\/h2>\n\n\n\n<p>A <b>adapta\u00e7\u00e3o<\/b> ao clima local faz toda a diferen\u00e7a para que a \u00e1rvore cres\u00e7a saud\u00e1vel e exija menos interven\u00e7\u00f5es. Em cidades mais quentes, por exemplo, esp\u00e9cies que toleram <b>sol pleno<\/b> e solo urbano compactado tendem a se desenvolver melhor e oferecer <b>sombra<\/b> de forma mais eficiente.<\/p>\n\n\n\n<p>Outro ponto \u00e9 a conviv\u00eancia com a <b>rotina<\/b> da rua: evitar esp\u00e9cies com frutos grandes, espinhosos ou muito escorregadios ajuda a prevenir <b>acidentes<\/b>. Da mesma forma, \u00e9 recomend\u00e1vel ter cuidado com \u00e1rvores que provoquem <b>alergias<\/b> em parte da popula\u00e7\u00e3o ou exijam podas frequentes demais, o que pode aumentar custos e transtornos.<\/p>\n\n\n\n<h2 class=\"wp-block-heading\">Ip\u00ea-de-jardim \u00e9 uma boa op\u00e7\u00e3o de \u00e1rvore de m\u00e9dio porte para cal\u00e7ada<\/h2>\n\n\n\n<p>O <b>ip\u00ea-de-jardim<\/b> \u00e9 frequentemente citado entre as \u00e1rvores de m\u00e9dio porte para plantar na cal\u00e7ada por seu crescimento moderado e ra\u00edzes menos <b>invasivas<\/b> em compara\u00e7\u00e3o a esp\u00e9cies maiores. Em m\u00e9dia, atinge entre 4 e 6 metros, formando uma copa que oferece <b>sombra<\/b> sem comprometer tanto a fia\u00e7\u00e3o em ruas com rede a\u00e9rea.<\/p>\n\n\n\n<p>Com flora\u00e7\u00e3o <b>amarela<\/b> bem marcada, \u00e9 muito usado em cal\u00e7adas residenciais, parques lineares e canteiros centrais, trazendo <b>cor<\/b> e vida para a rua. Sua manuten\u00e7\u00e3o costuma ser simples, com podas leves de forma\u00e7\u00e3o e remo\u00e7\u00e3o de galhos <b>secos<\/b>, desde que a cal\u00e7ada tenha largura razo\u00e1vel e o solo seja bem drenado.<\/p>\n\n\n\n<ul class=\"wp-block-list\">\n<li><strong>Altura m\u00e9dia:<\/strong> <b>4 a 6 metros<\/b><\/li>\n\n\n\n<li><strong>Tipo de raiz:<\/strong> moderada, com menor risco de levantar <b>pavimento<\/b><\/li>\n\n\n\n<li><strong>Uso comum:<\/strong> cal\u00e7adas <b>residenciais<\/b> e \u00e1reas de circula\u00e7\u00e3o leve<\/li>\n<\/ul>\n\n\n\n<figure class=\"wp-block-embed is-type-rich is-provider-pinterest wp-block-embed-pinterest\"><div class=\"wp-block-embed__wrapper\">\n<iframe loading=\"lazy\" title=\" \" src=\"https:\/\/assets.pinterest.com\/ext\/embed.html?id=585468020343809481&#038;src=oembed\" height=\"699\" width=\"450\" frameborder=\"0\" scrolling=\"no\" ><\/iframe>\n<\/div><\/figure>\n\n\n\n<h2 class=\"wp-block-heading\">Por que o resed\u00e1 funciona bem em cal\u00e7adas estreitas<\/h2>\n\n\n\n<p>O <b>resed\u00e1<\/b>, tamb\u00e9m chamado de extremosa, costuma ser indicado para cal\u00e7adas mais estreitas, onde n\u00e3o h\u00e1 muito espa\u00e7o para uma <b>copa<\/b> muito grande. Trata-se de uma \u00e1rvore de pequeno a m\u00e9dio porte, geralmente entre 3 e 6 metros, com copa mais aberta e ra\u00edzes pouco <b>agressivas<\/b>, o que reduz a chance de danos ao piso e aos muros.<\/p>\n\n\n\n<p>Sua flora\u00e7\u00e3o <b>colorida<\/b> em tons de rosa, roxo, branco ou vermelho chama bastante aten\u00e7\u00e3o e deixa a rua mais <b>charmosa<\/b>. Por isso, aparece bastante em bairros residenciais e avenidas menores, e com uma boa poda de <b>condu\u00e7\u00e3o<\/b> nos primeiros anos \u00e9 poss\u00edvel formar uma copa equilibrada e adequada ao espa\u00e7o urbano.<\/p>\n\n\n\n<figure class=\"wp-block-embed is-type-rich is-provider-pinterest wp-block-embed-pinterest\"><div class=\"wp-block-embed__wrapper\">\n<iframe loading=\"lazy\" title=\"Resed\u00e1 - (Lagerstroemia indica) \u2013 floresce de outubro a mar\u00e7o. Porte: de 4 a 6 metros; copa com di\u00e2metro de mais ou menos 4 metros.\" src=\"https:\/\/assets.pinterest.com\/ext\/embed.html?id=914862406193637&#038;src=oembed\" height=\"688\" width=\"450\" frameborder=\"0\" scrolling=\"no\" ><\/iframe>\n<\/div><\/figure>\n\n\n\n<h2 class=\"wp-block-heading\">Quaresmeira \u00e9 ideal para cal\u00e7adas mais largas<\/h2>\n\n\n\n<p>A <b>quaresmeira<\/b> \u00e9 muito usada como \u00e1rvore de cal\u00e7ada de porte m\u00e9dio em cidades do Sudeste e Sul do Brasil. Em ambiente urbano, pode chegar perto de <b>8 metros<\/b>, mas normalmente fica um pouco menor quando recebe podas de manuten\u00e7\u00e3o planejadas, garantindo <b>sombra<\/b> generosa e bom conforto t\u00e9rmico.<\/p>\n\n\n\n<p>Sua flora\u00e7\u00e3o roxa <b>intensa<\/b> \u00e9 um grande atrativo visual em certas \u00e9pocas do ano, ajudando a valorizar a <b>paisagem<\/b> da rua. Por ser uma esp\u00e9cie <b>nativa<\/b> e bem adaptada, tende a se desenvolver bem em solos urbanos, desde que exista espa\u00e7o suficiente para raiz e copa, o que a torna mais indicada para frentes de lotes maiores e cal\u00e7adas largas.<\/p>\n\n\n\n<figure class=\"wp-block-embed is-type-rich is-provider-pinterest wp-block-embed-pinterest\"><div class=\"wp-block-embed__wrapper\">\n<iframe loading=\"lazy\" title=\"Quaresmeira.\" src=\"https:\/\/assets.pinterest.com\/ext\/embed.html?id=19069998417628102&#038;src=oembed\" height=\"646\" width=\"450\" frameborder=\"0\" scrolling=\"no\" ><\/iframe>\n<\/div><\/figure>\n\n\n\n<h2 class=\"wp-block-heading\">Escova-de-garrafa \u00e9 uma op\u00e7\u00e3o compacta e resistente<\/h2>\n\n\n\n<p>A <b>escova-de-garrafa<\/b> aparece como alternativa de \u00e1rvore de pequeno a m\u00e9dio porte para cal\u00e7ada, especialmente em \u00e1reas que pedem vegeta\u00e7\u00e3o mais <b>compacta<\/b>. Em m\u00e9dia, alcan\u00e7a de 3 a 5 metros, com copa n\u00e3o muito densa, facilitando a conviv\u00eancia com fia\u00e7\u00f5es e fachadas sem escurecer demais o <b>ambiente<\/b>.<\/p>\n\n\n\n<p>Suas flores em formato de \u201c<b>escova<\/b>\u201d atraem p\u00e1ssaros e polinizadores, aumentando a <b>biodiversidade<\/b> urbana e deixando o cen\u00e1rio mais vivo. Bastante tolerante ao sol forte e \u00e0 polui\u00e7\u00e3o, costuma ser usada tamb\u00e9m em avenidas movimentadas, exigindo principalmente podas pontuais e remo\u00e7\u00e3o de galhos <b>comprometidos<\/b>.<\/p>\n\n\n\n<p>Para voc\u00ea que quer saber mais dessa \u00e1rvore, separamos um v\u00eddeo do canal <a href=\"https:\/\/www.youtube.com\/@PeixeHortaePlanta\" target=\"_blank\" rel=\"noreferrer noopener\">Peixe Horta e Planta<\/a> com dicas para plantar e cuidar da esvoca-de-garrafa:<\/p>\n\n\n\n<figure class=\"wp-block-embed is-type-video is-provider-youtube wp-block-embed-youtube wp-embed-aspect-16-9 wp-has-aspect-ratio\"><div class=\"wp-block-embed__wrapper\">\n<div class=\"jeg_video_container jeg_video_content\"><iframe loading=\"lazy\" title=\"O Segredo Para Desenvolver a Planta Calistemo (Escova de Garrafa)\" width=\"500\" height=\"281\" src=\"https:\/\/www.youtube.com\/embed\/WMpxf4kEwq8?feature=oembed\" frameborder=\"0\" allow=\"accelerometer; autoplay; clipboard-write; encrypted-media; gyroscope; picture-in-picture; web-share\" referrerpolicy=\"strict-origin-when-cross-origin\" allowfullscreen><\/iframe><\/div>\n<\/div><\/figure>\n\n\n\n<h2 class=\"wp-block-heading\">Como escolher a melhor \u00e1rvore de m\u00e9dio porte para plantar na cal\u00e7ada<\/h2>\n\n\n\n<p>Antes de definir qualquer esp\u00e9cie, vale conferir a <b>legisla\u00e7\u00e3o<\/b> municipal, pois muitos munic\u00edpios mant\u00eam listas de \u00e1rvores de m\u00e9dio porte recomendadas para cal\u00e7adas e regras claras de dist\u00e2ncias m\u00ednimas de esquinas, postes, hidrantes e garagens. Em alguns lugares, o plantio precisa at\u00e9 de <b>autoriza\u00e7\u00e3o<\/b> ou cadastro na prefeitura.<\/p>\n\n\n\n<p>Para facilitar a decis\u00e3o e evitar problemas no futuro, voc\u00ea pode seguir alguns passos simples na hora de planejar o <b>plantio<\/b>:<\/p>\n\n\n\n<ol class=\"wp-block-list\">\n<li>Medir a largura da <b>cal\u00e7ada<\/b> e a dist\u00e2ncia at\u00e9 o meio-fio e o muro.<\/li>\n\n\n\n<li>Identificar a presen\u00e7a de rede el\u00e9trica <b>a\u00e9rea<\/b> ou subterr\u00e2nea.<\/li>\n\n\n\n<li>Verificar se h\u00e1 <b>tubula\u00e7\u00f5es<\/b> pr\u00f3ximas que possam ser afetadas pelas ra\u00edzes.<\/li>\n\n\n\n<li>Consultar as esp\u00e9cies permitidas ou indicadas pela <b>prefeitura<\/b>.<\/li>\n\n\n\n<li>Planejar o espa\u00e7o para a copa <b>adulta<\/b>, evitando conflitos com port\u00f5es e fachadas.<\/li>\n<\/ol>\n","protected":false},"excerpt":{"rendered":"<p>Para cal\u00e7adas, use Ip\u00ea-de-jardim, Resed\u00e1 ou Quaresmeira. Elas d\u00e3o sombra e t\u00eam ra\u00edzes que n\u00e3o quebram o piso. Verifique a fia\u00e7\u00e3o e a largura da cal\u00e7ada. Consulte a prefeitura para evitar multas e danos. Voc\u00ea j\u00e1 caminhou em uma rua cheia de \u00e1rvores e sentiu o ar mais fresco, a sombra agrad\u00e1vel e at\u00e9 uma [&hellip;]<\/p>\n","protected":false},"author":9,"featured_media":123343,"comment_status":"open","ping_status":"open","sticky":false,"template":"","format":"standard","meta":{"jnews-multi-image_gallery":[],"jnews_single_post":{"format":"standard"},"jnews_primary_category":[],"jnews_social_meta":[],"jnews_override_counter":[],"footnotes":""},"categories":[8691,8819,1],"tags":[10426,17456,22380],"class_list":["post-153530","post","type-post","status-publish","format-standard","has-post-thumbnail","hentry","category-bem-estar","category-curiosidades","category-noticias","tag-arvore","tag-calcada","tag-medio-porte"],"yoast_head":"<!-- This site is optimized with the Yoast SEO plugin v23.8 - https:\/\/yoast.com\/wordpress\/plugins\/seo\/ -->\n<title>Cal\u00e7ada quebrada nunca mais, 4 \u00e1rvores que n\u00e3o destroem o piso - Estado de Minas - Em foco<\/title>\n<meta name=\"description\" content=\"\u00c1rvores para cal\u00e7ada, Ip\u00ea, Resed\u00e1 e Quaresmeira d\u00e3o sombra sem quebrar o piso. Veja como escolher e plantar\" \/>\n<meta name=\"robots\" content=\"index, follow, max-snippet:-1, max-image-preview:large, max-video-preview:-1\" \/>\n<link rel=\"canonical\" href=\"https:\/\/www.em.com.br\/emfoco\/2026\/01\/11\/calcada-quebrada-nunca-mais-4-arvores-que-nao-destroem-o-piso\/\" \/>\n<meta property=\"og:locale\" content=\"pt_BR\" \/>\n<meta property=\"og:type\" content=\"article\" \/>\n<meta property=\"og:title\" content=\"Cal\u00e7ada quebrada nunca mais, 4 \u00e1rvores que n\u00e3o destroem o piso - Estado de Minas - Em foco\" \/>\n<meta property=\"og:description\" content=\"\u00c1rvores para cal\u00e7ada, Ip\u00ea, Resed\u00e1 e Quaresmeira d\u00e3o sombra sem quebrar o piso. Veja como escolher e plantar\" \/>\n<meta property=\"og:url\" content=\"https:\/\/www.em.com.br\/emfoco\/2026\/01\/11\/calcada-quebrada-nunca-mais-4-arvores-que-nao-destroem-o-piso\/\" \/>\n<meta property=\"og:site_name\" content=\"Estado de Minas - Em foco\" \/>\n<meta property=\"article:published_time\" content=\"2026-01-11T16:25:43+00:00\" \/>\n<meta property=\"article:modified_time\" content=\"2026-01-10T18:27:12+00:00\" \/>\n<meta property=\"og:image\" content=\"https:\/\/www.em.com.br\/emfoco\/wp-content\/uploads\/2025\/11\/Design-sem-nome-36.png\" \/>\n\t<meta property=\"og:image:width\" content=\"1280\" \/>\n\t<meta property=\"og:image:height\" content=\"720\" \/>\n\t<meta property=\"og:image:type\" content=\"image\/png\" \/>\n<meta name=\"author\" content=\"Daniely Cardoso\" \/>\n<meta name=\"twitter:card\" content=\"summary_large_image\" \/>\n<meta name=\"twitter:label1\" content=\"Escrito por\" \/>\n\t<meta name=\"twitter:data1\" content=\"Daniely Cardoso\" \/>\n\t<meta name=\"twitter:label2\" content=\"Est. tempo de leitura\" \/>\n\t<meta name=\"twitter:data2\" content=\"6 minutos\" \/>\n<!-- \/ Yoast SEO plugin. -->","yoast_head_json":{"title":"Cal\u00e7ada quebrada nunca mais, 4 \u00e1rvores que n\u00e3o destroem o piso - Estado de Minas - Em foco","description":"\u00c1rvores para cal\u00e7ada, Ip\u00ea, Resed\u00e1 e Quaresmeira d\u00e3o sombra sem quebrar o piso. Veja como escolher e plantar","robots":{"index":"index","follow":"follow","max-snippet":"max-snippet:-1","max-image-preview":"max-image-preview:large","max-video-preview":"max-video-preview:-1"},"canonical":"https:\/\/www.em.com.br\/emfoco\/2026\/01\/11\/calcada-quebrada-nunca-mais-4-arvores-que-nao-destroem-o-piso\/","og_locale":"pt_BR","og_type":"article","og_title":"Cal\u00e7ada quebrada nunca mais, 4 \u00e1rvores que n\u00e3o destroem o piso - Estado de Minas - Em foco","og_description":"\u00c1rvores para cal\u00e7ada, Ip\u00ea, Resed\u00e1 e Quaresmeira d\u00e3o sombra sem quebrar o piso. Veja como escolher e plantar","og_url":"https:\/\/www.em.com.br\/emfoco\/2026\/01\/11\/calcada-quebrada-nunca-mais-4-arvores-que-nao-destroem-o-piso\/","og_site_name":"Estado de Minas - Em foco","article_published_time":"2026-01-11T16:25:43+00:00","article_modified_time":"2026-01-10T18:27:12+00:00","og_image":[{"width":1280,"height":720,"url":"https:\/\/www.em.com.br\/emfoco\/wp-content\/uploads\/2025\/11\/Design-sem-nome-36.png","type":"image\/png"}],"author":"Daniely Cardoso","twitter_card":"summary_large_image","twitter_misc":{"Escrito por":"Daniely Cardoso","Est. tempo de leitura":"6 minutos"},"schema":{"@context":"https:\/\/schema.org","@graph":[{"@type":"WebPage","@id":"https:\/\/www.em.com.br\/emfoco\/2026\/01\/11\/calcada-quebrada-nunca-mais-4-arvores-que-nao-destroem-o-piso\/","url":"https:\/\/www.em.com.br\/emfoco\/2026\/01\/11\/calcada-quebrada-nunca-mais-4-arvores-que-nao-destroem-o-piso\/","name":"Cal\u00e7ada quebrada nunca mais, 4 \u00e1rvores que n\u00e3o destroem o piso - Estado de Minas - Em foco","isPartOf":{"@id":"https:\/\/www.em.com.br\/emfoco\/#website"},"primaryImageOfPage":{"@id":"https:\/\/www.em.com.br\/emfoco\/2026\/01\/11\/calcada-quebrada-nunca-mais-4-arvores-que-nao-destroem-o-piso\/#primaryimage"},"image":{"@id":"https:\/\/www.em.com.br\/emfoco\/2026\/01\/11\/calcada-quebrada-nunca-mais-4-arvores-que-nao-destroem-o-piso\/#primaryimage"},"thumbnailUrl":"https:\/\/www.em.com.br\/emfoco\/wp-content\/uploads\/2025\/11\/Design-sem-nome-36.png","datePublished":"2026-01-11T16:25:43+00:00","dateModified":"2026-01-10T18:27:12+00:00","author":{"@id":"https:\/\/www.em.com.br\/emfoco\/#\/schema\/person\/0a8186d72f2c3a5c6276d90b41f271a0"},"description":"\u00c1rvores para cal\u00e7ada, Ip\u00ea, Resed\u00e1 e Quaresmeira d\u00e3o sombra sem quebrar o piso. Veja como escolher e plantar","breadcrumb":{"@id":"https:\/\/www.em.com.br\/emfoco\/2026\/01\/11\/calcada-quebrada-nunca-mais-4-arvores-que-nao-destroem-o-piso\/#breadcrumb"},"inLanguage":"pt-BR","potentialAction":[{"@type":"ReadAction","target":["https:\/\/www.em.com.br\/emfoco\/2026\/01\/11\/calcada-quebrada-nunca-mais-4-arvores-que-nao-destroem-o-piso\/"]}]},{"@type":"ImageObject","inLanguage":"pt-BR","@id":"https:\/\/www.em.com.br\/emfoco\/2026\/01\/11\/calcada-quebrada-nunca-mais-4-arvores-que-nao-destroem-o-piso\/#primaryimage","url":"https:\/\/www.em.com.br\/emfoco\/wp-content\/uploads\/2025\/11\/Design-sem-nome-36.png","contentUrl":"https:\/\/www.em.com.br\/emfoco\/wp-content\/uploads\/2025\/11\/Design-sem-nome-36.png","width":1280,"height":720,"caption":"Definir a dist\u00e2ncia adequada entre \u00e1rvores e estruturas \u00e9 crucial para evitar problemas futuros"},{"@type":"BreadcrumbList","@id":"https:\/\/www.em.com.br\/emfoco\/2026\/01\/11\/calcada-quebrada-nunca-mais-4-arvores-que-nao-destroem-o-piso\/#breadcrumb","itemListElement":[{"@type":"ListItem","position":1,"name":"In\u00edcio","item":"https:\/\/www.em.com.br\/emfoco\/"},{"@type":"ListItem","position":2,"name":"Cal\u00e7ada quebrada nunca mais, 4 \u00e1rvores que n\u00e3o destroem o piso"}]},{"@type":"WebSite","@id":"https:\/\/www.em.com.br\/emfoco\/#website","url":"https:\/\/www.em.com.br\/emfoco\/","name":"Estado de Minas - Em foco","description":"Acompanhe as \u00faltimas not\u00edcias e fique bem informado sobre tudo o que acontece em Minas Gerais, Brasil e no mundo.","potentialAction":[{"@type":"SearchAction","target":{"@type":"EntryPoint","urlTemplate":"https:\/\/www.em.com.br\/emfoco\/?s={search_term_string}"},"query-input":{"@type":"PropertyValueSpecification","valueRequired":true,"valueName":"search_term_string"}}],"inLanguage":"pt-BR"},{"@type":"Person","@id":"https:\/\/www.em.com.br\/emfoco\/#\/schema\/person\/0a8186d72f2c3a5c6276d90b41f271a0","name":"Daniely Cardoso","image":{"@type":"ImageObject","inLanguage":"pt-BR","@id":"https:\/\/www.em.com.br\/emfoco\/#\/schema\/person\/image\/","url":"https:\/\/secure.gravatar.com\/avatar\/4b80ddbd124d1f071b626d52d62e5dff?s=96&d=mm&r=g","contentUrl":"https:\/\/secure.gravatar.com\/avatar\/4b80ddbd124d1f071b626d52d62e5dff?s=96&d=mm&r=g","caption":"Daniely Cardoso"},"url":"https:\/\/www.em.com.br\/emfoco\/author\/danielymyth\/"}]}},"_links":{"self":[{"href":"https:\/\/www.em.com.br\/emfoco\/wp-json\/wp\/v2\/posts\/153530","targetHints":{"allow":["GET"]}}],"collection":[{"href":"https:\/\/www.em.com.br\/emfoco\/wp-json\/wp\/v2\/posts"}],"about":[{"href":"https:\/\/www.em.com.br\/emfoco\/wp-json\/wp\/v2\/types\/post"}],"author":[{"embeddable":true,"href":"https:\/\/www.em.com.br\/emfoco\/wp-json\/wp\/v2\/users\/9"}],"replies":[{"embeddable":true,"href":"https:\/\/www.em.com.br\/emfoco\/wp-json\/wp\/v2\/comments?post=153530"}],"version-history":[{"count":2,"href":"https:\/\/www.em.com.br\/emfoco\/wp-json\/wp\/v2\/posts\/153530\/revisions"}],"predecessor-version":[{"id":153611,"href":"https:\/\/www.em.com.br\/emfoco\/wp-json\/wp\/v2\/posts\/153530\/revisions\/153611"}],"wp:featuredmedia":[{"embeddable":true,"href":"https:\/\/www.em.com.br\/emfoco\/wp-json\/wp\/v2\/media\/123343"}],"wp:attachment":[{"href":"https:\/\/www.em.com.br\/emfoco\/wp-json\/wp\/v2\/media?parent=153530"}],"wp:term":[{"taxonomy":"category","embeddable":true,"href":"https:\/\/www.em.com.br\/emfoco\/wp-json\/wp\/v2\/categories?post=153530"},{"taxonomy":"post_tag","embeddable":true,"href":"https:\/\/www.em.com.br\/emfoco\/wp-json\/wp\/v2\/tags?post=153530"}],"curies":[{"name":"wp","href":"https:\/\/api.w.org\/{rel}","templated":true}]}}