{"id":153402,"date":"2026-01-10T07:05:00","date_gmt":"2026-01-10T10:05:00","guid":{"rendered":"https:\/\/www.em.com.br\/emfoco\/?p=153402"},"modified":"2026-01-09T20:58:24","modified_gmt":"2026-01-09T23:58:24","slug":"o-segredo-natural-que-supera-a-vitamina-c-sintetica","status":"publish","type":"post","link":"https:\/\/www.em.com.br\/emfoco\/2026\/01\/10\/o-segredo-natural-que-supera-a-vitamina-c-sintetica\/","title":{"rendered":"O segredo natural que supera a vitamina C sint\u00e9tica"},"content":{"rendered":"\n<p>A procura pela&nbsp;<strong>vitamina C<\/strong>&nbsp;coloca a acerola no topo das fontes naturais desse nutriente. A defici\u00eancia de vitamina C pode levar a s\u00e9rios problemas de sa\u00fade, incluindo fadiga e imunidade baixa. Estudos cient\u00edficos t\u00eam demonstrado que o consumo de suco de acerola resulta em melhores n\u00edveis de vitamina C no sangue, al\u00e9m de uma elimina\u00e7\u00e3o mais baixa pela urina, comparado ao consumo da vitamina em forma sint\u00e9tica. Isso indica um potencial mecanismo de absor\u00e7\u00e3o mais eficaz quando a vitamina C \u00e9 consumida por meio da fruta.<\/p>\n\n\n\n<h2 class=\"wp-block-heading\">Quais os benef\u00edcios antimicrobianos da acerola?<\/h2>\n\n\n\n<p>A acerola \u00e9 mais do que uma simples fonte de vitaminas; ela tamb\u00e9m cont\u00e9m propriedades que podem contribuir para a preven\u00e7\u00e3o de infec\u00e7\u00f5es. Pesquisas apontam que os compostos bioativos presentes na fruta apresentam&nbsp;<em>atividades antimicrobianas<\/em>&nbsp;que podem inibir o crescimento de microrganismos. Embora esses efeitos sejam promissores, os estudos ainda s\u00e3o limitados e mais pesquisas s\u00e3o necess\u00e1rias para definir doses seguras e eficazes para o consumo humano.<\/p>\n\n\n<div class=\"wp-block-image\">\n<figure class=\"aligncenter size-large\"><img loading=\"lazy\" decoding=\"async\" width=\"1024\" height=\"576\" src=\"https:\/\/www.em.com.br\/emfoco\/wp-content\/uploads\/2026\/01\/vitamina-c_1768003065822-1024x576.jpg\" alt=\"\" class=\"wp-image-153404\" srcset=\"https:\/\/www.em.com.br\/emfoco\/wp-content\/uploads\/2026\/01\/vitamina-c_1768003065822-1024x576.jpg 1024w, https:\/\/www.em.com.br\/emfoco\/wp-content\/uploads\/2026\/01\/vitamina-c_1768003065822-300x169.jpg 300w, https:\/\/www.em.com.br\/emfoco\/wp-content\/uploads\/2026\/01\/vitamina-c_1768003065822-768x432.jpg 768w, https:\/\/www.em.com.br\/emfoco\/wp-content\/uploads\/2026\/01\/vitamina-c_1768003065822-750x422.jpg 750w, https:\/\/www.em.com.br\/emfoco\/wp-content\/uploads\/2026\/01\/vitamina-c_1768003065822-1140x641.jpg 1140w, https:\/\/www.em.com.br\/emfoco\/wp-content\/uploads\/2026\/01\/vitamina-c_1768003065822.jpg 1280w\" sizes=\"auto, (max-width: 1024px) 100vw, 1024px\" \/><figcaption class=\"wp-element-caption\">vitamina c &#8211; Cr\u00e9ditos: depositphotos.com \/ vicza<\/figcaption><\/figure><\/div>\n\n\n<h2 class=\"wp-block-heading\">Como a acerola ajuda na perda de peso?<\/h2>\n\n\n\n<p>Em uma sociedade que valoriza h\u00e1bitos <a href=\"https:\/\/www.correiobraziliense.com.br\/cbradar\/o-anti-inflamatorio-natural-mais-poderoso-da-atualidade\/\" target=\"_blank\" rel=\"noreferrer noopener\">saud\u00e1veis<\/a>, a acerola surge como uma aliada no\u00a0<strong>controle de peso<\/strong>\u00a0e no combate ao ac\u00famulo de gordura. Com suas propriedades que auxiliam na digest\u00e3o e no metabolismo, a fruta tem demonstrado potencial em estudos com animais, ajudando a reduzir o peso corporal e melhorar o metabolismo de gorduras. No entanto, os benef\u00edcios observados ainda precisam ser confirmados em estudos cl\u00ednicos com humanos.<\/p>\n\n\n\n<h2 class=\"wp-block-heading\">Quais s\u00e3o os efeitos antioxidantes da acerola?<\/h2>\n\n\n\n<p>A acerola tamb\u00e9m encontrou seu lugar no mundo cosm\u00e9tico. Seus&nbsp;<strong>compostos antioxidantes<\/strong>&nbsp;podem ajudar a proteger a pele contra os danos causados pelos radicais livres, atuando como potenciais refor\u00e7adores da prote\u00e7\u00e3o solar. Apesar de n\u00e3o possuir um fator de prote\u00e7\u00e3o solar significativo isoladamente, quando usada em combina\u00e7\u00e3o com filtros solares qu\u00edmicos, a acerola pode potencializar a defesa contra a a\u00e7\u00e3o dos raios ultravioleta.<\/p>\n\n\n\n<h2 class=\"wp-block-heading\">Como a acerola pode ser incorporada na dieta?<\/h2>\n\n\n\n<p>Incorporar a acerola na dieta pode ser bastante simples. Ela pode ser consumida&nbsp;<strong>in natura<\/strong>, transformada em sucos ou inclu\u00edda em smoothies, vitaminas, ch\u00e1s e at\u00e9 em molhos e geleias. Essas formas de consumo n\u00e3o s\u00f3 mant\u00eam seus benef\u00edcios nutricionais, mas tamb\u00e9m adicionam sabor vibrante \u00e0s refei\u00e7\u00f5es di\u00e1rias. No entanto, \u00e9 importante consumir com modera\u00e7\u00e3o, j\u00e1 que em grandes quantidades, pode levar a desconfortos digestivos ou sobrecarga renal.<\/p>\n\n\n\n<p>Finalmente, a acerola representa n\u00e3o apenas uma&nbsp;<strong>alternativa saud\u00e1vel<\/strong>, mas tamb\u00e9m um ingrediente vers\u00e1til na dieta. Seja por suas propriedades de fortalecimento do sistema imunol\u00f3gico, ajuda na digest\u00e3o ou efeitos antioxidantes, esta fruta brasileira se coloca como uma op\u00e7\u00e3o rica em benef\u00edcios para aqueles que buscam uma dieta equilibrada e nutritiva.<\/p>\n\n\n<a href=\"https:\/\/www.instagram.com\/dra.annaluisabf\/\" target=\"_blank\" style=\"text-decoration: none; color: inherit;\">\n  <span style=\"display:inline-block; border:1px solid #ccc; border-radius:10px; padding:15px; max-width:550px; font-family:sans-serif; box-shadow:0 2px 5px rgba(0,0,0,0.1);\">\n    <span style=\"margin:0 0 15px 0; font-weight:bold; color:#2c3e50; text-align: center;\">Entre em contato:<\/span>\n\n    <span style=\"display:flex; align-items:center;\">\n      <img decoding=\"async\" src=\"https:\/\/www.correiobraziliense.com.br\/cbradar\/wp-content\/uploads\/2025\/08\/dra_anna_luisa.jpeg\" alt=\"Dra Anna Lu\u00edsa\" style=\"border-radius:50%; width:80px; height:80px; margin-right:15px;\">\n      <span style=\"flex:1;\">\n        <h3 style=\"margin:0 0 5px 0;\">Dra. Anna Lu\u00edsa Barbosa Fernandes<\/h3>\n        <p style=\"margin:0 0 10px 0;\">CRM-GO 33.271<\/p>\n        <span style=\"display:flex; gap:10px;\">\n          <img decoding=\"async\" src=\"https:\/\/cdn-icons-png.flaticon.com\/24\/1384\/1384063.png\" alt=\"Instagram\">\n        <\/span>\n      <\/span>\n    <\/span>\n  <\/span>\n<\/a>","protected":false},"excerpt":{"rendered":"<p>A procura pela&nbsp;vitamina C&nbsp;coloca a acerola no topo das fontes naturais desse nutriente. A defici\u00eancia de vitamina C pode levar a s\u00e9rios problemas de sa\u00fade, incluindo fadiga e imunidade baixa. Estudos cient\u00edficos t\u00eam demonstrado que o consumo de suco de acerola resulta em melhores n\u00edveis de vitamina C no sangue, al\u00e9m de uma elimina\u00e7\u00e3o mais [&hellip;]<\/p>\n","protected":false},"author":25,"featured_media":153403,"comment_status":"open","ping_status":"open","sticky":false,"template":"","format":"standard","meta":{"jnews-multi-image_gallery":[],"jnews_single_post":{"format":"standard"},"jnews_primary_category":[],"jnews_social_meta":[],"jnews_override_counter":[],"footnotes":""},"categories":[9053],"tags":[711,327,415],"class_list":["post-153402","post","type-post","status-publish","format-standard","has-post-thumbnail","hentry","category-saude","tag-bem-estar","tag-qualidade-de-vida","tag-saude"],"yoast_head":"<!-- This site is optimized with the Yoast SEO plugin v23.8 - https:\/\/yoast.com\/wordpress\/plugins\/seo\/ -->\n<title>O segredo natural que supera a vitamina C sint\u00e9tica - Estado de Minas - Em foco<\/title>\n<meta name=\"description\" content=\"A acerola \u00e9 uma das maiores fontes naturais de vitamina C e pode fortalecer a imunidade com absor\u00e7\u00e3o mais eficiente que suplementos.\" \/>\n<meta name=\"robots\" content=\"index, follow, max-snippet:-1, max-image-preview:large, max-video-preview:-1\" \/>\n<link rel=\"canonical\" href=\"https:\/\/www.em.com.br\/emfoco\/2026\/01\/10\/o-segredo-natural-que-supera-a-vitamina-c-sintetica\/\" \/>\n<meta property=\"og:locale\" content=\"pt_BR\" \/>\n<meta property=\"og:type\" content=\"article\" \/>\n<meta property=\"og:title\" content=\"O segredo natural que supera a vitamina C sint\u00e9tica - Estado de Minas - Em foco\" \/>\n<meta property=\"og:description\" content=\"A acerola \u00e9 uma das maiores fontes naturais de vitamina C e pode fortalecer a imunidade com absor\u00e7\u00e3o mais eficiente que suplementos.\" \/>\n<meta property=\"og:url\" content=\"https:\/\/www.em.com.br\/emfoco\/2026\/01\/10\/o-segredo-natural-que-supera-a-vitamina-c-sintetica\/\" \/>\n<meta property=\"og:site_name\" content=\"Estado de Minas - Em foco\" \/>\n<meta property=\"article:published_time\" content=\"2026-01-10T10:05:00+00:00\" \/>\n<meta property=\"article:modified_time\" content=\"2026-01-09T23:58:24+00:00\" \/>\n<meta property=\"og:image\" content=\"https:\/\/www.em.com.br\/emfoco\/wp-content\/uploads\/2026\/01\/vitamina-c_1768003025934.jpg\" \/>\n\t<meta property=\"og:image:width\" content=\"1280\" \/>\n\t<meta property=\"og:image:height\" content=\"720\" \/>\n\t<meta property=\"og:image:type\" content=\"image\/jpeg\" \/>\n<meta name=\"author\" content=\"Guilherme Lopes\" \/>\n<meta name=\"twitter:card\" content=\"summary_large_image\" \/>\n<meta name=\"twitter:label1\" content=\"Escrito por\" \/>\n\t<meta name=\"twitter:data1\" content=\"Guilherme Lopes\" \/>\n\t<meta name=\"twitter:label2\" content=\"Est. tempo de leitura\" \/>\n\t<meta name=\"twitter:data2\" content=\"4 minutos\" \/>\n<!-- \/ Yoast SEO plugin. -->","yoast_head_json":{"title":"O segredo natural que supera a vitamina C sint\u00e9tica - Estado de Minas - Em foco","description":"A acerola \u00e9 uma das maiores fontes naturais de vitamina C e pode fortalecer a imunidade com absor\u00e7\u00e3o mais eficiente que suplementos.","robots":{"index":"index","follow":"follow","max-snippet":"max-snippet:-1","max-image-preview":"max-image-preview:large","max-video-preview":"max-video-preview:-1"},"canonical":"https:\/\/www.em.com.br\/emfoco\/2026\/01\/10\/o-segredo-natural-que-supera-a-vitamina-c-sintetica\/","og_locale":"pt_BR","og_type":"article","og_title":"O segredo natural que supera a vitamina C sint\u00e9tica - Estado de Minas - Em foco","og_description":"A acerola \u00e9 uma das maiores fontes naturais de vitamina C e pode fortalecer a imunidade com absor\u00e7\u00e3o mais eficiente que suplementos.","og_url":"https:\/\/www.em.com.br\/emfoco\/2026\/01\/10\/o-segredo-natural-que-supera-a-vitamina-c-sintetica\/","og_site_name":"Estado de Minas - Em foco","article_published_time":"2026-01-10T10:05:00+00:00","article_modified_time":"2026-01-09T23:58:24+00:00","og_image":[{"width":1280,"height":720,"url":"https:\/\/www.em.com.br\/emfoco\/wp-content\/uploads\/2026\/01\/vitamina-c_1768003025934.jpg","type":"image\/jpeg"}],"author":"Guilherme Lopes","twitter_card":"summary_large_image","twitter_misc":{"Escrito por":"Guilherme Lopes","Est. tempo de leitura":"4 minutos"},"schema":{"@context":"https:\/\/schema.org","@graph":[{"@type":"WebPage","@id":"https:\/\/www.em.com.br\/emfoco\/2026\/01\/10\/o-segredo-natural-que-supera-a-vitamina-c-sintetica\/","url":"https:\/\/www.em.com.br\/emfoco\/2026\/01\/10\/o-segredo-natural-que-supera-a-vitamina-c-sintetica\/","name":"O segredo natural que supera a vitamina C sint\u00e9tica - Estado de Minas - Em foco","isPartOf":{"@id":"https:\/\/www.em.com.br\/emfoco\/#website"},"primaryImageOfPage":{"@id":"https:\/\/www.em.com.br\/emfoco\/2026\/01\/10\/o-segredo-natural-que-supera-a-vitamina-c-sintetica\/#primaryimage"},"image":{"@id":"https:\/\/www.em.com.br\/emfoco\/2026\/01\/10\/o-segredo-natural-que-supera-a-vitamina-c-sintetica\/#primaryimage"},"thumbnailUrl":"https:\/\/www.em.com.br\/emfoco\/wp-content\/uploads\/2026\/01\/vitamina-c_1768003025934.jpg","datePublished":"2026-01-10T10:05:00+00:00","dateModified":"2026-01-09T23:58:24+00:00","author":{"@id":"https:\/\/www.em.com.br\/emfoco\/#\/schema\/person\/f6eade2e287023da170a1b2b329f68e5"},"description":"A acerola \u00e9 uma das maiores fontes naturais de vitamina C e pode fortalecer a imunidade com absor\u00e7\u00e3o mais eficiente que suplementos.","breadcrumb":{"@id":"https:\/\/www.em.com.br\/emfoco\/2026\/01\/10\/o-segredo-natural-que-supera-a-vitamina-c-sintetica\/#breadcrumb"},"inLanguage":"pt-BR","potentialAction":[{"@type":"ReadAction","target":["https:\/\/www.em.com.br\/emfoco\/2026\/01\/10\/o-segredo-natural-que-supera-a-vitamina-c-sintetica\/"]}]},{"@type":"ImageObject","inLanguage":"pt-BR","@id":"https:\/\/www.em.com.br\/emfoco\/2026\/01\/10\/o-segredo-natural-que-supera-a-vitamina-c-sintetica\/#primaryimage","url":"https:\/\/www.em.com.br\/emfoco\/wp-content\/uploads\/2026\/01\/vitamina-c_1768003025934.jpg","contentUrl":"https:\/\/www.em.com.br\/emfoco\/wp-content\/uploads\/2026\/01\/vitamina-c_1768003025934.jpg","width":1280,"height":720,"caption":"vitamina c - Cr\u00e9ditos: depositphotos.com \/ VadimVasenin"},{"@type":"BreadcrumbList","@id":"https:\/\/www.em.com.br\/emfoco\/2026\/01\/10\/o-segredo-natural-que-supera-a-vitamina-c-sintetica\/#breadcrumb","itemListElement":[{"@type":"ListItem","position":1,"name":"In\u00edcio","item":"https:\/\/www.em.com.br\/emfoco\/"},{"@type":"ListItem","position":2,"name":"O segredo natural que supera a vitamina C sint\u00e9tica"}]},{"@type":"WebSite","@id":"https:\/\/www.em.com.br\/emfoco\/#website","url":"https:\/\/www.em.com.br\/emfoco\/","name":"Estado de Minas - Em foco","description":"Acompanhe as \u00faltimas not\u00edcias e fique bem informado sobre tudo o que acontece em Minas Gerais, Brasil e no mundo.","potentialAction":[{"@type":"SearchAction","target":{"@type":"EntryPoint","urlTemplate":"https:\/\/www.em.com.br\/emfoco\/?s={search_term_string}"},"query-input":{"@type":"PropertyValueSpecification","valueRequired":true,"valueName":"search_term_string"}}],"inLanguage":"pt-BR"},{"@type":"Person","@id":"https:\/\/www.em.com.br\/emfoco\/#\/schema\/person\/f6eade2e287023da170a1b2b329f68e5","name":"Guilherme Lopes","image":{"@type":"ImageObject","inLanguage":"pt-BR","@id":"https:\/\/www.em.com.br\/emfoco\/#\/schema\/person\/image\/","url":"https:\/\/secure.gravatar.com\/avatar\/df9adfb835d344bc0af109d41756253f?s=96&d=mm&r=g","contentUrl":"https:\/\/secure.gravatar.com\/avatar\/df9adfb835d344bc0af109d41756253f?s=96&d=mm&r=g","caption":"Guilherme Lopes"},"url":"https:\/\/www.em.com.br\/emfoco\/author\/guilherme_saude\/"}]}},"_links":{"self":[{"href":"https:\/\/www.em.com.br\/emfoco\/wp-json\/wp\/v2\/posts\/153402","targetHints":{"allow":["GET"]}}],"collection":[{"href":"https:\/\/www.em.com.br\/emfoco\/wp-json\/wp\/v2\/posts"}],"about":[{"href":"https:\/\/www.em.com.br\/emfoco\/wp-json\/wp\/v2\/types\/post"}],"author":[{"embeddable":true,"href":"https:\/\/www.em.com.br\/emfoco\/wp-json\/wp\/v2\/users\/25"}],"replies":[{"embeddable":true,"href":"https:\/\/www.em.com.br\/emfoco\/wp-json\/wp\/v2\/comments?post=153402"}],"version-history":[{"count":1,"href":"https:\/\/www.em.com.br\/emfoco\/wp-json\/wp\/v2\/posts\/153402\/revisions"}],"predecessor-version":[{"id":153405,"href":"https:\/\/www.em.com.br\/emfoco\/wp-json\/wp\/v2\/posts\/153402\/revisions\/153405"}],"wp:featuredmedia":[{"embeddable":true,"href":"https:\/\/www.em.com.br\/emfoco\/wp-json\/wp\/v2\/media\/153403"}],"wp:attachment":[{"href":"https:\/\/www.em.com.br\/emfoco\/wp-json\/wp\/v2\/media?parent=153402"}],"wp:term":[{"taxonomy":"category","embeddable":true,"href":"https:\/\/www.em.com.br\/emfoco\/wp-json\/wp\/v2\/categories?post=153402"},{"taxonomy":"post_tag","embeddable":true,"href":"https:\/\/www.em.com.br\/emfoco\/wp-json\/wp\/v2\/tags?post=153402"}],"curies":[{"name":"wp","href":"https:\/\/api.w.org\/{rel}","templated":true}]}}