{"id":15327,"date":"2025-02-09T17:40:00","date_gmt":"2025-02-09T20:40:00","guid":{"rendered":"https:\/\/www.em.com.br\/emfoco\/?p=15327"},"modified":"2025-02-05T18:02:29","modified_gmt":"2025-02-05T21:02:29","slug":"contagem-uma-cidade-que-respira-historia-e-cultura","status":"publish","type":"post","link":"https:\/\/www.em.com.br\/emfoco\/2025\/02\/09\/contagem-uma-cidade-que-respira-historia-e-cultura\/","title":{"rendered":"Contagem \u00e9 uma cidade que respira hist\u00f3ria e cultura!"},"content":{"rendered":"\n<p>Localizada pr\u00f3xima a <strong><a href=\"https:\/\/www.em.com.br\/emfoco\/2024\/12\/04\/conheca-a-3a-melhor-capital-do-brasil-em-qualidade-de-vida\/\" target=\"_blank\" rel=\"noreferrer noopener\">Belo Horizonte<\/a><\/strong>, a cidade de <strong>Contagem<\/strong> abriga um patrim\u00f4nio hist\u00f3rico riqu\u00edssimo. Seus edif\u00edcios hist\u00f3ricos n\u00e3o apenas contam a hist\u00f3ria do munic\u00edpio, mas tamb\u00e9m se tornam locais de aprendizado e aprecia\u00e7\u00e3o cultural. Entre os mais significativos est\u00e3o a <strong>Casa da Cultura Nair Mendes Moreira<\/strong>, o <strong>Centro Cultural<\/strong>, a <strong>Casa de Cacos<\/strong> e o <strong>Parque Gentil Diniz<\/strong>.<\/p>\n\n\n\n<p>Esses locais simb\u00f3licos s\u00e3o pe\u00e7as-chave para a educa\u00e7\u00e3o das novas gera\u00e7\u00f5es sobre a hist\u00f3ria e a cultura da cidade. Promovem um rico panorama de Contagem, permitindo que moradores e visitantes mergulhem em suas tradi\u00e7\u00f5es e hist\u00f3rias.<\/p>\n\n\n\n<h2 class=\"wp-block-heading\">O fasc\u00ednio dos mosaicos na Casa de Cacos<\/h2>\n\n\n\n<p>No bairro <strong>Bernardo Monteiro<\/strong>, a Casa de Cacos impressiona por seu mosaico criado com fragmentos variados. Este projeto art\u00edstico teve in\u00edcio nos anos 60 pelas m\u00e3os do ge\u00f3logo <strong>Carlos Lu\u00eds de Almeida<\/strong>. Seu objetivo era criar algo \u00fanico, aproveitando peda\u00e7os de cer\u00e2mica de diversas origens.<\/p>\n\n\n\n<p>O im\u00f3vel foi adquirido pela administra\u00e7\u00e3o municipal em 1991 e, ap\u00f3s restaura\u00e7\u00e3o, foi reaberto como um espa\u00e7o cultural em 2022. Aberto durante a semana e nos finais de semana, o lugar atrai aqueles que apreciam express\u00f5es art\u00edsticas peculiares e que desejam uma conex\u00e3o \u00fanica com a cidade.<\/p>\n\n\n\n<figure class=\"wp-block-image size-large\"><img loading=\"lazy\" decoding=\"async\" width=\"1024\" height=\"576\" src=\"https:\/\/www.em.com.br\/emfoco\/wp-content\/uploads\/2025\/02\/esse-55-1024x576.jpg\" alt=\"Contagem \u00e9 uma cidade que respira hist\u00f3ria e cultura!\" class=\"wp-image-17037\" srcset=\"https:\/\/www.em.com.br\/emfoco\/wp-content\/uploads\/2025\/02\/esse-55-1024x576.jpg 1024w, https:\/\/www.em.com.br\/emfoco\/wp-content\/uploads\/2025\/02\/esse-55-300x169.jpg 300w, https:\/\/www.em.com.br\/emfoco\/wp-content\/uploads\/2025\/02\/esse-55-768x432.jpg 768w, https:\/\/www.em.com.br\/emfoco\/wp-content\/uploads\/2025\/02\/esse-55-750x422.jpg 750w, https:\/\/www.em.com.br\/emfoco\/wp-content\/uploads\/2025\/02\/esse-55-1140x641.jpg 1140w, https:\/\/www.em.com.br\/emfoco\/wp-content\/uploads\/2025\/02\/esse-55.jpg 1280w\" sizes=\"auto, (max-width: 1024px) 100vw, 1024px\" \/><figcaption class=\"wp-element-caption\">Casa dos Cacos &#8211; Cr\u00e9ditos: Prefeitura de Contagem<\/figcaption><\/figure>\n\n\n\n<h2 class=\"wp-block-heading\">O impacto do Museu Hist\u00f3rico de Contagem<\/h2>\n\n\n\n<p>A<strong> Casa da Cultura Nair Mendes Moreira<\/strong> serve como uma janela para o passado de Contagem. O museu, instalado num edif\u00edcio hist\u00f3rico do s\u00e9culo XVIII, \u00e9 um ponto de converg\u00eancia para eventos culturais e exposi\u00e7\u00f5es permanentes que narram a hist\u00f3ria do munic\u00edpio. Reconhecido oficialmente em 2007, o local \u00e9 refer\u00eancia cultural em Contagem.<\/p>\n\n\n\n<p>Recentemente revitalizado, o museu funciona durante a semana e oferece uma rica programa\u00e7\u00e3o que venera as tradi\u00e7\u00f5es locais, atraindo tanto estudiosos quanto aqueles curiosos em saber mais sobre a cidade.<\/p>\n\n\n\n<h2 class=\"wp-block-heading\">Por que o Centro Cultural \u00e9 crucial para a juventude?<\/h2>\n\n\n\n<p>O <strong><a href=\"https:\/\/pt.wikipedia.org\/wiki\/Centro_Cultural_Francisco_Firmo_de_Mattos_Filho\" target=\"_blank\" rel=\"noreferrer noopener\">Centro Cultural Prefeito Francisco Firmo de Matos Filho<\/a><\/strong> vitaliza a cena art\u00edstica de Contagem. Sediado em casar\u00f5es coloniais, seu objetivo \u00e9 promover o desenvolvimento cultural entre os jovens, atrav\u00e9s de cursos, oficinas e exposi\u00e7\u00f5es que estimulam a criatividade e a express\u00e3o art\u00edstica.<\/p>\n\n\n\n<p>Restaurado no final do s\u00e9culo XX, o centro atua como um catalisador cultural, incentivando a participa\u00e7\u00e3o ativa dos jovens na vida cultural da cidade e refor\u00e7ando o acesso democratizado \u00e0 arte.<\/p>\n\n\n\n<h2 class=\"wp-block-heading\">Revisitando o passado atrav\u00e9s do Casar\u00e3o do Parque Gentil Diniz<\/h2>\n\n\n\n<p>Representando o modo de vida rural do s\u00e9culo XIX, o <strong>Casar\u00e3o do Parque Gentil Diniz<\/strong> \u00e9 uma pe\u00e7a fundamental do patrim\u00f4nio de Contagem. Transformado em um espa\u00e7o bot\u00e2nico, o parque abre as portas para manifesta\u00e7\u00f5es culturais e \u00e9 acess\u00edvel ao p\u00fablico em dias espec\u00edficos, oferecendo uma viagem valiosa ao passado mineiro.<\/p>\n\n\n\n<p>Estas atra\u00e7\u00f5es hist\u00f3ricas se configuram como testemunhas vivas do rico legado de Contagem, possibilitando um envolvimento profundo com a hist\u00f3ria e a cultura para todo tipo de p\u00fablico interessado em explorar a ess\u00eancia desta cidade mineira.<\/p>\n","protected":false},"excerpt":{"rendered":"<p>Localizada pr\u00f3xima a Belo Horizonte, a cidade de Contagem abriga um patrim\u00f4nio hist\u00f3rico riqu\u00edssimo. Seus edif\u00edcios hist\u00f3ricos n\u00e3o apenas contam a hist\u00f3ria do munic\u00edpio, mas tamb\u00e9m se tornam locais de aprendizado e aprecia\u00e7\u00e3o cultural. Entre os mais significativos est\u00e3o a Casa da Cultura Nair Mendes Moreira, o Centro Cultural, a Casa de Cacos e o [&hellip;]<\/p>\n","protected":false},"author":5,"featured_media":16158,"comment_status":"open","ping_status":"open","sticky":false,"template":"","format":"standard","meta":{"jnews-multi-image_gallery":[],"jnews_single_post":{"format":"standard"},"jnews_primary_category":[],"jnews_social_meta":[],"jnews_override_counter":[],"footnotes":""},"categories":[26,1],"tags":[687,207,157],"class_list":["post-15327","post","type-post","status-publish","format-standard","has-post-thumbnail","hentry","category-cidades","category-noticias","tag-contagem","tag-minas-gerais","tag-turismo"],"yoast_head":"<!-- This site is optimized with the Yoast SEO plugin v23.8 - https:\/\/yoast.com\/wordpress\/plugins\/seo\/ -->\n<title>Contagem \u00e9 uma cidade que respira hist\u00f3ria e cultura! - Estado de Minas - Em foco<\/title>\n<meta name=\"description\" content=\"Descubra os principais pontos hist\u00f3ricos e culturais de Contagem, uma cidade que preserva seu patrim\u00f4nio com orgulho.\" \/>\n<meta name=\"robots\" content=\"index, follow, max-snippet:-1, max-image-preview:large, max-video-preview:-1\" \/>\n<link rel=\"canonical\" href=\"https:\/\/www.em.com.br\/emfoco\/2025\/02\/09\/contagem-uma-cidade-que-respira-historia-e-cultura\/\" \/>\n<meta property=\"og:locale\" content=\"pt_BR\" \/>\n<meta property=\"og:type\" content=\"article\" \/>\n<meta property=\"og:title\" content=\"Contagem \u00e9 uma cidade que respira hist\u00f3ria e cultura! - Estado de Minas - Em foco\" \/>\n<meta property=\"og:description\" content=\"Descubra os principais pontos hist\u00f3ricos e culturais de Contagem, uma cidade que preserva seu patrim\u00f4nio com orgulho.\" \/>\n<meta property=\"og:url\" content=\"https:\/\/www.em.com.br\/emfoco\/2025\/02\/09\/contagem-uma-cidade-que-respira-historia-e-cultura\/\" \/>\n<meta property=\"og:site_name\" content=\"Estado de Minas - Em foco\" \/>\n<meta property=\"article:published_time\" content=\"2025-02-09T20:40:00+00:00\" \/>\n<meta property=\"article:modified_time\" content=\"2025-02-05T21:02:29+00:00\" \/>\n<meta property=\"og:image\" content=\"https:\/\/www.em.com.br\/emfoco\/wp-content\/uploads\/2025\/02\/esse-41.jpg\" \/>\n\t<meta property=\"og:image:width\" content=\"1280\" \/>\n\t<meta property=\"og:image:height\" content=\"720\" \/>\n\t<meta property=\"og:image:type\" content=\"image\/jpeg\" \/>\n<meta name=\"author\" content=\"N\u00fabia Rangel\" \/>\n<meta name=\"twitter:card\" content=\"summary_large_image\" \/>\n<meta name=\"twitter:label1\" content=\"Escrito por\" \/>\n\t<meta name=\"twitter:data1\" content=\"N\u00fabia Rangel\" \/>\n\t<meta name=\"twitter:label2\" content=\"Est. tempo de leitura\" \/>\n\t<meta name=\"twitter:data2\" content=\"4 minutos\" \/>\n<!-- \/ Yoast SEO plugin. -->","yoast_head_json":{"title":"Contagem \u00e9 uma cidade que respira hist\u00f3ria e cultura! - Estado de Minas - Em foco","description":"Descubra os principais pontos hist\u00f3ricos e culturais de Contagem, uma cidade que preserva seu patrim\u00f4nio com orgulho.","robots":{"index":"index","follow":"follow","max-snippet":"max-snippet:-1","max-image-preview":"max-image-preview:large","max-video-preview":"max-video-preview:-1"},"canonical":"https:\/\/www.em.com.br\/emfoco\/2025\/02\/09\/contagem-uma-cidade-que-respira-historia-e-cultura\/","og_locale":"pt_BR","og_type":"article","og_title":"Contagem \u00e9 uma cidade que respira hist\u00f3ria e cultura! - Estado de Minas - Em foco","og_description":"Descubra os principais pontos hist\u00f3ricos e culturais de Contagem, uma cidade que preserva seu patrim\u00f4nio com orgulho.","og_url":"https:\/\/www.em.com.br\/emfoco\/2025\/02\/09\/contagem-uma-cidade-que-respira-historia-e-cultura\/","og_site_name":"Estado de Minas - Em foco","article_published_time":"2025-02-09T20:40:00+00:00","article_modified_time":"2025-02-05T21:02:29+00:00","og_image":[{"width":1280,"height":720,"url":"https:\/\/www.em.com.br\/emfoco\/wp-content\/uploads\/2025\/02\/esse-41.jpg","type":"image\/jpeg"}],"author":"N\u00fabia Rangel","twitter_card":"summary_large_image","twitter_misc":{"Escrito por":"N\u00fabia Rangel","Est. tempo de leitura":"4 minutos"},"schema":{"@context":"https:\/\/schema.org","@graph":[{"@type":"WebPage","@id":"https:\/\/www.em.com.br\/emfoco\/2025\/02\/09\/contagem-uma-cidade-que-respira-historia-e-cultura\/","url":"https:\/\/www.em.com.br\/emfoco\/2025\/02\/09\/contagem-uma-cidade-que-respira-historia-e-cultura\/","name":"Contagem \u00e9 uma cidade que respira hist\u00f3ria e cultura! - Estado de Minas - Em foco","isPartOf":{"@id":"https:\/\/www.em.com.br\/emfoco\/#website"},"primaryImageOfPage":{"@id":"https:\/\/www.em.com.br\/emfoco\/2025\/02\/09\/contagem-uma-cidade-que-respira-historia-e-cultura\/#primaryimage"},"image":{"@id":"https:\/\/www.em.com.br\/emfoco\/2025\/02\/09\/contagem-uma-cidade-que-respira-historia-e-cultura\/#primaryimage"},"thumbnailUrl":"https:\/\/www.em.com.br\/emfoco\/wp-content\/uploads\/2025\/02\/esse-41.jpg","datePublished":"2025-02-09T20:40:00+00:00","dateModified":"2025-02-05T21:02:29+00:00","author":{"@id":"https:\/\/www.em.com.br\/emfoco\/#\/schema\/person\/524437ef54f8a5d32591b143307f2e20"},"description":"Descubra os principais pontos hist\u00f3ricos e culturais de Contagem, uma cidade que preserva seu patrim\u00f4nio com orgulho.","breadcrumb":{"@id":"https:\/\/www.em.com.br\/emfoco\/2025\/02\/09\/contagem-uma-cidade-que-respira-historia-e-cultura\/#breadcrumb"},"inLanguage":"pt-BR","potentialAction":[{"@type":"ReadAction","target":["https:\/\/www.em.com.br\/emfoco\/2025\/02\/09\/contagem-uma-cidade-que-respira-historia-e-cultura\/"]}]},{"@type":"ImageObject","inLanguage":"pt-BR","@id":"https:\/\/www.em.com.br\/emfoco\/2025\/02\/09\/contagem-uma-cidade-que-respira-historia-e-cultura\/#primaryimage","url":"https:\/\/www.em.com.br\/emfoco\/wp-content\/uploads\/2025\/02\/esse-41.jpg","contentUrl":"https:\/\/www.em.com.br\/emfoco\/wp-content\/uploads\/2025\/02\/esse-41.jpg","width":1280,"height":720,"caption":"Contagem - Cr\u00e9dito: Wikimedia Commons"},{"@type":"BreadcrumbList","@id":"https:\/\/www.em.com.br\/emfoco\/2025\/02\/09\/contagem-uma-cidade-que-respira-historia-e-cultura\/#breadcrumb","itemListElement":[{"@type":"ListItem","position":1,"name":"In\u00edcio","item":"https:\/\/www.em.com.br\/emfoco\/"},{"@type":"ListItem","position":2,"name":"Contagem \u00e9 uma cidade que respira hist\u00f3ria e cultura!"}]},{"@type":"WebSite","@id":"https:\/\/www.em.com.br\/emfoco\/#website","url":"https:\/\/www.em.com.br\/emfoco\/","name":"Estado de Minas - Em foco","description":"Acompanhe as \u00faltimas not\u00edcias e fique bem informado sobre tudo o que acontece em Minas Gerais, Brasil e no mundo.","potentialAction":[{"@type":"SearchAction","target":{"@type":"EntryPoint","urlTemplate":"https:\/\/www.em.com.br\/emfoco\/?s={search_term_string}"},"query-input":{"@type":"PropertyValueSpecification","valueRequired":true,"valueName":"search_term_string"}}],"inLanguage":"pt-BR"},{"@type":"Person","@id":"https:\/\/www.em.com.br\/emfoco\/#\/schema\/person\/524437ef54f8a5d32591b143307f2e20","name":"N\u00fabia Rangel","image":{"@type":"ImageObject","inLanguage":"pt-BR","@id":"https:\/\/www.em.com.br\/emfoco\/#\/schema\/person\/image\/","url":"https:\/\/secure.gravatar.com\/avatar\/47cff2827a5ba23c37e8068c86817ea4?s=96&d=mm&r=g","contentUrl":"https:\/\/secure.gravatar.com\/avatar\/47cff2827a5ba23c37e8068c86817ea4?s=96&d=mm&r=g","caption":"N\u00fabia Rangel"},"sameAs":["https:\/\/www.em.com.br\/emfoco\/"],"url":"https:\/\/www.em.com.br\/emfoco\/author\/nubiamyth\/"}]}},"_links":{"self":[{"href":"https:\/\/www.em.com.br\/emfoco\/wp-json\/wp\/v2\/posts\/15327","targetHints":{"allow":["GET"]}}],"collection":[{"href":"https:\/\/www.em.com.br\/emfoco\/wp-json\/wp\/v2\/posts"}],"about":[{"href":"https:\/\/www.em.com.br\/emfoco\/wp-json\/wp\/v2\/types\/post"}],"author":[{"embeddable":true,"href":"https:\/\/www.em.com.br\/emfoco\/wp-json\/wp\/v2\/users\/5"}],"replies":[{"embeddable":true,"href":"https:\/\/www.em.com.br\/emfoco\/wp-json\/wp\/v2\/comments?post=15327"}],"version-history":[{"count":5,"href":"https:\/\/www.em.com.br\/emfoco\/wp-json\/wp\/v2\/posts\/15327\/revisions"}],"predecessor-version":[{"id":17075,"href":"https:\/\/www.em.com.br\/emfoco\/wp-json\/wp\/v2\/posts\/15327\/revisions\/17075"}],"wp:featuredmedia":[{"embeddable":true,"href":"https:\/\/www.em.com.br\/emfoco\/wp-json\/wp\/v2\/media\/16158"}],"wp:attachment":[{"href":"https:\/\/www.em.com.br\/emfoco\/wp-json\/wp\/v2\/media?parent=15327"}],"wp:term":[{"taxonomy":"category","embeddable":true,"href":"https:\/\/www.em.com.br\/emfoco\/wp-json\/wp\/v2\/categories?post=15327"},{"taxonomy":"post_tag","embeddable":true,"href":"https:\/\/www.em.com.br\/emfoco\/wp-json\/wp\/v2\/tags?post=15327"}],"curies":[{"name":"wp","href":"https:\/\/api.w.org\/{rel}","templated":true}]}}