{"id":153184,"date":"2026-01-10T12:55:12","date_gmt":"2026-01-10T15:55:12","guid":{"rendered":"https:\/\/www.em.com.br\/emfoco\/?p=153184"},"modified":"2026-01-09T16:24:16","modified_gmt":"2026-01-09T19:24:16","slug":"tendencias-de-esmaltes-que-chegam-fortes-e-prometem-marcar-2026","status":"publish","type":"post","link":"https:\/\/www.em.com.br\/emfoco\/2026\/01\/10\/tendencias-de-esmaltes-que-chegam-fortes-e-prometem-marcar-2026\/","title":{"rendered":"Tend\u00eancias de esmaltes que chegam fortes e prometem marcar 2026"},"content":{"rendered":"\n<h2 class=\"wp-block-heading\">Em 2026, as unhas destacam o Azul Gelo futurista e o Vermelho dram\u00e1tico. O preto laqueado e neutros acinzentados trazem eleg\u00e2ncia. A nail art aposta em listras gr\u00e1ficas e na volta da meia-lua moderna. <\/h2>\n\n\n\n<p><b>Voc\u00ea j\u00e1 reparou<\/b> como, de uns tempos pra c\u00e1, as <b>unhas viraram quase um acess\u00f3rio de moda<\/b> t\u00e3o importante quanto bolsa e sapato? Em 2026, elas ganham ainda mais destaque, acompanhando de perto as mudan\u00e7as da moda, do comportamento e o impacto das <b>redes sociais<\/b>, que ajudam a espalhar e consolidar estilos em poucos dias.<\/p>\n\n\n\n<h2 class=\"wp-block-heading\">Quais s\u00e3o os esmaltes em alta em 2026<\/h2>\n\n\n\n<p>Os <b>esmaltes em alta em 2026<\/b> se dividem em grandes grupos: <b>tons frios e futuristas<\/b>, vermelhos dram\u00e1ticos, cores escuras elegantes, neutros modernos e nail arts gr\u00e1ficas. Entre as cores, ganham espa\u00e7o os <b>azuis gelo<\/b>, os vinhos profundos, o preto brilhante e o vermelho cl\u00e1ssico.<\/p>\n\n\n\n<p>As marcas acompanham esse movimento em <b>cole\u00e7\u00f5es espec\u00edficas<\/b>, com linhas de esmaltes frios, cartelas de vinho e vermelho e nudes atualizados. Plataformas de <b>imagem e v\u00eddeos curtos<\/b> aceleram a dissemina\u00e7\u00e3o dessas ideias, fazendo algumas cores virarem <b>\u201cuniforme de tend\u00eancia\u201d<\/b> em pouco tempo.<\/p>\n\n\n\n<figure class=\"wp-block-embed is-type-rich is-provider-pinterest wp-block-embed-pinterest\"><div class=\"wp-block-embed__wrapper\">\n<iframe loading=\"lazy\" title=\" \" src=\"https:\/\/assets.pinterest.com\/ext\/embed.html?id=1688918606245832&#038;src=oembed\" height=\"899\" width=\"450\" frameborder=\"0\" scrolling=\"no\" ><\/iframe>\n<\/div><\/figure>\n\n\n\n<p>Leia tamb\u00e9m:&nbsp;<a href=\"https:\/\/www.em.com.br\/emfoco\/2026\/01\/04\/as-cores-de-esmalte-que-deixam-unhas-curtas-mais-bonitas-e-elegantes\/\" target=\"_blank\" rel=\"noopener\">As cores de esmalte que deixam unhas curtas mais bonitas e elegantes<\/a><\/p>\n\n\n\n<h2 class=\"wp-block-heading\">Como usar esmaltes frios, nail art gr\u00e1fica e minimalismo suave<\/h2>\n\n\n\n<p>Os tons de <b>azul gelado<\/b>, chamados de icy blue, aparecem entre os principais <b>esmaltes em alta para 2026<\/b>. Eles v\u00e3o do transl\u00facido ao met\u00e1lico, em vers\u00f5es cremosas ou com brilho delicado, trazendo uma pegada <b>futurista e tecnol\u00f3gica<\/b> para o visual.<\/p>\n\n\n\n<figure class=\"wp-block-embed is-type-rich is-provider-pinterest wp-block-embed-pinterest\"><div class=\"wp-block-embed__wrapper\">\n<iframe loading=\"lazy\" title=\"Baby Blue Chrome Nail Tutorial - chrome nails, chrome tutorial, baby blue nails, pale blue nails\" src=\"https:\/\/assets.pinterest.com\/ext\/embed.html?id=101682904079281823&#038;src=oembed\" height=\"899\" width=\"450\" frameborder=\"0\" scrolling=\"no\" ><\/iframe>\n<\/div><\/figure>\n\n\n\n<p>Nas nail arts, <b>listras e desenhos minimalistas<\/b> ganham vez, especialmente em unhas curtas ou m\u00e9dias. O chamado <b>soft minimalism<\/b> aposta em bases claras e pequenos detalhes, como pontos de cor e linhas finas, para valorizar o <b>aspecto natural das unhas<\/b> sem pesar.<\/p>\n\n\n\n<ul class=\"wp-block-list\">\n<li><b>Icy blue<\/b>: azuis frios com apar\u00eancia \u201ccongelada\u201d.<\/li>\n\n\n\n<li><b>Listras gr\u00e1ficas<\/b>: linhas em diferentes dire\u00e7\u00f5es, com ou sem contraste.<\/li>\n\n\n\n<li><b>Minimalismo suave<\/b>: bases neutras, brilho discreto e poucos detalhes.<\/li>\n<\/ul>\n\n\n\n<figure class=\"wp-block-embed is-type-rich is-provider-pinterest wp-block-embed-pinterest\"><div class=\"wp-block-embed__wrapper\">\n<iframe loading=\"lazy\" title=\"DIY nails have never been easier\ud83d\udc85 Try this French tip hack for salon-quality nails at home!  shades:  \u2764\ufe0f Date Night  - #nailart #naillooks  #nails #nailgram #nailinspo #nailsathome #nailtrends #naildesign #nailartist #diynails #nailhack #easynails   #nailvideo #nailtutorial #dippowder #dippowderdesign #dipnails #dippowdernails #trendynails #nailsoftheday #nailtech #nailtutorials #nailboo #nailsofinstagram #nailsalon #DIYnails #dippowdermanicure #dipkit  #gelpolish #summernails\" src=\"https:\/\/assets.pinterest.com\/ext\/embed.html?id=2040762328279011&#038;src=oembed\" height=\"899\" width=\"450\" frameborder=\"0\" scrolling=\"no\" ><\/iframe>\n<\/div><\/figure>\n\n\n\n<h2 class=\"wp-block-heading\">Como apostar em vermelhos, vinhos e preto de forma dram\u00e1tica<\/h2>\n\n\n\n<p>No time das cores intensas, o <b>vermelho de cinema<\/b> volta com tudo entre os esmaltes em alta. \u00c9 aquele <b>vermelho cl\u00e1ssico<\/b>, bem pigmentado, perfeito para eventos noturnos, produ\u00e7\u00f5es sofisticadas e looks de <b>\u201ctapete vermelho\u201d<\/b> na vida real.<\/p>\n\n\n\n<figure class=\"wp-block-embed is-type-rich is-provider-pinterest wp-block-embed-pinterest\"><div class=\"wp-block-embed__wrapper\">\n<iframe loading=\"lazy\" title=\" \" src=\"https:\/\/assets.pinterest.com\/ext\/embed.html?id=211174978303493&#038;src=oembed\" height=\"899\" width=\"450\" frameborder=\"0\" scrolling=\"no\" ><\/iframe>\n<\/div><\/figure>\n\n\n\n<p>Os <b>vinhos escuros<\/b> aparecem como alternativa elegante ao preto, com ar profundo e misterioso. J\u00e1 o <b>esmalte preto<\/b>, em acabamento laqueado, continua forte, muitas vezes como base para nail arts com toques met\u00e1licos, prata ou vermelho, criando um <b>visual g\u00f3tico moderno<\/b>.<\/p>\n\n\n\n<figure class=\"wp-block-embed is-type-rich is-provider-pinterest wp-block-embed-pinterest\"><div class=\"wp-block-embed__wrapper\">\n<iframe loading=\"lazy\" title=\"Wine \ud83c\udf77\" src=\"https:\/\/assets.pinterest.com\/ext\/embed.html?id=1266706140403069&#038;src=oembed\" height=\"699\" width=\"450\" frameborder=\"0\" scrolling=\"no\" ><\/iframe>\n<\/div><\/figure>\n\n\n\n<h2 class=\"wp-block-heading\">Quais s\u00e3o os neutros modernos e como usar a meia-lua<\/h2>\n\n\n\n<p>Entre os neutros, um <b>tom claro levemente acinzentado<\/b> ganha destaque, funcionando como uma vers\u00e3o atualizada do branco. Ele \u00e9 <b>vers\u00e1til e discreto<\/b> e combina com diferentes tons de pele, ficando bem tanto em ambientes formais quanto no <b>dia a dia<\/b>.<\/p>\n\n\n\n<figure class=\"wp-block-embed is-type-rich is-provider-pinterest wp-block-embed-pinterest\"><div class=\"wp-block-embed__wrapper\">\n<iframe loading=\"lazy\" title=\" \" src=\"https:\/\/assets.pinterest.com\/ext\/embed.html?id=914862421396807&#038;src=oembed\" height=\"899\" width=\"450\" frameborder=\"0\" scrolling=\"no\" ><\/iframe>\n<\/div><\/figure>\n\n\n\n<p>A <b>nail art de meia-lua<\/b> retorna com novas combina\u00e7\u00f5es e efeitos. Em vez do desenho cl\u00e1ssico, surgem duos como nude com metalizado, preto com acabamento espelhado ou vers\u00f5es quase transparentes, em que s\u00f3 o <b>contorno da meia-lua<\/b> aparece, dando um <b>toque moderno<\/b> sem exageros.<\/p>\n\n\n\n<p>Para voc\u00ea que quer ir al\u00e9m, separamos um v\u00eddeo do canal da <a href=\"https:\/\/www.youtube.com\/@SilvaniaAnsanelo\" target=\"_blank\" rel=\"noopener\">Silvania Ansanelo<\/a> com dicas de cores que prometem ser tend\u00eancia esse ano:<\/p>\n\n\n\n<figure class=\"wp-block-embed is-type-video is-provider-youtube wp-block-embed-youtube wp-embed-aspect-16-9 wp-has-aspect-ratio\"><div class=\"wp-block-embed__wrapper\">\n<div class=\"jeg_video_container jeg_video_content\"><iframe loading=\"lazy\" title=\"As cores de esmaltes para o ver\u00e3o 2026\" width=\"500\" height=\"281\" src=\"https:\/\/www.youtube.com\/embed\/mXulSxtkK5U?feature=oembed\" frameborder=\"0\" allow=\"accelerometer; autoplay; clipboard-write; encrypted-media; gyroscope; picture-in-picture; web-share\" referrerpolicy=\"strict-origin-when-cross-origin\" allowfullscreen><\/iframe><\/div>\n<\/div><\/figure>\n\n\n\n<h2 class=\"wp-block-heading\">Como adaptar as tend\u00eancias de esmaltes em alta ao dia a dia<\/h2>\n\n\n\n<p>Para levar essas <b>tend\u00eancias para a rotina<\/b>, n\u00e3o \u00e9 preciso mudar tudo de uma vez. Voc\u00ea pode alternar entre <b>neutros e cores intensas<\/b> ao longo do m\u00eas, testar um vermelho dram\u00e1tico num evento especial ou come\u00e7ar com nail arts discretas, como <b>listras finas<\/b> em tons pr\u00f3ximos ao da base.<\/p>\n\n\n\n<p>Observar <b>lan\u00e7amentos de cole\u00e7\u00f5es<\/b>, refer\u00eancias em redes sociais e dicas de manicures ajuda a entender o que combina com seu tom de pele, formato de unha e <b>estilo pessoal<\/b>. Assim, fica mais f\u00e1cil manter as <b>unhas atualizadas em 2026<\/b>, sem abrir m\u00e3o da praticidade.<\/p>\n","protected":false},"excerpt":{"rendered":"<p>Em 2026, as unhas destacam o Azul Gelo futurista e o Vermelho dram\u00e1tico. O preto laqueado e neutros acinzentados trazem eleg\u00e2ncia. A nail art aposta em listras gr\u00e1ficas e na volta da meia-lua moderna. Voc\u00ea j\u00e1 reparou como, de uns tempos pra c\u00e1, as unhas viraram quase um acess\u00f3rio de moda t\u00e3o importante quanto bolsa [&hellip;]<\/p>\n","protected":false},"author":9,"featured_media":153277,"comment_status":"open","ping_status":"open","sticky":false,"template":"","format":"standard","meta":{"jnews-multi-image_gallery":[],"jnews_single_post":{"format":"standard"},"jnews_primary_category":[],"jnews_social_meta":[],"jnews_override_counter":[],"footnotes":""},"categories":[8691,8819,1],"tags":[1110,8887,5354],"class_list":["post-153184","post","type-post","status-publish","format-standard","has-post-thumbnail","hentry","category-bem-estar","category-curiosidades","category-noticias","tag-cores","tag-esmalte","tag-unhas"],"yoast_head":"<!-- This site is optimized with the Yoast SEO plugin v23.8 - https:\/\/yoast.com\/wordpress\/plugins\/seo\/ -->\n<title>Tend\u00eancias de esmaltes que chegam fortes e prometem marcar 2026 - Estado de Minas - Em foco<\/title>\n<meta name=\"description\" content=\"Unhas 2026: aposte no Icy Blue, Vermelho Cinema e nail art minimalista. Saiba quais cores est\u00e3o em alta agora.\" \/>\n<meta name=\"robots\" content=\"index, follow, max-snippet:-1, max-image-preview:large, max-video-preview:-1\" \/>\n<link rel=\"canonical\" href=\"https:\/\/www.em.com.br\/emfoco\/2026\/01\/10\/tendencias-de-esmaltes-que-chegam-fortes-e-prometem-marcar-2026\/\" \/>\n<meta property=\"og:locale\" content=\"pt_BR\" \/>\n<meta property=\"og:type\" content=\"article\" \/>\n<meta property=\"og:title\" content=\"Tend\u00eancias de esmaltes que chegam fortes e prometem marcar 2026 - Estado de Minas - Em foco\" \/>\n<meta property=\"og:description\" content=\"Unhas 2026: aposte no Icy Blue, Vermelho Cinema e nail art minimalista. Saiba quais cores est\u00e3o em alta agora.\" \/>\n<meta property=\"og:url\" content=\"https:\/\/www.em.com.br\/emfoco\/2026\/01\/10\/tendencias-de-esmaltes-que-chegam-fortes-e-prometem-marcar-2026\/\" \/>\n<meta property=\"og:site_name\" content=\"Estado de Minas - Em foco\" \/>\n<meta property=\"article:published_time\" content=\"2026-01-10T15:55:12+00:00\" \/>\n<meta property=\"article:modified_time\" content=\"2026-01-09T19:24:16+00:00\" \/>\n<meta property=\"og:image\" content=\"https:\/\/www.em.com.br\/emfoco\/wp-content\/uploads\/2026\/01\/Gemini_Generated_Image_wqdv5kwqdv5kwqdv-2.png\" \/>\n\t<meta property=\"og:image:width\" content=\"1280\" \/>\n\t<meta property=\"og:image:height\" content=\"720\" \/>\n\t<meta property=\"og:image:type\" content=\"image\/png\" \/>\n<meta name=\"author\" content=\"Daniely Cardoso\" \/>\n<meta name=\"twitter:card\" content=\"summary_large_image\" \/>\n<meta name=\"twitter:label1\" content=\"Escrito por\" \/>\n\t<meta name=\"twitter:data1\" content=\"Daniely Cardoso\" \/>\n\t<meta name=\"twitter:label2\" content=\"Est. tempo de leitura\" \/>\n\t<meta name=\"twitter:data2\" content=\"4 minutos\" \/>\n<!-- \/ Yoast SEO plugin. -->","yoast_head_json":{"title":"Tend\u00eancias de esmaltes que chegam fortes e prometem marcar 2026 - Estado de Minas - Em foco","description":"Unhas 2026: aposte no Icy Blue, Vermelho Cinema e nail art minimalista. Saiba quais cores est\u00e3o em alta agora.","robots":{"index":"index","follow":"follow","max-snippet":"max-snippet:-1","max-image-preview":"max-image-preview:large","max-video-preview":"max-video-preview:-1"},"canonical":"https:\/\/www.em.com.br\/emfoco\/2026\/01\/10\/tendencias-de-esmaltes-que-chegam-fortes-e-prometem-marcar-2026\/","og_locale":"pt_BR","og_type":"article","og_title":"Tend\u00eancias de esmaltes que chegam fortes e prometem marcar 2026 - Estado de Minas - Em foco","og_description":"Unhas 2026: aposte no Icy Blue, Vermelho Cinema e nail art minimalista. Saiba quais cores est\u00e3o em alta agora.","og_url":"https:\/\/www.em.com.br\/emfoco\/2026\/01\/10\/tendencias-de-esmaltes-que-chegam-fortes-e-prometem-marcar-2026\/","og_site_name":"Estado de Minas - Em foco","article_published_time":"2026-01-10T15:55:12+00:00","article_modified_time":"2026-01-09T19:24:16+00:00","og_image":[{"width":1280,"height":720,"url":"https:\/\/www.em.com.br\/emfoco\/wp-content\/uploads\/2026\/01\/Gemini_Generated_Image_wqdv5kwqdv5kwqdv-2.png","type":"image\/png"}],"author":"Daniely Cardoso","twitter_card":"summary_large_image","twitter_misc":{"Escrito por":"Daniely Cardoso","Est. tempo de leitura":"4 minutos"},"schema":{"@context":"https:\/\/schema.org","@graph":[{"@type":"WebPage","@id":"https:\/\/www.em.com.br\/emfoco\/2026\/01\/10\/tendencias-de-esmaltes-que-chegam-fortes-e-prometem-marcar-2026\/","url":"https:\/\/www.em.com.br\/emfoco\/2026\/01\/10\/tendencias-de-esmaltes-que-chegam-fortes-e-prometem-marcar-2026\/","name":"Tend\u00eancias de esmaltes que chegam fortes e prometem marcar 2026 - Estado de Minas - Em foco","isPartOf":{"@id":"https:\/\/www.em.com.br\/emfoco\/#website"},"primaryImageOfPage":{"@id":"https:\/\/www.em.com.br\/emfoco\/2026\/01\/10\/tendencias-de-esmaltes-que-chegam-fortes-e-prometem-marcar-2026\/#primaryimage"},"image":{"@id":"https:\/\/www.em.com.br\/emfoco\/2026\/01\/10\/tendencias-de-esmaltes-que-chegam-fortes-e-prometem-marcar-2026\/#primaryimage"},"thumbnailUrl":"https:\/\/www.em.com.br\/emfoco\/wp-content\/uploads\/2026\/01\/Gemini_Generated_Image_wqdv5kwqdv5kwqdv-2.png","datePublished":"2026-01-10T15:55:12+00:00","dateModified":"2026-01-09T19:24:16+00:00","author":{"@id":"https:\/\/www.em.com.br\/emfoco\/#\/schema\/person\/0a8186d72f2c3a5c6276d90b41f271a0"},"description":"Unhas 2026: aposte no Icy Blue, Vermelho Cinema e nail art minimalista. Saiba quais cores est\u00e3o em alta agora.","breadcrumb":{"@id":"https:\/\/www.em.com.br\/emfoco\/2026\/01\/10\/tendencias-de-esmaltes-que-chegam-fortes-e-prometem-marcar-2026\/#breadcrumb"},"inLanguage":"pt-BR","potentialAction":[{"@type":"ReadAction","target":["https:\/\/www.em.com.br\/emfoco\/2026\/01\/10\/tendencias-de-esmaltes-que-chegam-fortes-e-prometem-marcar-2026\/"]}]},{"@type":"ImageObject","inLanguage":"pt-BR","@id":"https:\/\/www.em.com.br\/emfoco\/2026\/01\/10\/tendencias-de-esmaltes-que-chegam-fortes-e-prometem-marcar-2026\/#primaryimage","url":"https:\/\/www.em.com.br\/emfoco\/wp-content\/uploads\/2026\/01\/Gemini_Generated_Image_wqdv5kwqdv5kwqdv-2.png","contentUrl":"https:\/\/www.em.com.br\/emfoco\/wp-content\/uploads\/2026\/01\/Gemini_Generated_Image_wqdv5kwqdv5kwqdv-2.png","width":1280,"height":720,"caption":"As marcas acompanham esse movimento em cole\u00e7\u00f5es espec\u00edficas,"},{"@type":"BreadcrumbList","@id":"https:\/\/www.em.com.br\/emfoco\/2026\/01\/10\/tendencias-de-esmaltes-que-chegam-fortes-e-prometem-marcar-2026\/#breadcrumb","itemListElement":[{"@type":"ListItem","position":1,"name":"In\u00edcio","item":"https:\/\/www.em.com.br\/emfoco\/"},{"@type":"ListItem","position":2,"name":"Tend\u00eancias de esmaltes que chegam fortes e prometem marcar 2026"}]},{"@type":"WebSite","@id":"https:\/\/www.em.com.br\/emfoco\/#website","url":"https:\/\/www.em.com.br\/emfoco\/","name":"Estado de Minas - Em foco","description":"Acompanhe as \u00faltimas not\u00edcias e fique bem informado sobre tudo o que acontece em Minas Gerais, Brasil e no mundo.","potentialAction":[{"@type":"SearchAction","target":{"@type":"EntryPoint","urlTemplate":"https:\/\/www.em.com.br\/emfoco\/?s={search_term_string}"},"query-input":{"@type":"PropertyValueSpecification","valueRequired":true,"valueName":"search_term_string"}}],"inLanguage":"pt-BR"},{"@type":"Person","@id":"https:\/\/www.em.com.br\/emfoco\/#\/schema\/person\/0a8186d72f2c3a5c6276d90b41f271a0","name":"Daniely Cardoso","image":{"@type":"ImageObject","inLanguage":"pt-BR","@id":"https:\/\/www.em.com.br\/emfoco\/#\/schema\/person\/image\/","url":"https:\/\/secure.gravatar.com\/avatar\/4b80ddbd124d1f071b626d52d62e5dff?s=96&d=mm&r=g","contentUrl":"https:\/\/secure.gravatar.com\/avatar\/4b80ddbd124d1f071b626d52d62e5dff?s=96&d=mm&r=g","caption":"Daniely Cardoso"},"url":"https:\/\/www.em.com.br\/emfoco\/author\/danielymyth\/"}]}},"_links":{"self":[{"href":"https:\/\/www.em.com.br\/emfoco\/wp-json\/wp\/v2\/posts\/153184","targetHints":{"allow":["GET"]}}],"collection":[{"href":"https:\/\/www.em.com.br\/emfoco\/wp-json\/wp\/v2\/posts"}],"about":[{"href":"https:\/\/www.em.com.br\/emfoco\/wp-json\/wp\/v2\/types\/post"}],"author":[{"embeddable":true,"href":"https:\/\/www.em.com.br\/emfoco\/wp-json\/wp\/v2\/users\/9"}],"replies":[{"embeddable":true,"href":"https:\/\/www.em.com.br\/emfoco\/wp-json\/wp\/v2\/comments?post=153184"}],"version-history":[{"count":3,"href":"https:\/\/www.em.com.br\/emfoco\/wp-json\/wp\/v2\/posts\/153184\/revisions"}],"predecessor-version":[{"id":153278,"href":"https:\/\/www.em.com.br\/emfoco\/wp-json\/wp\/v2\/posts\/153184\/revisions\/153278"}],"wp:featuredmedia":[{"embeddable":true,"href":"https:\/\/www.em.com.br\/emfoco\/wp-json\/wp\/v2\/media\/153277"}],"wp:attachment":[{"href":"https:\/\/www.em.com.br\/emfoco\/wp-json\/wp\/v2\/media?parent=153184"}],"wp:term":[{"taxonomy":"category","embeddable":true,"href":"https:\/\/www.em.com.br\/emfoco\/wp-json\/wp\/v2\/categories?post=153184"},{"taxonomy":"post_tag","embeddable":true,"href":"https:\/\/www.em.com.br\/emfoco\/wp-json\/wp\/v2\/tags?post=153184"}],"curies":[{"name":"wp","href":"https:\/\/api.w.org\/{rel}","templated":true}]}}