{"id":153175,"date":"2026-01-10T08:15:50","date_gmt":"2026-01-10T11:15:50","guid":{"rendered":"https:\/\/www.em.com.br\/emfoco\/?p=153175"},"modified":"2026-01-09T16:12:34","modified_gmt":"2026-01-09T19:12:34","slug":"a-tendencia-queridinha-de-2026-deixa-suas-maos-com-brilho-elegante-todo-dia","status":"publish","type":"post","link":"https:\/\/www.em.com.br\/emfoco\/2026\/01\/10\/a-tendencia-queridinha-de-2026-deixa-suas-maos-com-brilho-elegante-todo-dia\/","title":{"rendered":"A tend\u00eancia queridinha de 2026 deixa suas m\u00e3os com brilho elegante todo dia"},"content":{"rendered":"\n<h2 class=\"wp-block-heading\">Em 2026, unhas claras trazem eleg\u00e2ncia com tons leitosos e perolados. Aposte na francesinha moderna e baby boomer. Para durar, use camadas finas e top coat. Combina com formato amendoado ou quadrado em qualquer ocasi\u00e3o.<\/h2>\n\n\n\n<p><b>Voc\u00ea lembra daquela sensa\u00e7\u00e3o<\/b> de olhar para as m\u00e3os no meio do dia e pensar <b>\u201cnossa, parece que acabei de sair do sal\u00e3o\u201d<\/b>? \u00c9 isso que as <b>unhas claras e delicadas<\/b> fazem: em poucos minutos, mudam a forma como voc\u00ea se enxerga, mesmo na correria. Elas seguem como uma das escolhas mais vers\u00e1teis da beleza em 2026, combinando praticidade, eleg\u00e2ncia e um visual polido que funciona em qualquer rotina, estilo pessoal ou faixa et\u00e1ria.<\/p>\n\n\n\n<h2 class=\"wp-block-heading\">Quais inspira\u00e7\u00f5es de unhas claras usar durante a semana<\/h2>\n\n\n\n<p>Se voc\u00ea gosta do <b>estilo cl\u00e1ssico<\/b>, mas quer sentir que tem algo novo nas m\u00e3os a cada semana, d\u00e1 para brincar com pequenos detalhes. Mudan\u00e7as suaves de <b>cor, brilho ou formato<\/b> j\u00e1 criam uma sensa\u00e7\u00e3o de novidade sem exigir uma revolu\u00e7\u00e3o total no visual, permitindo testar tend\u00eancias de forma <b>discreta e elegante<\/b>.<\/p>\n\n\n\n<ol class=\"wp-block-list\">\n<li><b>Francesinha fina tradicional:<\/b> base nude ou rosado transl\u00facido com <b>ponta branca bem estreita<\/b>, perfeita para um visual atemporal.<\/li>\n\n\n\n<li><b>Francesinha leitoso-suave:<\/b> branco suavizado com <b>esmalte leitoso<\/b>, efeito difuso que combina muito com unhas curtinhas.<\/li>\n\n\n\n<li><b>Nude ros\u00e9 cremoso:<\/b> tom rosado discreto, perto da <b>cor natural da unha<\/b>, que passa a ideia de m\u00e3os cuidadas sem chamar aten\u00e7\u00e3o.<\/li>\n<\/ol>\n\n\n\n<figure class=\"wp-block-embed is-type-rich is-provider-pinterest wp-block-embed-pinterest\"><div class=\"wp-block-embed__wrapper\">\n<iframe loading=\"lazy\" title=\" \" src=\"https:\/\/assets.pinterest.com\/ext\/embed.html?id=844493676271717&#038;src=oembed\" height=\"775\" width=\"450\" frameborder=\"0\" scrolling=\"no\" ><\/iframe>\n<\/div><\/figure>\n\n\n\n<ol class=\"wp-block-list\">\n<li><b>Branco transl\u00facido<\/b> em camada \u00fanica: em uma ou duas camadas finas, deixa o <b>leito da unha<\/b> levemente vis\u00edvel e bem leve.<\/li>\n\n\n\n<li><b>Leitoso com brilho perolado:<\/b> base branca ou off-white com uma <b>camada cintilante<\/b> que reflete a luz de forma sutil.<\/li>\n\n\n\n<li><b>Unhas claras met\u00e1licas suaves:<\/b> champagne ou ros\u00e9 metalizado delicado, lembrando <b>joias discretas<\/b>, sem aquele efeito espelhado forte.<\/li>\n\n\n\n<li><b>Beb\u00ea pink transparente:<\/b> rosa bem claro e transl\u00facido, como um <b>\u201cfiltro\u201d de cor<\/b> que deixa as unhas com ar saud\u00e1vel.<\/li>\n\n\n\n<li><b>Leitoso com detalhe minimalista:<\/b> um tra\u00e7o prateado, um ponto de <b>strass discreto<\/b> ou um desenho pequeno em apenas uma unha de cada m\u00e3o.<\/li>\n\n\n\n<li><b>Degrad\u00ea suave (baby boomer):<\/b> transi\u00e7\u00e3o discreta entre nude na base e <b>branco esfumado<\/b> nas pontas, vers\u00e3o moderna da francesinha.<\/li>\n<\/ol>\n\n\n\n<figure class=\"wp-block-embed is-type-rich is-provider-pinterest wp-block-embed-pinterest\"><div class=\"wp-block-embed__wrapper\">\n<iframe loading=\"lazy\" title=\" \" src=\"https:\/\/assets.pinterest.com\/ext\/embed.html?id=16184879907590847&#038;src=oembed\" height=\"875\" width=\"450\" frameborder=\"0\" scrolling=\"no\" ><\/iframe>\n<\/div><\/figure>\n\n\n\n<p>Leia tamb\u00e9m: <a href=\"https:\/\/www.em.com.br\/emfoco\/2026\/01\/08\/essa-tecnica-de-unha-deixa-sua-mao-elegante-e-sempre-impecavel\/\" target=\"_blank\" rel=\"noopener\">Essa t\u00e9cnica de unha deixa sua m\u00e3o elegante e sempre impec\u00e1vel<\/a><\/p>\n\n\n\n<h2 class=\"wp-block-heading\">Como manter unhas claras e delicadas bonitas por mais tempo<\/h2>\n\n\n\n<p>Para que as <b>unhas claras<\/b> continuem com cara de rec\u00e9m-feitas por v\u00e1rios dias, o segredo est\u00e1 na <b>prepara\u00e7\u00e3o e nos cuidados simples<\/b>. Uma boa base, lixamento suave e aten\u00e7\u00e3o \u00e0s cut\u00edculas ajudam a evitar manchas, descama\u00e7\u00e3o e aquele tom amarelado que aparece com o tempo, especialmente em quem usa muito <b>esmalte claro cont\u00ednuo<\/b>.<\/p>\n\n\n\n<figure class=\"wp-block-embed is-type-rich is-provider-pinterest wp-block-embed-pinterest\"><div class=\"wp-block-embed__wrapper\">\n<iframe loading=\"lazy\" title=\"Minimalist Pink Nails \/ Neutral Nail Designs \/ Long Almond Nails \/ Nails Trends 2024\" src=\"https:\/\/assets.pinterest.com\/ext\/embed.html?id=2814818511127944&#038;src=oembed\" height=\"899\" width=\"450\" frameborder=\"0\" scrolling=\"no\" ><\/iframe>\n<\/div><\/figure>\n\n\n\n<p>No dia a dia, especialmente para quem lava muita lou\u00e7a, mexe com \u00e1gua ou produtos de limpeza, alguns <b>h\u00e1bitos fazem toda a diferen\u00e7a<\/b> na durabilidade da manicure e na sa\u00fade das unhas. Usar <b>hidrantes espec\u00edficos para m\u00e3os<\/b> e \u00f3leo para cut\u00edculas tamb\u00e9m contribui para manter o aspecto delicado e evitar que o esmalte lasque com facilidade.<\/p>\n\n\n\n<ul class=\"wp-block-list\">\n<li><b>Prepara\u00e7\u00e3o da unha:<\/b> higienizar, lixar no formato desejado e retirar com cuidado as <b>pelinhas em volta da cut\u00edcula<\/b>.<\/li>\n\n\n\n<li><b>Camadas finas de esmalte:<\/b> aplicar duas ou tr\u00eas <b>camadas leves<\/b> diminui bolhas e descascados precoces.<\/li>\n\n\n\n<li><b>Finaliza\u00e7\u00e3o com extra brilho:<\/b> o <b>top coat sela a cor<\/b>, aumenta o brilho e protege contra riscos.<\/li>\n\n\n\n<li><b>Reaplica\u00e7\u00e3o ao longo da semana:<\/b> retocar o <b>extra brilho<\/b> a cada dois dias renova o aspecto de esmalte novo.<\/li>\n\n\n\n<li><b>Uso de luvas:<\/b> proteger as m\u00e3os em tarefas dom\u00e9sticas reduz o contato com <b>produtos que podem alterar a cor<\/b>.<\/li>\n<\/ul>\n\n\n\n<figure class=\"wp-block-embed is-type-rich is-provider-pinterest wp-block-embed-pinterest\"><div class=\"wp-block-embed__wrapper\">\n<iframe loading=\"lazy\" title=\" \" src=\"https:\/\/assets.pinterest.com\/ext\/embed.html?id=6685099440619888&#038;src=oembed\" height=\"636\" width=\"450\" frameborder=\"0\" scrolling=\"no\" ><\/iframe>\n<\/div><\/figure>\n\n\n\n<h2 class=\"wp-block-heading\">Com quais formatos e ocasi\u00f5es as unhas claras combinam melhor<\/h2>\n\n\n\n<p>Os <b>tons claros e delicados<\/b> combinam bem com v\u00e1rios formatos: quadrado, arredondado, oval ou amendoado. Em <b>unhas curtas<\/b>, passam a sensa\u00e7\u00e3o de cuidado e praticidade; em unhas m\u00e9dias ou longas, ganham um ar mais sofisticado, especialmente com efeitos leitosos ou perolados.<\/p>\n\n\n\n<p>Essa <b>versatilidade explica a presen\u00e7a<\/b> das unhas claras tanto em escrit\u00f3rios quanto em tapetes vermelhos e eventos formais. Pequenos toques, como francesinha em tom pastel ou um <b>detalhe met\u00e1lico discreto<\/b>, permitem seguir tend\u00eancias de moda sem abrir m\u00e3o do visual minimalista e de uma apar\u00eancia <b>sempre elegante<\/b>.<\/p>\n\n\n\n<p>Para voc\u00ea que gosta de fazer suas pr\u00f3pria unhas, separamos um v\u00eddeo do canal da <a class=\"yt-simple-endpoint style-scope yt-formatted-string\" spellcheck=\"false\" href=\"https:\/\/www.youtube.com\/@NatyScalada\" target=\"_blank\" rel=\"noopener\">Naty Scalada<\/a> com dicas para uma acabamento impec\u00e1vel:<\/p>\n\n\n\n<figure class=\"wp-block-embed is-type-video is-provider-youtube wp-block-embed-youtube wp-embed-aspect-16-9 wp-has-aspect-ratio\"><div class=\"wp-block-embed__wrapper\">\n<div class=\"jeg_video_container jeg_video_content\"><iframe loading=\"lazy\" title=\"UNHAS COM ACABAMENTO PROFISSIONAL\" width=\"500\" height=\"281\" src=\"https:\/\/www.youtube.com\/embed\/mrtmo5W8ZgE?start=1&#038;feature=oembed\" frameborder=\"0\" allow=\"accelerometer; autoplay; clipboard-write; encrypted-media; gyroscope; picture-in-picture; web-share\" referrerpolicy=\"strict-origin-when-cross-origin\" allowfullscreen><\/iframe><\/div>\n<\/div><\/figure>\n\n\n\n<h2 class=\"wp-block-heading\">Sobre unhas claras em 2026 e pr\u00f3ximos passos<\/h2>\n\n\n\n<p>Em 2026, as <b>unhas claras e delicadas<\/b> seguem como aliadas de quem quer praticidade, eleg\u00e2ncia e <b>combina\u00e7\u00e3o f\u00e1cil com qualquer look<\/b>. Com alguns cuidados simples e escolhas certeiras de cor, voc\u00ea conquista um efeito de m\u00e3os bem cuidadas que dura mais tempo e acompanha todas as fases da sua rotina.<\/p>\n\n\n\n<p>Agora \u00e9 a sua vez: escolha uma das <b>inspira\u00e7\u00f5es sugeridas<\/b>, separe seus esmaltes favoritos e teste em casa ou leve as refer\u00eancias para a manicure. Observe o que faz seus <b>olhos brilharem<\/b> quando olha para as m\u00e3os e, aos poucos, ajuste cores, formatos e detalhes at\u00e9 encontrar a sua <b>assinatura pessoal<\/b> no universo das unhas claras.<\/p>\n","protected":false},"excerpt":{"rendered":"<p>Em 2026, unhas claras trazem eleg\u00e2ncia com tons leitosos e perolados. Aposte na francesinha moderna e baby boomer. Para durar, use camadas finas e top coat. Combina com formato amendoado ou quadrado em qualquer ocasi\u00e3o. Voc\u00ea lembra daquela sensa\u00e7\u00e3o de olhar para as m\u00e3os no meio do dia e pensar \u201cnossa, parece que acabei de [&hellip;]<\/p>\n","protected":false},"author":9,"featured_media":152594,"comment_status":"open","ping_status":"open","sticky":false,"template":"","format":"standard","meta":{"jnews-multi-image_gallery":[],"jnews_single_post":{"format":"standard"},"jnews_primary_category":[],"jnews_social_meta":[],"jnews_override_counter":[],"footnotes":""},"categories":[8691,8819,1],"tags":[22121,5846,18307],"class_list":["post-153175","post","type-post","status-publish","format-standard","has-post-thumbnail","hentry","category-bem-estar","category-curiosidades","category-noticias","tag-auto-cuidado","tag-clara","tag-unha"],"yoast_head":"<!-- This site is optimized with the Yoast SEO plugin v23.8 - https:\/\/yoast.com\/wordpress\/plugins\/seo\/ -->\n<title>A tend\u00eancia queridinha de 2026 deixa suas m\u00e3os com brilho elegante todo dia - Estado de Minas - Em foco<\/title>\n<meta name=\"description\" content=\"Tend\u00eancias de unhas claras 2026: da francesinha leitosa ao nude. Dicas para esmaltar sem manchar e durar muito mais.\" \/>\n<meta name=\"robots\" content=\"index, follow, max-snippet:-1, max-image-preview:large, max-video-preview:-1\" \/>\n<link rel=\"canonical\" href=\"https:\/\/www.em.com.br\/emfoco\/2026\/01\/10\/a-tendencia-queridinha-de-2026-deixa-suas-maos-com-brilho-elegante-todo-dia\/\" \/>\n<meta property=\"og:locale\" content=\"pt_BR\" \/>\n<meta property=\"og:type\" content=\"article\" \/>\n<meta property=\"og:title\" content=\"A tend\u00eancia queridinha de 2026 deixa suas m\u00e3os com brilho elegante todo dia - Estado de Minas - Em foco\" \/>\n<meta property=\"og:description\" content=\"Tend\u00eancias de unhas claras 2026: da francesinha leitosa ao nude. Dicas para esmaltar sem manchar e durar muito mais.\" \/>\n<meta property=\"og:url\" content=\"https:\/\/www.em.com.br\/emfoco\/2026\/01\/10\/a-tendencia-queridinha-de-2026-deixa-suas-maos-com-brilho-elegante-todo-dia\/\" \/>\n<meta property=\"og:site_name\" content=\"Estado de Minas - Em foco\" \/>\n<meta property=\"article:published_time\" content=\"2026-01-10T11:15:50+00:00\" \/>\n<meta property=\"article:modified_time\" content=\"2026-01-09T19:12:34+00:00\" \/>\n<meta property=\"og:image\" content=\"https:\/\/www.em.com.br\/emfoco\/wp-content\/uploads\/2026\/01\/Gemini_Generated_Image_98o9x998o9x998o9-1.png\" \/>\n\t<meta property=\"og:image:width\" content=\"1280\" \/>\n\t<meta property=\"og:image:height\" content=\"720\" \/>\n\t<meta property=\"og:image:type\" content=\"image\/png\" \/>\n<meta name=\"author\" content=\"Daniely Cardoso\" \/>\n<meta name=\"twitter:card\" content=\"summary_large_image\" \/>\n<meta name=\"twitter:label1\" content=\"Escrito por\" \/>\n\t<meta name=\"twitter:data1\" content=\"Daniely Cardoso\" \/>\n\t<meta name=\"twitter:label2\" content=\"Est. tempo de leitura\" \/>\n\t<meta name=\"twitter:data2\" content=\"5 minutos\" \/>\n<!-- \/ Yoast SEO plugin. -->","yoast_head_json":{"title":"A tend\u00eancia queridinha de 2026 deixa suas m\u00e3os com brilho elegante todo dia - Estado de Minas - Em foco","description":"Tend\u00eancias de unhas claras 2026: da francesinha leitosa ao nude. Dicas para esmaltar sem manchar e durar muito mais.","robots":{"index":"index","follow":"follow","max-snippet":"max-snippet:-1","max-image-preview":"max-image-preview:large","max-video-preview":"max-video-preview:-1"},"canonical":"https:\/\/www.em.com.br\/emfoco\/2026\/01\/10\/a-tendencia-queridinha-de-2026-deixa-suas-maos-com-brilho-elegante-todo-dia\/","og_locale":"pt_BR","og_type":"article","og_title":"A tend\u00eancia queridinha de 2026 deixa suas m\u00e3os com brilho elegante todo dia - Estado de Minas - Em foco","og_description":"Tend\u00eancias de unhas claras 2026: da francesinha leitosa ao nude. Dicas para esmaltar sem manchar e durar muito mais.","og_url":"https:\/\/www.em.com.br\/emfoco\/2026\/01\/10\/a-tendencia-queridinha-de-2026-deixa-suas-maos-com-brilho-elegante-todo-dia\/","og_site_name":"Estado de Minas - Em foco","article_published_time":"2026-01-10T11:15:50+00:00","article_modified_time":"2026-01-09T19:12:34+00:00","og_image":[{"width":1280,"height":720,"url":"https:\/\/www.em.com.br\/emfoco\/wp-content\/uploads\/2026\/01\/Gemini_Generated_Image_98o9x998o9x998o9-1.png","type":"image\/png"}],"author":"Daniely Cardoso","twitter_card":"summary_large_image","twitter_misc":{"Escrito por":"Daniely Cardoso","Est. tempo de leitura":"5 minutos"},"schema":{"@context":"https:\/\/schema.org","@graph":[{"@type":"WebPage","@id":"https:\/\/www.em.com.br\/emfoco\/2026\/01\/10\/a-tendencia-queridinha-de-2026-deixa-suas-maos-com-brilho-elegante-todo-dia\/","url":"https:\/\/www.em.com.br\/emfoco\/2026\/01\/10\/a-tendencia-queridinha-de-2026-deixa-suas-maos-com-brilho-elegante-todo-dia\/","name":"A tend\u00eancia queridinha de 2026 deixa suas m\u00e3os com brilho elegante todo dia - Estado de Minas - Em foco","isPartOf":{"@id":"https:\/\/www.em.com.br\/emfoco\/#website"},"primaryImageOfPage":{"@id":"https:\/\/www.em.com.br\/emfoco\/2026\/01\/10\/a-tendencia-queridinha-de-2026-deixa-suas-maos-com-brilho-elegante-todo-dia\/#primaryimage"},"image":{"@id":"https:\/\/www.em.com.br\/emfoco\/2026\/01\/10\/a-tendencia-queridinha-de-2026-deixa-suas-maos-com-brilho-elegante-todo-dia\/#primaryimage"},"thumbnailUrl":"https:\/\/www.em.com.br\/emfoco\/wp-content\/uploads\/2026\/01\/Gemini_Generated_Image_98o9x998o9x998o9-1.png","datePublished":"2026-01-10T11:15:50+00:00","dateModified":"2026-01-09T19:12:34+00:00","author":{"@id":"https:\/\/www.em.com.br\/emfoco\/#\/schema\/person\/0a8186d72f2c3a5c6276d90b41f271a0"},"description":"Tend\u00eancias de unhas claras 2026: da francesinha leitosa ao nude. Dicas para esmaltar sem manchar e durar muito mais.","breadcrumb":{"@id":"https:\/\/www.em.com.br\/emfoco\/2026\/01\/10\/a-tendencia-queridinha-de-2026-deixa-suas-maos-com-brilho-elegante-todo-dia\/#breadcrumb"},"inLanguage":"pt-BR","potentialAction":[{"@type":"ReadAction","target":["https:\/\/www.em.com.br\/emfoco\/2026\/01\/10\/a-tendencia-queridinha-de-2026-deixa-suas-maos-com-brilho-elegante-todo-dia\/"]}]},{"@type":"ImageObject","inLanguage":"pt-BR","@id":"https:\/\/www.em.com.br\/emfoco\/2026\/01\/10\/a-tendencia-queridinha-de-2026-deixa-suas-maos-com-brilho-elegante-todo-dia\/#primaryimage","url":"https:\/\/www.em.com.br\/emfoco\/wp-content\/uploads\/2026\/01\/Gemini_Generated_Image_98o9x998o9x998o9-1.png","contentUrl":"https:\/\/www.em.com.br\/emfoco\/wp-content\/uploads\/2026\/01\/Gemini_Generated_Image_98o9x998o9x998o9-1.png","width":1280,"height":720,"caption":"Muitos tutoriais de como tirar alongamento de gel sozinha recomendam usar muita acetona"},{"@type":"BreadcrumbList","@id":"https:\/\/www.em.com.br\/emfoco\/2026\/01\/10\/a-tendencia-queridinha-de-2026-deixa-suas-maos-com-brilho-elegante-todo-dia\/#breadcrumb","itemListElement":[{"@type":"ListItem","position":1,"name":"In\u00edcio","item":"https:\/\/www.em.com.br\/emfoco\/"},{"@type":"ListItem","position":2,"name":"A tend\u00eancia queridinha de 2026 deixa suas m\u00e3os com brilho elegante todo dia"}]},{"@type":"WebSite","@id":"https:\/\/www.em.com.br\/emfoco\/#website","url":"https:\/\/www.em.com.br\/emfoco\/","name":"Estado de Minas - Em foco","description":"Acompanhe as \u00faltimas not\u00edcias e fique bem informado sobre tudo o que acontece em Minas Gerais, Brasil e no mundo.","potentialAction":[{"@type":"SearchAction","target":{"@type":"EntryPoint","urlTemplate":"https:\/\/www.em.com.br\/emfoco\/?s={search_term_string}"},"query-input":{"@type":"PropertyValueSpecification","valueRequired":true,"valueName":"search_term_string"}}],"inLanguage":"pt-BR"},{"@type":"Person","@id":"https:\/\/www.em.com.br\/emfoco\/#\/schema\/person\/0a8186d72f2c3a5c6276d90b41f271a0","name":"Daniely Cardoso","image":{"@type":"ImageObject","inLanguage":"pt-BR","@id":"https:\/\/www.em.com.br\/emfoco\/#\/schema\/person\/image\/","url":"https:\/\/secure.gravatar.com\/avatar\/4b80ddbd124d1f071b626d52d62e5dff?s=96&d=mm&r=g","contentUrl":"https:\/\/secure.gravatar.com\/avatar\/4b80ddbd124d1f071b626d52d62e5dff?s=96&d=mm&r=g","caption":"Daniely Cardoso"},"url":"https:\/\/www.em.com.br\/emfoco\/author\/danielymyth\/"}]}},"_links":{"self":[{"href":"https:\/\/www.em.com.br\/emfoco\/wp-json\/wp\/v2\/posts\/153175","targetHints":{"allow":["GET"]}}],"collection":[{"href":"https:\/\/www.em.com.br\/emfoco\/wp-json\/wp\/v2\/posts"}],"about":[{"href":"https:\/\/www.em.com.br\/emfoco\/wp-json\/wp\/v2\/types\/post"}],"author":[{"embeddable":true,"href":"https:\/\/www.em.com.br\/emfoco\/wp-json\/wp\/v2\/users\/9"}],"replies":[{"embeddable":true,"href":"https:\/\/www.em.com.br\/emfoco\/wp-json\/wp\/v2\/comments?post=153175"}],"version-history":[{"count":3,"href":"https:\/\/www.em.com.br\/emfoco\/wp-json\/wp\/v2\/posts\/153175\/revisions"}],"predecessor-version":[{"id":153261,"href":"https:\/\/www.em.com.br\/emfoco\/wp-json\/wp\/v2\/posts\/153175\/revisions\/153261"}],"wp:featuredmedia":[{"embeddable":true,"href":"https:\/\/www.em.com.br\/emfoco\/wp-json\/wp\/v2\/media\/152594"}],"wp:attachment":[{"href":"https:\/\/www.em.com.br\/emfoco\/wp-json\/wp\/v2\/media?parent=153175"}],"wp:term":[{"taxonomy":"category","embeddable":true,"href":"https:\/\/www.em.com.br\/emfoco\/wp-json\/wp\/v2\/categories?post=153175"},{"taxonomy":"post_tag","embeddable":true,"href":"https:\/\/www.em.com.br\/emfoco\/wp-json\/wp\/v2\/tags?post=153175"}],"curies":[{"name":"wp","href":"https:\/\/api.w.org\/{rel}","templated":true}]}}