{"id":153079,"date":"2026-01-12T19:25:00","date_gmt":"2026-01-12T22:25:00","guid":{"rendered":"https:\/\/www.em.com.br\/emfoco\/?p=153079"},"modified":"2026-01-09T14:19:42","modified_gmt":"2026-01-09T17:19:42","slug":"a-unha-mais-chique-e-moderna-do-ano-e-quase-imperceptivel-e-virou-destaque-nas-maos-mais-elegantes-de-2026","status":"publish","type":"post","link":"https:\/\/www.em.com.br\/emfoco\/2026\/01\/12\/a-unha-mais-chique-e-moderna-do-ano-e-quase-imperceptivel-e-virou-destaque-nas-maos-mais-elegantes-de-2026\/","title":{"rendered":"A unha mais chique e moderna do ano \u00e9 quase impercept\u00edvel e virou destaque nas m\u00e3os mais elegantes de 2026"},"content":{"rendered":"\n<h2 class=\"wp-block-heading\">Em 2026, a micro francesinha virou s\u00edmbolo do luxo silencioso nas unhas. Com linha ultrafina, base natural e baixa manuten\u00e7\u00e3o, entrega visual sofisticado, vers\u00e1til e discreto, alinhado ao minimalismo elegante.<\/h2>\n\n\n\n<p>A est\u00e9tica do luxo silencioso domina a beleza em 2026 e redefiniu tend\u00eancias cl\u00e1ssicas. A <strong>micro francesinha<\/strong> surge como a evolu\u00e7\u00e3o minimalista da nail art tradicional, com linhas quase invis\u00edveis que entregam unhas sofisticadas, naturais e alinhadas ao novo conceito de chique sem esfor\u00e7o.<\/p>\n\n\n\n<h2 class=\"wp-block-heading\">O que \u00e9 a micro francesinha e por que ela voltou com for\u00e7a?<\/h2>\n\n\n\n<p>A <strong>micro francesinha<\/strong>, tamb\u00e9m chamada de skinny french, substitui a faixa branca grossa por uma linha extremamente fina na ponta da unha. O visual cria a sensa\u00e7\u00e3o de unhas naturalmente perfeitas, discretas e polidas, sem excesso de informa\u00e7\u00e3o visual.<\/p>\n\n\n\n<p>Diferente da vers\u00e3o popular nos anos 1990 e 2000, essa releitura conversa com o <strong><a href=\"https:\/\/stealthelook.com.br\/unhas-minimalistas\/\" target=\"_blank\" rel=\"noreferrer noopener\">minimalismo moderno<\/a><\/strong>. A proposta valoriza acabamento limpo, cores pr\u00f3ximas ao tom real da unha e detalhes sutis que transmitem sofistica\u00e7\u00e3o imediata.<\/p>\n\n\n\n<figure class=\"wp-block-image size-large\"><img loading=\"lazy\" decoding=\"async\" width=\"1024\" height=\"576\" src=\"https:\/\/www.em.com.br\/emfoco\/wp-content\/uploads\/2026\/01\/IA-6-37-1024x576.jpg\" alt=\"A unha mais chique e moderna do ano \u00e9 quase impercept\u00edvel e virou destaque nas m\u00e3os mais elegantes de 2026\" class=\"wp-image-153140\" srcset=\"https:\/\/www.em.com.br\/emfoco\/wp-content\/uploads\/2026\/01\/IA-6-37-1024x576.jpg 1024w, https:\/\/www.em.com.br\/emfoco\/wp-content\/uploads\/2026\/01\/IA-6-37-300x169.jpg 300w, https:\/\/www.em.com.br\/emfoco\/wp-content\/uploads\/2026\/01\/IA-6-37-768x432.jpg 768w, https:\/\/www.em.com.br\/emfoco\/wp-content\/uploads\/2026\/01\/IA-6-37-750x422.jpg 750w, https:\/\/www.em.com.br\/emfoco\/wp-content\/uploads\/2026\/01\/IA-6-37-1140x641.jpg 1140w, https:\/\/www.em.com.br\/emfoco\/wp-content\/uploads\/2026\/01\/IA-6-37.jpg 1280w\" sizes=\"auto, (max-width: 1024px) 100vw, 1024px\" \/><figcaption class=\"wp-element-caption\">Linha ultrafina substitui francesinha cl\u00e1ssica e cria efeito natural polido<\/figcaption><\/figure>\n\n\n\n<h2 class=\"wp-block-heading\">Por que a micro francesinha virou a favorita das mulheres em 2026?<\/h2>\n\n\n\n<p>O sucesso da tend\u00eancia est\u00e1 na combina\u00e7\u00e3o entre est\u00e9tica elegante e praticidade no dia a dia. Ela se adapta a diferentes estilos, idades e rotinas, funcionando bem tanto em unhas curtas quanto m\u00e9dias, com manuten\u00e7\u00e3o muito mais simples que nail arts elaboradas.<\/p>\n\n\n\n<ul class=\"wp-block-list\">\n<li>Baixa manuten\u00e7\u00e3o: crescimento da unha demora mais a aparecer<\/li>\n\n\n\n<li>Versatilidade visual: combina com trabalho, academia e eventos<\/li>\n\n\n\n<li>Efeito alongador: cria ilus\u00e3o de dedos mais longos e finos<\/li>\n<\/ul>\n\n\n\n<p><em>Leia mais: <strong><a href=\"https:\/\/www.em.com.br\/emfoco\/2026\/01\/09\/modelos-de-oculos-que-sao-aposta-certa-para-esse-verao-de-2026\/\" target=\"_blank\" rel=\"noreferrer noopener\">Modelos de \u00f3culos que s\u00e3o aposta certa para esse ver\u00e3o de 2026<\/a><\/strong><\/em><\/p>\n\n\n\n<h2 class=\"wp-block-heading\">Quais formatos e bases deixam a micro francesinha mais elegante?<\/h2>\n\n\n\n<p>Embora funcione em todos os formatos, a micro francesinha ganha destaque em unhas <strong>curtas, ovais ou squoval<\/strong>. Esses formatos refor\u00e7am o efeito natural da linha fina e evitam que o visual pare\u00e7a artificial ou datado.<\/p>\n\n\n\n<p>As bases preferidas s\u00e3o tons que imitam a cor real da unha, como nude transl\u00facido, rosado leitoso ou base transparente. Esse cuidado garante o <strong>efeito invis\u00edvel sofisticado<\/strong>, principal caracter\u00edstica da tend\u00eancia em 2026.<\/p>\n\n\n\n<figure class=\"wp-block-image size-large\"><img loading=\"lazy\" decoding=\"async\" width=\"1024\" height=\"576\" src=\"https:\/\/www.em.com.br\/emfoco\/wp-content\/uploads\/2026\/01\/IA-8-33-1024x576.jpg\" alt=\"A unha mais chique e moderna do ano \u00e9 quase impercept\u00edvel e virou destaque nas m\u00e3os mais elegantes de 2026\" class=\"wp-image-153142\" srcset=\"https:\/\/www.em.com.br\/emfoco\/wp-content\/uploads\/2026\/01\/IA-8-33-1024x576.jpg 1024w, https:\/\/www.em.com.br\/emfoco\/wp-content\/uploads\/2026\/01\/IA-8-33-300x169.jpg 300w, https:\/\/www.em.com.br\/emfoco\/wp-content\/uploads\/2026\/01\/IA-8-33-768x432.jpg 768w, https:\/\/www.em.com.br\/emfoco\/wp-content\/uploads\/2026\/01\/IA-8-33-750x422.jpg 750w, https:\/\/www.em.com.br\/emfoco\/wp-content\/uploads\/2026\/01\/IA-8-33-1140x641.jpg 1140w, https:\/\/www.em.com.br\/emfoco\/wp-content\/uploads\/2026\/01\/IA-8-33.jpg 1280w\" sizes=\"auto, (max-width: 1024px) 100vw, 1024px\" \/><figcaption class=\"wp-element-caption\">Unhas curtas e bases transl\u00facidas valorizam o visual elegante<\/figcaption><\/figure>\n\n\n\n<h2 class=\"wp-block-heading\">Quais cores est\u00e3o modernizando a micro francesinha neste ano?<\/h2>\n\n\n\n<p>O branco cl\u00e1ssico segue presente, mas novas cores surgem para atualizar a est\u00e9tica sem perder o minimalismo. A proposta \u00e9 usar tons sutis ou linhas ultrafinas que adicionam personalidade sem quebrar a eleg\u00e2ncia do visual, como mostrado a seguir.<\/p>\n\n\n\n<ul class=\"wp-block-list\">\n<li>Neon skinny: linha ultrafina colorida sobre base neutra<\/li>\n\n\n\n<li>Metallic edge: dourado ou prata apenas na pontinha<\/li>\n\n\n\n<li>Black micro: tra\u00e7o preto discreto com ar moderno<\/li>\n<\/ul>\n\n\n\n<h2 class=\"wp-block-heading\">Como fazer micro francesinha em casa com acabamento profissional?<\/h2>\n\n\n\n<p>Para quem n\u00e3o tem firmeza com o pincel fino, o truque mais usado pelas manicures \u00e9 o <strong>carimbo de silicone transparente<\/strong>. Ele permite transferir apenas a quantidade exata de esmalte para a ponta da unha, criando uma linha uniforme.<\/p>\n\n\n\n<p>O processo envolve aplicar o esmalte no carimbo, pressionar a ponta da unha em \u00e2ngulo leve e finalizar com <strong>top coat de alto brilho<\/strong>. O resultado \u00e9 uma micro francesinha precisa, com efeito de unha de vidro.<\/p>\n","protected":false},"excerpt":{"rendered":"<p>Em 2026, a micro francesinha virou s\u00edmbolo do luxo silencioso nas unhas. Com linha ultrafina, base natural e baixa manuten\u00e7\u00e3o, entrega visual sofisticado, vers\u00e1til e discreto, alinhado ao minimalismo elegante. A est\u00e9tica do luxo silencioso domina a beleza em 2026 e redefiniu tend\u00eancias cl\u00e1ssicas. A micro francesinha surge como a evolu\u00e7\u00e3o minimalista da nail art [&hellip;]<\/p>\n","protected":false},"author":13,"featured_media":153141,"comment_status":"open","ping_status":"open","sticky":false,"template":"","format":"standard","meta":{"jnews-multi-image_gallery":[],"jnews_single_post":{"format":"standard"},"jnews_primary_category":[],"jnews_social_meta":[],"jnews_override_counter":[],"footnotes":""},"categories":[8819],"tags":[22318,22051,5354],"class_list":["post-153079","post","type-post","status-publish","format-standard","has-post-thumbnail","hentry","category-curiosidades","tag-micro-francesinha","tag-tendencia-de-unha","tag-unhas"],"yoast_head":"<!-- This site is optimized with the Yoast SEO plugin v23.8 - https:\/\/yoast.com\/wordpress\/plugins\/seo\/ -->\n<title>A unha mais chique e moderna do ano \u00e9 quase impercept\u00edvel e virou destaque nas m\u00e3os mais elegantes de 2026 - Estado de Minas - Em foco<\/title>\n<meta name=\"description\" content=\"Essa francesinha fina quase invis\u00edvel \u00e9 a nova queridinha das unhas em 2026 por unir sofistica\u00e7\u00e3o e baixa manuten\u00e7\u00e3o.\" \/>\n<meta name=\"robots\" content=\"index, follow, max-snippet:-1, max-image-preview:large, max-video-preview:-1\" \/>\n<link rel=\"canonical\" href=\"https:\/\/www.em.com.br\/emfoco\/2026\/01\/12\/a-unha-mais-chique-e-moderna-do-ano-e-quase-imperceptivel-e-virou-destaque-nas-maos-mais-elegantes-de-2026\/\" \/>\n<meta property=\"og:locale\" content=\"pt_BR\" \/>\n<meta property=\"og:type\" content=\"article\" \/>\n<meta property=\"og:title\" content=\"A unha mais chique e moderna do ano \u00e9 quase impercept\u00edvel e virou destaque nas m\u00e3os mais elegantes de 2026 - Estado de Minas - Em foco\" \/>\n<meta property=\"og:description\" content=\"Essa francesinha fina quase invis\u00edvel \u00e9 a nova queridinha das unhas em 2026 por unir sofistica\u00e7\u00e3o e baixa manuten\u00e7\u00e3o.\" \/>\n<meta property=\"og:url\" content=\"https:\/\/www.em.com.br\/emfoco\/2026\/01\/12\/a-unha-mais-chique-e-moderna-do-ano-e-quase-imperceptivel-e-virou-destaque-nas-maos-mais-elegantes-de-2026\/\" \/>\n<meta property=\"og:site_name\" content=\"Estado de Minas - Em foco\" \/>\n<meta property=\"article:published_time\" content=\"2026-01-12T22:25:00+00:00\" \/>\n<meta property=\"article:modified_time\" content=\"2026-01-09T17:19:42+00:00\" \/>\n<meta property=\"og:image\" content=\"https:\/\/www.em.com.br\/emfoco\/wp-content\/uploads\/2026\/01\/IA-7-36.jpg\" \/>\n\t<meta property=\"og:image:width\" content=\"1280\" \/>\n\t<meta property=\"og:image:height\" content=\"720\" \/>\n\t<meta property=\"og:image:type\" content=\"image\/jpeg\" \/>\n<meta name=\"author\" content=\"Gabriel Martins\" \/>\n<meta name=\"twitter:card\" content=\"summary_large_image\" \/>\n<meta name=\"twitter:label1\" content=\"Escrito por\" \/>\n\t<meta name=\"twitter:data1\" content=\"Gabriel Martins\" \/>\n\t<meta name=\"twitter:label2\" content=\"Est. tempo de leitura\" \/>\n\t<meta name=\"twitter:data2\" content=\"4 minutos\" \/>\n<!-- \/ Yoast SEO plugin. -->","yoast_head_json":{"title":"A unha mais chique e moderna do ano \u00e9 quase impercept\u00edvel e virou destaque nas m\u00e3os mais elegantes de 2026 - Estado de Minas - Em foco","description":"Essa francesinha fina quase invis\u00edvel \u00e9 a nova queridinha das unhas em 2026 por unir sofistica\u00e7\u00e3o e baixa manuten\u00e7\u00e3o.","robots":{"index":"index","follow":"follow","max-snippet":"max-snippet:-1","max-image-preview":"max-image-preview:large","max-video-preview":"max-video-preview:-1"},"canonical":"https:\/\/www.em.com.br\/emfoco\/2026\/01\/12\/a-unha-mais-chique-e-moderna-do-ano-e-quase-imperceptivel-e-virou-destaque-nas-maos-mais-elegantes-de-2026\/","og_locale":"pt_BR","og_type":"article","og_title":"A unha mais chique e moderna do ano \u00e9 quase impercept\u00edvel e virou destaque nas m\u00e3os mais elegantes de 2026 - Estado de Minas - Em foco","og_description":"Essa francesinha fina quase invis\u00edvel \u00e9 a nova queridinha das unhas em 2026 por unir sofistica\u00e7\u00e3o e baixa manuten\u00e7\u00e3o.","og_url":"https:\/\/www.em.com.br\/emfoco\/2026\/01\/12\/a-unha-mais-chique-e-moderna-do-ano-e-quase-imperceptivel-e-virou-destaque-nas-maos-mais-elegantes-de-2026\/","og_site_name":"Estado de Minas - Em foco","article_published_time":"2026-01-12T22:25:00+00:00","article_modified_time":"2026-01-09T17:19:42+00:00","og_image":[{"width":1280,"height":720,"url":"https:\/\/www.em.com.br\/emfoco\/wp-content\/uploads\/2026\/01\/IA-7-36.jpg","type":"image\/jpeg"}],"author":"Gabriel Martins","twitter_card":"summary_large_image","twitter_misc":{"Escrito por":"Gabriel Martins","Est. tempo de leitura":"4 minutos"},"schema":{"@context":"https:\/\/schema.org","@graph":[{"@type":"WebPage","@id":"https:\/\/www.em.com.br\/emfoco\/2026\/01\/12\/a-unha-mais-chique-e-moderna-do-ano-e-quase-imperceptivel-e-virou-destaque-nas-maos-mais-elegantes-de-2026\/","url":"https:\/\/www.em.com.br\/emfoco\/2026\/01\/12\/a-unha-mais-chique-e-moderna-do-ano-e-quase-imperceptivel-e-virou-destaque-nas-maos-mais-elegantes-de-2026\/","name":"A unha mais chique e moderna do ano \u00e9 quase impercept\u00edvel e virou destaque nas m\u00e3os mais elegantes de 2026 - Estado de Minas - Em foco","isPartOf":{"@id":"https:\/\/www.em.com.br\/emfoco\/#website"},"primaryImageOfPage":{"@id":"https:\/\/www.em.com.br\/emfoco\/2026\/01\/12\/a-unha-mais-chique-e-moderna-do-ano-e-quase-imperceptivel-e-virou-destaque-nas-maos-mais-elegantes-de-2026\/#primaryimage"},"image":{"@id":"https:\/\/www.em.com.br\/emfoco\/2026\/01\/12\/a-unha-mais-chique-e-moderna-do-ano-e-quase-imperceptivel-e-virou-destaque-nas-maos-mais-elegantes-de-2026\/#primaryimage"},"thumbnailUrl":"https:\/\/www.em.com.br\/emfoco\/wp-content\/uploads\/2026\/01\/IA-7-36.jpg","datePublished":"2026-01-12T22:25:00+00:00","dateModified":"2026-01-09T17:19:42+00:00","author":{"@id":"https:\/\/www.em.com.br\/emfoco\/#\/schema\/person\/1c9ddeab18b98abeffef834667bcf08a"},"description":"Essa francesinha fina quase invis\u00edvel \u00e9 a nova queridinha das unhas em 2026 por unir sofistica\u00e7\u00e3o e baixa manuten\u00e7\u00e3o.","breadcrumb":{"@id":"https:\/\/www.em.com.br\/emfoco\/2026\/01\/12\/a-unha-mais-chique-e-moderna-do-ano-e-quase-imperceptivel-e-virou-destaque-nas-maos-mais-elegantes-de-2026\/#breadcrumb"},"inLanguage":"pt-BR","potentialAction":[{"@type":"ReadAction","target":["https:\/\/www.em.com.br\/emfoco\/2026\/01\/12\/a-unha-mais-chique-e-moderna-do-ano-e-quase-imperceptivel-e-virou-destaque-nas-maos-mais-elegantes-de-2026\/"]}]},{"@type":"ImageObject","inLanguage":"pt-BR","@id":"https:\/\/www.em.com.br\/emfoco\/2026\/01\/12\/a-unha-mais-chique-e-moderna-do-ano-e-quase-imperceptivel-e-virou-destaque-nas-maos-mais-elegantes-de-2026\/#primaryimage","url":"https:\/\/www.em.com.br\/emfoco\/wp-content\/uploads\/2026\/01\/IA-7-36.jpg","contentUrl":"https:\/\/www.em.com.br\/emfoco\/wp-content\/uploads\/2026\/01\/IA-7-36.jpg","width":1280,"height":720,"caption":"Micro francesinha representa luxo silencioso com acabamento discreto e sofisticado"},{"@type":"BreadcrumbList","@id":"https:\/\/www.em.com.br\/emfoco\/2026\/01\/12\/a-unha-mais-chique-e-moderna-do-ano-e-quase-imperceptivel-e-virou-destaque-nas-maos-mais-elegantes-de-2026\/#breadcrumb","itemListElement":[{"@type":"ListItem","position":1,"name":"In\u00edcio","item":"https:\/\/www.em.com.br\/emfoco\/"},{"@type":"ListItem","position":2,"name":"A unha mais chique e moderna do ano \u00e9 quase impercept\u00edvel e virou destaque nas m\u00e3os mais elegantes de 2026"}]},{"@type":"WebSite","@id":"https:\/\/www.em.com.br\/emfoco\/#website","url":"https:\/\/www.em.com.br\/emfoco\/","name":"Estado de Minas - Em foco","description":"Acompanhe as \u00faltimas not\u00edcias e fique bem informado sobre tudo o que acontece em Minas Gerais, Brasil e no mundo.","potentialAction":[{"@type":"SearchAction","target":{"@type":"EntryPoint","urlTemplate":"https:\/\/www.em.com.br\/emfoco\/?s={search_term_string}"},"query-input":{"@type":"PropertyValueSpecification","valueRequired":true,"valueName":"search_term_string"}}],"inLanguage":"pt-BR"},{"@type":"Person","@id":"https:\/\/www.em.com.br\/emfoco\/#\/schema\/person\/1c9ddeab18b98abeffef834667bcf08a","name":"Gabriel Martins","image":{"@type":"ImageObject","inLanguage":"pt-BR","@id":"https:\/\/www.em.com.br\/emfoco\/#\/schema\/person\/image\/","url":"https:\/\/secure.gravatar.com\/avatar\/f0f1e2efdfd88f1ad2cb08c5c2731e50?s=96&d=mm&r=g","contentUrl":"https:\/\/secure.gravatar.com\/avatar\/f0f1e2efdfd88f1ad2cb08c5c2731e50?s=96&d=mm&r=g","caption":"Gabriel Martins"},"sameAs":["https:\/\/www.em.com.br\/emfoco\/"],"url":"https:\/\/www.em.com.br\/emfoco\/author\/gabrielmartinsmyth\/"}]}},"_links":{"self":[{"href":"https:\/\/www.em.com.br\/emfoco\/wp-json\/wp\/v2\/posts\/153079","targetHints":{"allow":["GET"]}}],"collection":[{"href":"https:\/\/www.em.com.br\/emfoco\/wp-json\/wp\/v2\/posts"}],"about":[{"href":"https:\/\/www.em.com.br\/emfoco\/wp-json\/wp\/v2\/types\/post"}],"author":[{"embeddable":true,"href":"https:\/\/www.em.com.br\/emfoco\/wp-json\/wp\/v2\/users\/13"}],"replies":[{"embeddable":true,"href":"https:\/\/www.em.com.br\/emfoco\/wp-json\/wp\/v2\/comments?post=153079"}],"version-history":[{"count":1,"href":"https:\/\/www.em.com.br\/emfoco\/wp-json\/wp\/v2\/posts\/153079\/revisions"}],"predecessor-version":[{"id":153143,"href":"https:\/\/www.em.com.br\/emfoco\/wp-json\/wp\/v2\/posts\/153079\/revisions\/153143"}],"wp:featuredmedia":[{"embeddable":true,"href":"https:\/\/www.em.com.br\/emfoco\/wp-json\/wp\/v2\/media\/153141"}],"wp:attachment":[{"href":"https:\/\/www.em.com.br\/emfoco\/wp-json\/wp\/v2\/media?parent=153079"}],"wp:term":[{"taxonomy":"category","embeddable":true,"href":"https:\/\/www.em.com.br\/emfoco\/wp-json\/wp\/v2\/categories?post=153079"},{"taxonomy":"post_tag","embeddable":true,"href":"https:\/\/www.em.com.br\/emfoco\/wp-json\/wp\/v2\/tags?post=153079"}],"curies":[{"name":"wp","href":"https:\/\/api.w.org\/{rel}","templated":true}]}}