{"id":153072,"date":"2026-01-12T15:45:00","date_gmt":"2026-01-12T18:45:00","guid":{"rendered":"https:\/\/www.em.com.br\/emfoco\/?p=153072"},"modified":"2026-01-09T13:54:18","modified_gmt":"2026-01-09T16:54:18","slug":"transforme-sua-casa-em-um-spa-com-velas-artesanais-feitas-por-voce-com-ingredientes-simples-e-cheiros-que-realmente-duram","status":"publish","type":"post","link":"https:\/\/www.em.com.br\/emfoco\/2026\/01\/12\/transforme-sua-casa-em-um-spa-com-velas-artesanais-feitas-por-voce-com-ingredientes-simples-e-cheiros-que-realmente-duram\/","title":{"rendered":"Transforme sua casa em um spa com velas artesanais feitas por voc\u00ea com ingredientes simples e cheiros que realmente duram"},"content":{"rendered":"\n<h2 class=\"wp-block-heading\">Em 2026, velas arom\u00e1ticas artesanais ganharam espa\u00e7o no bem-estar dom\u00e9stico. Com 8% a 10% de ess\u00eancia, controle de temperatura e cura de 7 dias, \u00e9 poss\u00edvel criar velas seguras, perfumadas e com boa queima.<\/h2>\n\n\n\n<p>Em 2026, fazer <strong>velas arom\u00e1ticas artesanais<\/strong> virou tend\u00eancia de bem-estar em casa e tamb\u00e9m uma forma de controlar o que voc\u00ea queima no ambiente. Com medidas certas, temperatura correta e cura adequada, d\u00e1 para criar uma vela bonita, segura e com perfume que realmente se espalha.<\/p>\n\n\n\n<h2 class=\"wp-block-heading\">Quais quantidades usar para uma vela arom\u00e1tica de 200 g?<\/h2>\n\n\n\n<p>Para acertar o aroma e evitar vela fraca, a propor\u00e7\u00e3o \u00e9 o ponto-chave. Em geral, velas com cera vegetal funcionam bem com <strong>8% a 10% de ess\u00eancia<\/strong>, o que d\u00e1 um perfume intenso sem comprometer a queima e a fixa\u00e7\u00e3o.<\/p>\n\n\n\n<p>Receita base para 1 unidade de 200 g fica assim: <strong>180 g de cera vegetal<\/strong> e <strong>20 g de ess\u00eancia<\/strong>. Se preferir aroma mais suave, use <strong>16 g de ess\u00eancia<\/strong> e <strong>184 g de cera<\/strong>, mantendo o total e o equil\u00edbrio da mistura.<\/p>\n\n\n\n<figure class=\"wp-block-image size-large\"><img loading=\"lazy\" decoding=\"async\" width=\"1024\" height=\"576\" src=\"https:\/\/www.em.com.br\/emfoco\/wp-content\/uploads\/2026\/01\/IA-4-41-1024x576.jpg\" alt=\"Transforme sua casa em um spa com velas artesanais feitas por voc\u00ea com ingredientes simples e cheiros que realmente duram\" class=\"wp-image-153105\" srcset=\"https:\/\/www.em.com.br\/emfoco\/wp-content\/uploads\/2026\/01\/IA-4-41-1024x576.jpg 1024w, https:\/\/www.em.com.br\/emfoco\/wp-content\/uploads\/2026\/01\/IA-4-41-300x169.jpg 300w, https:\/\/www.em.com.br\/emfoco\/wp-content\/uploads\/2026\/01\/IA-4-41-768x432.jpg 768w, https:\/\/www.em.com.br\/emfoco\/wp-content\/uploads\/2026\/01\/IA-4-41-750x422.jpg 750w, https:\/\/www.em.com.br\/emfoco\/wp-content\/uploads\/2026\/01\/IA-4-41-1140x641.jpg 1140w, https:\/\/www.em.com.br\/emfoco\/wp-content\/uploads\/2026\/01\/IA-4-41.jpg 1280w\" sizes=\"auto, (max-width: 1024px) 100vw, 1024px\" \/><figcaption class=\"wp-element-caption\">Propor\u00e7\u00e3o correta entre cera e ess\u00eancia garante aroma eficiente<\/figcaption><\/figure>\n\n\n\n<h2 class=\"wp-block-heading\">Quais materiais s\u00e3o obrigat\u00f3rios para uma vela segura e cheirosa?<\/h2>\n\n\n\n<p>Al\u00e9m das quantidades, os materiais definem a qualidade final. Itens errados geram fuma\u00e7a, tunelamento e cheiro fraco. Para garantir que a vela queime limpa e perfume o ambiente, priorize os componentes t\u00e9cnicos abaixo.<\/p>\n\n\n\n<ul class=\"wp-block-list\">\n<li>Cera vegetal: 180 g para 1 vela de 200 g<\/li>\n\n\n\n<li>Ess\u00eancia para vela: 16 g a 20 g conforme intensidade<\/li>\n\n\n\n<li>Term\u00f4metro culin\u00e1rio: controle de 75\u00b0C a 60\u00b0C sem erro<\/li>\n<\/ul>\n\n\n\n<p><em>Leia mais: <strong><a href=\"https:\/\/www.em.com.br\/emfoco\/2026\/01\/07\/como-fazer-uma-espiral-repelente-de-mosquitos-caseira-com-poucos-ingredientes-para-o-verao\/\" target=\"_blank\" rel=\"noreferrer noopener\">Como fazer uma espiral repelente de mosquitos caseira com poucos ingredientes para o ver\u00e3o<\/a><\/strong><\/em><\/p>\n\n\n\n<h2 class=\"wp-block-heading\">Qual \u00e9 o passo a passo completo para a vela ficar perfeita?<\/h2>\n\n\n\n<p>Comece derretendo a <strong>cera vegetal<\/strong> em banho-maria at\u00e9 atingir 70\u00b0C a 75\u00b0C, sem fogo direto. Enquanto isso, fixe o pavio no recipiente com adesivo pr\u00f3prio e mantenha centralizado com um palito ou prendedor.<\/p>\n\n\n\n<p>Quando a cera baixar para <strong>60\u00b0C a 65\u00b0C<\/strong>, adicione a ess\u00eancia e mexa por 2 minutos, sem agitar demais. Despeje lentamente no pote para evitar bolhas e deixe descansar em superf\u00edcie plana por pelo menos 24 horas antes de mover.<\/p>\n\n\n\n<p>Confira o v\u00eddeo compartilhado pelo canal do TikTok <strong><a href=\"https:\/\/www.tiktok.com\/@usekendl\" target=\"_blank\" rel=\"noreferrer noopener\"><strong>usekendl<\/strong><\/a><\/strong> ensinando outra receita para voc\u00ea fazer velas arom\u00e1ticas artenais direto da sua casa.<\/p>\n\n\n\n<blockquote class=\"tiktok-embed\" cite=\"https:\/\/www.tiktok.com\/@usekendl\/video\/7547794588015136005\" data-video-id=\"7547794588015136005\" style=\"max-width: 605px;min-width: 325px;\" > <section> <a target=\"_blank\" title=\"@usekendl\" href=\"https:\/\/www.tiktok.com\/@usekendl?refer=embed\">@usekendl<\/a> Aprenda fazer velas arom\u00e1ticas perfeitas com esse v\u00eddeo \ud83d\udc9a Passo a passo + dicas de quem trabalha com isso.  Aqui est\u00e3o os 3 fornecedores de ess\u00eancias que prometi: Peter Paiva, Catarina Velas, Baob\u00e1 ess\u00eancias. \ud83d\udc9a  <a title=\"diy\" target=\"_blank\" href=\"https:\/\/www.tiktok.com\/tag\/diy?refer=embed\">#diy<\/a> <a title=\"velaaromatica\" target=\"_blank\" href=\"https:\/\/www.tiktok.com\/tag\/velaaromatica?refer=embed\">#velaaromatica<\/a> <a title=\"comofazer\" target=\"_blank\" href=\"https:\/\/www.tiktok.com\/tag\/comofazer?refer=embed\">#comofazer<\/a> <a title=\"aprendanotiktok\" target=\"_blank\" href=\"https:\/\/www.tiktok.com\/tag\/aprendanotiktok?refer=embed\">#aprendanotiktok<\/a> <a title=\"hobbies\" target=\"_blank\" href=\"https:\/\/www.tiktok.com\/tag\/hobbies?refer=embed\">#hobbies<\/a> <a target=\"_blank\" title=\"\u266c som original - Kendl.\" href=\"https:\/\/www.tiktok.com\/music\/som-original-7547794609817062149?refer=embed\">\u266c som original &#8211; Kendl.<\/a> <\/section> <\/blockquote> <script async src=\"https:\/\/www.tiktok.com\/embed.js\"><\/script>\n\n\n\n<h2 class=\"wp-block-heading\">Como acertar a cura e evitar o t\u00fanel na primeira queima?<\/h2>\n\n\n\n<p>A maioria das velas \u201csem cheiro\u201d falha por falta de cura e primeira queima errada. Para ceras vegetais, o ideal \u00e9 esperar <strong>7 dias de cura<\/strong> antes de acender, pois esse tempo fixa o perfume e melhora o desempenho.<\/p>\n\n\n\n<ul class=\"wp-block-list\">\n<li>Tempo de cura: 7 dias para fixar aroma e aumentar o scent throw<\/li>\n\n\n\n<li>Primeira queima: derreter toda a superf\u00edcie at\u00e9 encostar nas bordas<\/li>\n\n\n\n<li>Pavio aparado: cortar para 0,5 cm antes de cada uso<\/li>\n<\/ul>\n\n\n\n<h2 class=\"wp-block-heading\">Quais combina\u00e7\u00f5es de fragr\u00e2ncias funcionam bem em 2026?<\/h2>\n\n\n\n<p>O charme das velas artesanais est\u00e1 na personaliza\u00e7\u00e3o. Blends simples criam identidade e elevam a sensa\u00e7\u00e3o de spa dentro de casa, principalmente quando voc\u00ea escolhe notas que combinam com rotina e objetivo, como foco, relaxamento ou energia.<\/p>\n\n\n\n<p>Para testar com seguran\u00e7a, mantenha a mesma base e altere apenas a ess\u00eancia. Sugest\u00f5es pr\u00e1ticas: <strong>lavanda<\/strong> para noite, <strong>alecrim<\/strong> para produtividade, e <strong>baunilha<\/strong> para aconchego, sempre respeitando o limite de 10% na f\u00f3rmula.<\/p>\n","protected":false},"excerpt":{"rendered":"<p>Em 2026, velas arom\u00e1ticas artesanais ganharam espa\u00e7o no bem-estar dom\u00e9stico. Com 8% a 10% de ess\u00eancia, controle de temperatura e cura de 7 dias, \u00e9 poss\u00edvel criar velas seguras, perfumadas e com boa queima. Em 2026, fazer velas arom\u00e1ticas artesanais virou tend\u00eancia de bem-estar em casa e tamb\u00e9m uma forma de controlar o que voc\u00ea [&hellip;]<\/p>\n","protected":false},"author":13,"featured_media":153104,"comment_status":"open","ping_status":"open","sticky":false,"template":"","format":"standard","meta":{"jnews-multi-image_gallery":[],"jnews_single_post":{"format":"standard"},"jnews_primary_category":[],"jnews_social_meta":[],"jnews_override_counter":[],"footnotes":""},"categories":[8819],"tags":[22311,5115,17325],"class_list":["post-153072","post","type-post","status-publish","format-standard","has-post-thumbnail","hentry","category-curiosidades","tag-como-fazer-velas","tag-diy","tag-velas-aromaticas"],"yoast_head":"<!-- This site is optimized with the Yoast SEO plugin v23.8 - https:\/\/yoast.com\/wordpress\/plugins\/seo\/ -->\n<title>Transforme sua casa em um spa com velas artesanais feitas por voc\u00ea com ingredientes simples e cheiros que realmente duram - Estado de Minas - Em foco<\/title>\n<meta name=\"description\" content=\"Aprenda como fazer velas arom\u00e1ticas com cheiro forte usando cera vegetal, ess\u00eancia na medida certa e tempo ideal de cura.\" \/>\n<meta name=\"robots\" content=\"index, follow, max-snippet:-1, max-image-preview:large, max-video-preview:-1\" \/>\n<link rel=\"canonical\" href=\"https:\/\/www.em.com.br\/emfoco\/2026\/01\/12\/transforme-sua-casa-em-um-spa-com-velas-artesanais-feitas-por-voce-com-ingredientes-simples-e-cheiros-que-realmente-duram\/\" \/>\n<meta property=\"og:locale\" content=\"pt_BR\" \/>\n<meta property=\"og:type\" content=\"article\" \/>\n<meta property=\"og:title\" content=\"Transforme sua casa em um spa com velas artesanais feitas por voc\u00ea com ingredientes simples e cheiros que realmente duram - Estado de Minas - Em foco\" \/>\n<meta property=\"og:description\" content=\"Aprenda como fazer velas arom\u00e1ticas com cheiro forte usando cera vegetal, ess\u00eancia na medida certa e tempo ideal de cura.\" \/>\n<meta property=\"og:url\" content=\"https:\/\/www.em.com.br\/emfoco\/2026\/01\/12\/transforme-sua-casa-em-um-spa-com-velas-artesanais-feitas-por-voce-com-ingredientes-simples-e-cheiros-que-realmente-duram\/\" \/>\n<meta property=\"og:site_name\" content=\"Estado de Minas - Em foco\" \/>\n<meta property=\"article:published_time\" content=\"2026-01-12T18:45:00+00:00\" \/>\n<meta property=\"article:modified_time\" content=\"2026-01-09T16:54:18+00:00\" \/>\n<meta property=\"og:image\" content=\"https:\/\/www.em.com.br\/emfoco\/wp-content\/uploads\/2026\/01\/IA-3-44.jpg\" \/>\n\t<meta property=\"og:image:width\" content=\"1280\" \/>\n\t<meta property=\"og:image:height\" content=\"720\" \/>\n\t<meta property=\"og:image:type\" content=\"image\/jpeg\" \/>\n<meta name=\"author\" content=\"Gabriel Martins\" \/>\n<meta name=\"twitter:card\" content=\"summary_large_image\" \/>\n<meta name=\"twitter:label1\" content=\"Escrito por\" \/>\n\t<meta name=\"twitter:data1\" content=\"Gabriel Martins\" \/>\n\t<meta name=\"twitter:label2\" content=\"Est. tempo de leitura\" \/>\n\t<meta name=\"twitter:data2\" content=\"4 minutos\" \/>\n<!-- \/ Yoast SEO plugin. -->","yoast_head_json":{"title":"Transforme sua casa em um spa com velas artesanais feitas por voc\u00ea com ingredientes simples e cheiros que realmente duram - Estado de Minas - Em foco","description":"Aprenda como fazer velas arom\u00e1ticas com cheiro forte usando cera vegetal, ess\u00eancia na medida certa e tempo ideal de cura.","robots":{"index":"index","follow":"follow","max-snippet":"max-snippet:-1","max-image-preview":"max-image-preview:large","max-video-preview":"max-video-preview:-1"},"canonical":"https:\/\/www.em.com.br\/emfoco\/2026\/01\/12\/transforme-sua-casa-em-um-spa-com-velas-artesanais-feitas-por-voce-com-ingredientes-simples-e-cheiros-que-realmente-duram\/","og_locale":"pt_BR","og_type":"article","og_title":"Transforme sua casa em um spa com velas artesanais feitas por voc\u00ea com ingredientes simples e cheiros que realmente duram - Estado de Minas - Em foco","og_description":"Aprenda como fazer velas arom\u00e1ticas com cheiro forte usando cera vegetal, ess\u00eancia na medida certa e tempo ideal de cura.","og_url":"https:\/\/www.em.com.br\/emfoco\/2026\/01\/12\/transforme-sua-casa-em-um-spa-com-velas-artesanais-feitas-por-voce-com-ingredientes-simples-e-cheiros-que-realmente-duram\/","og_site_name":"Estado de Minas - Em foco","article_published_time":"2026-01-12T18:45:00+00:00","article_modified_time":"2026-01-09T16:54:18+00:00","og_image":[{"width":1280,"height":720,"url":"https:\/\/www.em.com.br\/emfoco\/wp-content\/uploads\/2026\/01\/IA-3-44.jpg","type":"image\/jpeg"}],"author":"Gabriel Martins","twitter_card":"summary_large_image","twitter_misc":{"Escrito por":"Gabriel Martins","Est. tempo de leitura":"4 minutos"},"schema":{"@context":"https:\/\/schema.org","@graph":[{"@type":"WebPage","@id":"https:\/\/www.em.com.br\/emfoco\/2026\/01\/12\/transforme-sua-casa-em-um-spa-com-velas-artesanais-feitas-por-voce-com-ingredientes-simples-e-cheiros-que-realmente-duram\/","url":"https:\/\/www.em.com.br\/emfoco\/2026\/01\/12\/transforme-sua-casa-em-um-spa-com-velas-artesanais-feitas-por-voce-com-ingredientes-simples-e-cheiros-que-realmente-duram\/","name":"Transforme sua casa em um spa com velas artesanais feitas por voc\u00ea com ingredientes simples e cheiros que realmente duram - Estado de Minas - Em foco","isPartOf":{"@id":"https:\/\/www.em.com.br\/emfoco\/#website"},"primaryImageOfPage":{"@id":"https:\/\/www.em.com.br\/emfoco\/2026\/01\/12\/transforme-sua-casa-em-um-spa-com-velas-artesanais-feitas-por-voce-com-ingredientes-simples-e-cheiros-que-realmente-duram\/#primaryimage"},"image":{"@id":"https:\/\/www.em.com.br\/emfoco\/2026\/01\/12\/transforme-sua-casa-em-um-spa-com-velas-artesanais-feitas-por-voce-com-ingredientes-simples-e-cheiros-que-realmente-duram\/#primaryimage"},"thumbnailUrl":"https:\/\/www.em.com.br\/emfoco\/wp-content\/uploads\/2026\/01\/IA-3-44.jpg","datePublished":"2026-01-12T18:45:00+00:00","dateModified":"2026-01-09T16:54:18+00:00","author":{"@id":"https:\/\/www.em.com.br\/emfoco\/#\/schema\/person\/1c9ddeab18b98abeffef834667bcf08a"},"description":"Aprenda como fazer velas arom\u00e1ticas com cheiro forte usando cera vegetal, ess\u00eancia na medida certa e tempo ideal de cura.","breadcrumb":{"@id":"https:\/\/www.em.com.br\/emfoco\/2026\/01\/12\/transforme-sua-casa-em-um-spa-com-velas-artesanais-feitas-por-voce-com-ingredientes-simples-e-cheiros-que-realmente-duram\/#breadcrumb"},"inLanguage":"pt-BR","potentialAction":[{"@type":"ReadAction","target":["https:\/\/www.em.com.br\/emfoco\/2026\/01\/12\/transforme-sua-casa-em-um-spa-com-velas-artesanais-feitas-por-voce-com-ingredientes-simples-e-cheiros-que-realmente-duram\/"]}]},{"@type":"ImageObject","inLanguage":"pt-BR","@id":"https:\/\/www.em.com.br\/emfoco\/2026\/01\/12\/transforme-sua-casa-em-um-spa-com-velas-artesanais-feitas-por-voce-com-ingredientes-simples-e-cheiros-que-realmente-duram\/#primaryimage","url":"https:\/\/www.em.com.br\/emfoco\/wp-content\/uploads\/2026\/01\/IA-3-44.jpg","contentUrl":"https:\/\/www.em.com.br\/emfoco\/wp-content\/uploads\/2026\/01\/IA-3-44.jpg","width":1280,"height":720,"caption":"Velas artesanais bem feitas perfumam o ambiente com seguran\u00e7a e const\u00e2ncia"},{"@type":"BreadcrumbList","@id":"https:\/\/www.em.com.br\/emfoco\/2026\/01\/12\/transforme-sua-casa-em-um-spa-com-velas-artesanais-feitas-por-voce-com-ingredientes-simples-e-cheiros-que-realmente-duram\/#breadcrumb","itemListElement":[{"@type":"ListItem","position":1,"name":"In\u00edcio","item":"https:\/\/www.em.com.br\/emfoco\/"},{"@type":"ListItem","position":2,"name":"Transforme sua casa em um spa com velas artesanais feitas por voc\u00ea com ingredientes simples e cheiros que realmente duram"}]},{"@type":"WebSite","@id":"https:\/\/www.em.com.br\/emfoco\/#website","url":"https:\/\/www.em.com.br\/emfoco\/","name":"Estado de Minas - Em foco","description":"Acompanhe as \u00faltimas not\u00edcias e fique bem informado sobre tudo o que acontece em Minas Gerais, Brasil e no mundo.","potentialAction":[{"@type":"SearchAction","target":{"@type":"EntryPoint","urlTemplate":"https:\/\/www.em.com.br\/emfoco\/?s={search_term_string}"},"query-input":{"@type":"PropertyValueSpecification","valueRequired":true,"valueName":"search_term_string"}}],"inLanguage":"pt-BR"},{"@type":"Person","@id":"https:\/\/www.em.com.br\/emfoco\/#\/schema\/person\/1c9ddeab18b98abeffef834667bcf08a","name":"Gabriel Martins","image":{"@type":"ImageObject","inLanguage":"pt-BR","@id":"https:\/\/www.em.com.br\/emfoco\/#\/schema\/person\/image\/","url":"https:\/\/secure.gravatar.com\/avatar\/f0f1e2efdfd88f1ad2cb08c5c2731e50?s=96&d=mm&r=g","contentUrl":"https:\/\/secure.gravatar.com\/avatar\/f0f1e2efdfd88f1ad2cb08c5c2731e50?s=96&d=mm&r=g","caption":"Gabriel Martins"},"sameAs":["https:\/\/www.em.com.br\/emfoco\/"],"url":"https:\/\/www.em.com.br\/emfoco\/author\/gabrielmartinsmyth\/"}]}},"_links":{"self":[{"href":"https:\/\/www.em.com.br\/emfoco\/wp-json\/wp\/v2\/posts\/153072","targetHints":{"allow":["GET"]}}],"collection":[{"href":"https:\/\/www.em.com.br\/emfoco\/wp-json\/wp\/v2\/posts"}],"about":[{"href":"https:\/\/www.em.com.br\/emfoco\/wp-json\/wp\/v2\/types\/post"}],"author":[{"embeddable":true,"href":"https:\/\/www.em.com.br\/emfoco\/wp-json\/wp\/v2\/users\/13"}],"replies":[{"embeddable":true,"href":"https:\/\/www.em.com.br\/emfoco\/wp-json\/wp\/v2\/comments?post=153072"}],"version-history":[{"count":1,"href":"https:\/\/www.em.com.br\/emfoco\/wp-json\/wp\/v2\/posts\/153072\/revisions"}],"predecessor-version":[{"id":153106,"href":"https:\/\/www.em.com.br\/emfoco\/wp-json\/wp\/v2\/posts\/153072\/revisions\/153106"}],"wp:featuredmedia":[{"embeddable":true,"href":"https:\/\/www.em.com.br\/emfoco\/wp-json\/wp\/v2\/media\/153104"}],"wp:attachment":[{"href":"https:\/\/www.em.com.br\/emfoco\/wp-json\/wp\/v2\/media?parent=153072"}],"wp:term":[{"taxonomy":"category","embeddable":true,"href":"https:\/\/www.em.com.br\/emfoco\/wp-json\/wp\/v2\/categories?post=153072"},{"taxonomy":"post_tag","embeddable":true,"href":"https:\/\/www.em.com.br\/emfoco\/wp-json\/wp\/v2\/tags?post=153072"}],"curies":[{"name":"wp","href":"https:\/\/api.w.org\/{rel}","templated":true}]}}