{"id":152955,"date":"2026-01-10T07:15:00","date_gmt":"2026-01-10T10:15:00","guid":{"rendered":"https:\/\/www.em.com.br\/emfoco\/?p=152955"},"modified":"2026-01-09T11:36:24","modified_gmt":"2026-01-09T14:36:24","slug":"vale-a-pena-usar-creatina-apos-os-50-anos-veja-beneficios-e-cuidados","status":"publish","type":"post","link":"https:\/\/www.em.com.br\/emfoco\/2026\/01\/10\/vale-a-pena-usar-creatina-apos-os-50-anos-veja-beneficios-e-cuidados\/","title":{"rendered":"Vale a pena usar creatina ap\u00f3s os 50 anos? Veja benef\u00edcios e cuidados"},"content":{"rendered":"\n<p>Depois dos 50 anos, muitas pessoas come\u00e7am a olhar com mais aten\u00e7\u00e3o para tudo o que pode ajudar a manter for\u00e7a, mobilidade e independ\u00eancia. Nesse contexto, a creatina deixou de ser assunto exclusivo de atletas e passou a aparecer em consultas m\u00e9dicas, conversas em fam\u00edlia e grupos de atividade f\u00edsica, com d\u00favidas sobre efic\u00e1cia, seguran\u00e7a e utilidade real na maturidade.<\/p>\n\n\n\n<h2 class=\"wp-block-heading\">O que \u00e9 creatina segundo a vis\u00e3o da ci\u00eancia<\/h2>\n\n\n\n<p>O v\u00eddeo abaixo do canal <strong>@<a href=\"https:\/\/www.youtube.com\/@CardioDF\" target=\"_blank\" rel=\"noreferrer noopener\">Cardio DF \u2014 Cardiologia e sa\u00fade cardiovascular em Bras\u00edlia (DF)<\/a> <\/strong>complementa o conte\u00fado com explica\u00e7\u00f5es pr\u00e1ticas e linguagem acess\u00edvel sobre <strong>creatina ap\u00f3s os 50 anos<\/strong>, abordando benef\u00edcios, cuidados e o que realmente faz diferen\u00e7a na maturidade. \u00c9 um bom apoio para quem prefere entender o tema tamb\u00e9m em formato audiovisual, com exemplos aplic\u00e1veis ao dia a dia.<\/p>\n\n\n\n<iframe loading=\"lazy\" width=\"1013\" height=\"570\" src=\"https:\/\/www.youtube.com\/embed\/6s3XDkvV4PM\" title=\"Creatina depois dos 50 anos...  \u00c9 segura, MESMO?\" frameborder=\"0\" allow=\"accelerometer; autoplay; clipboard-write; encrypted-media; gyroscope; picture-in-picture; web-share\" referrerpolicy=\"strict-origin-when-cross-origin\" allowfullscreen><\/iframe>\n\n\n\n<p>A creatina \u00e9 um composto nitrogenado produzido pelo organismo a partir de tr\u00eas amino\u00e1cidos: glicina, arginina e metionina. F\u00edgado, p\u00e2ncreas e rins participam desse processo, complementado pela ingest\u00e3o de carne vermelha e peixe, com maior concentra\u00e7\u00e3o final nos m\u00fasculos e em menor propor\u00e7\u00e3o no c\u00e9rebro.<\/p>\n\n\n\n<p>Seu papel central est\u00e1 ligado \u00e0 gera\u00e7\u00e3o r\u00e1pida de energia em esfor\u00e7os intensos e de curta dura\u00e7\u00e3o, como levantar um peso ou reagir a um trope\u00e7o. O suplemento de creatina mono-hidratada, forma mais estudada at\u00e9 2025, replica essa mol\u00e9cula e contribui para manter os estoques musculares cheios, facilitando o desempenho em movimentos explosivos.<\/p>\n\n\n\n<h2 class=\"wp-block-heading\">A creatina funciona depois dos 50 anos<\/h2>\n\n\n\n<p>As evid\u00eancias at\u00e9 2025 indicam que a creatina ap\u00f3s os 50 anos traz resultados mais consistentes quando associada a exerc\u00edcios de resist\u00eancia, como muscula\u00e7\u00e3o, treino funcional ou uso de el\u00e1sticos. Nesses cen\u00e1rios, adultos mais velhos tendem a ganhar mais massa muscular e for\u00e7a do que aqueles que apenas treinam sem suplementa\u00e7\u00e3o.<\/p>\n\n\n\n<p>No dia a dia, isso facilita tarefas como levantar-se da cadeira sem apoiar as m\u00e3os, carregar compras e subir escadas com mais seguran\u00e7a. Estudos tamb\u00e9m sugerem leve benef\u00edcio cognitivo em algumas situa\u00e7\u00f5es espec\u00edficas, especialmente em pessoas com dieta muito pobre em produtos de origem animal, mas sem substituir tratamentos formais.<\/p>\n\n\n\n<p>Leia mais: <a href=\"https:\/\/www.em.com.br\/saude\/2026\/01\/7328984-cancer-de-pulmao-em-nao-fumantes-cresce-entenda-as-causas.html\" target=\"_blank\" rel=\"noreferrer noopener\">C\u00e2ncer de pulm\u00e3o em n\u00e3o fumantes cresce; entenda as causas<\/a><\/p>\n\n\n\n<h2 class=\"wp-block-heading\">Benef\u00edcios da creatina ap\u00f3s os 50 anos<\/h2>\n\n\n\n<p>Quando se fala em creatina na maturidade, o primeiro foco costuma ser a preserva\u00e7\u00e3o muscular, mas os efeitos poss\u00edveis se estendem a aspectos funcionais e metab\u00f3licos. Em adultos acima de 50 anos, pesquisadores destacam potenciais ganhos que podem impactar a autonomia e o risco de quedas.<\/p>\n\n\n\n<p>Para organizar melhor esses pontos de interesse, vale listar alguns dos benef\u00edcios mais citados em estudos com pessoas de meia-idade e idosos:<\/p>\n\n\n\n<ul class=\"wp-block-list\">\n<li><strong>Preserva\u00e7\u00e3o de massa muscular:<\/strong> ajuda a reduzir a perda de m\u00fasculo associada ao envelhecimento (sarcopenia).<\/li>\n\n\n\n<li><strong>Aumento de for\u00e7a e pot\u00eancia:<\/strong> facilita movimentos r\u00e1pidos, subir degraus e reagir a desequil\u00edbrios.<\/li>\n\n\n\n<li><strong>Recupera\u00e7\u00e3o ap\u00f3s esfor\u00e7o:<\/strong> pode diminuir fadiga em treinos de resist\u00eancia e em atividades do dia a dia.<\/li>\n\n\n\n<li><strong>Impacto indireto sobre os ossos:<\/strong> mais for\u00e7a muscular favorece est\u00edmulos mec\u00e2nicos que beneficiam a sa\u00fade \u00f3ssea.<\/li>\n\n\n\n<li><strong>Apoio ao metabolismo da glicose:<\/strong> alguns estudos sugerem melhora discreta na sensibilidade \u00e0 insulina.<\/li>\n\n\n\n<li><strong>Poss\u00edvel efeito sobre inflama\u00e7\u00e3o cr\u00f4nica:<\/strong> h\u00e1 ind\u00edcios de modula\u00e7\u00e3o de marcadores inflamat\u00f3rios de baixo grau.<\/li>\n<\/ul>\n\n\n\n<p>Em programas de reabilita\u00e7\u00e3o cardiovascular, a creatina pode ser usada como coadjuvante em protocolos supervisionados. Alguns trabalhos relatam melhora na capacidade de caminhar ou subir escadas em pacientes com fun\u00e7\u00e3o card\u00edaca comprometida, sempre como complemento a medicamentos, dieta e fisioterapia.<\/p>\n\n\n\n<h2 class=\"wp-block-heading\">Riscos e mitos da creatina ap\u00f3s os 50 anos<\/h2>\n\n\n<div class=\"wp-block-image\">\n<figure class=\"aligncenter size-large\"><img loading=\"lazy\" decoding=\"async\" width=\"1024\" height=\"576\" src=\"https:\/\/www.em.com.br\/emfoco\/wp-content\/uploads\/2026\/01\/alongamento-idoso_1767814579895-1024x576.jpg\" alt=\"\" class=\"wp-image-151915\" srcset=\"https:\/\/www.em.com.br\/emfoco\/wp-content\/uploads\/2026\/01\/alongamento-idoso_1767814579895-1024x576.jpg 1024w, https:\/\/www.em.com.br\/emfoco\/wp-content\/uploads\/2026\/01\/alongamento-idoso_1767814579895-300x169.jpg 300w, https:\/\/www.em.com.br\/emfoco\/wp-content\/uploads\/2026\/01\/alongamento-idoso_1767814579895-768x432.jpg 768w, https:\/\/www.em.com.br\/emfoco\/wp-content\/uploads\/2026\/01\/alongamento-idoso_1767814579895-750x422.jpg 750w, https:\/\/www.em.com.br\/emfoco\/wp-content\/uploads\/2026\/01\/alongamento-idoso_1767814579895-1140x641.jpg 1140w, https:\/\/www.em.com.br\/emfoco\/wp-content\/uploads\/2026\/01\/alongamento-idoso_1767814579895.jpg 1280w\" sizes=\"auto, (max-width: 1024px) 100vw, 1024px\" \/><figcaption class=\"wp-element-caption\">Creatina ap\u00f3s os 50 e seus efeitos no corpo &#8211; Cr\u00e9ditos: depositphotos.com \/ Prot56<\/figcaption><\/figure><\/div>\n\n\n<p>A seguran\u00e7a da creatina para pessoas com mais de 50 anos ainda gera d\u00favidas, especialmente sobre fun\u00e7\u00e3o renal. Em adultos saud\u00e1veis avaliados por meses ou anos, o uso de creatina mono-hidratada nas doses usuais n\u00e3o mostrou dano renal, mas quem j\u00e1 tem doen\u00e7a nos rins deve evitar suplementa\u00e7\u00e3o sem avalia\u00e7\u00e3o m\u00e9dica individual.<\/p>\n\n\n\n<p>A creatina pode elevar discretamente a creatinina sangu\u00ednea, confundindo a interpreta\u00e7\u00e3o de exames se o profissional n\u00e3o souber do uso do suplemento. Mitos comuns, como a associa\u00e7\u00e3o direta com queda de cabelo, seguem sem comprova\u00e7\u00e3o em adultos saud\u00e1veis; j\u00e1 o aumento inicial de peso costuma refletir reten\u00e7\u00e3o de \u00e1gua intramuscular, e n\u00e3o ac\u00famulo de gordura.<\/p>\n\n\n\n<p>Leia mais: <a href=\"https:\/\/www.em.com.br\/saude\/2026\/01\/7328807-o-que-significa-gostar-de-dormir-com-a-tv-ligada.html\" target=\"_blank\" rel=\"noreferrer noopener\">O que significa gostar de dormir com a TV ligada<\/a><\/p>\n\n\n\n<h2 class=\"wp-block-heading\">Como usar creatina depois dos 50 anos de forma respons\u00e1vel<\/h2>\n\n\n\n<p>Entre adultos maduros, a dose de creatina ap\u00f3s os 50 anos mais citada fica em torno de 3 a 5 gramas por dia, em uso cont\u00ednuo, sem necessidade obrigat\u00f3ria de ciclos de carga e descarga. O hor\u00e1rio pode ser adaptado \u00e0 rotina, geralmente junto a uma refei\u00e7\u00e3o ou pr\u00f3ximo ao treino, desde que haja regularidade no consumo.<\/p>\n\n\n\n<p>Para aproveitar melhor o suplemento e reduzir riscos, profissionais de sa\u00fade e educa\u00e7\u00e3o f\u00edsica recomendam sempre avaliar condi\u00e7\u00f5es cl\u00ednicas pr\u00e9vias, priorizar creatina mono-hidratada de boa proced\u00eancia e manter boa hidrata\u00e7\u00e3o. Associar o uso a exerc\u00edcios de for\u00e7a e a um estilo de vida saud\u00e1vel torna a creatina uma ferramenta \u00fatil para preservar mobilidade e participa\u00e7\u00e3o ativa nas tarefas di\u00e1rias ap\u00f3s os 50 anos.<\/p>\n","protected":false},"excerpt":{"rendered":"<p>Depois dos 50 anos, muitas pessoas come\u00e7am a olhar com mais aten\u00e7\u00e3o para tudo o que pode ajudar a manter for\u00e7a, mobilidade e independ\u00eancia. Nesse contexto, a creatina deixou de ser assunto exclusivo de atletas e passou a aparecer em consultas m\u00e9dicas, conversas em fam\u00edlia e grupos de atividade f\u00edsica, com d\u00favidas sobre efic\u00e1cia, seguran\u00e7a [&hellip;]<\/p>\n","protected":false},"author":20,"featured_media":152997,"comment_status":"open","ping_status":"open","sticky":false,"template":"","format":"standard","meta":{"jnews-multi-image_gallery":[],"jnews_single_post":{"format":"standard"},"jnews_primary_category":[],"jnews_social_meta":[],"jnews_override_counter":[],"footnotes":""},"categories":[8819,1],"tags":[4072,415,6981],"class_list":["post-152955","post","type-post","status-publish","format-standard","has-post-thumbnail","hentry","category-curiosidades","category-noticias","tag-creatina","tag-saude","tag-suplementos"],"yoast_head":"<!-- This site is optimized with the Yoast SEO plugin v23.8 - https:\/\/yoast.com\/wordpress\/plugins\/seo\/ -->\n<title>Vale a pena usar creatina ap\u00f3s os 50 anos? Veja benef\u00edcios e cuidados - Estado de Minas - Em foco<\/title>\n<meta name=\"description\" content=\"A creatina passou a ganhar espa\u00e7o ap\u00f3s os 50, entenda quando ela ajuda, quais benef\u00edcios s\u00e3o reais e em que casos exige mais aten\u00e7\u00e3o.\" \/>\n<meta name=\"robots\" content=\"index, follow, max-snippet:-1, max-image-preview:large, max-video-preview:-1\" \/>\n<link rel=\"canonical\" href=\"https:\/\/www.em.com.br\/emfoco\/2026\/01\/10\/vale-a-pena-usar-creatina-apos-os-50-anos-veja-beneficios-e-cuidados\/\" \/>\n<meta property=\"og:locale\" content=\"pt_BR\" \/>\n<meta property=\"og:type\" content=\"article\" \/>\n<meta property=\"og:title\" content=\"Vale a pena usar creatina ap\u00f3s os 50 anos? Veja benef\u00edcios e cuidados - Estado de Minas - Em foco\" \/>\n<meta property=\"og:description\" content=\"A creatina passou a ganhar espa\u00e7o ap\u00f3s os 50, entenda quando ela ajuda, quais benef\u00edcios s\u00e3o reais e em que casos exige mais aten\u00e7\u00e3o.\" \/>\n<meta property=\"og:url\" content=\"https:\/\/www.em.com.br\/emfoco\/2026\/01\/10\/vale-a-pena-usar-creatina-apos-os-50-anos-veja-beneficios-e-cuidados\/\" \/>\n<meta property=\"og:site_name\" content=\"Estado de Minas - Em foco\" \/>\n<meta property=\"article:published_time\" content=\"2026-01-10T10:15:00+00:00\" \/>\n<meta property=\"article:modified_time\" content=\"2026-01-09T14:36:24+00:00\" \/>\n<meta property=\"og:image\" content=\"https:\/\/www.em.com.br\/emfoco\/wp-content\/uploads\/2026\/01\/suplemento_1767969139092.jpg\" \/>\n\t<meta property=\"og:image:width\" content=\"1280\" \/>\n\t<meta property=\"og:image:height\" content=\"720\" \/>\n\t<meta property=\"og:image:type\" content=\"image\/jpeg\" \/>\n<meta name=\"author\" content=\"Ingrid Diniz\" \/>\n<meta name=\"twitter:card\" content=\"summary_large_image\" \/>\n<meta name=\"twitter:label1\" content=\"Escrito por\" \/>\n\t<meta name=\"twitter:data1\" content=\"Ingrid Diniz\" \/>\n\t<meta name=\"twitter:label2\" content=\"Est. tempo de leitura\" \/>\n\t<meta name=\"twitter:data2\" content=\"5 minutos\" \/>\n<!-- \/ Yoast SEO plugin. -->","yoast_head_json":{"title":"Vale a pena usar creatina ap\u00f3s os 50 anos? Veja benef\u00edcios e cuidados - Estado de Minas - Em foco","description":"A creatina passou a ganhar espa\u00e7o ap\u00f3s os 50, entenda quando ela ajuda, quais benef\u00edcios s\u00e3o reais e em que casos exige mais aten\u00e7\u00e3o.","robots":{"index":"index","follow":"follow","max-snippet":"max-snippet:-1","max-image-preview":"max-image-preview:large","max-video-preview":"max-video-preview:-1"},"canonical":"https:\/\/www.em.com.br\/emfoco\/2026\/01\/10\/vale-a-pena-usar-creatina-apos-os-50-anos-veja-beneficios-e-cuidados\/","og_locale":"pt_BR","og_type":"article","og_title":"Vale a pena usar creatina ap\u00f3s os 50 anos? Veja benef\u00edcios e cuidados - Estado de Minas - Em foco","og_description":"A creatina passou a ganhar espa\u00e7o ap\u00f3s os 50, entenda quando ela ajuda, quais benef\u00edcios s\u00e3o reais e em que casos exige mais aten\u00e7\u00e3o.","og_url":"https:\/\/www.em.com.br\/emfoco\/2026\/01\/10\/vale-a-pena-usar-creatina-apos-os-50-anos-veja-beneficios-e-cuidados\/","og_site_name":"Estado de Minas - Em foco","article_published_time":"2026-01-10T10:15:00+00:00","article_modified_time":"2026-01-09T14:36:24+00:00","og_image":[{"width":1280,"height":720,"url":"https:\/\/www.em.com.br\/emfoco\/wp-content\/uploads\/2026\/01\/suplemento_1767969139092.jpg","type":"image\/jpeg"}],"author":"Ingrid Diniz","twitter_card":"summary_large_image","twitter_misc":{"Escrito por":"Ingrid Diniz","Est. tempo de leitura":"5 minutos"},"schema":{"@context":"https:\/\/schema.org","@graph":[{"@type":"WebPage","@id":"https:\/\/www.em.com.br\/emfoco\/2026\/01\/10\/vale-a-pena-usar-creatina-apos-os-50-anos-veja-beneficios-e-cuidados\/","url":"https:\/\/www.em.com.br\/emfoco\/2026\/01\/10\/vale-a-pena-usar-creatina-apos-os-50-anos-veja-beneficios-e-cuidados\/","name":"Vale a pena usar creatina ap\u00f3s os 50 anos? Veja benef\u00edcios e cuidados - Estado de Minas - Em foco","isPartOf":{"@id":"https:\/\/www.em.com.br\/emfoco\/#website"},"primaryImageOfPage":{"@id":"https:\/\/www.em.com.br\/emfoco\/2026\/01\/10\/vale-a-pena-usar-creatina-apos-os-50-anos-veja-beneficios-e-cuidados\/#primaryimage"},"image":{"@id":"https:\/\/www.em.com.br\/emfoco\/2026\/01\/10\/vale-a-pena-usar-creatina-apos-os-50-anos-veja-beneficios-e-cuidados\/#primaryimage"},"thumbnailUrl":"https:\/\/www.em.com.br\/emfoco\/wp-content\/uploads\/2026\/01\/suplemento_1767969139092.jpg","datePublished":"2026-01-10T10:15:00+00:00","dateModified":"2026-01-09T14:36:24+00:00","author":{"@id":"https:\/\/www.em.com.br\/emfoco\/#\/schema\/person\/649e610b4eb8fff87ff394e54fe17b2b"},"description":"A creatina passou a ganhar espa\u00e7o ap\u00f3s os 50, entenda quando ela ajuda, quais benef\u00edcios s\u00e3o reais e em que casos exige mais aten\u00e7\u00e3o.","breadcrumb":{"@id":"https:\/\/www.em.com.br\/emfoco\/2026\/01\/10\/vale-a-pena-usar-creatina-apos-os-50-anos-veja-beneficios-e-cuidados\/#breadcrumb"},"inLanguage":"pt-BR","potentialAction":[{"@type":"ReadAction","target":["https:\/\/www.em.com.br\/emfoco\/2026\/01\/10\/vale-a-pena-usar-creatina-apos-os-50-anos-veja-beneficios-e-cuidados\/"]}]},{"@type":"ImageObject","inLanguage":"pt-BR","@id":"https:\/\/www.em.com.br\/emfoco\/2026\/01\/10\/vale-a-pena-usar-creatina-apos-os-50-anos-veja-beneficios-e-cuidados\/#primaryimage","url":"https:\/\/www.em.com.br\/emfoco\/wp-content\/uploads\/2026\/01\/suplemento_1767969139092.jpg","contentUrl":"https:\/\/www.em.com.br\/emfoco\/wp-content\/uploads\/2026\/01\/suplemento_1767969139092.jpg","width":1280,"height":720,"caption":"O que acontece ao tomar 5g de creatina por dia ap\u00f3s os 40 anos - Cr\u00e9ditos: depositphotos.com \/ AntonMatyukha"},{"@type":"BreadcrumbList","@id":"https:\/\/www.em.com.br\/emfoco\/2026\/01\/10\/vale-a-pena-usar-creatina-apos-os-50-anos-veja-beneficios-e-cuidados\/#breadcrumb","itemListElement":[{"@type":"ListItem","position":1,"name":"In\u00edcio","item":"https:\/\/www.em.com.br\/emfoco\/"},{"@type":"ListItem","position":2,"name":"Vale a pena usar creatina ap\u00f3s os 50 anos? Veja benef\u00edcios e cuidados"}]},{"@type":"WebSite","@id":"https:\/\/www.em.com.br\/emfoco\/#website","url":"https:\/\/www.em.com.br\/emfoco\/","name":"Estado de Minas - Em foco","description":"Acompanhe as \u00faltimas not\u00edcias e fique bem informado sobre tudo o que acontece em Minas Gerais, Brasil e no mundo.","potentialAction":[{"@type":"SearchAction","target":{"@type":"EntryPoint","urlTemplate":"https:\/\/www.em.com.br\/emfoco\/?s={search_term_string}"},"query-input":{"@type":"PropertyValueSpecification","valueRequired":true,"valueName":"search_term_string"}}],"inLanguage":"pt-BR"},{"@type":"Person","@id":"https:\/\/www.em.com.br\/emfoco\/#\/schema\/person\/649e610b4eb8fff87ff394e54fe17b2b","name":"Ingrid Diniz","image":{"@type":"ImageObject","inLanguage":"pt-BR","@id":"https:\/\/www.em.com.br\/emfoco\/#\/schema\/person\/image\/","url":"https:\/\/secure.gravatar.com\/avatar\/a3baa1449ec5c39b4c42babc9d4f3951?s=96&d=mm&r=g","contentUrl":"https:\/\/secure.gravatar.com\/avatar\/a3baa1449ec5c39b4c42babc9d4f3951?s=96&d=mm&r=g","caption":"Ingrid Diniz"},"sameAs":["https:\/\/www.em.com.br\/"],"url":"https:\/\/www.em.com.br\/emfoco\/author\/ingridmyth\/"}]}},"_links":{"self":[{"href":"https:\/\/www.em.com.br\/emfoco\/wp-json\/wp\/v2\/posts\/152955","targetHints":{"allow":["GET"]}}],"collection":[{"href":"https:\/\/www.em.com.br\/emfoco\/wp-json\/wp\/v2\/posts"}],"about":[{"href":"https:\/\/www.em.com.br\/emfoco\/wp-json\/wp\/v2\/types\/post"}],"author":[{"embeddable":true,"href":"https:\/\/www.em.com.br\/emfoco\/wp-json\/wp\/v2\/users\/20"}],"replies":[{"embeddable":true,"href":"https:\/\/www.em.com.br\/emfoco\/wp-json\/wp\/v2\/comments?post=152955"}],"version-history":[{"count":1,"href":"https:\/\/www.em.com.br\/emfoco\/wp-json\/wp\/v2\/posts\/152955\/revisions"}],"predecessor-version":[{"id":153000,"href":"https:\/\/www.em.com.br\/emfoco\/wp-json\/wp\/v2\/posts\/152955\/revisions\/153000"}],"wp:featuredmedia":[{"embeddable":true,"href":"https:\/\/www.em.com.br\/emfoco\/wp-json\/wp\/v2\/media\/152997"}],"wp:attachment":[{"href":"https:\/\/www.em.com.br\/emfoco\/wp-json\/wp\/v2\/media?parent=152955"}],"wp:term":[{"taxonomy":"category","embeddable":true,"href":"https:\/\/www.em.com.br\/emfoco\/wp-json\/wp\/v2\/categories?post=152955"},{"taxonomy":"post_tag","embeddable":true,"href":"https:\/\/www.em.com.br\/emfoco\/wp-json\/wp\/v2\/tags?post=152955"}],"curies":[{"name":"wp","href":"https:\/\/api.w.org\/{rel}","templated":true}]}}