{"id":152930,"date":"2026-01-13T17:45:00","date_gmt":"2026-01-13T20:45:00","guid":{"rendered":"https:\/\/www.em.com.br\/emfoco\/?p=152930"},"modified":"2026-01-12T19:46:11","modified_gmt":"2026-01-12T22:46:11","slug":"vai-se-ausentar-por-alguns-dias-o-truque-do-copo-de-agua-na-lava-louca-faz-diferenca","status":"publish","type":"post","link":"https:\/\/www.em.com.br\/emfoco\/2026\/01\/13\/vai-se-ausentar-por-alguns-dias-o-truque-do-copo-de-agua-na-lava-louca-faz-diferenca\/","title":{"rendered":"Vai se ausentar por alguns dias? O truque do copo de \u00e1gua na lava-lou\u00e7a faz diferen\u00e7a"},"content":{"rendered":"\n<p>Ao planejar alguns dias fora de casa, muita gente se preocupa com seguran\u00e7a, plantas e eletrodom\u00e9sticos, mas esquece de um detalhe simples do encanamento: a \u00e1gua parada nos sif\u00f5es. Esse pequeno volume de \u00e1gua bloqueia o retorno de odores da rede de esgoto e, quando evapora, pode causar cheiros fortes na cozinha e no banheiro ap\u00f3s um per\u00edodo de aus\u00eancia, al\u00e9m de facilitar a entrada de insetos.<\/p>\n\n\n\n<h2 class=\"wp-block-heading\">Por que o copo de \u00e1gua na lava-lou\u00e7a evita mau cheiro<\/h2>\n\n\n\n<p>A express\u00e3o\u00a0<strong>copo de \u00e1gua na <\/strong><a href=\"https:\/\/www.em.com.br\/emfoco\/2025\/12\/19\/o-segredo-das-casas-organizadas-em-2025-nao-e-esforco-e-estrategia\/\" target=\"_blank\" rel=\"noreferrer noopener\"><strong>lava-lou\u00e7a<\/strong>\u00a0<\/a>est\u00e1 ligada \u00e0 manuten\u00e7\u00e3o da barreira hidr\u00e1ulica do sif\u00e3o. O sif\u00e3o \u00e9 aquela curva do encanamento sob a pia que ret\u00e9m uma por\u00e7\u00e3o de \u00e1gua, funcionando como uma tampa natural contra gases, odores e pequenos insetos vindos da tubula\u00e7\u00e3o.<\/p>\n\n\n\n<p>Quando a pia fica dias sem uso, essa \u00e1gua pode diminuir ou secar por evapora\u00e7\u00e3o, deixando o ar da tubula\u00e7\u00e3o circular livremente. Ao despejar um copo de \u00e1gua no ralo antes de sair, o morador refor\u00e7a essa barreira, especialmente em ver\u00f5es mais quentes, reduzindo odores de esgoto e a chance de insetos subirem pelos canos.<\/p>\n\n\n\n<figure class=\"wp-block-image size-large\"><img loading=\"lazy\" decoding=\"async\" width=\"1024\" height=\"576\" src=\"https:\/\/www.em.com.br\/emfoco\/wp-content\/uploads\/2026\/01\/Gemini_Generated_Image_1iq2kk1iq2kk1iq2-1-1024x576.png\" alt=\"O gesto mais ignorado que evita odores vindos do ralo\" class=\"wp-image-153011\" srcset=\"https:\/\/www.em.com.br\/emfoco\/wp-content\/uploads\/2026\/01\/Gemini_Generated_Image_1iq2kk1iq2kk1iq2-1-1024x576.png 1024w, https:\/\/www.em.com.br\/emfoco\/wp-content\/uploads\/2026\/01\/Gemini_Generated_Image_1iq2kk1iq2kk1iq2-1-300x169.png 300w, https:\/\/www.em.com.br\/emfoco\/wp-content\/uploads\/2026\/01\/Gemini_Generated_Image_1iq2kk1iq2kk1iq2-1-768x432.png 768w, https:\/\/www.em.com.br\/emfoco\/wp-content\/uploads\/2026\/01\/Gemini_Generated_Image_1iq2kk1iq2kk1iq2-1-750x422.png 750w, https:\/\/www.em.com.br\/emfoco\/wp-content\/uploads\/2026\/01\/Gemini_Generated_Image_1iq2kk1iq2kk1iq2-1-1140x641.png 1140w, https:\/\/www.em.com.br\/emfoco\/wp-content\/uploads\/2026\/01\/Gemini_Generated_Image_1iq2kk1iq2kk1iq2-1.png 1280w\" sizes=\"auto, (max-width: 1024px) 100vw, 1024px\" \/><figcaption class=\"wp-element-caption\">O gesto mais ignorado que evita odores vindos do ralo<\/figcaption><\/figure>\n\n\n\n<h2 class=\"wp-block-heading\">Como aplicar o truque do copo de \u00e1gua na lava-lou\u00e7a na pr\u00e1tica<\/h2>\n\n\n\n<p>O\u00a0<strong>copo de \u00e1gua na lava-lou\u00e7a<\/strong>\u00a0\u00e9 simples de usar e pode entrar na rotina antes de qualquer viagem. Basta manter a <a href=\"https:\/\/www.youtube.com\/shorts\/nGPEPAH6hSg\" target=\"_blank\" rel=\"noreferrer noopener\">pia limpa<\/a>, sem restos de alimentos ou gordura, e depois encher um copo, caneca ou jarra com \u00e1gua, despejando lentamente no ralo para garantir que o sif\u00e3o fique cheio.<\/p>\n\n\n\n<p>O mesmo procedimento pode ser feito em outros pontos de escoamento, como ralos de box, lavat\u00f3rios, tanques e o vaso sanit\u00e1rio. Em aus\u00eancias mais longas, algumas pessoas adicionam poucas gotas de \u00f3leo de cozinha ou mineral ap\u00f3s a \u00e1gua, criando uma pel\u00edcula que diminui a evapora\u00e7\u00e3o e prolonga o efeito da barreira hidr\u00e1ulica.<\/p>\n\n\n\n<h2 class=\"wp-block-heading\">Quais cuidados extras complementam o uso do copo de \u00e1gua na lava-lou\u00e7a<\/h2>\n\n\n\n<p>O copo de \u00e1gua na lava-lou\u00e7a \u00e9 apenas uma parte de um conjunto de a\u00e7\u00f5es para evitar odores e problemas hidr\u00e1ulicos. Antes de viajar, vale revisar lixo, alimentos perec\u00edveis e pontos de umidade, garantindo que a casa fique limpa e sem focos de mau cheiro na volta.<\/p>\n\n\n\n<p>Para deixar a prepara\u00e7\u00e3o mais organizada e pr\u00e1tica, uma pequena lista de verifica\u00e7\u00e3o ajuda a n\u00e3o esquecer nenhum detalhe importante:<\/p>\n\n\n\n<ul class=\"wp-block-list\">\n<li>Esvaziar caixotes de lixo da cozinha e dos banheiros.<\/li>\n\n\n\n<li>Descartar alimentos que possam estragar na geladeira.<\/li>\n\n\n\n<li>Limpar grelhas e filtros da lava-lou\u00e7a e da pia.<\/li>\n\n\n\n<li>Conferir ralos externos, como os do quintal ou garagem.<\/li>\n\n\n\n<li>Fechar bem portas e janelas de banheiros para dificultar a entrada de insetos.<\/li>\n<\/ul>\n\n\n\n<figure class=\"wp-block-image size-large\"><img loading=\"lazy\" decoding=\"async\" width=\"1024\" height=\"576\" src=\"https:\/\/www.em.com.br\/emfoco\/wp-content\/uploads\/2026\/01\/Gemini_Generated_Image_p78i40p78i40p78i-1-1024x576.png\" alt=\"O gesto mais ignorado que evita odores vindos do ralo\" class=\"wp-image-153012\" srcset=\"https:\/\/www.em.com.br\/emfoco\/wp-content\/uploads\/2026\/01\/Gemini_Generated_Image_p78i40p78i40p78i-1-1024x576.png 1024w, https:\/\/www.em.com.br\/emfoco\/wp-content\/uploads\/2026\/01\/Gemini_Generated_Image_p78i40p78i40p78i-1-300x169.png 300w, https:\/\/www.em.com.br\/emfoco\/wp-content\/uploads\/2026\/01\/Gemini_Generated_Image_p78i40p78i40p78i-1-768x432.png 768w, https:\/\/www.em.com.br\/emfoco\/wp-content\/uploads\/2026\/01\/Gemini_Generated_Image_p78i40p78i40p78i-1-750x422.png 750w, https:\/\/www.em.com.br\/emfoco\/wp-content\/uploads\/2026\/01\/Gemini_Generated_Image_p78i40p78i40p78i-1-1140x641.png 1140w, https:\/\/www.em.com.br\/emfoco\/wp-content\/uploads\/2026\/01\/Gemini_Generated_Image_p78i40p78i40p78i-1.png 1280w\" sizes=\"auto, (max-width: 1024px) 100vw, 1024px\" \/><figcaption class=\"wp-element-caption\">O gesto mais ignorado que evita odores vindos do ralo<\/figcaption><\/figure>\n\n\n\n<h2 class=\"wp-block-heading\">Como manter a rotina de prote\u00e7\u00e3o dos sif\u00f5es em aus\u00eancias frequentes<\/h2>\n\n\n\n<p>Com o aumento das viagens r\u00e1pidas e escapadas de fim de semana, o\u00a0<strong>copo de \u00e1gua na lava-lou\u00e7a<\/strong>\u00a0virou um h\u00e1bito pr\u00e1tico e sem custo. Em aus\u00eancias prolongadas, muitas fam\u00edlias combinam com vizinhos ou pessoas de confian\u00e7a para visitar a casa, abrir janelas, circular o ar e renovar a \u00e1gua dos sif\u00f5es semanalmente.<\/p>\n\n\n\n<p>Esse refor\u00e7o peri\u00f3dico mant\u00e9m a veda\u00e7\u00e3o ativa e diminui o risco de mau cheiro persistente na volta. Al\u00e9m disso, reduz a necessidade de limpezas profundas de encanamento ou uso excessivo de desodorizadores, preservando o conforto e a higiene dos ambientes.<\/p>\n\n\n\n<h2 class=\"wp-block-heading\">Como o copo de \u00e1gua na lava-lou\u00e7a protege sua casa e exige a\u00e7\u00e3o imediata<\/h2>\n\n\n\n<p>Integrar o gesto de encher os sif\u00f5es com um copo de \u00e1gua ao checklist de viagem \u2014 junto com desligar equipamentos, fechar o g\u00e1s e organizar o lixo \u2014 cria um roteiro simples de prote\u00e7\u00e3o da casa. Esse cuidado r\u00e1pido evita surpresas desagrad\u00e1veis, como cheiro forte de esgoto, baratas subindo pelo ralo e necessidade de grandes limpezas ao retornar.<\/p>\n\n\n\n<p>Antes da sua pr\u00f3xima sa\u00edda, mesmo que seja apenas um fim de semana, pare por dois minutos e fa\u00e7a o truque do\u00a0<strong>copo de \u00e1gua na lava-lou\u00e7a<\/strong>\u00a0e nos demais ralos pouco usados. A decis\u00e3o \u00e9 agora: cuide hoje da barreira de \u00e1gua nos sif\u00f5es para garantir um retorno mais leve, seguro e sem mau cheiro para voc\u00ea e sua fam\u00edlia.<\/p>\n\n\n\n<p><\/p>\n","protected":false},"excerpt":{"rendered":"<p>Ao planejar alguns dias fora de casa, muita gente se preocupa com seguran\u00e7a, plantas e eletrodom\u00e9sticos, mas esquece de um detalhe simples do encanamento: a \u00e1gua parada nos sif\u00f5es. Esse pequeno volume de \u00e1gua bloqueia o retorno de odores da rede de esgoto e, quando evapora, pode causar cheiros fortes na cozinha e no banheiro [&hellip;]<\/p>\n","protected":false},"author":11,"featured_media":153008,"comment_status":"open","ping_status":"open","sticky":false,"template":"","format":"standard","meta":{"jnews-multi-image_gallery":[],"jnews_single_post":{"format":"standard"},"jnews_primary_category":[],"jnews_social_meta":[],"jnews_override_counter":[],"footnotes":""},"categories":[8819,1],"tags":[20778,22286,15504,1128],"class_list":["post-152930","post","type-post","status-publish","format-standard","has-post-thumbnail","hentry","category-curiosidades","category-noticias","tag-cheiro-forte","tag-deixar-a-casa-fechada","tag-pia","tag-viagem"],"yoast_head":"<!-- This site is optimized with the Yoast SEO plugin v23.8 - https:\/\/yoast.com\/wordpress\/plugins\/seo\/ -->\n<title>Vai se ausentar por alguns dias? O truque do copo de \u00e1gua na lava-lou\u00e7a faz diferen\u00e7a - Estado de Minas - Em foco<\/title>\n<meta name=\"description\" content=\"O copo de \u00e1gua na lava-lou\u00e7a evita mau cheiro ao manter o sif\u00e3o cheio. Veja por que esse truque simples funciona t\u00e3o bem.\" \/>\n<meta name=\"robots\" content=\"index, follow, max-snippet:-1, max-image-preview:large, max-video-preview:-1\" \/>\n<link rel=\"canonical\" href=\"https:\/\/www.em.com.br\/emfoco\/2026\/01\/13\/vai-se-ausentar-por-alguns-dias-o-truque-do-copo-de-agua-na-lava-louca-faz-diferenca\/\" \/>\n<meta property=\"og:locale\" content=\"pt_BR\" \/>\n<meta property=\"og:type\" content=\"article\" \/>\n<meta property=\"og:title\" content=\"Vai se ausentar por alguns dias? O truque do copo de \u00e1gua na lava-lou\u00e7a faz diferen\u00e7a - Estado de Minas - Em foco\" \/>\n<meta property=\"og:description\" content=\"O copo de \u00e1gua na lava-lou\u00e7a evita mau cheiro ao manter o sif\u00e3o cheio. Veja por que esse truque simples funciona t\u00e3o bem.\" \/>\n<meta property=\"og:url\" content=\"https:\/\/www.em.com.br\/emfoco\/2026\/01\/13\/vai-se-ausentar-por-alguns-dias-o-truque-do-copo-de-agua-na-lava-louca-faz-diferenca\/\" \/>\n<meta property=\"og:site_name\" content=\"Estado de Minas - Em foco\" \/>\n<meta property=\"article:published_time\" content=\"2026-01-13T20:45:00+00:00\" \/>\n<meta property=\"article:modified_time\" content=\"2026-01-12T22:46:11+00:00\" \/>\n<meta property=\"og:image\" content=\"https:\/\/www.em.com.br\/emfoco\/wp-content\/uploads\/2026\/01\/Gemini_Generated_Image_ukjkd8ukjkd8ukjk-1.png\" \/>\n\t<meta property=\"og:image:width\" content=\"1280\" \/>\n\t<meta property=\"og:image:height\" content=\"720\" \/>\n\t<meta property=\"og:image:type\" content=\"image\/png\" \/>\n<meta name=\"author\" content=\"Andre\u0301 Rangel\u00a0\" \/>\n<meta name=\"twitter:card\" content=\"summary_large_image\" \/>\n<meta name=\"twitter:label1\" content=\"Escrito por\" \/>\n\t<meta name=\"twitter:data1\" content=\"Andre\u0301 Rangel\u00a0\" \/>\n\t<meta name=\"twitter:label2\" content=\"Est. tempo de leitura\" \/>\n\t<meta name=\"twitter:data2\" content=\"5 minutos\" \/>\n<!-- \/ Yoast SEO plugin. -->","yoast_head_json":{"title":"Vai se ausentar por alguns dias? O truque do copo de \u00e1gua na lava-lou\u00e7a faz diferen\u00e7a - Estado de Minas - Em foco","description":"O copo de \u00e1gua na lava-lou\u00e7a evita mau cheiro ao manter o sif\u00e3o cheio. Veja por que esse truque simples funciona t\u00e3o bem.","robots":{"index":"index","follow":"follow","max-snippet":"max-snippet:-1","max-image-preview":"max-image-preview:large","max-video-preview":"max-video-preview:-1"},"canonical":"https:\/\/www.em.com.br\/emfoco\/2026\/01\/13\/vai-se-ausentar-por-alguns-dias-o-truque-do-copo-de-agua-na-lava-louca-faz-diferenca\/","og_locale":"pt_BR","og_type":"article","og_title":"Vai se ausentar por alguns dias? O truque do copo de \u00e1gua na lava-lou\u00e7a faz diferen\u00e7a - Estado de Minas - Em foco","og_description":"O copo de \u00e1gua na lava-lou\u00e7a evita mau cheiro ao manter o sif\u00e3o cheio. Veja por que esse truque simples funciona t\u00e3o bem.","og_url":"https:\/\/www.em.com.br\/emfoco\/2026\/01\/13\/vai-se-ausentar-por-alguns-dias-o-truque-do-copo-de-agua-na-lava-louca-faz-diferenca\/","og_site_name":"Estado de Minas - Em foco","article_published_time":"2026-01-13T20:45:00+00:00","article_modified_time":"2026-01-12T22:46:11+00:00","og_image":[{"width":1280,"height":720,"url":"https:\/\/www.em.com.br\/emfoco\/wp-content\/uploads\/2026\/01\/Gemini_Generated_Image_ukjkd8ukjkd8ukjk-1.png","type":"image\/png"}],"author":"Andre\u0301 Rangel\u00a0","twitter_card":"summary_large_image","twitter_misc":{"Escrito por":"Andre\u0301 Rangel\u00a0","Est. tempo de leitura":"5 minutos"},"schema":{"@context":"https:\/\/schema.org","@graph":[{"@type":"WebPage","@id":"https:\/\/www.em.com.br\/emfoco\/2026\/01\/13\/vai-se-ausentar-por-alguns-dias-o-truque-do-copo-de-agua-na-lava-louca-faz-diferenca\/","url":"https:\/\/www.em.com.br\/emfoco\/2026\/01\/13\/vai-se-ausentar-por-alguns-dias-o-truque-do-copo-de-agua-na-lava-louca-faz-diferenca\/","name":"Vai se ausentar por alguns dias? O truque do copo de \u00e1gua na lava-lou\u00e7a faz diferen\u00e7a - Estado de Minas - Em foco","isPartOf":{"@id":"https:\/\/www.em.com.br\/emfoco\/#website"},"primaryImageOfPage":{"@id":"https:\/\/www.em.com.br\/emfoco\/2026\/01\/13\/vai-se-ausentar-por-alguns-dias-o-truque-do-copo-de-agua-na-lava-louca-faz-diferenca\/#primaryimage"},"image":{"@id":"https:\/\/www.em.com.br\/emfoco\/2026\/01\/13\/vai-se-ausentar-por-alguns-dias-o-truque-do-copo-de-agua-na-lava-louca-faz-diferenca\/#primaryimage"},"thumbnailUrl":"https:\/\/www.em.com.br\/emfoco\/wp-content\/uploads\/2026\/01\/Gemini_Generated_Image_ukjkd8ukjkd8ukjk-1.png","datePublished":"2026-01-13T20:45:00+00:00","dateModified":"2026-01-12T22:46:11+00:00","author":{"@id":"https:\/\/www.em.com.br\/emfoco\/#\/schema\/person\/60eda09c1fedf0d6891f4cef4b60b8b8"},"description":"O copo de \u00e1gua na lava-lou\u00e7a evita mau cheiro ao manter o sif\u00e3o cheio. Veja por que esse truque simples funciona t\u00e3o bem.","breadcrumb":{"@id":"https:\/\/www.em.com.br\/emfoco\/2026\/01\/13\/vai-se-ausentar-por-alguns-dias-o-truque-do-copo-de-agua-na-lava-louca-faz-diferenca\/#breadcrumb"},"inLanguage":"pt-BR","potentialAction":[{"@type":"ReadAction","target":["https:\/\/www.em.com.br\/emfoco\/2026\/01\/13\/vai-se-ausentar-por-alguns-dias-o-truque-do-copo-de-agua-na-lava-louca-faz-diferenca\/"]}]},{"@type":"ImageObject","inLanguage":"pt-BR","@id":"https:\/\/www.em.com.br\/emfoco\/2026\/01\/13\/vai-se-ausentar-por-alguns-dias-o-truque-do-copo-de-agua-na-lava-louca-faz-diferenca\/#primaryimage","url":"https:\/\/www.em.com.br\/emfoco\/wp-content\/uploads\/2026\/01\/Gemini_Generated_Image_ukjkd8ukjkd8ukjk-1.png","contentUrl":"https:\/\/www.em.com.br\/emfoco\/wp-content\/uploads\/2026\/01\/Gemini_Generated_Image_ukjkd8ukjkd8ukjk-1.png","width":1280,"height":720,"caption":"O gesto mais ignorado que evita odores vindos do ralo"},{"@type":"BreadcrumbList","@id":"https:\/\/www.em.com.br\/emfoco\/2026\/01\/13\/vai-se-ausentar-por-alguns-dias-o-truque-do-copo-de-agua-na-lava-louca-faz-diferenca\/#breadcrumb","itemListElement":[{"@type":"ListItem","position":1,"name":"In\u00edcio","item":"https:\/\/www.em.com.br\/emfoco\/"},{"@type":"ListItem","position":2,"name":"Vai se ausentar por alguns dias? O truque do copo de \u00e1gua na lava-lou\u00e7a faz diferen\u00e7a"}]},{"@type":"WebSite","@id":"https:\/\/www.em.com.br\/emfoco\/#website","url":"https:\/\/www.em.com.br\/emfoco\/","name":"Estado de Minas - Em foco","description":"Acompanhe as \u00faltimas not\u00edcias e fique bem informado sobre tudo o que acontece em Minas Gerais, Brasil e no mundo.","potentialAction":[{"@type":"SearchAction","target":{"@type":"EntryPoint","urlTemplate":"https:\/\/www.em.com.br\/emfoco\/?s={search_term_string}"},"query-input":{"@type":"PropertyValueSpecification","valueRequired":true,"valueName":"search_term_string"}}],"inLanguage":"pt-BR"},{"@type":"Person","@id":"https:\/\/www.em.com.br\/emfoco\/#\/schema\/person\/60eda09c1fedf0d6891f4cef4b60b8b8","name":"Andre\u0301 Rangel\u00a0","image":{"@type":"ImageObject","inLanguage":"pt-BR","@id":"https:\/\/www.em.com.br\/emfoco\/#\/schema\/person\/image\/","url":"https:\/\/secure.gravatar.com\/avatar\/6234dc814c77c8ef6d8bba622c787efc?s=96&d=mm&r=g","contentUrl":"https:\/\/secure.gravatar.com\/avatar\/6234dc814c77c8ef6d8bba622c787efc?s=96&d=mm&r=g","caption":"Andre\u0301 Rangel\u00a0"},"url":"https:\/\/www.em.com.br\/emfoco\/author\/luizmyth\/"}]}},"_links":{"self":[{"href":"https:\/\/www.em.com.br\/emfoco\/wp-json\/wp\/v2\/posts\/152930","targetHints":{"allow":["GET"]}}],"collection":[{"href":"https:\/\/www.em.com.br\/emfoco\/wp-json\/wp\/v2\/posts"}],"about":[{"href":"https:\/\/www.em.com.br\/emfoco\/wp-json\/wp\/v2\/types\/post"}],"author":[{"embeddable":true,"href":"https:\/\/www.em.com.br\/emfoco\/wp-json\/wp\/v2\/users\/11"}],"replies":[{"embeddable":true,"href":"https:\/\/www.em.com.br\/emfoco\/wp-json\/wp\/v2\/comments?post=152930"}],"version-history":[{"count":5,"href":"https:\/\/www.em.com.br\/emfoco\/wp-json\/wp\/v2\/posts\/152930\/revisions"}],"predecessor-version":[{"id":153015,"href":"https:\/\/www.em.com.br\/emfoco\/wp-json\/wp\/v2\/posts\/152930\/revisions\/153015"}],"wp:featuredmedia":[{"embeddable":true,"href":"https:\/\/www.em.com.br\/emfoco\/wp-json\/wp\/v2\/media\/153008"}],"wp:attachment":[{"href":"https:\/\/www.em.com.br\/emfoco\/wp-json\/wp\/v2\/media?parent=152930"}],"wp:term":[{"taxonomy":"category","embeddable":true,"href":"https:\/\/www.em.com.br\/emfoco\/wp-json\/wp\/v2\/categories?post=152930"},{"taxonomy":"post_tag","embeddable":true,"href":"https:\/\/www.em.com.br\/emfoco\/wp-json\/wp\/v2\/tags?post=152930"}],"curies":[{"name":"wp","href":"https:\/\/api.w.org\/{rel}","templated":true}]}}