{"id":152874,"date":"2026-01-09T06:50:00","date_gmt":"2026-01-09T09:50:00","guid":{"rendered":"https:\/\/www.em.com.br\/emfoco\/?p=152874"},"modified":"2026-01-09T07:17:55","modified_gmt":"2026-01-09T10:17:55","slug":"pis-pasep-2026-entra-na-reta-final-para-milhoes-antes-das-novas-regras-do-governo","status":"publish","type":"post","link":"https:\/\/www.em.com.br\/emfoco\/2026\/01\/09\/pis-pasep-2026-entra-na-reta-final-para-milhoes-antes-das-novas-regras-do-governo\/","title":{"rendered":"PIS\/Pasep 2026 entra na reta final para milh\u00f5es antes das novas regras do governo"},"content":{"rendered":"\n<p>O Abono Salarial continua sendo uma das principais pol\u00edticas de transfer\u00eancia de renda para trabalhadores de baixa renda no Brasil. Em 2026, o benef\u00edcio poder\u00e1 chegar a um sal\u00e1rio m\u00ednimo e est\u00e1 previsto para alcan\u00e7ar 26,9 milh\u00f5es de pessoas que atuam tanto na iniciativa privada quanto no servi\u00e7o p\u00fablico. A previs\u00e3o or\u00e7ament\u00e1ria do Governo Federal para esse pagamento \u00e9 de R$ 33,5 bilh\u00f5es, valor superior ao destinado em 2025.<\/p>\n\n\n\n<p>O benef\u00edcio \u00e9 calculado com base no tempo de trabalho formal no ano-base e no limite de remunera\u00e7\u00e3o m\u00e9dia mensal exigido em cada per\u00edodo. Para o ciclo que come\u00e7a a ser pago em 2026, o ano-base considerado \u00e9 2024, e o teto de renda m\u00e9dia mensal foi fixado em R$ 2.766,00, ap\u00f3s corre\u00e7\u00e3o pela infla\u00e7\u00e3o medida pelo INPC. A partir de fevereiro de 2026, os dep\u00f3sitos come\u00e7am a ser liberados conforme calend\u00e1rio escalonado por m\u00eas de nascimento.<\/p>\n\n\n\n<h2 class=\"wp-block-heading\">O que \u00e9 o Abono Salarial e quem tem direito ao benef\u00edcio?<\/h2>\n\n\n\n<p>O&nbsp;<strong>Abono Salarial<\/strong>&nbsp;\u00e9 um benef\u00edcio anual destinado a trabalhadores que recebem baixos sal\u00e1rios e que est\u00e3o vinculados a empregadores participantes do PIS\/Pasep. Na pr\u00e1tica, funciona como uma esp\u00e9cie de 14\u00ba sal\u00e1rio para quem se enquadra nas regras de elegibilidade. O objetivo \u00e9 complementar a renda de quem atua com carteira assinada, em emprego formal, no setor privado ou no servi\u00e7o p\u00fablico.<\/p>\n\n\n\n<p>Para ter direito ao abono em 2026, referente ao ano-base de 2024, \u00e9 necess\u00e1rio cumprir alguns requisitos m\u00ednimos:<\/p>\n\n\n\n<ul class=\"wp-block-list\">\n<li>Estar inscrito no PIS ou no Pasep h\u00e1, pelo menos, cinco anos;<\/li>\n\n\n\n<li>Ter trabalhado com carteira assinada por, no m\u00ednimo, 30 dias em 2024;<\/li>\n\n\n\n<li>Ter recebido remunera\u00e7\u00e3o m\u00e9dia mensal de at\u00e9 R$ 2.766,00 no ano-base;<\/li>\n\n\n\n<li>Ter os dados corretamente informados pelo empregador no eSocial ou na RAIS, dentro do prazo oficial.<\/li>\n<\/ul>\n\n\n\n<figure class=\"wp-block-image size-large\"><img loading=\"lazy\" decoding=\"async\" width=\"1024\" height=\"559\" src=\"https:\/\/www.em.com.br\/emfoco\/wp-content\/uploads\/2026\/01\/freepik__candid-i-with-natural-textures-and-highly-realisti__82844-1024x559.png\" alt=\"\" class=\"wp-image-152890\" srcset=\"https:\/\/www.em.com.br\/emfoco\/wp-content\/uploads\/2026\/01\/freepik__candid-i-with-natural-textures-and-highly-realisti__82844-1024x559.png 1024w, https:\/\/www.em.com.br\/emfoco\/wp-content\/uploads\/2026\/01\/freepik__candid-i-with-natural-textures-and-highly-realisti__82844-300x164.png 300w, https:\/\/www.em.com.br\/emfoco\/wp-content\/uploads\/2026\/01\/freepik__candid-i-with-natural-textures-and-highly-realisti__82844-768x419.png 768w, https:\/\/www.em.com.br\/emfoco\/wp-content\/uploads\/2026\/01\/freepik__candid-i-with-natural-textures-and-highly-realisti__82844-750x409.png 750w, https:\/\/www.em.com.br\/emfoco\/wp-content\/uploads\/2026\/01\/freepik__candid-i-with-natural-textures-and-highly-realisti__82844-1140x622.png 1140w, https:\/\/www.em.com.br\/emfoco\/wp-content\/uploads\/2026\/01\/freepik__candid-i-with-natural-textures-and-highly-realisti__82844.png 1408w\" sizes=\"auto, (max-width: 1024px) 100vw, 1024px\" \/><figcaption class=\"wp-element-caption\">Abono Salarial 2026 tem sal\u00e1rio extra garantido, mas corte gradual amea\u00e7a trabalhadores<\/figcaption><\/figure>\n\n\n\n<p>Essas condi\u00e7\u00f5es s\u00e3o avaliadas pelo sistema do governo, que cruza informa\u00e7\u00f5es trabalhistas e previdenci\u00e1rias para identificar automaticamente quem tem direito ao benef\u00edcio.<\/p>\n\n\n\n<h2 class=\"wp-block-heading\">Quais s\u00e3o as novas regras do Abono Salarial at\u00e9 2035?<\/h2>\n\n\n\n<p>A partir de 2026, entram em vigor as novas regras definidas pela Emenda Constitucional n\u00ba 135\/2024, que alterou o crit\u00e9rio de renda para acesso ao&nbsp;<strong>Abono Salarial<\/strong>. A principal mudan\u00e7a \u00e9 a redu\u00e7\u00e3o gradual do limite de renda m\u00e9dia mensal ao longo dos anos, at\u00e9 chegar ao patamar de um sal\u00e1rio m\u00ednimo e meio em 2035. Hoje, o teto est\u00e1 fixado em dois sal\u00e1rios m\u00ednimos corrigidos pela infla\u00e7\u00e3o.<\/p>\n\n\n\n<p>Na pr\u00e1tica, essa transi\u00e7\u00e3o funciona da seguinte forma:<\/p>\n\n\n\n<ul class=\"wp-block-list\">\n<li>O limite de renda \u00e9 ajustado ano a ano, de forma escalonada;<\/li>\n\n\n\n<li>A cada ciclo, um n\u00famero menor de trabalhadores com sal\u00e1rios mais altos dentro da faixa de baixa renda ter\u00e1 acesso ao benef\u00edcio;<\/li>\n\n\n\n<li>O foco tende a se concentrar progressivamente nas faixas salariais mais baixas.<\/li>\n<\/ul>\n\n\n\n<p>Apesar da mudan\u00e7a nos crit\u00e9rios de renda, o valor m\u00e1ximo do abono permanece podendo chegar a at\u00e9 um sal\u00e1rio m\u00ednimo, proporcional ao tempo de trabalho. Assim, mesmo com o endurecimento gradual da porta de entrada, a forma de c\u00e1lculo do benef\u00edcio n\u00e3o sofre altera\u00e7\u00e3o estrutural, mantendo a l\u00f3gica de fra\u00e7\u00f5es mensais.<\/p>\n\n\n\n<h2 class=\"wp-block-heading\">Como ser\u00e1 o pagamento do Abono Salarial 2026 na pr\u00e1tica?<\/h2>\n\n\n\n<p>O pagamento do<a href=\"https:\/\/www.gov.br\/trabalho-e-emprego\/pt-br\/noticias-e-conteudo\/2026\/janeiro\/abono-salarial-comeca-a-ser-pago-em-15-de-fevereiro-para-nascidos-em-janeiro\" target=\"_blank\" rel=\"noreferrer noopener\">\u00a0<strong>Abono Salarial 2026<\/strong>\u00a0<\/a>segue um calend\u00e1rio baseado no m\u00eas de nascimento do trabalhador. Os cr\u00e9ditos come\u00e7am em 15 de fevereiro e v\u00e3o at\u00e9 15 de agosto, mas o saque poder\u00e1 ser realizado at\u00e9 o \u00faltimo dia \u00fatil do ano banc\u00e1rio, em 29 de dezembro de 2026. Se o valor n\u00e3o for retirado at\u00e9 essa data, os recursos retornam ao Tesouro, embora ainda possam ser solicitados dentro do prazo legal de cinco anos.<\/p>\n\n\n\n<!DOCTYPE html>\n<html lang=\"pt-BR\">\n<head>\n<meta charset=\"UTF-8\">\n<meta name=\"viewport\" content=\"width=device-width, initial-scale=1.0\">\n\n<link href=\"https:\/\/fonts.googleapis.com\/css2?family=Inter:wght@400;600&#038;display=swap\" rel=\"stylesheet\">\n\n<style>\nbody {\n  font-family: 'Inter', sans-serif;\n  background: #fff7ed;\n  padding: 40px;\n}\n\n.calendar-grid {\n  display: grid;\n  grid-template-columns: repeat(2, 1fr);\n  gap: 24px;\n}\n\n@media (max-width: 768px) {\n  .calendar-grid {\n    grid-template-columns: 1fr;\n  }\n}\n\n.calendar-card {\n  position: relative;\n  background: #ffffff;\n  border-radius: 18px;\n  padding: 24px;\n  box-shadow: 0 10px 25px rgba(0, 0, 0, 0.08);\n  overflow: hidden;\n  transition: transform 0.3s ease, box-shadow 0.3s ease;\n}\n\n.calendar-card:hover {\n  transform: translateY(-6px);\n  box-shadow: 0 18px 40px rgba(0, 0, 0, 0.12);\n}\n\n.calendar-card::before {\n  content: \"\";\n  position: absolute;\n  top: -40%;\n  left: -40%;\n  width: 180%;\n  height: 180%;\n  background: radial-gradient(circle, rgba(255,140,0,0.25), transparent 60%);\n  animation: glow 6s infinite linear;\n}\n\n@keyframes glow {\n  0% { transform: rotate(0deg); }\n  100% { transform: rotate(360deg); }\n}\n\n.card-content {\n  position: relative;\n  z-index: 2;\n}\n\n.icon {\n  font-size: 28px;\n  margin-bottom: 12px;\n  color: #ff8c00;\n}\n\n.title {\n  font-size: 18px;\n  font-weight: 600;\n  margin-bottom: 6px;\n  color: #9a3412;\n}\n\n.text {\n  font-size: 15px;\n  color: #7c2d12;\n}\n<\/style>\n<\/head>\n\n<body>\n\n<div class=\"calendar-grid\">\n\n  <div class=\"calendar-card\">\n    <div class=\"card-content\">\n      <div class=\"icon\">\ud83d\uddd3\ufe0f<\/div>\n      <div class=\"title\">Janeiro<\/div>\n      <div class=\"text\">Pagamento em 15 de fevereiro<\/div>\n    <\/div>\n  <\/div>\n\n  <div class=\"calendar-card\">\n    <div class=\"card-content\">\n      <div class=\"icon\">\ud83d\uddd3\ufe0f<\/div>\n      <div class=\"title\">Fevereiro<\/div>\n      <div class=\"text\">Pagamento em 15 de mar\u00e7o<\/div>\n    <\/div>\n  <\/div>\n\n  <div class=\"calendar-card\">\n    <div class=\"card-content\">\n      <div class=\"icon\">\ud83d\uddd3\ufe0f<\/div>\n      <div class=\"title\">Mar\u00e7o e Abril<\/div>\n      <div class=\"text\">Pagamento em 15 de abril<\/div>\n    <\/div>\n  <\/div>\n\n  <div class=\"calendar-card\">\n    <div class=\"card-content\">\n      <div class=\"icon\">\ud83d\uddd3\ufe0f<\/div>\n      <div class=\"title\">Maio e Junho<\/div>\n      <div class=\"text\">Pagamento em 15 de maio<\/div>\n    <\/div>\n  <\/div>\n\n  <div class=\"calendar-card\">\n    <div class=\"card-content\">\n      <div class=\"icon\">\ud83d\uddd3\ufe0f<\/div>\n      <div class=\"title\">Julho e Agosto<\/div>\n      <div class=\"text\">Pagamento em 15 de junho<\/div>\n    <\/div>\n  <\/div>\n\n  <div class=\"calendar-card\">\n    <div class=\"card-content\">\n      <div class=\"icon\">\ud83d\uddd3\ufe0f<\/div>\n      <div class=\"title\">Setembro e Outubro<\/div>\n      <div class=\"text\">Pagamento em 15 de julho<\/div>\n    <\/div>\n  <\/div>\n\n  <div class=\"calendar-card\">\n    <div class=\"card-content\">\n      <div class=\"icon\">\ud83d\uddd3\ufe0f<\/div>\n      <div class=\"title\">Novembro e Dezembro<\/div>\n      <div class=\"text\">Pagamento em 15 de agosto<\/div>\n    <\/div>\n  <\/div>\n\n<\/div>\n\n<\/body>\n<\/html>\n\n\n\n\n<p>O fluxo de pagamento \u00e9 dividido entre duas institui\u00e7\u00f5es financeiras p\u00fablicas:<\/p>\n\n\n\n<ul class=\"wp-block-list\">\n<li><strong>Caixa Econ\u00f4mica Federal (PIS):<\/strong>\u00a0atende trabalhadores da iniciativa privada, com cr\u00e9dito preferencial em conta corrente, poupan\u00e7a ou Conta Digital CAIXA. Tamb\u00e9m h\u00e1 possibilidade de dep\u00f3sito autom\u00e1tico na poupan\u00e7a social digital, acessada pelo aplicativo CAIXA Tem.<\/li>\n\n\n\n<li><strong>Banco do Brasil (Pasep):<\/strong>\u00a0respons\u00e1vel pelos servidores p\u00fablicos, com pagamento em conta banc\u00e1ria, transfer\u00eancia via TED ou PIX, ou atendimento presencial nas ag\u00eancias para quem n\u00e3o \u00e9 correntista e n\u00e3o possui chave PIX.<\/li>\n<\/ul>\n\n\n\n<p>A consulta ao direito ao abono pode ser feita, a partir de 5 de fevereiro, pelo aplicativo Carteira de Trabalho Digital ou pelo portal Gov.br. Canais de atendimento do Minist\u00e9rio do Trabalho e Emprego, as Superintend\u00eancias Regionais e o telefone 158 tamb\u00e9m s\u00e3o op\u00e7\u00f5es dispon\u00edveis para esclarecer d\u00favidas sobre valores, datas e eventuais inconsist\u00eancias cadastrais.<\/p>\n\n\n\n<h2 class=\"wp-block-heading\">Como o trabalhador pode se organizar para n\u00e3o perder o Abono Salarial?<\/h2>\n\n\n\n<p>Manter-se atento \u00e0s datas e \u00e0s informa\u00e7\u00f5es registradas pelos empregadores \u00e9 essencial para garantir o acesso ao benef\u00edcio. Alguns cuidados pr\u00e1ticos podem evitar atrasos ou perdas:<\/p>\n\n\n\n<ul class=\"wp-block-list\">\n<li>Verificar regularmente os dados na Carteira de Trabalho Digital;<\/li>\n\n\n\n<li>Acompanhar o calend\u00e1rio de pagamento de acordo com o m\u00eas de nascimento;<\/li>\n\n\n\n<li>Checar se o empregador declarou corretamente as informa\u00e7\u00f5es no eSocial ou na RAIS;<\/li>\n\n\n\n<li>Atualizar cadastro banc\u00e1rio e chaves PIX, quando for o caso;<\/li>\n\n\n\n<li>Buscar atendimento nos canais oficiais em caso de aus\u00eancia de cr\u00e9dito na data prevista.<\/li>\n<\/ul>\n\n\n\n<p>Com essas medidas, o trabalhador tende a ter mais seguran\u00e7a para planejar o uso do Abono Salarial, que em 2026 permanecer\u00e1 como uma importante fonte de refor\u00e7o de renda para milh\u00f5es de fam\u00edlias em todo o pa\u00eds.<\/p>\n","protected":false},"excerpt":{"rendered":"<p>O Abono Salarial continua sendo uma das principais pol\u00edticas de transfer\u00eancia de renda para trabalhadores de baixa renda no Brasil. Em 2026, o benef\u00edcio poder\u00e1 chegar a um sal\u00e1rio m\u00ednimo e est\u00e1 previsto para alcan\u00e7ar 26,9 milh\u00f5es de pessoas que atuam tanto na iniciativa privada quanto no servi\u00e7o p\u00fablico. A previs\u00e3o or\u00e7ament\u00e1ria do Governo Federal [&hellip;]<\/p>\n","protected":false},"author":19,"featured_media":152888,"comment_status":"open","ping_status":"open","sticky":false,"template":"","format":"standard","meta":{"jnews-multi-image_gallery":[],"jnews_single_post":{"format":"standard"},"jnews_primary_category":[],"jnews_social_meta":[],"jnews_override_counter":[],"footnotes":""},"categories":[28],"tags":[292,20165,3380,22268],"class_list":["post-152874","post","type-post","status-publish","format-standard","has-post-thumbnail","hentry","category-economia","tag-abono-salarial","tag-pis-2026","tag-pis-pasep","tag-pisp-pasep-2026"],"yoast_head":"<!-- This site is optimized with the Yoast SEO plugin v23.8 - https:\/\/yoast.com\/wordpress\/plugins\/seo\/ -->\n<title>PIS\/Pasep 2026 entra na reta final para milh\u00f5es antes das novas regras do governo - Estado de Minas - Em foco<\/title>\n<meta name=\"description\" content=\"Abono Salarial 2026: benef\u00edcio de at\u00e9 um sal\u00e1rio m\u00ednimo, novas regras de renda, calend\u00e1rio de pagamento e consulta ao PIS\/Pasep.\" \/>\n<meta name=\"robots\" content=\"index, follow, max-snippet:-1, max-image-preview:large, max-video-preview:-1\" \/>\n<link rel=\"canonical\" href=\"https:\/\/www.em.com.br\/emfoco\/2026\/01\/09\/pis-pasep-2026-entra-na-reta-final-para-milhoes-antes-das-novas-regras-do-governo\/\" \/>\n<meta property=\"og:locale\" content=\"pt_BR\" \/>\n<meta property=\"og:type\" content=\"article\" \/>\n<meta property=\"og:title\" content=\"PIS\/Pasep 2026 entra na reta final para milh\u00f5es antes das novas regras do governo - Estado de Minas - Em foco\" \/>\n<meta property=\"og:description\" content=\"Abono Salarial 2026: benef\u00edcio de at\u00e9 um sal\u00e1rio m\u00ednimo, novas regras de renda, calend\u00e1rio de pagamento e consulta ao PIS\/Pasep.\" \/>\n<meta property=\"og:url\" content=\"https:\/\/www.em.com.br\/emfoco\/2026\/01\/09\/pis-pasep-2026-entra-na-reta-final-para-milhoes-antes-das-novas-regras-do-governo\/\" \/>\n<meta property=\"og:site_name\" content=\"Estado de Minas - Em foco\" \/>\n<meta property=\"article:published_time\" content=\"2026-01-09T09:50:00+00:00\" \/>\n<meta property=\"article:modified_time\" content=\"2026-01-09T10:17:55+00:00\" \/>\n<meta property=\"og:image\" content=\"https:\/\/www.em.com.br\/emfoco\/wp-content\/uploads\/2026\/01\/freepik__35mm-film-photography-closeup-de-um-calendrio-mens__82843-scaled.jpeg\" \/>\n\t<meta property=\"og:image:width\" content=\"2560\" \/>\n\t<meta property=\"og:image:height\" content=\"1463\" \/>\n\t<meta property=\"og:image:type\" content=\"image\/jpeg\" \/>\n<meta name=\"author\" content=\"Vanessa Tavares\" \/>\n<meta name=\"twitter:card\" content=\"summary_large_image\" \/>\n<meta name=\"twitter:label1\" content=\"Escrito por\" \/>\n\t<meta name=\"twitter:data1\" content=\"Vanessa Tavares\" \/>\n\t<meta name=\"twitter:label2\" content=\"Est. tempo de leitura\" \/>\n\t<meta name=\"twitter:data2\" content=\"6 minutos\" \/>\n<!-- \/ Yoast SEO plugin. -->","yoast_head_json":{"title":"PIS\/Pasep 2026 entra na reta final para milh\u00f5es antes das novas regras do governo - Estado de Minas - Em foco","description":"Abono Salarial 2026: benef\u00edcio de at\u00e9 um sal\u00e1rio m\u00ednimo, novas regras de renda, calend\u00e1rio de pagamento e consulta ao PIS\/Pasep.","robots":{"index":"index","follow":"follow","max-snippet":"max-snippet:-1","max-image-preview":"max-image-preview:large","max-video-preview":"max-video-preview:-1"},"canonical":"https:\/\/www.em.com.br\/emfoco\/2026\/01\/09\/pis-pasep-2026-entra-na-reta-final-para-milhoes-antes-das-novas-regras-do-governo\/","og_locale":"pt_BR","og_type":"article","og_title":"PIS\/Pasep 2026 entra na reta final para milh\u00f5es antes das novas regras do governo - Estado de Minas - Em foco","og_description":"Abono Salarial 2026: benef\u00edcio de at\u00e9 um sal\u00e1rio m\u00ednimo, novas regras de renda, calend\u00e1rio de pagamento e consulta ao PIS\/Pasep.","og_url":"https:\/\/www.em.com.br\/emfoco\/2026\/01\/09\/pis-pasep-2026-entra-na-reta-final-para-milhoes-antes-das-novas-regras-do-governo\/","og_site_name":"Estado de Minas - Em foco","article_published_time":"2026-01-09T09:50:00+00:00","article_modified_time":"2026-01-09T10:17:55+00:00","og_image":[{"width":2560,"height":1463,"url":"https:\/\/www.em.com.br\/emfoco\/wp-content\/uploads\/2026\/01\/freepik__35mm-film-photography-closeup-de-um-calendrio-mens__82843-scaled.jpeg","type":"image\/jpeg"}],"author":"Vanessa Tavares","twitter_card":"summary_large_image","twitter_misc":{"Escrito por":"Vanessa Tavares","Est. tempo de leitura":"6 minutos"},"schema":{"@context":"https:\/\/schema.org","@graph":[{"@type":"WebPage","@id":"https:\/\/www.em.com.br\/emfoco\/2026\/01\/09\/pis-pasep-2026-entra-na-reta-final-para-milhoes-antes-das-novas-regras-do-governo\/","url":"https:\/\/www.em.com.br\/emfoco\/2026\/01\/09\/pis-pasep-2026-entra-na-reta-final-para-milhoes-antes-das-novas-regras-do-governo\/","name":"PIS\/Pasep 2026 entra na reta final para milh\u00f5es antes das novas regras do governo - Estado de Minas - Em foco","isPartOf":{"@id":"https:\/\/www.em.com.br\/emfoco\/#website"},"primaryImageOfPage":{"@id":"https:\/\/www.em.com.br\/emfoco\/2026\/01\/09\/pis-pasep-2026-entra-na-reta-final-para-milhoes-antes-das-novas-regras-do-governo\/#primaryimage"},"image":{"@id":"https:\/\/www.em.com.br\/emfoco\/2026\/01\/09\/pis-pasep-2026-entra-na-reta-final-para-milhoes-antes-das-novas-regras-do-governo\/#primaryimage"},"thumbnailUrl":"https:\/\/www.em.com.br\/emfoco\/wp-content\/uploads\/2026\/01\/freepik__35mm-film-photography-closeup-de-um-calendrio-mens__82843-scaled.jpeg","datePublished":"2026-01-09T09:50:00+00:00","dateModified":"2026-01-09T10:17:55+00:00","author":{"@id":"https:\/\/www.em.com.br\/emfoco\/#\/schema\/person\/4a7a157aac450b98edc86f15a7434f0b"},"description":"Abono Salarial 2026: benef\u00edcio de at\u00e9 um sal\u00e1rio m\u00ednimo, novas regras de renda, calend\u00e1rio de pagamento e consulta ao PIS\/Pasep.","breadcrumb":{"@id":"https:\/\/www.em.com.br\/emfoco\/2026\/01\/09\/pis-pasep-2026-entra-na-reta-final-para-milhoes-antes-das-novas-regras-do-governo\/#breadcrumb"},"inLanguage":"pt-BR","potentialAction":[{"@type":"ReadAction","target":["https:\/\/www.em.com.br\/emfoco\/2026\/01\/09\/pis-pasep-2026-entra-na-reta-final-para-milhoes-antes-das-novas-regras-do-governo\/"]}]},{"@type":"ImageObject","inLanguage":"pt-BR","@id":"https:\/\/www.em.com.br\/emfoco\/2026\/01\/09\/pis-pasep-2026-entra-na-reta-final-para-milhoes-antes-das-novas-regras-do-governo\/#primaryimage","url":"https:\/\/www.em.com.br\/emfoco\/wp-content\/uploads\/2026\/01\/freepik__35mm-film-photography-closeup-de-um-calendrio-mens__82843-scaled.jpeg","contentUrl":"https:\/\/www.em.com.br\/emfoco\/wp-content\/uploads\/2026\/01\/freepik__35mm-film-photography-closeup-de-um-calendrio-mens__82843-scaled.jpeg","width":2560,"height":1463,"caption":"Milh\u00f5es ainda podem sacar at\u00e9 1 sal\u00e1rio m\u00ednimo, mas o Abono Salarial come\u00e7a a encolher em 2026"},{"@type":"BreadcrumbList","@id":"https:\/\/www.em.com.br\/emfoco\/2026\/01\/09\/pis-pasep-2026-entra-na-reta-final-para-milhoes-antes-das-novas-regras-do-governo\/#breadcrumb","itemListElement":[{"@type":"ListItem","position":1,"name":"In\u00edcio","item":"https:\/\/www.em.com.br\/emfoco\/"},{"@type":"ListItem","position":2,"name":"PIS\/Pasep 2026 entra na reta final para milh\u00f5es antes das novas regras do governo"}]},{"@type":"WebSite","@id":"https:\/\/www.em.com.br\/emfoco\/#website","url":"https:\/\/www.em.com.br\/emfoco\/","name":"Estado de Minas - Em foco","description":"Acompanhe as \u00faltimas not\u00edcias e fique bem informado sobre tudo o que acontece em Minas Gerais, Brasil e no mundo.","potentialAction":[{"@type":"SearchAction","target":{"@type":"EntryPoint","urlTemplate":"https:\/\/www.em.com.br\/emfoco\/?s={search_term_string}"},"query-input":{"@type":"PropertyValueSpecification","valueRequired":true,"valueName":"search_term_string"}}],"inLanguage":"pt-BR"},{"@type":"Person","@id":"https:\/\/www.em.com.br\/emfoco\/#\/schema\/person\/4a7a157aac450b98edc86f15a7434f0b","name":"Vanessa Tavares","image":{"@type":"ImageObject","inLanguage":"pt-BR","@id":"https:\/\/www.em.com.br\/emfoco\/#\/schema\/person\/image\/","url":"https:\/\/secure.gravatar.com\/avatar\/088c9372da58da00f00f8e508f13d635?s=96&d=mm&r=g","contentUrl":"https:\/\/secure.gravatar.com\/avatar\/088c9372da58da00f00f8e508f13d635?s=96&d=mm&r=g","caption":"Vanessa Tavares"},"sameAs":["https:\/\/www.em.com.br\/emfoco"],"url":"https:\/\/www.em.com.br\/emfoco\/author\/vanessamyth\/"}]}},"_links":{"self":[{"href":"https:\/\/www.em.com.br\/emfoco\/wp-json\/wp\/v2\/posts\/152874","targetHints":{"allow":["GET"]}}],"collection":[{"href":"https:\/\/www.em.com.br\/emfoco\/wp-json\/wp\/v2\/posts"}],"about":[{"href":"https:\/\/www.em.com.br\/emfoco\/wp-json\/wp\/v2\/types\/post"}],"author":[{"embeddable":true,"href":"https:\/\/www.em.com.br\/emfoco\/wp-json\/wp\/v2\/users\/19"}],"replies":[{"embeddable":true,"href":"https:\/\/www.em.com.br\/emfoco\/wp-json\/wp\/v2\/comments?post=152874"}],"version-history":[{"count":6,"href":"https:\/\/www.em.com.br\/emfoco\/wp-json\/wp\/v2\/posts\/152874\/revisions"}],"predecessor-version":[{"id":152904,"href":"https:\/\/www.em.com.br\/emfoco\/wp-json\/wp\/v2\/posts\/152874\/revisions\/152904"}],"wp:featuredmedia":[{"embeddable":true,"href":"https:\/\/www.em.com.br\/emfoco\/wp-json\/wp\/v2\/media\/152888"}],"wp:attachment":[{"href":"https:\/\/www.em.com.br\/emfoco\/wp-json\/wp\/v2\/media?parent=152874"}],"wp:term":[{"taxonomy":"category","embeddable":true,"href":"https:\/\/www.em.com.br\/emfoco\/wp-json\/wp\/v2\/categories?post=152874"},{"taxonomy":"post_tag","embeddable":true,"href":"https:\/\/www.em.com.br\/emfoco\/wp-json\/wp\/v2\/tags?post=152874"}],"curies":[{"name":"wp","href":"https:\/\/api.w.org\/{rel}","templated":true}]}}