{"id":152745,"date":"2026-01-12T20:45:00","date_gmt":"2026-01-12T23:45:00","guid":{"rendered":"https:\/\/www.em.com.br\/emfoco\/?p=152745"},"modified":"2026-01-08T21:43:53","modified_gmt":"2026-01-09T00:43:53","slug":"auxilio-inclusao-muda-tudo-trabalhador-com-deficiencia-recebe-salario-bonus-mensal-e-mantem-direitos-do-bpc","status":"publish","type":"post","link":"https:\/\/www.em.com.br\/emfoco\/2026\/01\/12\/auxilio-inclusao-muda-tudo-trabalhador-com-deficiencia-recebe-salario-bonus-mensal-e-mantem-direitos-do-bpc\/","title":{"rendered":"Aux\u00edlio-Inclus\u00e3o muda tudo: trabalhador com defici\u00eancia recebe sal\u00e1rio, b\u00f4nus mensal e mant\u00e9m direitos do BPC"},"content":{"rendered":"\n<h2 class=\"wp-block-heading\">Em 2026, o Aux\u00edlio-Inclus\u00e3o permite que pessoas com defici\u00eancia trabalhem com carteira assinada e recebam 50% do sal\u00e1rio m\u00ednimo extra. O BPC fica apenas suspenso e \u00e9 reativado automaticamente em caso de demiss\u00e3o.<\/h2>\n\n\n\n<p>Muitos benefici\u00e1rios do BPC evitam empregos formais por medo de perder o benef\u00edcio. Em 2026, o <strong>Aux\u00edlio-Inclus\u00e3o<\/strong> muda esse cen\u00e1rio ao permitir trabalhar com carteira assinada, receber um valor mensal extra e manter uma rede de seguran\u00e7a ativa.<\/p>\n\n\n\n<h2 class=\"wp-block-heading\">O que \u00e9 o Aux\u00edlio-Inclus\u00e3o e por que ele muda tudo?<\/h2>\n\n\n\n<p>O <strong>Aux\u00edlio-Inclus\u00e3o<\/strong> \u00e9 um benef\u00edcio pago pelo INSS para pessoas com defici\u00eancia que recebem ou j\u00e1 receberam o BPC. Ao conseguir um emprego, o BPC \u00e9 suspenso e o trabalhador passa a receber 50% do sal\u00e1rio m\u00ednimo como incentivo financeiro.<\/p>\n\n\n\n<p>Na pr\u00e1tica, o benef\u00edcio funciona como um <strong>b\u00f4nus mensal<\/strong> somado ao sal\u00e1rio. Al\u00e9m do aumento de renda, o trabalhador passa a contribuir para a Previd\u00eancia, garantindo acesso a direitos como aux\u00edlio-doen\u00e7a, licen\u00e7a-maternidade e aposentadoria no futuro.<\/p>\n\n\n\n<p>Separamos um v\u00eddeo do especialista do canal do TikTok <strong><a href=\"https:\/\/www.tiktok.com\/@escobaradvogados\" target=\"_blank\" rel=\"noreferrer noopener\"><strong>escobaradvogados<\/strong><\/a><\/strong> falando sobre o aux\u00edlio-inclus\u00e3o e quais s\u00e3o os requisitos para solicitar.<\/p>\n\n\n\n<blockquote class=\"tiktok-embed\" cite=\"https:\/\/www.tiktok.com\/@escobaradvogados\/video\/7166632427895409925\" data-video-id=\"7166632427895409925\" style=\"max-width: 605px;min-width: 325px;\" > <section> <a target=\"_blank\" title=\"@escobaradvogados\" href=\"https:\/\/www.tiktok.com\/@escobaradvogados?refer=embed\">@escobaradvogados<\/a> O auxilio inclus\u00e3o j\u00e1 est\u00e1 dispon\u00edvel para agendamento no INSS.  <a title=\"inss\" target=\"_blank\" href=\"https:\/\/www.tiktok.com\/tag\/inss?refer=embed\">#inss<\/a> <a title=\"assistentesocial\" target=\"_blank\" href=\"https:\/\/www.tiktok.com\/tag\/assistentesocial?refer=embed\">#assistentesocial<\/a> <a title=\"advogado\" target=\"_blank\" href=\"https:\/\/www.tiktok.com\/tag\/advogado?refer=embed\">#advogado<\/a> <a title=\"direito\" target=\"_blank\" href=\"https:\/\/www.tiktok.com\/tag\/direito?refer=embed\">#direito<\/a> <a title=\"aposentadoria\" target=\"_blank\" href=\"https:\/\/www.tiktok.com\/tag\/aposentadoria?refer=embed\">#aposentadoria<\/a> <a title=\"previdenciasocial\" target=\"_blank\" href=\"https:\/\/www.tiktok.com\/tag\/previdenciasocial?refer=embed\">#previdenciasocial<\/a> <a title=\"escobaradvogados\" target=\"_blank\" href=\"https:\/\/www.tiktok.com\/tag\/escobaradvogados?refer=embed\">#escobaradvogados<\/a> <a title=\"informa\u00e7\u00e3o\" target=\"_blank\" href=\"https:\/\/www.tiktok.com\/tag\/informa%C3%A7%C3%A3o?refer=embed\">#informa\u00e7\u00e3o<\/a> <a title=\"noticias\" target=\"_blank\" href=\"https:\/\/www.tiktok.com\/tag\/noticias?refer=embed\">#noticias<\/a> <a target=\"_blank\" title=\"\u266c som original - Escobar Advogados\" href=\"https:\/\/www.tiktok.com\/music\/som-original-7166632429279595270?refer=embed\">\u266c som original &#8211; Escobar Advogados<\/a> <\/section> <\/blockquote> <script async src=\"https:\/\/www.tiktok.com\/embed.js\"><\/script>\n\n\n\n<h2 class=\"wp-block-heading\">Quem pode receber o Aux\u00edlio-Inclus\u00e3o em 2026?<\/h2>\n\n\n\n<p>Nem todos os benefici\u00e1rios do BPC podem acessar o Aux\u00edlio-Inclus\u00e3o. A legisla\u00e7\u00e3o estabelece crit\u00e9rios claros para evitar perda do benef\u00edcio e garantir prote\u00e7\u00e3o ao trabalhador. Para ter direito, \u00e9 necess\u00e1rio cumprir os requisitos a seguir.<\/p>\n\n\n\n<ul class=\"wp-block-list\">\n<li>BPC ativo ou recente: recebimento atual ou nos \u00faltimos cinco anos<\/li>\n\n\n\n<li>Emprego formal: remunera\u00e7\u00e3o mensal de at\u00e9 dois sal\u00e1rios m\u00ednimos<\/li>\n\n\n\n<li>Defici\u00eancia reconhecida: grau moderado ou grave avaliado pelo INSS<\/li>\n\n\n\n<li>Cad\u00danico regular: dados familiares atualizados no sistema<\/li>\n<\/ul>\n\n\n\n<p><em>Leia mais: <em><strong><a href=\"https:\/\/www.em.com.br\/emfoco\/2026\/01\/08\/reajuste-do-inss-2026-ja-esta-valendo-e-garante-minimo-de-r-1-621-para-aposentados-pensionistas-e-beneficiarios-do-bpc\/\" target=\"_blank\" rel=\"noreferrer noopener\">Reajuste do INSS 2026 j\u00e1 est\u00e1 valendo e garante m\u00ednimo de R$ 1.621 para aposentados, pensionistas e benefici\u00e1rios do BPC<\/a><\/strong><\/em><\/em><\/p>\n\n\n\n<h2 class=\"wp-block-heading\">Quanto \u00e9 poss\u00edvel ganhar trabalhando e recebendo o benef\u00edcio?<\/h2>\n\n\n\n<p>O valor do Aux\u00edlio-Inclus\u00e3o corresponde a <strong>50% do sal\u00e1rio m\u00ednimo vigente<\/strong>. Considerando um m\u00ednimo estimado de R$ 1.580 em 2026, o benef\u00edcio seria de R$ 790 pagos mensalmente junto ao sal\u00e1rio recebido no emprego.<\/p>\n\n\n\n<p>Em um exemplo pr\u00e1tico, um trabalhador que recebe R$ 1.800 passa a ter uma <strong>renda total de R$ 2.590<\/strong>. Al\u00e9m do ganho financeiro imediato, esse per\u00edodo conta como contribui\u00e7\u00e3o previdenci\u00e1ria, ampliando direitos e prote\u00e7\u00e3o social.<\/p>\n\n\n\n<figure class=\"wp-block-image size-large\"><img loading=\"lazy\" decoding=\"async\" width=\"1024\" height=\"576\" src=\"https:\/\/www.em.com.br\/emfoco\/wp-content\/uploads\/2026\/01\/IA-3-40-1024x576.jpg\" alt=\"Aux\u00edlio-Inclus\u00e3o muda tudo: trabalhador com defici\u00eancia recebe sal\u00e1rio, b\u00f4nus mensal e mant\u00e9m direitos do BPC\" class=\"wp-image-152859\" srcset=\"https:\/\/www.em.com.br\/emfoco\/wp-content\/uploads\/2026\/01\/IA-3-40-1024x576.jpg 1024w, https:\/\/www.em.com.br\/emfoco\/wp-content\/uploads\/2026\/01\/IA-3-40-300x169.jpg 300w, https:\/\/www.em.com.br\/emfoco\/wp-content\/uploads\/2026\/01\/IA-3-40-768x432.jpg 768w, https:\/\/www.em.com.br\/emfoco\/wp-content\/uploads\/2026\/01\/IA-3-40-750x422.jpg 750w, https:\/\/www.em.com.br\/emfoco\/wp-content\/uploads\/2026\/01\/IA-3-40-1140x641.jpg 1140w, https:\/\/www.em.com.br\/emfoco\/wp-content\/uploads\/2026\/01\/IA-3-40.jpg 1280w\" sizes=\"auto, (max-width: 1024px) 100vw, 1024px\" \/><figcaption class=\"wp-element-caption\">Benef\u00edcio funciona como incentivo mensal pago junto ao sal\u00e1rio formal<\/figcaption><\/figure>\n\n\n\n<h2 class=\"wp-block-heading\">O que acontece com o BPC se a pessoa for demitida?<\/h2>\n\n\n\n<p>Esse \u00e9 o principal ponto de seguran\u00e7a do Aux\u00edlio-Inclus\u00e3o. O BPC n\u00e3o \u00e9 cancelado quando o benefici\u00e1rio come\u00e7a a trabalhar, ele fica apenas <strong>suspenso temporariamente<\/strong>, garantindo retorno r\u00e1pido em caso de perda do emprego.<\/p>\n\n\n\n<ul class=\"wp-block-list\">\n<li>Durante o emprego: BPC suspenso e Aux\u00edlio-Inclus\u00e3o ativo<\/li>\n\n\n\n<li>Demiss\u00e3o ou fim do contrato: BPC reativado automaticamente<\/li>\n\n\n\n<li>Sem nova per\u00edcia: retorno sem filas ou novo processo burocr\u00e1tico<\/li>\n<\/ul>\n\n\n\n<h2 class=\"wp-block-heading\">Como solicitar o Aux\u00edlio-Inclus\u00e3o e n\u00e3o perder dinheiro?<\/h2>\n\n\n\n<p>O pedido do <strong>Aux\u00edlio-Inclus\u00e3o<\/strong> n\u00e3o \u00e9 autom\u00e1tico e deve ser feito logo ap\u00f3s a assinatura da carteira. Em 2026, o requerimento pode ser realizado totalmente online, evitando atrasos no pagamento do benef\u00edcio.<\/p>\n\n\n\n<p>A solicita\u00e7\u00e3o pode ser feita pelo aplicativo Meu INSS ou pelo telefone 135, informando os <strong>dados da empresa<\/strong> e a data de in\u00edcio do trabalho. Quanto antes o pedido for feito, maior a chance de receber j\u00e1 no primeiro m\u00eas.<\/p>\n","protected":false},"excerpt":{"rendered":"<p>Em 2026, o Aux\u00edlio-Inclus\u00e3o permite que pessoas com defici\u00eancia trabalhem com carteira assinada e recebam 50% do sal\u00e1rio m\u00ednimo extra. O BPC fica apenas suspenso e \u00e9 reativado automaticamente em caso de demiss\u00e3o. Muitos benefici\u00e1rios do BPC evitam empregos formais por medo de perder o benef\u00edcio. Em 2026, o Aux\u00edlio-Inclus\u00e3o muda esse cen\u00e1rio ao permitir [&hellip;]<\/p>\n","protected":false},"author":13,"featured_media":152858,"comment_status":"open","ping_status":"open","sticky":false,"template":"","format":"standard","meta":{"jnews-multi-image_gallery":[],"jnews_single_post":{"format":"standard"},"jnews_primary_category":[],"jnews_social_meta":[],"jnews_override_counter":[],"footnotes":""},"categories":[28],"tags":[13135,22267,257],"class_list":["post-152745","post","type-post","status-publish","format-standard","has-post-thumbnail","hentry","category-economia","tag-auxilio-inclusao-2","tag-bonus-mensal","tag-bpc"],"yoast_head":"<!-- This site is optimized with the Yoast SEO plugin v23.8 - https:\/\/yoast.com\/wordpress\/plugins\/seo\/ -->\n<title>Aux\u00edlio-Inclus\u00e3o muda tudo: trabalhador com defici\u00eancia recebe sal\u00e1rio, b\u00f4nus mensal e mant\u00e9m direitos do BPC - Estado de Minas - Em foco<\/title>\n<meta name=\"description\" content=\"Em 2026, quem recebe BPC pode trabalhar com carteira assinada, ganhar R$ 790 por m\u00eas e manter direito ao retorno em caso de demiss\u00e3o.\" \/>\n<meta name=\"robots\" content=\"index, follow, max-snippet:-1, max-image-preview:large, max-video-preview:-1\" \/>\n<link rel=\"canonical\" href=\"https:\/\/www.em.com.br\/emfoco\/2026\/01\/12\/auxilio-inclusao-muda-tudo-trabalhador-com-deficiencia-recebe-salario-bonus-mensal-e-mantem-direitos-do-bpc\/\" \/>\n<meta property=\"og:locale\" content=\"pt_BR\" \/>\n<meta property=\"og:type\" content=\"article\" \/>\n<meta property=\"og:title\" content=\"Aux\u00edlio-Inclus\u00e3o muda tudo: trabalhador com defici\u00eancia recebe sal\u00e1rio, b\u00f4nus mensal e mant\u00e9m direitos do BPC - Estado de Minas - Em foco\" \/>\n<meta property=\"og:description\" content=\"Em 2026, quem recebe BPC pode trabalhar com carteira assinada, ganhar R$ 790 por m\u00eas e manter direito ao retorno em caso de demiss\u00e3o.\" \/>\n<meta property=\"og:url\" content=\"https:\/\/www.em.com.br\/emfoco\/2026\/01\/12\/auxilio-inclusao-muda-tudo-trabalhador-com-deficiencia-recebe-salario-bonus-mensal-e-mantem-direitos-do-bpc\/\" \/>\n<meta property=\"og:site_name\" content=\"Estado de Minas - Em foco\" \/>\n<meta property=\"article:published_time\" content=\"2026-01-12T23:45:00+00:00\" \/>\n<meta property=\"article:modified_time\" content=\"2026-01-09T00:43:53+00:00\" \/>\n<meta property=\"og:image\" content=\"https:\/\/www.em.com.br\/emfoco\/wp-content\/uploads\/2026\/01\/IA-2-40.jpg\" \/>\n\t<meta property=\"og:image:width\" content=\"1280\" \/>\n\t<meta property=\"og:image:height\" content=\"720\" \/>\n\t<meta property=\"og:image:type\" content=\"image\/jpeg\" \/>\n<meta name=\"author\" content=\"Gabriel Martins\" \/>\n<meta name=\"twitter:card\" content=\"summary_large_image\" \/>\n<meta name=\"twitter:label1\" content=\"Escrito por\" \/>\n\t<meta name=\"twitter:data1\" content=\"Gabriel Martins\" \/>\n\t<meta name=\"twitter:label2\" content=\"Est. tempo de leitura\" \/>\n\t<meta name=\"twitter:data2\" content=\"4 minutos\" \/>\n<!-- \/ Yoast SEO plugin. -->","yoast_head_json":{"title":"Aux\u00edlio-Inclus\u00e3o muda tudo: trabalhador com defici\u00eancia recebe sal\u00e1rio, b\u00f4nus mensal e mant\u00e9m direitos do BPC - Estado de Minas - Em foco","description":"Em 2026, quem recebe BPC pode trabalhar com carteira assinada, ganhar R$ 790 por m\u00eas e manter direito ao retorno em caso de demiss\u00e3o.","robots":{"index":"index","follow":"follow","max-snippet":"max-snippet:-1","max-image-preview":"max-image-preview:large","max-video-preview":"max-video-preview:-1"},"canonical":"https:\/\/www.em.com.br\/emfoco\/2026\/01\/12\/auxilio-inclusao-muda-tudo-trabalhador-com-deficiencia-recebe-salario-bonus-mensal-e-mantem-direitos-do-bpc\/","og_locale":"pt_BR","og_type":"article","og_title":"Aux\u00edlio-Inclus\u00e3o muda tudo: trabalhador com defici\u00eancia recebe sal\u00e1rio, b\u00f4nus mensal e mant\u00e9m direitos do BPC - Estado de Minas - Em foco","og_description":"Em 2026, quem recebe BPC pode trabalhar com carteira assinada, ganhar R$ 790 por m\u00eas e manter direito ao retorno em caso de demiss\u00e3o.","og_url":"https:\/\/www.em.com.br\/emfoco\/2026\/01\/12\/auxilio-inclusao-muda-tudo-trabalhador-com-deficiencia-recebe-salario-bonus-mensal-e-mantem-direitos-do-bpc\/","og_site_name":"Estado de Minas - Em foco","article_published_time":"2026-01-12T23:45:00+00:00","article_modified_time":"2026-01-09T00:43:53+00:00","og_image":[{"width":1280,"height":720,"url":"https:\/\/www.em.com.br\/emfoco\/wp-content\/uploads\/2026\/01\/IA-2-40.jpg","type":"image\/jpeg"}],"author":"Gabriel Martins","twitter_card":"summary_large_image","twitter_misc":{"Escrito por":"Gabriel Martins","Est. tempo de leitura":"4 minutos"},"schema":{"@context":"https:\/\/schema.org","@graph":[{"@type":"WebPage","@id":"https:\/\/www.em.com.br\/emfoco\/2026\/01\/12\/auxilio-inclusao-muda-tudo-trabalhador-com-deficiencia-recebe-salario-bonus-mensal-e-mantem-direitos-do-bpc\/","url":"https:\/\/www.em.com.br\/emfoco\/2026\/01\/12\/auxilio-inclusao-muda-tudo-trabalhador-com-deficiencia-recebe-salario-bonus-mensal-e-mantem-direitos-do-bpc\/","name":"Aux\u00edlio-Inclus\u00e3o muda tudo: trabalhador com defici\u00eancia recebe sal\u00e1rio, b\u00f4nus mensal e mant\u00e9m direitos do BPC - Estado de Minas - Em foco","isPartOf":{"@id":"https:\/\/www.em.com.br\/emfoco\/#website"},"primaryImageOfPage":{"@id":"https:\/\/www.em.com.br\/emfoco\/2026\/01\/12\/auxilio-inclusao-muda-tudo-trabalhador-com-deficiencia-recebe-salario-bonus-mensal-e-mantem-direitos-do-bpc\/#primaryimage"},"image":{"@id":"https:\/\/www.em.com.br\/emfoco\/2026\/01\/12\/auxilio-inclusao-muda-tudo-trabalhador-com-deficiencia-recebe-salario-bonus-mensal-e-mantem-direitos-do-bpc\/#primaryimage"},"thumbnailUrl":"https:\/\/www.em.com.br\/emfoco\/wp-content\/uploads\/2026\/01\/IA-2-40.jpg","datePublished":"2026-01-12T23:45:00+00:00","dateModified":"2026-01-09T00:43:53+00:00","author":{"@id":"https:\/\/www.em.com.br\/emfoco\/#\/schema\/person\/1c9ddeab18b98abeffef834667bcf08a"},"description":"Em 2026, quem recebe BPC pode trabalhar com carteira assinada, ganhar R$ 790 por m\u00eas e manter direito ao retorno em caso de demiss\u00e3o.","breadcrumb":{"@id":"https:\/\/www.em.com.br\/emfoco\/2026\/01\/12\/auxilio-inclusao-muda-tudo-trabalhador-com-deficiencia-recebe-salario-bonus-mensal-e-mantem-direitos-do-bpc\/#breadcrumb"},"inLanguage":"pt-BR","potentialAction":[{"@type":"ReadAction","target":["https:\/\/www.em.com.br\/emfoco\/2026\/01\/12\/auxilio-inclusao-muda-tudo-trabalhador-com-deficiencia-recebe-salario-bonus-mensal-e-mantem-direitos-do-bpc\/"]}]},{"@type":"ImageObject","inLanguage":"pt-BR","@id":"https:\/\/www.em.com.br\/emfoco\/2026\/01\/12\/auxilio-inclusao-muda-tudo-trabalhador-com-deficiencia-recebe-salario-bonus-mensal-e-mantem-direitos-do-bpc\/#primaryimage","url":"https:\/\/www.em.com.br\/emfoco\/wp-content\/uploads\/2026\/01\/IA-2-40.jpg","contentUrl":"https:\/\/www.em.com.br\/emfoco\/wp-content\/uploads\/2026\/01\/IA-2-40.jpg","width":1280,"height":720,"caption":"Aux\u00edlio-Inclus\u00e3o permite trabalhar com seguran\u00e7a financeira sem perder prote\u00e7\u00e3o social"},{"@type":"BreadcrumbList","@id":"https:\/\/www.em.com.br\/emfoco\/2026\/01\/12\/auxilio-inclusao-muda-tudo-trabalhador-com-deficiencia-recebe-salario-bonus-mensal-e-mantem-direitos-do-bpc\/#breadcrumb","itemListElement":[{"@type":"ListItem","position":1,"name":"In\u00edcio","item":"https:\/\/www.em.com.br\/emfoco\/"},{"@type":"ListItem","position":2,"name":"Aux\u00edlio-Inclus\u00e3o muda tudo: trabalhador com defici\u00eancia recebe sal\u00e1rio, b\u00f4nus mensal e mant\u00e9m direitos do BPC"}]},{"@type":"WebSite","@id":"https:\/\/www.em.com.br\/emfoco\/#website","url":"https:\/\/www.em.com.br\/emfoco\/","name":"Estado de Minas - Em foco","description":"Acompanhe as \u00faltimas not\u00edcias e fique bem informado sobre tudo o que acontece em Minas Gerais, Brasil e no mundo.","potentialAction":[{"@type":"SearchAction","target":{"@type":"EntryPoint","urlTemplate":"https:\/\/www.em.com.br\/emfoco\/?s={search_term_string}"},"query-input":{"@type":"PropertyValueSpecification","valueRequired":true,"valueName":"search_term_string"}}],"inLanguage":"pt-BR"},{"@type":"Person","@id":"https:\/\/www.em.com.br\/emfoco\/#\/schema\/person\/1c9ddeab18b98abeffef834667bcf08a","name":"Gabriel Martins","image":{"@type":"ImageObject","inLanguage":"pt-BR","@id":"https:\/\/www.em.com.br\/emfoco\/#\/schema\/person\/image\/","url":"https:\/\/secure.gravatar.com\/avatar\/f0f1e2efdfd88f1ad2cb08c5c2731e50?s=96&d=mm&r=g","contentUrl":"https:\/\/secure.gravatar.com\/avatar\/f0f1e2efdfd88f1ad2cb08c5c2731e50?s=96&d=mm&r=g","caption":"Gabriel Martins"},"sameAs":["https:\/\/www.em.com.br\/emfoco\/"],"url":"https:\/\/www.em.com.br\/emfoco\/author\/gabrielmartinsmyth\/"}]}},"_links":{"self":[{"href":"https:\/\/www.em.com.br\/emfoco\/wp-json\/wp\/v2\/posts\/152745","targetHints":{"allow":["GET"]}}],"collection":[{"href":"https:\/\/www.em.com.br\/emfoco\/wp-json\/wp\/v2\/posts"}],"about":[{"href":"https:\/\/www.em.com.br\/emfoco\/wp-json\/wp\/v2\/types\/post"}],"author":[{"embeddable":true,"href":"https:\/\/www.em.com.br\/emfoco\/wp-json\/wp\/v2\/users\/13"}],"replies":[{"embeddable":true,"href":"https:\/\/www.em.com.br\/emfoco\/wp-json\/wp\/v2\/comments?post=152745"}],"version-history":[{"count":2,"href":"https:\/\/www.em.com.br\/emfoco\/wp-json\/wp\/v2\/posts\/152745\/revisions"}],"predecessor-version":[{"id":152860,"href":"https:\/\/www.em.com.br\/emfoco\/wp-json\/wp\/v2\/posts\/152745\/revisions\/152860"}],"wp:featuredmedia":[{"embeddable":true,"href":"https:\/\/www.em.com.br\/emfoco\/wp-json\/wp\/v2\/media\/152858"}],"wp:attachment":[{"href":"https:\/\/www.em.com.br\/emfoco\/wp-json\/wp\/v2\/media?parent=152745"}],"wp:term":[{"taxonomy":"category","embeddable":true,"href":"https:\/\/www.em.com.br\/emfoco\/wp-json\/wp\/v2\/categories?post=152745"},{"taxonomy":"post_tag","embeddable":true,"href":"https:\/\/www.em.com.br\/emfoco\/wp-json\/wp\/v2\/tags?post=152745"}],"curies":[{"name":"wp","href":"https:\/\/api.w.org\/{rel}","templated":true}]}}