{"id":152741,"date":"2026-01-12T14:25:00","date_gmt":"2026-01-12T17:25:00","guid":{"rendered":"https:\/\/www.em.com.br\/emfoco\/?p=152741"},"modified":"2026-01-08T21:31:34","modified_gmt":"2026-01-09T00:31:34","slug":"internet-sem-imposto-governo-renova-incentivos-e-facilita-expansao-da-conectividade-com-a-lei-15-320-2025","status":"publish","type":"post","link":"https:\/\/www.em.com.br\/emfoco\/2026\/01\/12\/internet-sem-imposto-governo-renova-incentivos-e-facilita-expansao-da-conectividade-com-a-lei-15-320-2025\/","title":{"rendered":"Internet sem imposto: governo renova incentivos e facilita expans\u00e3o da conectividade com a Lei 15.320\/2025"},"content":{"rendered":"\n<h2 class=\"wp-block-heading\">Em vigor desde 2026, a Lei 15.320 prorrogou at\u00e9 2030 isen\u00e7\u00f5es fiscais para IoT, M2M e antenas satelitais. A medida mant\u00e9m tributos zerados, garante previsibilidade e viabiliza a expans\u00e3o da internet no Brasil.<\/h2>\n\n\n\n<p>A <strong>Lei 15.320\/2025<\/strong>, em vigor desde janeiro de 2026, prorrogou incentivos fiscais essenciais para a expans\u00e3o da internet no Brasil. A medida garante isen\u00e7\u00f5es para tecnologias como <strong>IoT<\/strong> e antenas satelitais, assegurando cinco anos de previsibilidade para investimentos em conectividade.<\/p>\n\n\n\n<h2 class=\"wp-block-heading\">O que muda com a Lei 15.320 para a expans\u00e3o da internet?<\/h2>\n\n\n\n<p>A nova legisla\u00e7\u00e3o prorroga benef\u00edcios tribut\u00e1rios que evitam o aumento imediato de custos no setor de telecomunica\u00e7\u00f5es. Sem a medida, projetos de <strong>conectividade em \u00e1reas remotas<\/strong> e automa\u00e7\u00e3o enfrentariam inviabilidade econ\u00f4mica j\u00e1 em 2026.<\/p>\n\n\n\n<p>Com a prorroga\u00e7\u00e3o at\u00e9 2030, o governo garante estabilidade regulat\u00f3ria para a infraestrutura digital. O foco \u00e9 permitir escala em tecnologias de baixo faturamento unit\u00e1rio, como sensores e esta\u00e7\u00f5es M2M, fundamentais para a digitaliza\u00e7\u00e3o nacional.<\/p>\n\n\n\n<figure class=\"wp-block-image size-large\"><img loading=\"lazy\" decoding=\"async\" width=\"1024\" height=\"576\" src=\"https:\/\/www.em.com.br\/emfoco\/wp-content\/uploads\/2026\/01\/IA-84-1024x576.jpg\" alt=\"Internet sem imposto: governo renova incentivos e facilita expans\u00e3o da conectividade com a Lei 15.320\/2025\" class=\"wp-image-152843\" srcset=\"https:\/\/www.em.com.br\/emfoco\/wp-content\/uploads\/2026\/01\/IA-84-1024x576.jpg 1024w, https:\/\/www.em.com.br\/emfoco\/wp-content\/uploads\/2026\/01\/IA-84-300x169.jpg 300w, https:\/\/www.em.com.br\/emfoco\/wp-content\/uploads\/2026\/01\/IA-84-768x432.jpg 768w, https:\/\/www.em.com.br\/emfoco\/wp-content\/uploads\/2026\/01\/IA-84-750x422.jpg 750w, https:\/\/www.em.com.br\/emfoco\/wp-content\/uploads\/2026\/01\/IA-84-1140x641.jpg 1140w, https:\/\/www.em.com.br\/emfoco\/wp-content\/uploads\/2026\/01\/IA-84.jpg 1280w\" sizes=\"auto, (max-width: 1024px) 100vw, 1024px\" \/><figcaption class=\"wp-element-caption\">Prorroga\u00e7\u00e3o tribut\u00e1ria evita aumento de custos e viabiliza projetos digitais<\/figcaption><\/figure>\n\n\n\n<h2 class=\"wp-block-heading\">Quais tributos permaneceram zerados para IoT e antenas?<\/h2>\n\n\n\n<p>A lei manteve suspensas taxas e contribui\u00e7\u00f5es que incidem diretamente sobre dispositivos inteligentes. Essa decis\u00e3o preserva a l\u00f3gica econ\u00f4mica dos sistemas conectados, evitando que custos regulat\u00f3rios superem a receita gerada. Entre os tributos prorrogados, est\u00e3o os seguintes.<\/p>\n\n\n\n<ul class=\"wp-block-list\">\n<li><strong>TFI <\/strong>e <strong>TFF<\/strong>: taxas de fiscaliza\u00e7\u00e3o do Fistel mantidas com valor zero<\/li>\n\n\n\n<li><strong>CFRP<\/strong>: contribui\u00e7\u00e3o para radiodifus\u00e3o p\u00fablica segue isenta<\/li>\n\n\n\n<li><strong>Condecine<\/strong>: cobran\u00e7a para o setor audiovisual permanece suspensa<\/li>\n<\/ul>\n\n\n\n<p><em>Leia mais: <em><strong><a href=\"https:\/\/www.em.com.br\/emfoco\/2026\/01\/08\/reajuste-do-inss-2026-ja-esta-valendo-e-garante-minimo-de-r-1-621-para-aposentados-pensionistas-e-beneficiarios-do-bpc\/\" target=\"_blank\" rel=\"noreferrer noopener\">Reajuste do INSS 2026 j\u00e1 est\u00e1 valendo e garante m\u00ednimo de R$ 1.621 para aposentados, pensionistas e benefici\u00e1rios do BPC<\/a><\/strong><\/em><\/em><\/p>\n\n\n\n<h2 class=\"wp-block-heading\">Como a isen\u00e7\u00e3o impacta o campo, as cidades e a ind\u00fastria?<\/h2>\n\n\n\n<p>A prorroga\u00e7\u00e3o beneficia mais de <strong>29 milh\u00f5es de esta\u00e7\u00f5es<\/strong> de telecomunica\u00e7\u00f5es em opera\u00e7\u00e3o. No agroneg\u00f3cio, sensores de solo e telemetria funcionam com menor custo, ampliando a competitividade e a ado\u00e7\u00e3o de pr\u00e1ticas inteligentes.<\/p>\n\n\n\n<p>Em zonas rurais e regi\u00f5es isoladas, as <strong>antenas VSAT<\/strong> seguem como \u00fanica alternativa de acesso \u00e0 internet. J\u00e1 nas cidades, solu\u00e7\u00f5es de ilumina\u00e7\u00e3o p\u00fablica e tr\u00e1fego dependem do M2M para operar de forma eficiente e financeiramente vi\u00e1vel.<\/p>\n\n\n\n<figure class=\"wp-block-image size-large\"><img loading=\"lazy\" decoding=\"async\" width=\"1024\" height=\"576\" src=\"https:\/\/www.em.com.br\/emfoco\/wp-content\/uploads\/2026\/01\/IA-1-40-1024x576.jpg\" alt=\"Internet sem imposto: governo renova incentivos e facilita expans\u00e3o da conectividade com a Lei 15.320\/2025\" class=\"wp-image-152844\" srcset=\"https:\/\/www.em.com.br\/emfoco\/wp-content\/uploads\/2026\/01\/IA-1-40-1024x576.jpg 1024w, https:\/\/www.em.com.br\/emfoco\/wp-content\/uploads\/2026\/01\/IA-1-40-300x169.jpg 300w, https:\/\/www.em.com.br\/emfoco\/wp-content\/uploads\/2026\/01\/IA-1-40-768x432.jpg 768w, https:\/\/www.em.com.br\/emfoco\/wp-content\/uploads\/2026\/01\/IA-1-40-750x422.jpg 750w, https:\/\/www.em.com.br\/emfoco\/wp-content\/uploads\/2026\/01\/IA-1-40-1140x641.jpg 1140w, https:\/\/www.em.com.br\/emfoco\/wp-content\/uploads\/2026\/01\/IA-1-40.jpg 1280w\" sizes=\"auto, (max-width: 1024px) 100vw, 1024px\" \/><figcaption class=\"wp-element-caption\">Isen\u00e7\u00f5es reduzem custos no campo, cidades inteligentes e ind\u00fastria conectada<\/figcaption><\/figure>\n\n\n\n<h2 class=\"wp-block-heading\">Por que a redu\u00e7\u00e3o de taxas \u00e9 decisiva para projetos de IoT?<\/h2>\n\n\n\n<p>Em sistemas de IoT, a receita por dispositivo \u00e9 baixa, o que torna qualquer taxa fixa um obst\u00e1culo. Ao manter o custo regulat\u00f3rio pr\u00f3ximo de zero, o governo elimina o chamado <strong>custo de transa\u00e7\u00e3o proibitivo<\/strong>. Os efeitos pr\u00e1ticos dessa decis\u00e3o incluem os pontos abaixo.<\/p>\n\n\n\n<ul class=\"wp-block-list\">\n<li>Viabilidade econ\u00f4mica: custos n\u00e3o superam a receita operacional<\/li>\n\n\n\n<li>Escala nacional: projetos podem crescer sem barreira tribut\u00e1ria<\/li>\n\n\n\n<li>Atra\u00e7\u00e3o de investimentos: maior seguran\u00e7a para capital nacional e externo<\/li>\n<\/ul>\n\n\n\n<h2 class=\"wp-block-heading\">O que a nova lei representa para investidores at\u00e9 2030?<\/h2>\n\n\n\n<p>O principal ganho da <strong><a href=\"https:\/\/www.gov.br\/anatel\/pt-br\/assuntos\/noticias\/lei-prorroga-incentivos-tributarios-para-iot-e-vsats-e-beneficia-mais-de-29-milhoes-de-estacoes-de-telecomunicacoes-no-brasil\" target=\"_blank\" rel=\"noreferrer noopener\">Lei 15.320<\/a><\/strong> \u00e9 a <strong>seguran\u00e7a jur\u00eddica<\/strong>. Empresas passam a contar com um horizonte est\u00e1vel de cinco anos para planejar redes, sensores e infraestrutura sem risco de aumento repentino da carga tribut\u00e1ria.<\/p>\n\n\n\n<p>Esse cen\u00e1rio fortalece a confian\u00e7a do mercado e cria condi\u00e7\u00f5es reais para a expans\u00e3o da internet no pa\u00eds. Com previsibilidade e custos controlados, a conectividade deixa de ser promessa e se consolida como base do crescimento digital brasileiro.<\/p>\n","protected":false},"excerpt":{"rendered":"<p>Em vigor desde 2026, a Lei 15.320 prorrogou at\u00e9 2030 isen\u00e7\u00f5es fiscais para IoT, M2M e antenas satelitais. A medida mant\u00e9m tributos zerados, garante previsibilidade e viabiliza a expans\u00e3o da internet no Brasil. A Lei 15.320\/2025, em vigor desde janeiro de 2026, prorrogou incentivos fiscais essenciais para a expans\u00e3o da internet no Brasil. A medida [&hellip;]<\/p>\n","protected":false},"author":13,"featured_media":152842,"comment_status":"open","ping_status":"open","sticky":false,"template":"","format":"standard","meta":{"jnews-multi-image_gallery":[],"jnews_single_post":{"format":"standard"},"jnews_primary_category":[],"jnews_social_meta":[],"jnews_override_counter":[],"footnotes":""},"categories":[28],"tags":[328,14783,1347],"class_list":["post-152741","post","type-post","status-publish","format-standard","has-post-thumbnail","hentry","category-economia","tag-conectividade","tag-iot","tag-nova-lei"],"yoast_head":"<!-- This site is optimized with the Yoast SEO plugin v23.8 - https:\/\/yoast.com\/wordpress\/plugins\/seo\/ -->\n<title>Internet sem imposto: governo renova incentivos e facilita expans\u00e3o da conectividade com a Lei 15.320\/2025 - Estado de Minas - Em foco<\/title>\n<meta name=\"description\" content=\"Nova lei zera taxas para sensores e antenas at\u00e9 2030 e atrai investimentos em internet rural, urbana e industrial no Brasil.\" \/>\n<meta name=\"robots\" content=\"index, follow, max-snippet:-1, max-image-preview:large, max-video-preview:-1\" \/>\n<link rel=\"canonical\" href=\"https:\/\/www.em.com.br\/emfoco\/2026\/01\/12\/internet-sem-imposto-governo-renova-incentivos-e-facilita-expansao-da-conectividade-com-a-lei-15-320-2025\/\" \/>\n<meta property=\"og:locale\" content=\"pt_BR\" \/>\n<meta property=\"og:type\" content=\"article\" \/>\n<meta property=\"og:title\" content=\"Internet sem imposto: governo renova incentivos e facilita expans\u00e3o da conectividade com a Lei 15.320\/2025 - Estado de Minas - Em foco\" \/>\n<meta property=\"og:description\" content=\"Nova lei zera taxas para sensores e antenas at\u00e9 2030 e atrai investimentos em internet rural, urbana e industrial no Brasil.\" \/>\n<meta property=\"og:url\" content=\"https:\/\/www.em.com.br\/emfoco\/2026\/01\/12\/internet-sem-imposto-governo-renova-incentivos-e-facilita-expansao-da-conectividade-com-a-lei-15-320-2025\/\" \/>\n<meta property=\"og:site_name\" content=\"Estado de Minas - Em foco\" \/>\n<meta property=\"article:published_time\" content=\"2026-01-12T17:25:00+00:00\" \/>\n<meta property=\"article:modified_time\" content=\"2026-01-09T00:31:34+00:00\" \/>\n<meta property=\"og:image\" content=\"https:\/\/www.em.com.br\/emfoco\/wp-content\/uploads\/2026\/01\/IA-8-29.jpg\" \/>\n\t<meta property=\"og:image:width\" content=\"1280\" \/>\n\t<meta property=\"og:image:height\" content=\"720\" \/>\n\t<meta property=\"og:image:type\" content=\"image\/jpeg\" \/>\n<meta name=\"author\" content=\"Gabriel Martins\" \/>\n<meta name=\"twitter:card\" content=\"summary_large_image\" \/>\n<meta name=\"twitter:label1\" content=\"Escrito por\" \/>\n\t<meta name=\"twitter:data1\" content=\"Gabriel Martins\" \/>\n\t<meta name=\"twitter:label2\" content=\"Est. tempo de leitura\" \/>\n\t<meta name=\"twitter:data2\" content=\"4 minutos\" \/>\n<!-- \/ Yoast SEO plugin. -->","yoast_head_json":{"title":"Internet sem imposto: governo renova incentivos e facilita expans\u00e3o da conectividade com a Lei 15.320\/2025 - Estado de Minas - Em foco","description":"Nova lei zera taxas para sensores e antenas at\u00e9 2030 e atrai investimentos em internet rural, urbana e industrial no Brasil.","robots":{"index":"index","follow":"follow","max-snippet":"max-snippet:-1","max-image-preview":"max-image-preview:large","max-video-preview":"max-video-preview:-1"},"canonical":"https:\/\/www.em.com.br\/emfoco\/2026\/01\/12\/internet-sem-imposto-governo-renova-incentivos-e-facilita-expansao-da-conectividade-com-a-lei-15-320-2025\/","og_locale":"pt_BR","og_type":"article","og_title":"Internet sem imposto: governo renova incentivos e facilita expans\u00e3o da conectividade com a Lei 15.320\/2025 - Estado de Minas - Em foco","og_description":"Nova lei zera taxas para sensores e antenas at\u00e9 2030 e atrai investimentos em internet rural, urbana e industrial no Brasil.","og_url":"https:\/\/www.em.com.br\/emfoco\/2026\/01\/12\/internet-sem-imposto-governo-renova-incentivos-e-facilita-expansao-da-conectividade-com-a-lei-15-320-2025\/","og_site_name":"Estado de Minas - Em foco","article_published_time":"2026-01-12T17:25:00+00:00","article_modified_time":"2026-01-09T00:31:34+00:00","og_image":[{"width":1280,"height":720,"url":"https:\/\/www.em.com.br\/emfoco\/wp-content\/uploads\/2026\/01\/IA-8-29.jpg","type":"image\/jpeg"}],"author":"Gabriel Martins","twitter_card":"summary_large_image","twitter_misc":{"Escrito por":"Gabriel Martins","Est. tempo de leitura":"4 minutos"},"schema":{"@context":"https:\/\/schema.org","@graph":[{"@type":"WebPage","@id":"https:\/\/www.em.com.br\/emfoco\/2026\/01\/12\/internet-sem-imposto-governo-renova-incentivos-e-facilita-expansao-da-conectividade-com-a-lei-15-320-2025\/","url":"https:\/\/www.em.com.br\/emfoco\/2026\/01\/12\/internet-sem-imposto-governo-renova-incentivos-e-facilita-expansao-da-conectividade-com-a-lei-15-320-2025\/","name":"Internet sem imposto: governo renova incentivos e facilita expans\u00e3o da conectividade com a Lei 15.320\/2025 - Estado de Minas - Em foco","isPartOf":{"@id":"https:\/\/www.em.com.br\/emfoco\/#website"},"primaryImageOfPage":{"@id":"https:\/\/www.em.com.br\/emfoco\/2026\/01\/12\/internet-sem-imposto-governo-renova-incentivos-e-facilita-expansao-da-conectividade-com-a-lei-15-320-2025\/#primaryimage"},"image":{"@id":"https:\/\/www.em.com.br\/emfoco\/2026\/01\/12\/internet-sem-imposto-governo-renova-incentivos-e-facilita-expansao-da-conectividade-com-a-lei-15-320-2025\/#primaryimage"},"thumbnailUrl":"https:\/\/www.em.com.br\/emfoco\/wp-content\/uploads\/2026\/01\/IA-8-29.jpg","datePublished":"2026-01-12T17:25:00+00:00","dateModified":"2026-01-09T00:31:34+00:00","author":{"@id":"https:\/\/www.em.com.br\/emfoco\/#\/schema\/person\/1c9ddeab18b98abeffef834667bcf08a"},"description":"Nova lei zera taxas para sensores e antenas at\u00e9 2030 e atrai investimentos em internet rural, urbana e industrial no Brasil.","breadcrumb":{"@id":"https:\/\/www.em.com.br\/emfoco\/2026\/01\/12\/internet-sem-imposto-governo-renova-incentivos-e-facilita-expansao-da-conectividade-com-a-lei-15-320-2025\/#breadcrumb"},"inLanguage":"pt-BR","potentialAction":[{"@type":"ReadAction","target":["https:\/\/www.em.com.br\/emfoco\/2026\/01\/12\/internet-sem-imposto-governo-renova-incentivos-e-facilita-expansao-da-conectividade-com-a-lei-15-320-2025\/"]}]},{"@type":"ImageObject","inLanguage":"pt-BR","@id":"https:\/\/www.em.com.br\/emfoco\/2026\/01\/12\/internet-sem-imposto-governo-renova-incentivos-e-facilita-expansao-da-conectividade-com-a-lei-15-320-2025\/#primaryimage","url":"https:\/\/www.em.com.br\/emfoco\/wp-content\/uploads\/2026\/01\/IA-8-29.jpg","contentUrl":"https:\/\/www.em.com.br\/emfoco\/wp-content\/uploads\/2026\/01\/IA-8-29.jpg","width":1280,"height":720,"caption":"Lei 15.320 garante incentivos fiscais e previsibilidade para expans\u00e3o da internet"},{"@type":"BreadcrumbList","@id":"https:\/\/www.em.com.br\/emfoco\/2026\/01\/12\/internet-sem-imposto-governo-renova-incentivos-e-facilita-expansao-da-conectividade-com-a-lei-15-320-2025\/#breadcrumb","itemListElement":[{"@type":"ListItem","position":1,"name":"In\u00edcio","item":"https:\/\/www.em.com.br\/emfoco\/"},{"@type":"ListItem","position":2,"name":"Internet sem imposto: governo renova incentivos e facilita expans\u00e3o da conectividade com a Lei 15.320\/2025"}]},{"@type":"WebSite","@id":"https:\/\/www.em.com.br\/emfoco\/#website","url":"https:\/\/www.em.com.br\/emfoco\/","name":"Estado de Minas - Em foco","description":"Acompanhe as \u00faltimas not\u00edcias e fique bem informado sobre tudo o que acontece em Minas Gerais, Brasil e no mundo.","potentialAction":[{"@type":"SearchAction","target":{"@type":"EntryPoint","urlTemplate":"https:\/\/www.em.com.br\/emfoco\/?s={search_term_string}"},"query-input":{"@type":"PropertyValueSpecification","valueRequired":true,"valueName":"search_term_string"}}],"inLanguage":"pt-BR"},{"@type":"Person","@id":"https:\/\/www.em.com.br\/emfoco\/#\/schema\/person\/1c9ddeab18b98abeffef834667bcf08a","name":"Gabriel Martins","image":{"@type":"ImageObject","inLanguage":"pt-BR","@id":"https:\/\/www.em.com.br\/emfoco\/#\/schema\/person\/image\/","url":"https:\/\/secure.gravatar.com\/avatar\/f0f1e2efdfd88f1ad2cb08c5c2731e50?s=96&d=mm&r=g","contentUrl":"https:\/\/secure.gravatar.com\/avatar\/f0f1e2efdfd88f1ad2cb08c5c2731e50?s=96&d=mm&r=g","caption":"Gabriel Martins"},"sameAs":["https:\/\/www.em.com.br\/emfoco\/"],"url":"https:\/\/www.em.com.br\/emfoco\/author\/gabrielmartinsmyth\/"}]}},"_links":{"self":[{"href":"https:\/\/www.em.com.br\/emfoco\/wp-json\/wp\/v2\/posts\/152741","targetHints":{"allow":["GET"]}}],"collection":[{"href":"https:\/\/www.em.com.br\/emfoco\/wp-json\/wp\/v2\/posts"}],"about":[{"href":"https:\/\/www.em.com.br\/emfoco\/wp-json\/wp\/v2\/types\/post"}],"author":[{"embeddable":true,"href":"https:\/\/www.em.com.br\/emfoco\/wp-json\/wp\/v2\/users\/13"}],"replies":[{"embeddable":true,"href":"https:\/\/www.em.com.br\/emfoco\/wp-json\/wp\/v2\/comments?post=152741"}],"version-history":[{"count":2,"href":"https:\/\/www.em.com.br\/emfoco\/wp-json\/wp\/v2\/posts\/152741\/revisions"}],"predecessor-version":[{"id":152845,"href":"https:\/\/www.em.com.br\/emfoco\/wp-json\/wp\/v2\/posts\/152741\/revisions\/152845"}],"wp:featuredmedia":[{"embeddable":true,"href":"https:\/\/www.em.com.br\/emfoco\/wp-json\/wp\/v2\/media\/152842"}],"wp:attachment":[{"href":"https:\/\/www.em.com.br\/emfoco\/wp-json\/wp\/v2\/media?parent=152741"}],"wp:term":[{"taxonomy":"category","embeddable":true,"href":"https:\/\/www.em.com.br\/emfoco\/wp-json\/wp\/v2\/categories?post=152741"},{"taxonomy":"post_tag","embeddable":true,"href":"https:\/\/www.em.com.br\/emfoco\/wp-json\/wp\/v2\/tags?post=152741"}],"curies":[{"name":"wp","href":"https:\/\/api.w.org\/{rel}","templated":true}]}}