{"id":152540,"date":"2026-01-09T16:45:00","date_gmt":"2026-01-09T19:45:00","guid":{"rendered":"https:\/\/www.em.com.br\/emfoco\/?p=152540"},"modified":"2026-01-08T19:21:42","modified_gmt":"2026-01-08T22:21:42","slug":"acender-vela-rosa-virou-habito-de-bem-estar-veja-para-que-serve-e-por-que-funciona","status":"publish","type":"post","link":"https:\/\/www.em.com.br\/emfoco\/2026\/01\/09\/acender-vela-rosa-virou-habito-de-bem-estar-veja-para-que-serve-e-por-que-funciona\/","title":{"rendered":"Acender vela rosa virou h\u00e1bito de bem-estar: veja para que serve e por que funciona"},"content":{"rendered":"\n<p>Nas casas de hoje, as velas deixaram de ser apenas decora\u00e7\u00e3o e ganharam espa\u00e7o em rotinas de autocuidado, espiritualidade leve e cuidado com a energia do lar. Entre tantas cores, a&nbsp;<strong>vela rosa<\/strong>&nbsp;se destaca por seu simbolismo ligado ao afeto, \u00e0 reconcilia\u00e7\u00e3o e ao amor-pr\u00f3prio, transformando o simples gesto de acend\u00ea-la em um ritual com inten\u00e7\u00e3o clara para quem busca mais calma, harmonia e suavidade no dia a dia.<\/p>\n\n\n\n<h2 class=\"wp-block-heading\">O que significa acender uma vela rosa?<\/h2>\n\n\n\n<p>Neste contexto, a\u00a0palavra-chave principal\u00a0\u00e9 \u201cvela rosa\u201d, associada \u00e0 ideia de afeto, reconcilia\u00e7\u00e3o e delicadeza nas rela\u00e7\u00f5es. A cor rosa costuma remeter \u00e0 ternura, ao amor-pr\u00f3prio e \u00e0 paz interior, por isso muitas pessoas a escolhem para refor\u00e7ar esses aspectos na rotina.<\/p>\n\n\n\n<p>Ao acender uma vela dessa cor, o objetivo geralmente \u00e9 cultivar mais calma emocional, fortalecer la\u00e7os e suavizar tens\u00f5es internas. Em fam\u00edlias, relacionamentos amorosos ou no contato consigo mesmo, a&nbsp;<strong>vela rosa<\/strong>&nbsp;funciona como um lembrete visual de cuidado, empatia e gentileza.<\/p>\n\n\n\n<iframe loading=\"lazy\" src=\"https:\/\/assets.pinterest.com\/ext\/embed.html?id=135319163800028340\" height=\"618\" width=\"345\" frameborder=\"0\" scrolling=\"no\" ><\/iframe>\n\n\n\n<h2 class=\"wp-block-heading\">Quais s\u00e3o as principais simbologias da vela rosa?<\/h2>\n\n\n\n<p>Em tradi\u00e7\u00f5es como o\u00a0<em><a href=\"https:\/\/www.em.com.br\/emfoco\/2025\/12\/07\/o-lugar-certo-para-guardar-suas-chaves-e-nao-bloquear-o-dinheiro-conforme-o-feng-shui\/\" target=\"_blank\" rel=\"noreferrer noopener\">Feng Shui<\/a><\/em>, o rosa \u00e9 visto como uma cor que favorece la\u00e7os emocionais equilibrados e acolhedores. Acredita-se que sua presen\u00e7a contribua para a cura de feridas emocionais antigas, a redu\u00e7\u00e3o do estresse e a cria\u00e7\u00e3o de um clima mais sereno em casa.<\/p>\n\n\n\n<p>A&nbsp;<strong>vela de cor rosada<\/strong>&nbsp;tamb\u00e9m aparece em pr\u00e1ticas voltadas \u00e0 aceita\u00e7\u00e3o, compaix\u00e3o e fortalecimento da autoestima. Nelas, o ato de acender a vela simboliza a inten\u00e7\u00e3o de se tratar com mais respeito, amor-pr\u00f3prio e cuidado, alinhando mente, ambiente e emo\u00e7\u00f5es.<\/p>\n\n\n\n<h2 class=\"wp-block-heading\">Onde \u00e9 melhor colocar a vela rosa dentro de casa?<\/h2>\n\n\n\n<p>No&nbsp;<em>Feng Shui<\/em>, a \u00e1rea sudoeste da casa \u00e9 frequentemente indicada para a&nbsp;<strong>vela rosa<\/strong>, por estar ligada \u00e0s parcerias, ao amor rom\u00e2ntico e \u00e0s rela\u00e7\u00f5es harmoniosas. Nessa vis\u00e3o, acend\u00ea-la nesse ponto teria a fun\u00e7\u00e3o simb\u00f3lica de refor\u00e7ar v\u00ednculos e incentivar uma conviv\u00eancia mais respeitosa.<\/p>\n\n\n\n<p>Muita gente prefere posicionar a vela em locais reservados, como quartos ou espa\u00e7os de medita\u00e7\u00e3o, para criar um clima \u00edntimo e calmo. A seguir, alguns usos simb\u00f3licos comuns da vela rosa em diferentes ambientes do lar:<\/p>\n\n\n\n<ul class=\"wp-block-list\">\n<li>Na sala, para favorecer o di\u00e1logo, a coopera\u00e7\u00e3o e um clima mais leve.<\/li>\n\n\n\n<li>No quarto, para estimular o romantismo e a proximidade emocional.<\/li>\n\n\n\n<li>Em um cantinho de leitura ou ora\u00e7\u00e3o, para incentivar a introspec\u00e7\u00e3o tranquila.<\/li>\n<\/ul>\n\n\n\n<p>Para te ajudar selecionamos um v\u00eddeo do <a href=\"https:\/\/www.tiktok.com\/@parafinesse\" target=\"_blank\" rel=\"noreferrer noopener\">Parafinesse<\/a> que ensina como fazer uma linda vela:<\/p>\n\n\n\n<figure class=\"wp-block-embed is-type-video is-provider-tiktok wp-block-embed-tiktok\"><div class=\"wp-block-embed__wrapper\">\n<blockquote class=\"tiktok-embed\" cite=\"https:\/\/www.tiktok.com\/@parafinesse\/video\/7401151971601796357\" data-video-id=\"7401151971601796357\" data-embed-from=\"oembed\" style=\"max-width:605px; min-width:325px;\"> <section> <a target=\"_blank\" title=\"@parafinesse\" href=\"https:\/\/www.tiktok.com\/@parafinesse?refer=embed\">@parafinesse<\/a> <p>Ta ou n\u00e3o ta a cara da @wepink ? Al\u00f4 @Virginia \ud83e\udd79\ud83e\ude77 <a title=\"vela\" target=\"_blank\" href=\"https:\/\/www.tiktok.com\/tag\/vela?refer=embed\">#vela<\/a> <a title=\"velas\" target=\"_blank\" href=\"https:\/\/www.tiktok.com\/tag\/velas?refer=embed\">#velas<\/a> <a title=\"velasaromaticas\" target=\"_blank\" href=\"https:\/\/www.tiktok.com\/tag\/velasaromaticas?refer=embed\">#velasaromaticas<\/a> <a title=\"empreendedorismofeminino\" target=\"_blank\" href=\"https:\/\/www.tiktok.com\/tag\/empreendedorismofeminino?refer=embed\">#empreendedorismofeminino<\/a> <a title=\"virginia\" target=\"_blank\" href=\"https:\/\/www.tiktok.com\/tag\/virginia?refer=embed\">#virginia<\/a> <a title=\"wepink\" target=\"_blank\" href=\"https:\/\/www.tiktok.com\/tag\/wepink?refer=embed\">#wepink<\/a> <a title=\"parafinesse\" target=\"_blank\" href=\"https:\/\/www.tiktok.com\/tag\/parafinesse?refer=embed\">#parafinesse<\/a> <a title=\"empreendedorismo\" target=\"_blank\" href=\"https:\/\/www.tiktok.com\/tag\/empreendedorismo?refer=embed\">#empreendedorismo<\/a> <\/p> <a target=\"_blank\" title=\"\u266c An instrumental with a clear and refreshing sound(1412170) - Eto\" href=\"https:\/\/www.tiktok.com\/music\/An-instrumental-with-a-clear-and-refreshing-sound-1412170-7210840458547857410?refer=embed\">\u266c An instrumental with a clear and refreshing sound(1412170) &#8211; Eto<\/a> <\/section> <\/blockquote> <script async src=\"https:\/\/www.tiktok.com\/embed.js\"><\/script>\n<\/div><\/figure>\n\n\n\n<h2 class=\"wp-block-heading\">Qual \u00e9 o melhor momento para acender uma vela rosa?<\/h2>\n\n\n\n<p>Entre as orienta\u00e7\u00f5es populares, a sexta-feira costuma ser citada como o&nbsp;<strong>melhor dia para acender vela rosa<\/strong>, por sua associa\u00e7\u00e3o tradicional com o planeta V\u00eanus, ligado ao amor e \u00e0 harmonia. Assim, muitas pessoas escolhem esse dia para rituais focados em afetos, reconcilia\u00e7\u00e3o e fortalecimento de la\u00e7os.<\/p>\n\n\n\n<p>Mais importante que o dia \u00e9 a inten\u00e7\u00e3o ao acender a&nbsp;<strong>vela de cor rosada<\/strong>. Recomenda-se escolher um local seguro e arejado, definir mentalmente um objetivo claro, permanecer alguns instantes em sil\u00eancio e nunca deixar a vela acesa sem supervis\u00e3o, unindo simbolismo e responsabilidade pr\u00e1tica.<\/p>\n\n\n\n<h2 class=\"wp-block-heading\">Quais s\u00e3o os cuidados e limites ao usar a vela rosa?<\/h2>\n\n\n\n<p>O uso da&nbsp;<strong>vela rosa em rituais dom\u00e9sticos<\/strong>&nbsp;n\u00e3o substitui di\u00e1logo, acompanhamento profissional ou a\u00e7\u00f5es concretas para resolver conflitos. Ainda assim, muitas pessoas relatam que esses minutos de pausa ajudam a organizar pensamentos e trazem mais foco para atitudes de calma, empatia e reconcilia\u00e7\u00e3o.<\/p>\n\n\n\n<p>Entre os benef\u00edcios simb\u00f3licos, destacam-se a sensa\u00e7\u00e3o de clima familiar mais leve, incentivo ao amor-pr\u00f3prio e um momento di\u00e1rio de introspec\u00e7\u00e3o. Se voc\u00ea sente que seu lar precisa de mais harmonia, comece hoje mesmo: escolha um cantinho especial, acenda sua vela rosa com inten\u00e7\u00e3o verdadeira e use esse gesto como gatilho para mudar atitudes agora, n\u00e3o depois.<\/p>\n\n\n\n<p><\/p>\n","protected":false},"excerpt":{"rendered":"<p>Nas casas de hoje, as velas deixaram de ser apenas decora\u00e7\u00e3o e ganharam espa\u00e7o em rotinas de autocuidado, espiritualidade leve e cuidado com a energia do lar. Entre tantas cores, a&nbsp;vela rosa&nbsp;se destaca por seu simbolismo ligado ao afeto, \u00e0 reconcilia\u00e7\u00e3o e ao amor-pr\u00f3prio, transformando o simples gesto de acend\u00ea-la em um ritual com inten\u00e7\u00e3o [&hellip;]<\/p>\n","protected":false},"author":11,"featured_media":152628,"comment_status":"open","ping_status":"open","sticky":false,"template":"","format":"standard","meta":{"jnews-multi-image_gallery":[],"jnews_single_post":{"format":"standard"},"jnews_primary_category":[],"jnews_social_meta":[],"jnews_override_counter":[],"footnotes":""},"categories":[8819,1],"tags":[22245,12638,21547,22246],"class_list":["post-152540","post","type-post","status-publish","format-standard","has-post-thumbnail","hentry","category-curiosidades","category-noticias","tag-acender-vela-rosa","tag-harmonia","tag-vela","tag-vela-rosa"],"yoast_head":"<!-- This site is optimized with the Yoast SEO plugin v23.8 - https:\/\/yoast.com\/wordpress\/plugins\/seo\/ -->\n<title>Acender vela rosa virou h\u00e1bito de bem-estar: veja para que serve e por que funciona - Estado de Minas - Em foco<\/title>\n<meta name=\"description\" content=\"A vela rosa simboliza amor reconcilia\u00e7\u00e3o e harmonia emocional. Veja onde usar em casa e qual a inten\u00e7\u00e3o ao acender.\" \/>\n<meta name=\"robots\" content=\"index, follow, max-snippet:-1, max-image-preview:large, max-video-preview:-1\" \/>\n<link rel=\"canonical\" href=\"https:\/\/www.em.com.br\/emfoco\/2026\/01\/09\/acender-vela-rosa-virou-habito-de-bem-estar-veja-para-que-serve-e-por-que-funciona\/\" \/>\n<meta property=\"og:locale\" content=\"pt_BR\" \/>\n<meta property=\"og:type\" content=\"article\" \/>\n<meta property=\"og:title\" content=\"Acender vela rosa virou h\u00e1bito de bem-estar: veja para que serve e por que funciona - Estado de Minas - Em foco\" \/>\n<meta property=\"og:description\" content=\"A vela rosa simboliza amor reconcilia\u00e7\u00e3o e harmonia emocional. Veja onde usar em casa e qual a inten\u00e7\u00e3o ao acender.\" \/>\n<meta property=\"og:url\" content=\"https:\/\/www.em.com.br\/emfoco\/2026\/01\/09\/acender-vela-rosa-virou-habito-de-bem-estar-veja-para-que-serve-e-por-que-funciona\/\" \/>\n<meta property=\"og:site_name\" content=\"Estado de Minas - Em foco\" \/>\n<meta property=\"article:published_time\" content=\"2026-01-09T19:45:00+00:00\" \/>\n<meta property=\"article:modified_time\" content=\"2026-01-08T22:21:42+00:00\" \/>\n<meta property=\"og:image\" content=\"https:\/\/www.em.com.br\/emfoco\/wp-content\/uploads\/2026\/01\/Gemini_Generated_Image_fw26czfw26czfw26-1.png\" \/>\n\t<meta property=\"og:image:width\" content=\"1280\" \/>\n\t<meta property=\"og:image:height\" content=\"720\" \/>\n\t<meta property=\"og:image:type\" content=\"image\/png\" \/>\n<meta name=\"author\" content=\"Andre\u0301 Rangel\u00a0\" \/>\n<meta name=\"twitter:card\" content=\"summary_large_image\" \/>\n<meta name=\"twitter:label1\" content=\"Escrito por\" \/>\n\t<meta name=\"twitter:data1\" content=\"Andre\u0301 Rangel\u00a0\" \/>\n\t<meta name=\"twitter:label2\" content=\"Est. tempo de leitura\" \/>\n\t<meta name=\"twitter:data2\" content=\"4 minutos\" \/>\n<!-- \/ Yoast SEO plugin. -->","yoast_head_json":{"title":"Acender vela rosa virou h\u00e1bito de bem-estar: veja para que serve e por que funciona - Estado de Minas - Em foco","description":"A vela rosa simboliza amor reconcilia\u00e7\u00e3o e harmonia emocional. Veja onde usar em casa e qual a inten\u00e7\u00e3o ao acender.","robots":{"index":"index","follow":"follow","max-snippet":"max-snippet:-1","max-image-preview":"max-image-preview:large","max-video-preview":"max-video-preview:-1"},"canonical":"https:\/\/www.em.com.br\/emfoco\/2026\/01\/09\/acender-vela-rosa-virou-habito-de-bem-estar-veja-para-que-serve-e-por-que-funciona\/","og_locale":"pt_BR","og_type":"article","og_title":"Acender vela rosa virou h\u00e1bito de bem-estar: veja para que serve e por que funciona - Estado de Minas - Em foco","og_description":"A vela rosa simboliza amor reconcilia\u00e7\u00e3o e harmonia emocional. Veja onde usar em casa e qual a inten\u00e7\u00e3o ao acender.","og_url":"https:\/\/www.em.com.br\/emfoco\/2026\/01\/09\/acender-vela-rosa-virou-habito-de-bem-estar-veja-para-que-serve-e-por-que-funciona\/","og_site_name":"Estado de Minas - Em foco","article_published_time":"2026-01-09T19:45:00+00:00","article_modified_time":"2026-01-08T22:21:42+00:00","og_image":[{"width":1280,"height":720,"url":"https:\/\/www.em.com.br\/emfoco\/wp-content\/uploads\/2026\/01\/Gemini_Generated_Image_fw26czfw26czfw26-1.png","type":"image\/png"}],"author":"Andre\u0301 Rangel\u00a0","twitter_card":"summary_large_image","twitter_misc":{"Escrito por":"Andre\u0301 Rangel\u00a0","Est. tempo de leitura":"4 minutos"},"schema":{"@context":"https:\/\/schema.org","@graph":[{"@type":"WebPage","@id":"https:\/\/www.em.com.br\/emfoco\/2026\/01\/09\/acender-vela-rosa-virou-habito-de-bem-estar-veja-para-que-serve-e-por-que-funciona\/","url":"https:\/\/www.em.com.br\/emfoco\/2026\/01\/09\/acender-vela-rosa-virou-habito-de-bem-estar-veja-para-que-serve-e-por-que-funciona\/","name":"Acender vela rosa virou h\u00e1bito de bem-estar: veja para que serve e por que funciona - Estado de Minas - Em foco","isPartOf":{"@id":"https:\/\/www.em.com.br\/emfoco\/#website"},"primaryImageOfPage":{"@id":"https:\/\/www.em.com.br\/emfoco\/2026\/01\/09\/acender-vela-rosa-virou-habito-de-bem-estar-veja-para-que-serve-e-por-que-funciona\/#primaryimage"},"image":{"@id":"https:\/\/www.em.com.br\/emfoco\/2026\/01\/09\/acender-vela-rosa-virou-habito-de-bem-estar-veja-para-que-serve-e-por-que-funciona\/#primaryimage"},"thumbnailUrl":"https:\/\/www.em.com.br\/emfoco\/wp-content\/uploads\/2026\/01\/Gemini_Generated_Image_fw26czfw26czfw26-1.png","datePublished":"2026-01-09T19:45:00+00:00","dateModified":"2026-01-08T22:21:42+00:00","author":{"@id":"https:\/\/www.em.com.br\/emfoco\/#\/schema\/person\/60eda09c1fedf0d6891f4cef4b60b8b8"},"description":"A vela rosa simboliza amor reconcilia\u00e7\u00e3o e harmonia emocional. Veja onde usar em casa e qual a inten\u00e7\u00e3o ao acender.","breadcrumb":{"@id":"https:\/\/www.em.com.br\/emfoco\/2026\/01\/09\/acender-vela-rosa-virou-habito-de-bem-estar-veja-para-que-serve-e-por-que-funciona\/#breadcrumb"},"inLanguage":"pt-BR","potentialAction":[{"@type":"ReadAction","target":["https:\/\/www.em.com.br\/emfoco\/2026\/01\/09\/acender-vela-rosa-virou-habito-de-bem-estar-veja-para-que-serve-e-por-que-funciona\/"]}]},{"@type":"ImageObject","inLanguage":"pt-BR","@id":"https:\/\/www.em.com.br\/emfoco\/2026\/01\/09\/acender-vela-rosa-virou-habito-de-bem-estar-veja-para-que-serve-e-por-que-funciona\/#primaryimage","url":"https:\/\/www.em.com.br\/emfoco\/wp-content\/uploads\/2026\/01\/Gemini_Generated_Image_fw26czfw26czfw26-1.png","contentUrl":"https:\/\/www.em.com.br\/emfoco\/wp-content\/uploads\/2026\/01\/Gemini_Generated_Image_fw26czfw26czfw26-1.png","width":1280,"height":720,"caption":"Velas repelentes naturais ajudam a afastar mosquitos"},{"@type":"BreadcrumbList","@id":"https:\/\/www.em.com.br\/emfoco\/2026\/01\/09\/acender-vela-rosa-virou-habito-de-bem-estar-veja-para-que-serve-e-por-que-funciona\/#breadcrumb","itemListElement":[{"@type":"ListItem","position":1,"name":"In\u00edcio","item":"https:\/\/www.em.com.br\/emfoco\/"},{"@type":"ListItem","position":2,"name":"Acender vela rosa virou h\u00e1bito de bem-estar: veja para que serve e por que funciona"}]},{"@type":"WebSite","@id":"https:\/\/www.em.com.br\/emfoco\/#website","url":"https:\/\/www.em.com.br\/emfoco\/","name":"Estado de Minas - Em foco","description":"Acompanhe as \u00faltimas not\u00edcias e fique bem informado sobre tudo o que acontece em Minas Gerais, Brasil e no mundo.","potentialAction":[{"@type":"SearchAction","target":{"@type":"EntryPoint","urlTemplate":"https:\/\/www.em.com.br\/emfoco\/?s={search_term_string}"},"query-input":{"@type":"PropertyValueSpecification","valueRequired":true,"valueName":"search_term_string"}}],"inLanguage":"pt-BR"},{"@type":"Person","@id":"https:\/\/www.em.com.br\/emfoco\/#\/schema\/person\/60eda09c1fedf0d6891f4cef4b60b8b8","name":"Andre\u0301 Rangel\u00a0","image":{"@type":"ImageObject","inLanguage":"pt-BR","@id":"https:\/\/www.em.com.br\/emfoco\/#\/schema\/person\/image\/","url":"https:\/\/secure.gravatar.com\/avatar\/6234dc814c77c8ef6d8bba622c787efc?s=96&d=mm&r=g","contentUrl":"https:\/\/secure.gravatar.com\/avatar\/6234dc814c77c8ef6d8bba622c787efc?s=96&d=mm&r=g","caption":"Andre\u0301 Rangel\u00a0"},"url":"https:\/\/www.em.com.br\/emfoco\/author\/luizmyth\/"}]}},"_links":{"self":[{"href":"https:\/\/www.em.com.br\/emfoco\/wp-json\/wp\/v2\/posts\/152540","targetHints":{"allow":["GET"]}}],"collection":[{"href":"https:\/\/www.em.com.br\/emfoco\/wp-json\/wp\/v2\/posts"}],"about":[{"href":"https:\/\/www.em.com.br\/emfoco\/wp-json\/wp\/v2\/types\/post"}],"author":[{"embeddable":true,"href":"https:\/\/www.em.com.br\/emfoco\/wp-json\/wp\/v2\/users\/11"}],"replies":[{"embeddable":true,"href":"https:\/\/www.em.com.br\/emfoco\/wp-json\/wp\/v2\/comments?post=152540"}],"version-history":[{"count":4,"href":"https:\/\/www.em.com.br\/emfoco\/wp-json\/wp\/v2\/posts\/152540\/revisions"}],"predecessor-version":[{"id":152563,"href":"https:\/\/www.em.com.br\/emfoco\/wp-json\/wp\/v2\/posts\/152540\/revisions\/152563"}],"wp:featuredmedia":[{"embeddable":true,"href":"https:\/\/www.em.com.br\/emfoco\/wp-json\/wp\/v2\/media\/152628"}],"wp:attachment":[{"href":"https:\/\/www.em.com.br\/emfoco\/wp-json\/wp\/v2\/media?parent=152540"}],"wp:term":[{"taxonomy":"category","embeddable":true,"href":"https:\/\/www.em.com.br\/emfoco\/wp-json\/wp\/v2\/categories?post=152540"},{"taxonomy":"post_tag","embeddable":true,"href":"https:\/\/www.em.com.br\/emfoco\/wp-json\/wp\/v2\/tags?post=152540"}],"curies":[{"name":"wp","href":"https:\/\/api.w.org\/{rel}","templated":true}]}}