{"id":152508,"date":"2026-01-09T21:25:24","date_gmt":"2026-01-10T00:25:24","guid":{"rendered":"https:\/\/www.em.com.br\/emfoco\/?p=152508"},"modified":"2026-01-08T17:08:26","modified_gmt":"2026-01-08T20:08:26","slug":"como-plantar-begonias-em-casa-e-ter-flores-coloridas-o-ano-todo","status":"publish","type":"post","link":"https:\/\/www.em.com.br\/emfoco\/2026\/01\/09\/como-plantar-begonias-em-casa-e-ter-flores-coloridas-o-ano-todo\/","title":{"rendered":"Como plantar beg\u00f4nias em casa e ter flores coloridas o ano todo"},"content":{"rendered":"\n<h2 class=\"wp-block-heading\">A beg\u00f4nia gosta de luz indireta e solo leve com boa drenagem. Plante em vasos com furos e regue quando a terra secar para n\u00e3o apodrecer a raiz. Adube a cada m\u00eas e limpe folhas secas para ter flores coloridas o ano todo.<\/h2>\n\n\n\n<p>Voc\u00ea j\u00e1 viu um vaso de beg\u00f4nias todo florido na casa de algu\u00e9m e pensou \u201cqueria ter uma planta assim, mas devo matar rapidinho\u201d? A verdade \u00e9 que, com alguns cuidados simples desde o plantio at\u00e9 a rega do dia a dia, qualquer pessoa consegue cultivar beg\u00f4nias bonitas em apartamentos, casas com quintal ou at\u00e9 em varandas pequenas.<\/p>\n\n\n\n<h2 class=\"wp-block-heading\">O que voc\u00ea precisa saber antes de come\u00e7ar a plantar beg\u00f4nias<\/h2>\n\n\n\n<p>Plantar beg\u00f4nias \u00e9 uma \u00f3tima op\u00e7\u00e3o para quem quer flores vistosas em espa\u00e7os internos e externos, mesmo sem ter um jardim grande. Elas se adaptam bem ao clima de v\u00e1rias regi\u00f5es do <strong>Brasil <\/strong>e ficam lindas em vasos, jardineiras, jardins de sombra e at\u00e9 em fachadas mais protegidas.<\/p>\n\n\n\n<p>Diferente de plantas que pedem sol direto o dia inteiro, a beg\u00f4nia prefere luz indireta e locais sem ventos muito fortes. Varandas cobertas, janelas bem iluminadas e \u00e1reas de meia-sombra s\u00e3o ideais. Solos leves, bem drenados e ricos em mat\u00e9ria org\u00e2nica tamb\u00e9m fazem diferen\u00e7a para que a planta flores\u00e7a o ano todo.<\/p>\n\n\n<div class=\"wp-block-image\">\n<figure class=\"aligncenter size-large\"><img loading=\"lazy\" decoding=\"async\" width=\"1024\" height=\"576\" src=\"https:\/\/www.em.com.br\/emfoco\/wp-content\/uploads\/2025\/11\/begonias_1764269250916-1024x576.jpg\" alt=\"\" class=\"wp-image-132707\" srcset=\"https:\/\/www.em.com.br\/emfoco\/wp-content\/uploads\/2025\/11\/begonias_1764269250916-1024x576.jpg 1024w, https:\/\/www.em.com.br\/emfoco\/wp-content\/uploads\/2025\/11\/begonias_1764269250916-300x169.jpg 300w, https:\/\/www.em.com.br\/emfoco\/wp-content\/uploads\/2025\/11\/begonias_1764269250916-768x432.jpg 768w, https:\/\/www.em.com.br\/emfoco\/wp-content\/uploads\/2025\/11\/begonias_1764269250916-750x422.jpg 750w, https:\/\/www.em.com.br\/emfoco\/wp-content\/uploads\/2025\/11\/begonias_1764269250916-1140x641.jpg 1140w, https:\/\/www.em.com.br\/emfoco\/wp-content\/uploads\/2025\/11\/begonias_1764269250916.jpg 1280w\" sizes=\"auto, (max-width: 1024px) 100vw, 1024px\" \/><figcaption class=\"wp-element-caption\">Beg\u00f4nias, com suas m\u00faltiplas cores, e buganv\u00edlias, excelentes para cobertura e acabamento &#8211; Cr\u00e9ditos: depositphotos.com \/ yongkiet<\/figcaption><\/figure><\/div>\n\n\n<p>Leia tamb\u00e9m:&nbsp;<a href=\"https:\/\/www.em.com.br\/emfoco\/2025\/12\/14\/como-recuperar-uma-orquidea-doente-com-um-adubo-que-voce-faz-em-casa\/\" target=\"_blank\" rel=\"noopener\">Como recuperar uma orqu\u00eddea doente com um adubo que voc\u00ea faz em casa<\/a><\/p>\n\n\n\n<h2 class=\"wp-block-heading\">Quais s\u00e3o os tipos de beg\u00f4nias e como escolher o vaso certo<\/h2>\n\n\n\n<p>Antes de plantar beg\u00f4nias, vale conhecer alguns tipos mais comuns, como beg\u00f4nia rex (focada na folhagem), beg\u00f4nia tuberosa (flores grandes) e beg\u00f4nia cerosa (bem popular em jardins). Cada uma tem um \u201cjeito\u201d pr\u00f3prio, mas todas gostam de ambientes ventilados e sem sol forte direto por muitas horas.<\/p>\n\n\n\n<figure class=\"wp-block-embed is-type-rich is-provider-pinterest wp-block-embed-pinterest\"><div class=\"wp-block-embed__wrapper\">\n<iframe loading=\"lazy\" title=\"orange begonias\" src=\"https:\/\/assets.pinterest.com\/ext\/embed.html?id=117023290287935114&#038;src=oembed\" height=\"770\" width=\"450\" frameborder=\"0\" scrolling=\"no\" ><\/iframe>\n<\/div><\/figure>\n\n\n\n<p>Na hora de escolher o recipiente, d\u00ea prefer\u00eancia a vasos com furos de drenagem e prato separado, para n\u00e3o acumular \u00e1gua nas ra\u00edzes. Uma mistura de terra vegetal, areia grossa e composto org\u00e2nico forma um substrato leve. Colocar pedrinhas ou argila expandida no fundo ajuda a \u00e1gua a escoar e evita problemas com fungos.<\/p>\n\n\n\n<figure class=\"wp-block-embed is-type-rich is-provider-pinterest wp-block-embed-pinterest\"><div class=\"wp-block-embed__wrapper\">\n<iframe loading=\"lazy\" title=\"\ud83c\udf31Neste v\u00eddeo, vamos explorar tudo o que voc\u00ea precisa saber para cultivar e cuidar das deslumbrantes Beg\u00f4nias Flor. Descubra os segredos por tr\u00e1s das flores vibrantes e delicadas, aprendendo sobre a escolha do solo ideal, a ilumina\u00e7\u00e3o adequada e as melhores t\u00e9cnicas de rega. \ud83c\udf38 Deixe o mundo mais verde com a Plantei!!!\ud83c\udf33 #begoniaflor #vasoautoirrigavelplantei #lojaplantei #flores\" src=\"https:\/\/assets.pinterest.com\/ext\/embed.html?id=9851692933690807&#038;src=oembed\" height=\"899\" width=\"450\" frameborder=\"0\" scrolling=\"no\" ><\/iframe>\n<\/div><\/figure>\n\n\n\n<h2 class=\"wp-block-heading\">Como fazer o plantio de beg\u00f4nias passo a passo<\/h2>\n\n\n\n<p>O plantio das beg\u00f4nias \u00e9 simples e acess\u00edvel at\u00e9 para quem est\u00e1 come\u00e7ando agora no mundo das plantas. Voc\u00ea pode usar mudas compradas em viveiros ou dividir uma planta adulta que j\u00e1 tenha se desenvolvido bem em outro vaso ou canteiro.<\/p>\n\n\n\n<style>\n  \/* CONFIGURA\u00c7\u00d5ES GERAIS *\/\n  .nutri-wrap {\n    max-width: 900px;\n    margin: 40px auto;\n    padding: 0 20px;\n    font-family: system-ui, -apple-system, Segoe UI, Roboto, sans-serif;\n    color: #1f2a24;\n  }\n\n  \/* T\u00cdTULO *\/\n  .nutri-title {\n    display: flex;\n    align-items: center;\n    gap: 10px;\n    font-size: 28px;\n    margin: 0 0 18px;\n    color: #ad1457; \/* Tom rosado\/avermelhado para beg\u00f4nias *\/\n  }\n  .nutri-title span { font-size: 26px; }\n\n  \/* TABELA - ESTRUTURA *\/\n  .nutri-table {\n    width: 100%;\n    border-collapse: separate;\n    border-spacing: 0;\n    border: 2px solid #f8bbd0;\n    border-radius: 18px;\n    overflow: hidden;\n    background: #ffffff;\n    box-shadow: 0 12px 26px rgba(173, 20, 87, 0.10);\n  }\n\n  \/* CABE\u00c7ALHO DA TABELA *\/\n  .nutri-table thead {\n    background: linear-gradient(135deg, #fce4ec, #fdf2f5);\n  }\n\n  .nutri-table th, .nutri-table td {\n    padding: 16px;\n    text-align: left;\n    font-size: 14.5px;\n  }\n\n  .nutri-table th {\n    color: #ad1457;\n    font-weight: 800;\n    border-bottom: 1px solid #f8bbd0;\n  }\n\n  .nutri-table td {\n    color: #4a1428;\n    border-bottom: 1px solid #fce4ec;\n    vertical-align: top;\n  }\n\n  .nutri-table tr:last-child td { border-bottom: none; }\n\n  \/* EFEITO HOVER NAS LINHAS *\/\n  .nutri-table tbody tr:transition { background: .2s ease; }\n  .nutri-table tbody tr:hover { background: #fdf2f5; }\n\n  \/* RESPONSIVIDADE (MOBILE) *\/\n  @media (max-width: 900px) {\n    .nutri-table thead { display: none; }\n\n    .nutri-table, .nutri-table tbody, .nutri-table tr, .nutri-table td {\n      display: block;\n      width: 100%;\n    }\n\n    .nutri-table tr {\n      margin-bottom: 16px;\n      border: 1px solid #f8bbd0;\n      border-radius: 16px;\n      background: #ffffff;\n      box-shadow: 0 4px 10px rgba(0,0,0,0.05);\n    }\n\n    .nutri-table td {\n      border: none;\n      padding: 12px 16px;\n      display: flex;\n      justify-content: space-between;\n      align-items: center;\n      text-align: right;\n    }\n\n    .nutri-table td::before {\n      content: attr(data-label);\n      font-size: 13px;\n      font-weight: 800;\n      color: #ad1457;\n      margin-right: 10px;\n      text-align: left;\n    }\n  }\n<\/style>\n\n<div class=\"nutri-wrap\">\n  <h2 class=\"nutri-title\">\n    <span>\ud83c\udf38<\/span> Guia de Plantio: Beg\u00f4nias\n  <\/h2>\n\n  <table class=\"nutri-table\">\n    <thead>\n      <tr>\n        <th>Etapa<\/th>\n        <th>Orienta\u00e7\u00e3o Detalhada<\/th>\n      <\/tr>\n    <\/thead>\n    <tbody>\n      <tr>\n        <td data-label=\"Etapa\">1. Preparar o recipiente<\/td>\n        <td data-label=\"Orienta\u00e7\u00e3o\">Utilizar vaso com furos ou canteiro bem drenado, adicionando uma camada de pedras, brita ou argila expandida.<\/td>\n      <\/tr>\n\n      <tr>\n        <td data-label=\"Etapa\">2. Montar o substrato<\/td>\n        <td data-label=\"Orienta\u00e7\u00e3o\">Misturar terra vegetal, areia grossa e mat\u00e9ria org\u00e2nica em partes equilibradas para criar um solo leve e f\u00e9rtil.<\/td>\n      <\/tr>\n\n      <tr>\n        <td data-label=\"Etapa\">3. Posicionar a muda<\/td>\n        <td data-label=\"Orienta\u00e7\u00e3o\">Acomodar a beg\u00f4nia no centro do vaso, mantendo o colo da planta na mesma altura do recipiente anterior.<\/td>\n      <\/tr>\n\n      <tr>\n        <td data-label=\"Etapa\">4. Completar o plantio<\/td>\n        <td data-label=\"Orienta\u00e7\u00e3o\">Preencher as laterais com substrato e pressionar levemente com os dedos para firmar, sem compactar demais a terra.<\/td>\n      <\/tr>\n      \n      <tr>\n        <td data-label=\"Etapa\">5. Primeira rega<\/td>\n        <td data-label=\"Orienta\u00e7\u00e3o\">Regar at\u00e9 que a \u00e1gua escorra pelos furos, garantindo a umidade total do substrato.<\/td>\n      <\/tr>\n\n      <tr>\n        <td data-label=\"Etapa\">6. Escolher o local<\/td>\n        <td data-label=\"Orienta\u00e7\u00e3o\">Manter em ambiente de meia-sombra com luz indireta abundante, evitando sol direto forte nos primeiros dias.<\/td>\n      <\/tr>\n    <\/tbody>\n  <\/table>\n<\/div>\n\n\n\n<h2 class=\"wp-block-heading\">Como cuidar corretamente das beg\u00f4nias depois do plantio<\/h2>\n\n\n\n<p>Depois de plantar, o segredo \u00e9 manter um equil\u00edbrio entre rega, luz e aduba\u00e7\u00e3o. As beg\u00f4nias gostam de umidade moderada: o solo deve ficar levemente \u00famido, nunca encharcado. Em dias mais quentes, talvez voc\u00ea precise regar com mais frequ\u00eancia, sempre checando se a superf\u00edcie est\u00e1 seca ao toque.<\/p>\n\n\n\n<ul class=\"wp-block-list\">\n<li><strong>Rega<\/strong>: em geral, regar de duas a tr\u00eas vezes por semana, ajustando conforme o clima e o tipo de substrato.<\/li>\n\n\n\n<li><strong>Aduba\u00e7\u00e3o<\/strong>: aplicar adubo org\u00e2nico ou formula\u00e7\u00f5es espec\u00edficas para flores a cada 30 a 45 dias, sempre em pequenas quantidades.<\/li>\n\n\n\n<li><strong>Limpeza<\/strong>: remover folhas secas ou amareladas e flores murchas para estimular novas brota\u00e7\u00f5es.<\/li>\n\n\n\n<li><strong>Ventila\u00e7\u00e3o<\/strong>: manter o ambiente arejado para reduzir a incid\u00eancia de fungos e pragas.<\/li>\n<\/ul>\n\n\n\n<p>Para voc\u00ea que gosta de plantar em casa, separamos um v\u00eddeo do canal <a class=\"yt-simple-endpoint style-scope yt-formatted-string\" spellcheck=\"false\" href=\"https:\/\/www.youtube.com\/@hortamineira1234\" target=\"_blank\" rel=\"noopener\">Horta Mineira<\/a> com dicas para plantar e cuidar das beg\u00f4nias:<\/p>\n\n\n\n<figure class=\"wp-block-embed is-type-video is-provider-youtube wp-block-embed-youtube wp-embed-aspect-16-9 wp-has-aspect-ratio\"><div class=\"wp-block-embed__wrapper\">\n<div class=\"jeg_video_container jeg_video_content\"><iframe loading=\"lazy\" title=\"COMO PLANTAR BEG\u00d4NIA CORRETAMENTE E COMO CUIDAR\" width=\"500\" height=\"281\" src=\"https:\/\/www.youtube.com\/embed\/LLbjrrq-LB0?feature=oembed\" frameborder=\"0\" allow=\"accelerometer; autoplay; clipboard-write; encrypted-media; gyroscope; picture-in-picture; web-share\" referrerpolicy=\"strict-origin-when-cross-origin\" allowfullscreen><\/iframe><\/div>\n<\/div><\/figure>\n\n\n\n<h2 class=\"wp-block-heading\">Quais s\u00e3o os erros mais comuns ao cultivar beg\u00f4nias em casa<\/h2>\n\n\n\n<p>Alguns deslizes s\u00e3o bem comuns e podem atrapalhar o desenvolvimento das beg\u00f4nias, principalmente quando a pessoa est\u00e1 come\u00e7ando. O principal deles \u00e9 o excesso de \u00e1gua, que encharca o solo, faz as ra\u00edzes apodrecerem e causa manchas nas folhas, deixando a planta com aspecto murcho.<\/p>\n\n\n\n<p>Outro erro \u00e9 deix\u00e1-las em sol muito forte, o que queima as folhas e derruba as flores. Recipientes sem furos tamb\u00e9m s\u00e3o um problema, assim como exagerar no adubo. Doses altas podem queimar as ra\u00edzes; por isso, siga sempre a recomenda\u00e7\u00e3o do produto e observe se surgem folhas moles, amareladas ou manchadas para ajustar os cuidados.<\/p>\n","protected":false},"excerpt":{"rendered":"<p>A beg\u00f4nia gosta de luz indireta e solo leve com boa drenagem. Plante em vasos com furos e regue quando a terra secar para n\u00e3o apodrecer a raiz. Adube a cada m\u00eas e limpe folhas secas para ter flores coloridas o ano todo. Voc\u00ea j\u00e1 viu um vaso de beg\u00f4nias todo florido na casa de [&hellip;]<\/p>\n","protected":false},"author":9,"featured_media":81580,"comment_status":"open","ping_status":"open","sticky":false,"template":"","format":"standard","meta":{"jnews-multi-image_gallery":[],"jnews_single_post":{"format":"standard"},"jnews_primary_category":[],"jnews_social_meta":[],"jnews_override_counter":[],"footnotes":""},"categories":[8691,8819,1],"tags":[16520,7701,4323],"class_list":["post-152508","post","type-post","status-publish","format-standard","has-post-thumbnail","hentry","category-bem-estar","category-curiosidades","category-noticias","tag-begonia","tag-como-plantar","tag-flor"],"yoast_head":"<!-- This site is optimized with the Yoast SEO plugin v23.8 - https:\/\/yoast.com\/wordpress\/plugins\/seo\/ -->\n<title>Como plantar beg\u00f4nias em casa e ter flores coloridas o ano todo - Estado de Minas - Em foco<\/title>\n<meta name=\"description\" content=\"Aprenda a plantar beg\u00f4nias em vasos com solo drenado e luz indireta. Dicas de rega e cuidados para ter flores bonitas o ano todo em casa ou apartamento.\" \/>\n<meta name=\"robots\" content=\"index, follow, max-snippet:-1, max-image-preview:large, max-video-preview:-1\" \/>\n<link rel=\"canonical\" href=\"https:\/\/www.em.com.br\/emfoco\/2026\/01\/09\/como-plantar-begonias-em-casa-e-ter-flores-coloridas-o-ano-todo\/\" \/>\n<meta property=\"og:locale\" content=\"pt_BR\" \/>\n<meta property=\"og:type\" content=\"article\" \/>\n<meta property=\"og:title\" content=\"Como plantar beg\u00f4nias em casa e ter flores coloridas o ano todo - Estado de Minas - Em foco\" \/>\n<meta property=\"og:description\" content=\"Aprenda a plantar beg\u00f4nias em vasos com solo drenado e luz indireta. Dicas de rega e cuidados para ter flores bonitas o ano todo em casa ou apartamento.\" \/>\n<meta property=\"og:url\" content=\"https:\/\/www.em.com.br\/emfoco\/2026\/01\/09\/como-plantar-begonias-em-casa-e-ter-flores-coloridas-o-ano-todo\/\" \/>\n<meta property=\"og:site_name\" content=\"Estado de Minas - Em foco\" \/>\n<meta property=\"article:published_time\" content=\"2026-01-10T00:25:24+00:00\" \/>\n<meta property=\"article:modified_time\" content=\"2026-01-08T20:08:26+00:00\" \/>\n<meta property=\"og:image\" content=\"https:\/\/www.em.com.br\/emfoco\/wp-content\/uploads\/2025\/07\/begonia_1753461182354.jpg\" \/>\n\t<meta property=\"og:image:width\" content=\"1280\" \/>\n\t<meta property=\"og:image:height\" content=\"720\" \/>\n\t<meta property=\"og:image:type\" content=\"image\/jpeg\" \/>\n<meta name=\"author\" content=\"Daniely Cardoso\" \/>\n<meta name=\"twitter:card\" content=\"summary_large_image\" \/>\n<meta name=\"twitter:label1\" content=\"Escrito por\" \/>\n\t<meta name=\"twitter:data1\" content=\"Daniely Cardoso\" \/>\n\t<meta name=\"twitter:label2\" content=\"Est. tempo de leitura\" \/>\n\t<meta name=\"twitter:data2\" content=\"5 minutos\" \/>\n<!-- \/ Yoast SEO plugin. -->","yoast_head_json":{"title":"Como plantar beg\u00f4nias em casa e ter flores coloridas o ano todo - Estado de Minas - Em foco","description":"Aprenda a plantar beg\u00f4nias em vasos com solo drenado e luz indireta. Dicas de rega e cuidados para ter flores bonitas o ano todo em casa ou apartamento.","robots":{"index":"index","follow":"follow","max-snippet":"max-snippet:-1","max-image-preview":"max-image-preview:large","max-video-preview":"max-video-preview:-1"},"canonical":"https:\/\/www.em.com.br\/emfoco\/2026\/01\/09\/como-plantar-begonias-em-casa-e-ter-flores-coloridas-o-ano-todo\/","og_locale":"pt_BR","og_type":"article","og_title":"Como plantar beg\u00f4nias em casa e ter flores coloridas o ano todo - Estado de Minas - Em foco","og_description":"Aprenda a plantar beg\u00f4nias em vasos com solo drenado e luz indireta. Dicas de rega e cuidados para ter flores bonitas o ano todo em casa ou apartamento.","og_url":"https:\/\/www.em.com.br\/emfoco\/2026\/01\/09\/como-plantar-begonias-em-casa-e-ter-flores-coloridas-o-ano-todo\/","og_site_name":"Estado de Minas - Em foco","article_published_time":"2026-01-10T00:25:24+00:00","article_modified_time":"2026-01-08T20:08:26+00:00","og_image":[{"width":1280,"height":720,"url":"https:\/\/www.em.com.br\/emfoco\/wp-content\/uploads\/2025\/07\/begonia_1753461182354.jpg","type":"image\/jpeg"}],"author":"Daniely Cardoso","twitter_card":"summary_large_image","twitter_misc":{"Escrito por":"Daniely Cardoso","Est. tempo de leitura":"5 minutos"},"schema":{"@context":"https:\/\/schema.org","@graph":[{"@type":"WebPage","@id":"https:\/\/www.em.com.br\/emfoco\/2026\/01\/09\/como-plantar-begonias-em-casa-e-ter-flores-coloridas-o-ano-todo\/","url":"https:\/\/www.em.com.br\/emfoco\/2026\/01\/09\/como-plantar-begonias-em-casa-e-ter-flores-coloridas-o-ano-todo\/","name":"Como plantar beg\u00f4nias em casa e ter flores coloridas o ano todo - Estado de Minas - Em foco","isPartOf":{"@id":"https:\/\/www.em.com.br\/emfoco\/#website"},"primaryImageOfPage":{"@id":"https:\/\/www.em.com.br\/emfoco\/2026\/01\/09\/como-plantar-begonias-em-casa-e-ter-flores-coloridas-o-ano-todo\/#primaryimage"},"image":{"@id":"https:\/\/www.em.com.br\/emfoco\/2026\/01\/09\/como-plantar-begonias-em-casa-e-ter-flores-coloridas-o-ano-todo\/#primaryimage"},"thumbnailUrl":"https:\/\/www.em.com.br\/emfoco\/wp-content\/uploads\/2025\/07\/begonia_1753461182354.jpg","datePublished":"2026-01-10T00:25:24+00:00","dateModified":"2026-01-08T20:08:26+00:00","author":{"@id":"https:\/\/www.em.com.br\/emfoco\/#\/schema\/person\/0a8186d72f2c3a5c6276d90b41f271a0"},"description":"Aprenda a plantar beg\u00f4nias em vasos com solo drenado e luz indireta. Dicas de rega e cuidados para ter flores bonitas o ano todo em casa ou apartamento.","breadcrumb":{"@id":"https:\/\/www.em.com.br\/emfoco\/2026\/01\/09\/como-plantar-begonias-em-casa-e-ter-flores-coloridas-o-ano-todo\/#breadcrumb"},"inLanguage":"pt-BR","potentialAction":[{"@type":"ReadAction","target":["https:\/\/www.em.com.br\/emfoco\/2026\/01\/09\/como-plantar-begonias-em-casa-e-ter-flores-coloridas-o-ano-todo\/"]}]},{"@type":"ImageObject","inLanguage":"pt-BR","@id":"https:\/\/www.em.com.br\/emfoco\/2026\/01\/09\/como-plantar-begonias-em-casa-e-ter-flores-coloridas-o-ano-todo\/#primaryimage","url":"https:\/\/www.em.com.br\/emfoco\/wp-content\/uploads\/2025\/07\/begonia_1753461182354.jpg","contentUrl":"https:\/\/www.em.com.br\/emfoco\/wp-content\/uploads\/2025\/07\/begonia_1753461182354.jpg","width":1280,"height":720,"caption":"Beg\u00f4nia - Cr\u00e9ditos: depositphotos.com \/ Noppharat_th"},{"@type":"BreadcrumbList","@id":"https:\/\/www.em.com.br\/emfoco\/2026\/01\/09\/como-plantar-begonias-em-casa-e-ter-flores-coloridas-o-ano-todo\/#breadcrumb","itemListElement":[{"@type":"ListItem","position":1,"name":"In\u00edcio","item":"https:\/\/www.em.com.br\/emfoco\/"},{"@type":"ListItem","position":2,"name":"Como plantar beg\u00f4nias em casa e ter flores coloridas o ano todo"}]},{"@type":"WebSite","@id":"https:\/\/www.em.com.br\/emfoco\/#website","url":"https:\/\/www.em.com.br\/emfoco\/","name":"Estado de Minas - Em foco","description":"Acompanhe as \u00faltimas not\u00edcias e fique bem informado sobre tudo o que acontece em Minas Gerais, Brasil e no mundo.","potentialAction":[{"@type":"SearchAction","target":{"@type":"EntryPoint","urlTemplate":"https:\/\/www.em.com.br\/emfoco\/?s={search_term_string}"},"query-input":{"@type":"PropertyValueSpecification","valueRequired":true,"valueName":"search_term_string"}}],"inLanguage":"pt-BR"},{"@type":"Person","@id":"https:\/\/www.em.com.br\/emfoco\/#\/schema\/person\/0a8186d72f2c3a5c6276d90b41f271a0","name":"Daniely Cardoso","image":{"@type":"ImageObject","inLanguage":"pt-BR","@id":"https:\/\/www.em.com.br\/emfoco\/#\/schema\/person\/image\/","url":"https:\/\/secure.gravatar.com\/avatar\/4b80ddbd124d1f071b626d52d62e5dff?s=96&d=mm&r=g","contentUrl":"https:\/\/secure.gravatar.com\/avatar\/4b80ddbd124d1f071b626d52d62e5dff?s=96&d=mm&r=g","caption":"Daniely Cardoso"},"url":"https:\/\/www.em.com.br\/emfoco\/author\/danielymyth\/"}]}},"_links":{"self":[{"href":"https:\/\/www.em.com.br\/emfoco\/wp-json\/wp\/v2\/posts\/152508","targetHints":{"allow":["GET"]}}],"collection":[{"href":"https:\/\/www.em.com.br\/emfoco\/wp-json\/wp\/v2\/posts"}],"about":[{"href":"https:\/\/www.em.com.br\/emfoco\/wp-json\/wp\/v2\/types\/post"}],"author":[{"embeddable":true,"href":"https:\/\/www.em.com.br\/emfoco\/wp-json\/wp\/v2\/users\/9"}],"replies":[{"embeddable":true,"href":"https:\/\/www.em.com.br\/emfoco\/wp-json\/wp\/v2\/comments?post=152508"}],"version-history":[{"count":4,"href":"https:\/\/www.em.com.br\/emfoco\/wp-json\/wp\/v2\/posts\/152508\/revisions"}],"predecessor-version":[{"id":152693,"href":"https:\/\/www.em.com.br\/emfoco\/wp-json\/wp\/v2\/posts\/152508\/revisions\/152693"}],"wp:featuredmedia":[{"embeddable":true,"href":"https:\/\/www.em.com.br\/emfoco\/wp-json\/wp\/v2\/media\/81580"}],"wp:attachment":[{"href":"https:\/\/www.em.com.br\/emfoco\/wp-json\/wp\/v2\/media?parent=152508"}],"wp:term":[{"taxonomy":"category","embeddable":true,"href":"https:\/\/www.em.com.br\/emfoco\/wp-json\/wp\/v2\/categories?post=152508"},{"taxonomy":"post_tag","embeddable":true,"href":"https:\/\/www.em.com.br\/emfoco\/wp-json\/wp\/v2\/tags?post=152508"}],"curies":[{"name":"wp","href":"https:\/\/api.w.org\/{rel}","templated":true}]}}