{"id":152372,"date":"2026-01-11T21:05:00","date_gmt":"2026-01-12T00:05:00","guid":{"rendered":"https:\/\/www.em.com.br\/emfoco\/?p=152372"},"modified":"2026-01-08T14:42:53","modified_gmt":"2026-01-08T17:42:53","slug":"a-lei-agora-protege-a-saude-mental-do-trabalhador-e-pode-garantir-ate-indenizacao-em-caso-de-burnout","status":"publish","type":"post","link":"https:\/\/www.em.com.br\/emfoco\/2026\/01\/11\/a-lei-agora-protege-a-saude-mental-do-trabalhador-e-pode-garantir-ate-indenizacao-em-caso-de-burnout\/","title":{"rendered":"A lei agora protege a sa\u00fade mental do trabalhador e pode garantir at\u00e9 indeniza\u00e7\u00e3o em caso de Burnout"},"content":{"rendered":"\n<h2 class=\"wp-block-heading\">Em 2026, o Burnout \u00e9 reconhecido como doen\u00e7a ocupacional ligada ao trabalho. O enquadramento garante afastamento pelo B91, FGTS durante a licen\u00e7a, estabilidade de 12 meses e possibilidade de indeniza\u00e7\u00e3o quando houver falha da empresa.<\/h2>\n\n\n\n<p>O <strong>Burnout como doen\u00e7a ocupacional<\/strong> mudou a rela\u00e7\u00e3o entre empresas e trabalhadores. Em 2026, com press\u00e3o digital constante, a legisla\u00e7\u00e3o garante afastamento, estabilidade e poss\u00edveis indeniza\u00e7\u00f5es a quem tem a sa\u00fade mental afetada pelo trabalho.<\/p>\n\n\n\n<h2 class=\"wp-block-heading\">O Burnout \u00e9 reconhecido como doen\u00e7a relacionada ao trabalho?<\/h2>\n\n\n\n<p>A <strong>S\u00edndrome de Burnout<\/strong> foi classificada pela <strong>OMS na CID-11<\/strong> como fen\u00f4meno ligado exclusivamente ao ambiente profissional. Isso fortaleceu o entendimento jur\u00eddico de que o esgotamento n\u00e3o \u00e9 apenas estresse, mas um problema de sa\u00fade ocupacional.<\/p>\n\n\n\n<p>No Brasil, esse enquadramento permite tratar o Burnout como <strong>doen\u00e7a do trabalho<\/strong>, equiparada a acidente laboral. Assim, o trabalhador passa a ter acesso a direitos previdenci\u00e1rios e trabalhistas espec\u00edficos previstos na CLT.<\/p>\n\n\n\n<figure class=\"wp-block-image size-large\"><img loading=\"lazy\" decoding=\"async\" width=\"1024\" height=\"576\" src=\"https:\/\/www.em.com.br\/emfoco\/wp-content\/uploads\/2026\/01\/IA-10-23-1024x576.jpg\" alt=\"A lei agora protege a sa\u00fade mental do trabalhador e pode garantir at\u00e9 indeniza\u00e7\u00e3o em caso de Burnout\" class=\"wp-image-152462\" srcset=\"https:\/\/www.em.com.br\/emfoco\/wp-content\/uploads\/2026\/01\/IA-10-23-1024x576.jpg 1024w, https:\/\/www.em.com.br\/emfoco\/wp-content\/uploads\/2026\/01\/IA-10-23-300x169.jpg 300w, https:\/\/www.em.com.br\/emfoco\/wp-content\/uploads\/2026\/01\/IA-10-23-768x432.jpg 768w, https:\/\/www.em.com.br\/emfoco\/wp-content\/uploads\/2026\/01\/IA-10-23-750x422.jpg 750w, https:\/\/www.em.com.br\/emfoco\/wp-content\/uploads\/2026\/01\/IA-10-23-1140x641.jpg 1140w, https:\/\/www.em.com.br\/emfoco\/wp-content\/uploads\/2026\/01\/IA-10-23.jpg 1280w\" sizes=\"auto, (max-width: 1024px) 100vw, 1024px\" \/><figcaption class=\"wp-element-caption\">Burnout \u00e9 reconhecido como doen\u00e7a ligada diretamente ao ambiente profissional<\/figcaption><\/figure>\n\n\n\n<h2 class=\"wp-block-heading\">Quais direitos surgem ao se afastar por Burnout?<\/h2>\n\n\n\n<p>Quando o afastamento \u00e9 corretamente enquadrado como acident\u00e1rio, o trabalhador acessa garantias que n\u00e3o existem no aux\u00edlio comum. Entre os principais direitos assegurados est\u00e3o os que voc\u00ea v\u00ea a seguir.<\/p>\n\n\n\n<ul class=\"wp-block-list\">\n<li>Estabilidade provis\u00f3ria: garantia de 12 meses no emprego ap\u00f3s o retorno.<\/li>\n\n\n\n<li>FGTS mantido: dep\u00f3sitos obrigat\u00f3rios durante todo o afastamento.<\/li>\n\n\n\n<li>Complementa\u00e7\u00e3o salarial: possibilidade de sal\u00e1rio integral via acordo coletivo.<\/li>\n<\/ul>\n\n\n\n<p><em>Leia mais: <em><strong><a href=\"https:\/\/www.em.com.br\/emfoco\/2026\/01\/08\/atencao-aposentados-margem-consignavel-aumentou-e-ja-permite-contratacao-antecipada-de-emprestimos-em-2026\/\" target=\"_blank\" rel=\"noreferrer noopener\">Aten\u00e7\u00e3o aposentados: margem consign\u00e1vel aumentou e j\u00e1 permite contrata\u00e7\u00e3o antecipada de empr\u00e9stimos em 2026<\/a><\/strong><\/em><\/em><\/p>\n\n\n\n<h2 class=\"wp-block-heading\">Por que o aux\u00edlio acident\u00e1rio \u00e9 diferente do aux\u00edlio comum?<\/h2>\n\n\n\n<p>O <strong>aux\u00edlio-doen\u00e7a acident\u00e1rio B91<\/strong> reconhece o nexo entre a doen\u00e7a e o trabalho, ao contr\u00e1rio do B31. Essa diferen\u00e7a impacta diretamente estabilidade, FGTS e at\u00e9 futuras a\u00e7\u00f5es judiciais contra a empresa.<\/p>\n\n\n\n<p>Quando o INSS concede o benef\u00edcio comum por erro, o trabalhador pode recorrer. A correta caracteriza\u00e7\u00e3o do <strong><a href=\"https:\/\/www.migalhas.com.br\/depeso\/406081\/burnout-afastamento-inss-e-possivel\" target=\"_blank\" rel=\"noreferrer noopener\">afastamento por Burnout<\/a><\/strong> evita preju\u00edzos financeiros e garante prote\u00e7\u00e3o legal mais ampla.<\/p>\n\n\n\n<figure class=\"wp-block-image size-large\"><img loading=\"lazy\" decoding=\"async\" width=\"1024\" height=\"576\" src=\"https:\/\/www.em.com.br\/emfoco\/wp-content\/uploads\/2026\/01\/IA-11-19-1024x576.jpg\" alt=\"A lei agora protege a sa\u00fade mental do trabalhador e pode garantir at\u00e9 indeniza\u00e7\u00e3o em caso de Burnout\" class=\"wp-image-152463\" srcset=\"https:\/\/www.em.com.br\/emfoco\/wp-content\/uploads\/2026\/01\/IA-11-19-1024x576.jpg 1024w, https:\/\/www.em.com.br\/emfoco\/wp-content\/uploads\/2026\/01\/IA-11-19-300x169.jpg 300w, https:\/\/www.em.com.br\/emfoco\/wp-content\/uploads\/2026\/01\/IA-11-19-768x432.jpg 768w, https:\/\/www.em.com.br\/emfoco\/wp-content\/uploads\/2026\/01\/IA-11-19-750x422.jpg 750w, https:\/\/www.em.com.br\/emfoco\/wp-content\/uploads\/2026\/01\/IA-11-19-1140x641.jpg 1140w, https:\/\/www.em.com.br\/emfoco\/wp-content\/uploads\/2026\/01\/IA-11-19.jpg 1280w\" sizes=\"auto, (max-width: 1024px) 100vw, 1024px\" \/><figcaption class=\"wp-element-caption\">Aux\u00edlio acident\u00e1rio difere do comum por reconhecer nexo com trabalho<\/figcaption><\/figure>\n\n\n\n<h2 class=\"wp-block-heading\">Quando a empresa pode ser responsabilizada pelo Burnout?<\/h2>\n\n\n\n<p>Se ficar comprovado que o esgotamento decorre de falhas da empresa, o trabalhador pode buscar repara\u00e7\u00e3o judicial. Situa\u00e7\u00f5es comuns que geram responsabilidade aparecem nos pontos a seguir.<\/p>\n\n\n\n<ul class=\"wp-block-list\">\n<li>Danos morais: indeniza\u00e7\u00e3o por sofrimento psicol\u00f3gico e viola\u00e7\u00e3o da dignidade.<\/li>\n\n\n\n<li>Danos materiais: reembolso de gastos m\u00e9dicos e terap\u00eauticos.<\/li>\n\n\n\n<li>Rescis\u00e3o indireta: sa\u00edda com todos os direitos de demiss\u00e3o sem justa causa.<\/li>\n<\/ul>\n\n\n\n<p>Com fiscaliza\u00e7\u00f5es mais r\u00edgidas em 2026, empresas sem pol\u00edticas de desconex\u00e3o e apoio psicol\u00f3gico est\u00e3o mais expostas. Reconhecer o <strong>direito \u00e0 sa\u00fade mental<\/strong> \u00e9 essencial para proteger a carreira e a qualidade de vida do trabalhador.<\/p>\n","protected":false},"excerpt":{"rendered":"<p>Em 2026, o Burnout \u00e9 reconhecido como doen\u00e7a ocupacional ligada ao trabalho. O enquadramento garante afastamento pelo B91, FGTS durante a licen\u00e7a, estabilidade de 12 meses e possibilidade de indeniza\u00e7\u00e3o quando houver falha da empresa. O Burnout como doen\u00e7a ocupacional mudou a rela\u00e7\u00e3o entre empresas e trabalhadores. Em 2026, com press\u00e3o digital constante, a legisla\u00e7\u00e3o [&hellip;]<\/p>\n","protected":false},"author":13,"featured_media":152461,"comment_status":"open","ping_status":"open","sticky":false,"template":"","format":"standard","meta":{"jnews-multi-image_gallery":[],"jnews_single_post":{"format":"standard"},"jnews_primary_category":[],"jnews_social_meta":[],"jnews_override_counter":[],"footnotes":""},"categories":[28],"tags":[9640,22215,7840,22216],"class_list":["post-152372","post","type-post","status-publish","format-standard","has-post-thumbnail","hentry","category-economia","tag-burnout","tag-doenca-do-trabalho","tag-oms","tag-sindrome-de-burnout"],"yoast_head":"<!-- This site is optimized with the Yoast SEO plugin v23.8 - https:\/\/yoast.com\/wordpress\/plugins\/seo\/ -->\n<title>A lei agora protege a sa\u00fade mental do trabalhador e pode garantir at\u00e9 indeniza\u00e7\u00e3o em caso de Burnout - Estado de Minas - Em foco<\/title>\n<meta name=\"description\" content=\"Burnout agora garante estabilidade no emprego e pode obrigar empresas a pagar indeniza\u00e7\u00e3o por danos. Veja o que diz a lei.\" \/>\n<meta name=\"robots\" content=\"index, follow, max-snippet:-1, max-image-preview:large, max-video-preview:-1\" \/>\n<link rel=\"canonical\" href=\"https:\/\/www.em.com.br\/emfoco\/2026\/01\/11\/a-lei-agora-protege-a-saude-mental-do-trabalhador-e-pode-garantir-ate-indenizacao-em-caso-de-burnout\/\" \/>\n<meta property=\"og:locale\" content=\"pt_BR\" \/>\n<meta property=\"og:type\" content=\"article\" \/>\n<meta property=\"og:title\" content=\"A lei agora protege a sa\u00fade mental do trabalhador e pode garantir at\u00e9 indeniza\u00e7\u00e3o em caso de Burnout - Estado de Minas - Em foco\" \/>\n<meta property=\"og:description\" content=\"Burnout agora garante estabilidade no emprego e pode obrigar empresas a pagar indeniza\u00e7\u00e3o por danos. Veja o que diz a lei.\" \/>\n<meta property=\"og:url\" content=\"https:\/\/www.em.com.br\/emfoco\/2026\/01\/11\/a-lei-agora-protege-a-saude-mental-do-trabalhador-e-pode-garantir-ate-indenizacao-em-caso-de-burnout\/\" \/>\n<meta property=\"og:site_name\" content=\"Estado de Minas - Em foco\" \/>\n<meta property=\"article:published_time\" content=\"2026-01-12T00:05:00+00:00\" \/>\n<meta property=\"article:modified_time\" content=\"2026-01-08T17:42:53+00:00\" \/>\n<meta property=\"og:image\" content=\"https:\/\/www.em.com.br\/emfoco\/wp-content\/uploads\/2026\/01\/IA-9-24.jpg\" \/>\n\t<meta property=\"og:image:width\" content=\"1280\" \/>\n\t<meta property=\"og:image:height\" content=\"720\" \/>\n\t<meta property=\"og:image:type\" content=\"image\/jpeg\" \/>\n<meta name=\"author\" content=\"Gabriel Martins\" \/>\n<meta name=\"twitter:card\" content=\"summary_large_image\" \/>\n<meta name=\"twitter:label1\" content=\"Escrito por\" \/>\n\t<meta name=\"twitter:data1\" content=\"Gabriel Martins\" \/>\n\t<meta name=\"twitter:label2\" content=\"Est. tempo de leitura\" \/>\n\t<meta name=\"twitter:data2\" content=\"3 minutos\" \/>\n<!-- \/ Yoast SEO plugin. -->","yoast_head_json":{"title":"A lei agora protege a sa\u00fade mental do trabalhador e pode garantir at\u00e9 indeniza\u00e7\u00e3o em caso de Burnout - Estado de Minas - Em foco","description":"Burnout agora garante estabilidade no emprego e pode obrigar empresas a pagar indeniza\u00e7\u00e3o por danos. Veja o que diz a lei.","robots":{"index":"index","follow":"follow","max-snippet":"max-snippet:-1","max-image-preview":"max-image-preview:large","max-video-preview":"max-video-preview:-1"},"canonical":"https:\/\/www.em.com.br\/emfoco\/2026\/01\/11\/a-lei-agora-protege-a-saude-mental-do-trabalhador-e-pode-garantir-ate-indenizacao-em-caso-de-burnout\/","og_locale":"pt_BR","og_type":"article","og_title":"A lei agora protege a sa\u00fade mental do trabalhador e pode garantir at\u00e9 indeniza\u00e7\u00e3o em caso de Burnout - Estado de Minas - Em foco","og_description":"Burnout agora garante estabilidade no emprego e pode obrigar empresas a pagar indeniza\u00e7\u00e3o por danos. Veja o que diz a lei.","og_url":"https:\/\/www.em.com.br\/emfoco\/2026\/01\/11\/a-lei-agora-protege-a-saude-mental-do-trabalhador-e-pode-garantir-ate-indenizacao-em-caso-de-burnout\/","og_site_name":"Estado de Minas - Em foco","article_published_time":"2026-01-12T00:05:00+00:00","article_modified_time":"2026-01-08T17:42:53+00:00","og_image":[{"width":1280,"height":720,"url":"https:\/\/www.em.com.br\/emfoco\/wp-content\/uploads\/2026\/01\/IA-9-24.jpg","type":"image\/jpeg"}],"author":"Gabriel Martins","twitter_card":"summary_large_image","twitter_misc":{"Escrito por":"Gabriel Martins","Est. tempo de leitura":"3 minutos"},"schema":{"@context":"https:\/\/schema.org","@graph":[{"@type":"WebPage","@id":"https:\/\/www.em.com.br\/emfoco\/2026\/01\/11\/a-lei-agora-protege-a-saude-mental-do-trabalhador-e-pode-garantir-ate-indenizacao-em-caso-de-burnout\/","url":"https:\/\/www.em.com.br\/emfoco\/2026\/01\/11\/a-lei-agora-protege-a-saude-mental-do-trabalhador-e-pode-garantir-ate-indenizacao-em-caso-de-burnout\/","name":"A lei agora protege a sa\u00fade mental do trabalhador e pode garantir at\u00e9 indeniza\u00e7\u00e3o em caso de Burnout - Estado de Minas - Em foco","isPartOf":{"@id":"https:\/\/www.em.com.br\/emfoco\/#website"},"primaryImageOfPage":{"@id":"https:\/\/www.em.com.br\/emfoco\/2026\/01\/11\/a-lei-agora-protege-a-saude-mental-do-trabalhador-e-pode-garantir-ate-indenizacao-em-caso-de-burnout\/#primaryimage"},"image":{"@id":"https:\/\/www.em.com.br\/emfoco\/2026\/01\/11\/a-lei-agora-protege-a-saude-mental-do-trabalhador-e-pode-garantir-ate-indenizacao-em-caso-de-burnout\/#primaryimage"},"thumbnailUrl":"https:\/\/www.em.com.br\/emfoco\/wp-content\/uploads\/2026\/01\/IA-9-24.jpg","datePublished":"2026-01-12T00:05:00+00:00","dateModified":"2026-01-08T17:42:53+00:00","author":{"@id":"https:\/\/www.em.com.br\/emfoco\/#\/schema\/person\/1c9ddeab18b98abeffef834667bcf08a"},"description":"Burnout agora garante estabilidade no emprego e pode obrigar empresas a pagar indeniza\u00e7\u00e3o por danos. Veja o que diz a lei.","breadcrumb":{"@id":"https:\/\/www.em.com.br\/emfoco\/2026\/01\/11\/a-lei-agora-protege-a-saude-mental-do-trabalhador-e-pode-garantir-ate-indenizacao-em-caso-de-burnout\/#breadcrumb"},"inLanguage":"pt-BR","potentialAction":[{"@type":"ReadAction","target":["https:\/\/www.em.com.br\/emfoco\/2026\/01\/11\/a-lei-agora-protege-a-saude-mental-do-trabalhador-e-pode-garantir-ate-indenizacao-em-caso-de-burnout\/"]}]},{"@type":"ImageObject","inLanguage":"pt-BR","@id":"https:\/\/www.em.com.br\/emfoco\/2026\/01\/11\/a-lei-agora-protege-a-saude-mental-do-trabalhador-e-pode-garantir-ate-indenizacao-em-caso-de-burnout\/#primaryimage","url":"https:\/\/www.em.com.br\/emfoco\/wp-content\/uploads\/2026\/01\/IA-9-24.jpg","contentUrl":"https:\/\/www.em.com.br\/emfoco\/wp-content\/uploads\/2026\/01\/IA-9-24.jpg","width":1280,"height":720,"caption":"Burnout passou a garantir afastamento, estabilidade e prote\u00e7\u00e3o legal ao trabalhador"},{"@type":"BreadcrumbList","@id":"https:\/\/www.em.com.br\/emfoco\/2026\/01\/11\/a-lei-agora-protege-a-saude-mental-do-trabalhador-e-pode-garantir-ate-indenizacao-em-caso-de-burnout\/#breadcrumb","itemListElement":[{"@type":"ListItem","position":1,"name":"In\u00edcio","item":"https:\/\/www.em.com.br\/emfoco\/"},{"@type":"ListItem","position":2,"name":"A lei agora protege a sa\u00fade mental do trabalhador e pode garantir at\u00e9 indeniza\u00e7\u00e3o em caso de Burnout"}]},{"@type":"WebSite","@id":"https:\/\/www.em.com.br\/emfoco\/#website","url":"https:\/\/www.em.com.br\/emfoco\/","name":"Estado de Minas - Em foco","description":"Acompanhe as \u00faltimas not\u00edcias e fique bem informado sobre tudo o que acontece em Minas Gerais, Brasil e no mundo.","potentialAction":[{"@type":"SearchAction","target":{"@type":"EntryPoint","urlTemplate":"https:\/\/www.em.com.br\/emfoco\/?s={search_term_string}"},"query-input":{"@type":"PropertyValueSpecification","valueRequired":true,"valueName":"search_term_string"}}],"inLanguage":"pt-BR"},{"@type":"Person","@id":"https:\/\/www.em.com.br\/emfoco\/#\/schema\/person\/1c9ddeab18b98abeffef834667bcf08a","name":"Gabriel Martins","image":{"@type":"ImageObject","inLanguage":"pt-BR","@id":"https:\/\/www.em.com.br\/emfoco\/#\/schema\/person\/image\/","url":"https:\/\/secure.gravatar.com\/avatar\/f0f1e2efdfd88f1ad2cb08c5c2731e50?s=96&d=mm&r=g","contentUrl":"https:\/\/secure.gravatar.com\/avatar\/f0f1e2efdfd88f1ad2cb08c5c2731e50?s=96&d=mm&r=g","caption":"Gabriel Martins"},"sameAs":["https:\/\/www.em.com.br\/emfoco\/"],"url":"https:\/\/www.em.com.br\/emfoco\/author\/gabrielmartinsmyth\/"}]}},"_links":{"self":[{"href":"https:\/\/www.em.com.br\/emfoco\/wp-json\/wp\/v2\/posts\/152372","targetHints":{"allow":["GET"]}}],"collection":[{"href":"https:\/\/www.em.com.br\/emfoco\/wp-json\/wp\/v2\/posts"}],"about":[{"href":"https:\/\/www.em.com.br\/emfoco\/wp-json\/wp\/v2\/types\/post"}],"author":[{"embeddable":true,"href":"https:\/\/www.em.com.br\/emfoco\/wp-json\/wp\/v2\/users\/13"}],"replies":[{"embeddable":true,"href":"https:\/\/www.em.com.br\/emfoco\/wp-json\/wp\/v2\/comments?post=152372"}],"version-history":[{"count":1,"href":"https:\/\/www.em.com.br\/emfoco\/wp-json\/wp\/v2\/posts\/152372\/revisions"}],"predecessor-version":[{"id":152464,"href":"https:\/\/www.em.com.br\/emfoco\/wp-json\/wp\/v2\/posts\/152372\/revisions\/152464"}],"wp:featuredmedia":[{"embeddable":true,"href":"https:\/\/www.em.com.br\/emfoco\/wp-json\/wp\/v2\/media\/152461"}],"wp:attachment":[{"href":"https:\/\/www.em.com.br\/emfoco\/wp-json\/wp\/v2\/media?parent=152372"}],"wp:term":[{"taxonomy":"category","embeddable":true,"href":"https:\/\/www.em.com.br\/emfoco\/wp-json\/wp\/v2\/categories?post=152372"},{"taxonomy":"post_tag","embeddable":true,"href":"https:\/\/www.em.com.br\/emfoco\/wp-json\/wp\/v2\/tags?post=152372"}],"curies":[{"name":"wp","href":"https:\/\/api.w.org\/{rel}","templated":true}]}}