{"id":152365,"date":"2026-01-11T07:45:00","date_gmt":"2026-01-11T10:45:00","guid":{"rendered":"https:\/\/www.em.com.br\/emfoco\/?p=152365"},"modified":"2026-01-08T14:16:59","modified_gmt":"2026-01-08T17:16:59","slug":"voce-pode-ter-perdido-parte-do-seu-beneficio-e-nem-percebeu-os-descontos-escondidos-no-extrato-do-inss","status":"publish","type":"post","link":"https:\/\/www.em.com.br\/emfoco\/2026\/01\/11\/voce-pode-ter-perdido-parte-do-seu-beneficio-e-nem-percebeu-os-descontos-escondidos-no-extrato-do-inss\/","title":{"rendered":"Voc\u00ea pode ter perdido parte do seu benef\u00edcio e nem percebeu os descontos escondidos no extrato do INSS"},"content":{"rendered":"\n<h2 class=\"wp-block-heading\">Em 2026, o governo cancelou descontos indevidos no INSS e garantiu devolu\u00e7\u00e3o direta na folha para aposentados, pensionistas e BPC. Cobran\u00e7as sem autoriza\u00e7\u00e3o somaram R$ 6,3 bilh\u00f5es e agora podem ser exclu\u00eddas pelo Meu INSS.<\/h2>\n\n\n\n<p>O governo federal anunciou medidas para encerrar os <strong>descontos indevidos no INSS<\/strong> que atingiram aposentados e pensionistas nos \u00faltimos anos. As cobran\u00e7as n\u00e3o autorizadas ser\u00e3o canceladas e os valores retirados sem consentimento ser\u00e3o devolvidos diretamente na folha de pagamento em 2026.<\/p>\n\n\n\n<h2 class=\"wp-block-heading\">Por que aposentados tinham descontos sem nunca autorizar?<\/h2>\n\n\n\n<p>Durante anos, mensalidades de associa\u00e7\u00f5es e sindicatos foram descontadas automaticamente dos benef\u00edcios, muitas vezes sem qualquer autoriza\u00e7\u00e3o v\u00e1lida. Esses valores variavam entre R$ 10 e R$ 100 e afetavam principalmente quem recebe <strong>um sal\u00e1rio m\u00ednimo<\/strong>, comprometendo o or\u00e7amento mensal.<\/p>\n\n\n\n<p>Segundo estimativas oficiais, essas cobran\u00e7as irregulares geraram um preju\u00edzo de <strong>R$ 6,3 bilh\u00f5es<\/strong>. Em um cen\u00e1rio de infla\u00e7\u00e3o elevada, a perda recorrente reduziu a capacidade de pagamento de despesas b\u00e1sicas, como alimenta\u00e7\u00e3o, rem\u00e9dios e contas dom\u00e9sticas.<\/p>\n\n\n\n<p>Confira o v\u00eddeo compartilhado pelo canal do YouTube <strong><a href=\"https:\/\/www.youtube.com\/@andrebeschizza\" target=\"_blank\" rel=\"noreferrer noopener\">Andr\u00e9 Beschizza<\/a><\/strong> falando sobre o fim dos descontos indevidos do INSS para 2026 e como receber ele de novo.<\/p>\n\n\n\n<figure class=\"wp-block-embed is-type-video is-provider-youtube wp-block-embed-youtube wp-embed-aspect-16-9 wp-has-aspect-ratio\"><div class=\"wp-block-embed__wrapper\">\n<div class=\"jeg_video_container jeg_video_content\"><iframe loading=\"lazy\" title=\"FIM DOS DESCONTOS NO INSS? VEJA COMO RECEBER DE VOLTA!\" width=\"500\" height=\"281\" src=\"https:\/\/www.youtube.com\/embed\/gdE2HCFqd5Y?feature=oembed\" frameborder=\"0\" allow=\"accelerometer; autoplay; clipboard-write; encrypted-media; gyroscope; picture-in-picture; web-share\" referrerpolicy=\"strict-origin-when-cross-origin\" allowfullscreen><\/iframe><\/div>\n<\/div><\/figure>\n\n\n\n<h2 class=\"wp-block-heading\">Como cancelar os descontos indevidos pelo Meu INSS?<\/h2>\n\n\n\n<p>O cancelamento pode ser feito sem sair de casa, utilizando apenas os canais oficiais do INSS. O procedimento \u00e9 simples e permite interromper imediatamente cobran\u00e7as n\u00e3o reconhecidas, desde que o segurado siga corretamente as etapas dispon\u00edveis no sistema, conforme listado a seguir.<\/p>\n\n\n\n<ul class=\"wp-block-list\">\n<li>Acesso ao sistema: entrada no site ou aplicativo Meu INSS com login Gov.br<\/li>\n\n\n\n<li>Busca do servi\u00e7o: digita\u00e7\u00e3o da op\u00e7\u00e3o \u201cExcluir mensalidade\u201d na barra de pesquisa<\/li>\n\n\n\n<li>Confirma\u00e7\u00e3o do pedido: sele\u00e7\u00e3o do benef\u00edcio afetado e envio da solicita\u00e7\u00e3o<\/li>\n<\/ul>\n\n\n\n<p><em>Leia mais: <strong><a href=\"https:\/\/www.em.com.br\/emfoco\/2026\/01\/08\/atencao-aposentados-margem-consignavel-aumentou-e-ja-permite-contratacao-antecipada-de-emprestimos-em-2026\/\" target=\"_blank\" rel=\"noreferrer noopener\">Aten\u00e7\u00e3o aposentados: margem consign\u00e1vel aumentou e j\u00e1 permite contrata\u00e7\u00e3o antecipada de empr\u00e9stimos em 2026<\/a><\/strong><\/em><\/p>\n\n\n\n<h2 class=\"wp-block-heading\">Como funciona a devolu\u00e7\u00e3o do dinheiro descontado?<\/h2>\n\n\n\n<p>O governo confirmou que haver\u00e1 <strong>ressarcimento dos valores indevidos<\/strong>. A devolu\u00e7\u00e3o ser\u00e1 feita de forma administrativa, sem necessidade de a\u00e7\u00e3o judicial inicial, desde que o desconto seja comprovadamente irregular e j\u00e1 tenha sido cancelado pelo benefici\u00e1rio.<\/p>\n\n\n\n<p>Os valores ser\u00e3o pagos diretamente na <strong>folha de pagamento do benef\u00edcio<\/strong>, sem uso de PIX ou dep\u00f3sitos externos. At\u00e9 o momento, n\u00e3o h\u00e1 defini\u00e7\u00e3o oficial sobre corre\u00e7\u00e3o monet\u00e1ria ou aplica\u00e7\u00e3o de juros sobre os valores retidos ao longo dos anos.<\/p>\n\n\n\n<figure class=\"wp-block-image size-large\"><img loading=\"lazy\" decoding=\"async\" width=\"1024\" height=\"576\" src=\"https:\/\/www.em.com.br\/emfoco\/wp-content\/uploads\/2026\/01\/IA-3-33-1024x576.jpg\" alt=\"Voc\u00ea pode ter perdido parte do seu benef\u00edcio e nem percebeu os descontos escondidos no extrato do INSS\" class=\"wp-image-152425\" srcset=\"https:\/\/www.em.com.br\/emfoco\/wp-content\/uploads\/2026\/01\/IA-3-33-1024x576.jpg 1024w, https:\/\/www.em.com.br\/emfoco\/wp-content\/uploads\/2026\/01\/IA-3-33-300x169.jpg 300w, https:\/\/www.em.com.br\/emfoco\/wp-content\/uploads\/2026\/01\/IA-3-33-768x432.jpg 768w, https:\/\/www.em.com.br\/emfoco\/wp-content\/uploads\/2026\/01\/IA-3-33-750x422.jpg 750w, https:\/\/www.em.com.br\/emfoco\/wp-content\/uploads\/2026\/01\/IA-3-33-1140x641.jpg 1140w, https:\/\/www.em.com.br\/emfoco\/wp-content\/uploads\/2026\/01\/IA-3-33.jpg 1280w\" sizes=\"auto, (max-width: 1024px) 100vw, 1024px\" \/><figcaption class=\"wp-element-caption\">Devolu\u00e7\u00e3o ocorrer\u00e1 direto na folha, sem a\u00e7\u00e3o judicial inicial<\/figcaption><\/figure>\n\n\n\n<h2 class=\"wp-block-heading\">Quais cuidados evitam novos golpes ligados ao ressarcimento?<\/h2>\n\n\n\n<p>Com a divulga\u00e7\u00e3o da devolu\u00e7\u00e3o, surgiram tentativas de golpe direcionadas a aposentados. Criminosos se aproveitam da expectativa pelo dinheiro para obter dados pessoais ou pagamentos indevidos. Entre os principais cuidados que devem ser observados est\u00e3o os seguintes.<\/p>\n\n\n\n<ul class=\"wp-block-list\">\n<li>Token de seguran\u00e7a: nunca informar c\u00f3digos recebidos por SMS ou aplicativo<\/li>\n\n\n\n<li>Contato telef\u00f4nico: o INSS n\u00e3o liga solicitando dados pessoais ou banc\u00e1rios<\/li>\n\n\n\n<li>Falsos advogados: desconfian\u00e7a de pedidos de pagamento antecipado para libera\u00e7\u00e3o<\/li>\n<\/ul>\n\n\n\n<h2 class=\"wp-block-heading\">Quem mais tem direito \u00e0 devolu\u00e7\u00e3o dos descontos?<\/h2>\n\n\n\n<p>Al\u00e9m de aposentados e pensionistas, benefici\u00e1rios do <strong>BPC\/LOAS<\/strong> tamb\u00e9m podem ter sofrido descontos indevidos e possuem o mesmo direito de cancelamento e ressarcimento garantido pelas novas regras adotadas pelo INSS.<\/p>\n\n\n\n<p>Do ponto de vista jur\u00eddico, o segurado pode pedir a devolu\u00e7\u00e3o de valores descontados nos <strong>\u00faltimos cinco anos<\/strong>. Caso o ressarcimento administrativo n\u00e3o cubra todo o per\u00edodo, ainda \u00e9 poss\u00edvel buscar a diferen\u00e7a nos Juizados Especiais Federais.<\/p>\n","protected":false},"excerpt":{"rendered":"<p>Em 2026, o governo cancelou descontos indevidos no INSS e garantiu devolu\u00e7\u00e3o direta na folha para aposentados, pensionistas e BPC. Cobran\u00e7as sem autoriza\u00e7\u00e3o somaram R$ 6,3 bilh\u00f5es e agora podem ser exclu\u00eddas pelo Meu INSS. O governo federal anunciou medidas para encerrar os descontos indevidos no INSS que atingiram aposentados e pensionistas nos \u00faltimos anos. [&hellip;]<\/p>\n","protected":false},"author":13,"featured_media":152424,"comment_status":"open","ping_status":"open","sticky":false,"template":"","format":"standard","meta":{"jnews-multi-image_gallery":[],"jnews_single_post":{"format":"standard"},"jnews_primary_category":[],"jnews_social_meta":[],"jnews_override_counter":[],"footnotes":""},"categories":[28],"tags":[1540,649,174],"class_list":["post-152365","post","type-post","status-publish","format-standard","has-post-thumbnail","hentry","category-economia","tag-descontos-indevidos","tag-devolucao","tag-inss"],"yoast_head":"<!-- This site is optimized with the Yoast SEO plugin v23.8 - https:\/\/yoast.com\/wordpress\/plugins\/seo\/ -->\n<title>Voc\u00ea pode ter perdido parte do seu benef\u00edcio e nem percebeu os descontos escondidos no extrato do INSS - Estado de Minas - Em foco<\/title>\n<meta name=\"description\" content=\"Aposentados ter\u00e3o valores devolvidos em 2026 ap\u00f3s descontos indevidos no INSS. Veja como cancelar e pedir ressarcimento.\" \/>\n<meta name=\"robots\" content=\"index, follow, max-snippet:-1, max-image-preview:large, max-video-preview:-1\" \/>\n<link rel=\"canonical\" href=\"https:\/\/www.em.com.br\/emfoco\/2026\/01\/11\/voce-pode-ter-perdido-parte-do-seu-beneficio-e-nem-percebeu-os-descontos-escondidos-no-extrato-do-inss\/\" \/>\n<meta property=\"og:locale\" content=\"pt_BR\" \/>\n<meta property=\"og:type\" content=\"article\" \/>\n<meta property=\"og:title\" content=\"Voc\u00ea pode ter perdido parte do seu benef\u00edcio e nem percebeu os descontos escondidos no extrato do INSS - Estado de Minas - Em foco\" \/>\n<meta property=\"og:description\" content=\"Aposentados ter\u00e3o valores devolvidos em 2026 ap\u00f3s descontos indevidos no INSS. Veja como cancelar e pedir ressarcimento.\" \/>\n<meta property=\"og:url\" content=\"https:\/\/www.em.com.br\/emfoco\/2026\/01\/11\/voce-pode-ter-perdido-parte-do-seu-beneficio-e-nem-percebeu-os-descontos-escondidos-no-extrato-do-inss\/\" \/>\n<meta property=\"og:site_name\" content=\"Estado de Minas - Em foco\" \/>\n<meta property=\"article:published_time\" content=\"2026-01-11T10:45:00+00:00\" \/>\n<meta property=\"article:modified_time\" content=\"2026-01-08T17:16:59+00:00\" \/>\n<meta property=\"og:image\" content=\"https:\/\/www.em.com.br\/emfoco\/wp-content\/uploads\/2026\/01\/IA-2-33.jpg\" \/>\n\t<meta property=\"og:image:width\" content=\"1280\" \/>\n\t<meta property=\"og:image:height\" content=\"720\" \/>\n\t<meta property=\"og:image:type\" content=\"image\/jpeg\" \/>\n<meta name=\"author\" content=\"Gabriel Martins\" \/>\n<meta name=\"twitter:card\" content=\"summary_large_image\" \/>\n<meta name=\"twitter:label1\" content=\"Escrito por\" \/>\n\t<meta name=\"twitter:data1\" content=\"Gabriel Martins\" \/>\n\t<meta name=\"twitter:label2\" content=\"Est. tempo de leitura\" \/>\n\t<meta name=\"twitter:data2\" content=\"4 minutos\" \/>\n<!-- \/ Yoast SEO plugin. -->","yoast_head_json":{"title":"Voc\u00ea pode ter perdido parte do seu benef\u00edcio e nem percebeu os descontos escondidos no extrato do INSS - Estado de Minas - Em foco","description":"Aposentados ter\u00e3o valores devolvidos em 2026 ap\u00f3s descontos indevidos no INSS. Veja como cancelar e pedir ressarcimento.","robots":{"index":"index","follow":"follow","max-snippet":"max-snippet:-1","max-image-preview":"max-image-preview:large","max-video-preview":"max-video-preview:-1"},"canonical":"https:\/\/www.em.com.br\/emfoco\/2026\/01\/11\/voce-pode-ter-perdido-parte-do-seu-beneficio-e-nem-percebeu-os-descontos-escondidos-no-extrato-do-inss\/","og_locale":"pt_BR","og_type":"article","og_title":"Voc\u00ea pode ter perdido parte do seu benef\u00edcio e nem percebeu os descontos escondidos no extrato do INSS - Estado de Minas - Em foco","og_description":"Aposentados ter\u00e3o valores devolvidos em 2026 ap\u00f3s descontos indevidos no INSS. Veja como cancelar e pedir ressarcimento.","og_url":"https:\/\/www.em.com.br\/emfoco\/2026\/01\/11\/voce-pode-ter-perdido-parte-do-seu-beneficio-e-nem-percebeu-os-descontos-escondidos-no-extrato-do-inss\/","og_site_name":"Estado de Minas - Em foco","article_published_time":"2026-01-11T10:45:00+00:00","article_modified_time":"2026-01-08T17:16:59+00:00","og_image":[{"width":1280,"height":720,"url":"https:\/\/www.em.com.br\/emfoco\/wp-content\/uploads\/2026\/01\/IA-2-33.jpg","type":"image\/jpeg"}],"author":"Gabriel Martins","twitter_card":"summary_large_image","twitter_misc":{"Escrito por":"Gabriel Martins","Est. tempo de leitura":"4 minutos"},"schema":{"@context":"https:\/\/schema.org","@graph":[{"@type":"WebPage","@id":"https:\/\/www.em.com.br\/emfoco\/2026\/01\/11\/voce-pode-ter-perdido-parte-do-seu-beneficio-e-nem-percebeu-os-descontos-escondidos-no-extrato-do-inss\/","url":"https:\/\/www.em.com.br\/emfoco\/2026\/01\/11\/voce-pode-ter-perdido-parte-do-seu-beneficio-e-nem-percebeu-os-descontos-escondidos-no-extrato-do-inss\/","name":"Voc\u00ea pode ter perdido parte do seu benef\u00edcio e nem percebeu os descontos escondidos no extrato do INSS - Estado de Minas - Em foco","isPartOf":{"@id":"https:\/\/www.em.com.br\/emfoco\/#website"},"primaryImageOfPage":{"@id":"https:\/\/www.em.com.br\/emfoco\/2026\/01\/11\/voce-pode-ter-perdido-parte-do-seu-beneficio-e-nem-percebeu-os-descontos-escondidos-no-extrato-do-inss\/#primaryimage"},"image":{"@id":"https:\/\/www.em.com.br\/emfoco\/2026\/01\/11\/voce-pode-ter-perdido-parte-do-seu-beneficio-e-nem-percebeu-os-descontos-escondidos-no-extrato-do-inss\/#primaryimage"},"thumbnailUrl":"https:\/\/www.em.com.br\/emfoco\/wp-content\/uploads\/2026\/01\/IA-2-33.jpg","datePublished":"2026-01-11T10:45:00+00:00","dateModified":"2026-01-08T17:16:59+00:00","author":{"@id":"https:\/\/www.em.com.br\/emfoco\/#\/schema\/person\/1c9ddeab18b98abeffef834667bcf08a"},"description":"Aposentados ter\u00e3o valores devolvidos em 2026 ap\u00f3s descontos indevidos no INSS. Veja como cancelar e pedir ressarcimento.","breadcrumb":{"@id":"https:\/\/www.em.com.br\/emfoco\/2026\/01\/11\/voce-pode-ter-perdido-parte-do-seu-beneficio-e-nem-percebeu-os-descontos-escondidos-no-extrato-do-inss\/#breadcrumb"},"inLanguage":"pt-BR","potentialAction":[{"@type":"ReadAction","target":["https:\/\/www.em.com.br\/emfoco\/2026\/01\/11\/voce-pode-ter-perdido-parte-do-seu-beneficio-e-nem-percebeu-os-descontos-escondidos-no-extrato-do-inss\/"]}]},{"@type":"ImageObject","inLanguage":"pt-BR","@id":"https:\/\/www.em.com.br\/emfoco\/2026\/01\/11\/voce-pode-ter-perdido-parte-do-seu-beneficio-e-nem-percebeu-os-descontos-escondidos-no-extrato-do-inss\/#primaryimage","url":"https:\/\/www.em.com.br\/emfoco\/wp-content\/uploads\/2026\/01\/IA-2-33.jpg","contentUrl":"https:\/\/www.em.com.br\/emfoco\/wp-content\/uploads\/2026\/01\/IA-2-33.jpg","width":1280,"height":720,"caption":"Governo encerra descontos indevidos e garante devolu\u00e7\u00e3o autom\u00e1tica em 2026"},{"@type":"BreadcrumbList","@id":"https:\/\/www.em.com.br\/emfoco\/2026\/01\/11\/voce-pode-ter-perdido-parte-do-seu-beneficio-e-nem-percebeu-os-descontos-escondidos-no-extrato-do-inss\/#breadcrumb","itemListElement":[{"@type":"ListItem","position":1,"name":"In\u00edcio","item":"https:\/\/www.em.com.br\/emfoco\/"},{"@type":"ListItem","position":2,"name":"Voc\u00ea pode ter perdido parte do seu benef\u00edcio e nem percebeu os descontos escondidos no extrato do INSS"}]},{"@type":"WebSite","@id":"https:\/\/www.em.com.br\/emfoco\/#website","url":"https:\/\/www.em.com.br\/emfoco\/","name":"Estado de Minas - Em foco","description":"Acompanhe as \u00faltimas not\u00edcias e fique bem informado sobre tudo o que acontece em Minas Gerais, Brasil e no mundo.","potentialAction":[{"@type":"SearchAction","target":{"@type":"EntryPoint","urlTemplate":"https:\/\/www.em.com.br\/emfoco\/?s={search_term_string}"},"query-input":{"@type":"PropertyValueSpecification","valueRequired":true,"valueName":"search_term_string"}}],"inLanguage":"pt-BR"},{"@type":"Person","@id":"https:\/\/www.em.com.br\/emfoco\/#\/schema\/person\/1c9ddeab18b98abeffef834667bcf08a","name":"Gabriel Martins","image":{"@type":"ImageObject","inLanguage":"pt-BR","@id":"https:\/\/www.em.com.br\/emfoco\/#\/schema\/person\/image\/","url":"https:\/\/secure.gravatar.com\/avatar\/f0f1e2efdfd88f1ad2cb08c5c2731e50?s=96&d=mm&r=g","contentUrl":"https:\/\/secure.gravatar.com\/avatar\/f0f1e2efdfd88f1ad2cb08c5c2731e50?s=96&d=mm&r=g","caption":"Gabriel Martins"},"sameAs":["https:\/\/www.em.com.br\/emfoco\/"],"url":"https:\/\/www.em.com.br\/emfoco\/author\/gabrielmartinsmyth\/"}]}},"_links":{"self":[{"href":"https:\/\/www.em.com.br\/emfoco\/wp-json\/wp\/v2\/posts\/152365","targetHints":{"allow":["GET"]}}],"collection":[{"href":"https:\/\/www.em.com.br\/emfoco\/wp-json\/wp\/v2\/posts"}],"about":[{"href":"https:\/\/www.em.com.br\/emfoco\/wp-json\/wp\/v2\/types\/post"}],"author":[{"embeddable":true,"href":"https:\/\/www.em.com.br\/emfoco\/wp-json\/wp\/v2\/users\/13"}],"replies":[{"embeddable":true,"href":"https:\/\/www.em.com.br\/emfoco\/wp-json\/wp\/v2\/comments?post=152365"}],"version-history":[{"count":1,"href":"https:\/\/www.em.com.br\/emfoco\/wp-json\/wp\/v2\/posts\/152365\/revisions"}],"predecessor-version":[{"id":152426,"href":"https:\/\/www.em.com.br\/emfoco\/wp-json\/wp\/v2\/posts\/152365\/revisions\/152426"}],"wp:featuredmedia":[{"embeddable":true,"href":"https:\/\/www.em.com.br\/emfoco\/wp-json\/wp\/v2\/media\/152424"}],"wp:attachment":[{"href":"https:\/\/www.em.com.br\/emfoco\/wp-json\/wp\/v2\/media?parent=152365"}],"wp:term":[{"taxonomy":"category","embeddable":true,"href":"https:\/\/www.em.com.br\/emfoco\/wp-json\/wp\/v2\/categories?post=152365"},{"taxonomy":"post_tag","embeddable":true,"href":"https:\/\/www.em.com.br\/emfoco\/wp-json\/wp\/v2\/tags?post=152365"}],"curies":[{"name":"wp","href":"https:\/\/api.w.org\/{rel}","templated":true}]}}