{"id":152272,"date":"2026-01-10T20:25:00","date_gmt":"2026-01-10T23:25:00","guid":{"rendered":"https:\/\/www.em.com.br\/emfoco\/?p=152272"},"modified":"2026-01-08T12:28:37","modified_gmt":"2026-01-08T15:28:37","slug":"aposentados-tem-ate-14-de-fevereiro-para-reaver-dinheiro-descontado-indevidamente-ou-podem-perder-tudo","status":"publish","type":"post","link":"https:\/\/www.em.com.br\/emfoco\/2026\/01\/10\/aposentados-tem-ate-14-de-fevereiro-para-reaver-dinheiro-descontado-indevidamente-ou-podem-perder-tudo\/","title":{"rendered":"Aposentados t\u00eam at\u00e9 14 de fevereiro para reaver dinheiro descontado indevidamente ou podem perder tudo"},"content":{"rendered":"\n<h2 class=\"wp-block-heading\">Aposentados, pensionistas e servidores podem pedir at\u00e9 14 de fevereiro de 2026 a devolu\u00e7\u00e3o administrativa de descontos indevidos. Ap\u00f3s o prazo, o ressarcimento s\u00f3 ocorre via Justi\u00e7a, com mais demora e burocracia.<\/h2>\n\n\n\n<p>Aposentados, pensionistas e servidores precisam ficar atentos ao <strong>ressarcimento de descontos indevidos<\/strong>. O prazo para solicitar a devolu\u00e7\u00e3o administrativa de valores cobrados sem autoriza\u00e7\u00e3o termina em 14 de fevereiro de 2026, segundo regras definidas pelo governo federal.<\/p>\n\n\n\n<h2 class=\"wp-block-heading\">Por que o prazo de 14 de fevereiro \u00e9 t\u00e3o importante?<\/h2>\n\n\n\n<p>O <strong>prazo final de 14 de fevereiro<\/strong> marca o encerramento do pedido simplificado de devolu\u00e7\u00e3o pelos canais oficiais. At\u00e9 essa data, o segurado pode solicitar o ressarcimento sem custos, evitando processos longos e mais burocr\u00e1ticos.<\/p>\n\n\n\n<p>Ap\u00f3s o fim do prazo, a recupera\u00e7\u00e3o dos valores descontados tende a exigir <strong>a\u00e7\u00f5es judiciais<\/strong>, normalmente nos Juizados Especiais C\u00edveis. Isso pode atrasar a devolu\u00e7\u00e3o do dinheiro e gerar desgaste adicional para aposentados e servidores.<\/p>\n\n\n\n<figure class=\"wp-block-image size-large\"><img loading=\"lazy\" decoding=\"async\" width=\"1024\" height=\"576\" src=\"https:\/\/www.em.com.br\/emfoco\/wp-content\/uploads\/2026\/01\/IA-1-32-1024x576.jpg\" alt=\"Aposentados t\u00eam at\u00e9 14 de fevereiro para reaver dinheiro descontado indevidamente ou podem perder tudo\" class=\"wp-image-152305\" srcset=\"https:\/\/www.em.com.br\/emfoco\/wp-content\/uploads\/2026\/01\/IA-1-32-1024x576.jpg 1024w, https:\/\/www.em.com.br\/emfoco\/wp-content\/uploads\/2026\/01\/IA-1-32-300x169.jpg 300w, https:\/\/www.em.com.br\/emfoco\/wp-content\/uploads\/2026\/01\/IA-1-32-768x432.jpg 768w, https:\/\/www.em.com.br\/emfoco\/wp-content\/uploads\/2026\/01\/IA-1-32-750x422.jpg 750w, https:\/\/www.em.com.br\/emfoco\/wp-content\/uploads\/2026\/01\/IA-1-32-1140x641.jpg 1140w, https:\/\/www.em.com.br\/emfoco\/wp-content\/uploads\/2026\/01\/IA-1-32.jpg 1280w\" sizes=\"auto, (max-width: 1024px) 100vw, 1024px\" \/><figcaption class=\"wp-element-caption\">Data limite evita judicializa\u00e7\u00e3o e reduz burocracia para segurados<\/figcaption><\/figure>\n\n\n\n<h2 class=\"wp-block-heading\">Como identificar descontos indevidos no benef\u00edcio?<\/h2>\n\n\n\n<p>Muitos descontos irregulares passam despercebidos porque os valores s\u00e3o baixos, geralmente entre R$ 30 e R$ 80. Para confirmar se h\u00e1 cobran\u00e7a n\u00e3o autorizada, o benefici\u00e1rio deve seguir etapas simples, que voc\u00ea confere a seguir.<\/p>\n\n\n\n<ul class=\"wp-block-list\">\n<li>Acesso ao Meu INSS: consultar o aplicativo ou site oficial com login do Gov.br.<\/li>\n\n\n\n<li>Extrato de pagamento: emitir o hist\u00f3rico detalhado dos cr\u00e9ditos recebidos.<\/li>\n\n\n\n<li>C\u00f3digos suspeitos: verificar contribui\u00e7\u00f5es ou mensalidades n\u00e3o reconhecidas.<\/li>\n<\/ul>\n\n\n\n<p><em>Leia mais: <strong><a href=\"https:\/\/www.em.com.br\/emfoco\/2026\/01\/08\/segundo-a-nova-lei-os-viuvos-nao-receberao-os-bens-mesmo-que-o-testamento-diga-o-contrario\/\" target=\"_blank\" rel=\"noreferrer noopener\">Segundo a nova Lei, os vi\u00favos n\u00e3o receber\u00e3o os bens, mesmo que o testamento diga o contr\u00e1rio<\/a><\/strong><\/em><\/p>\n\n\n\n<h2 class=\"wp-block-heading\">O que acontece se o pedido n\u00e3o for feito at\u00e9 a data limite?<\/h2>\n\n\n\n<p>Quem perde o prazo administrativo ainda mant\u00e9m o <strong>direito ao ressarcimento<\/strong>, mas o caminho se torna mais complexo. Ser\u00e1 necess\u00e1rio buscar a Justi\u00e7a, o que pode levar meses at\u00e9 a conclus\u00e3o do processo.<\/p>\n\n\n\n<p>Nesses casos, entram em cena pedidos como a <strong>a\u00e7\u00e3o de repeti\u00e7\u00e3o de ind\u00e9bito<\/strong>, que permite cobrar valores pagos indevidamente. Em 2026, muitos processos tamb\u00e9m incluem indeniza\u00e7\u00e3o por danos morais.<\/p>\n\n\n\n<figure class=\"wp-block-image size-large\"><img loading=\"lazy\" decoding=\"async\" width=\"1024\" height=\"576\" src=\"https:\/\/www.em.com.br\/emfoco\/wp-content\/uploads\/2026\/01\/IA-3-31-1024x576.jpg\" alt=\"Aposentados t\u00eam at\u00e9 14 de fevereiro para reaver dinheiro descontado indevidamente ou podem perder tudo\" class=\"wp-image-152310\" srcset=\"https:\/\/www.em.com.br\/emfoco\/wp-content\/uploads\/2026\/01\/IA-3-31-1024x576.jpg 1024w, https:\/\/www.em.com.br\/emfoco\/wp-content\/uploads\/2026\/01\/IA-3-31-300x169.jpg 300w, https:\/\/www.em.com.br\/emfoco\/wp-content\/uploads\/2026\/01\/IA-3-31-768x432.jpg 768w, https:\/\/www.em.com.br\/emfoco\/wp-content\/uploads\/2026\/01\/IA-3-31-750x422.jpg 750w, https:\/\/www.em.com.br\/emfoco\/wp-content\/uploads\/2026\/01\/IA-3-31-1140x641.jpg 1140w, https:\/\/www.em.com.br\/emfoco\/wp-content\/uploads\/2026\/01\/IA-3-31.jpg 1280w\" sizes=\"auto, (max-width: 1024px) 100vw, 1024px\" \/><figcaption class=\"wp-element-caption\">Perda do prazo exige a\u00e7\u00e3o judicial mais lenta e complexa<\/figcaption><\/figure>\n\n\n\n<h2 class=\"wp-block-heading\">Quais direitos garantem a devolu\u00e7\u00e3o dos valores?<\/h2>\n\n\n\n<p>A legisla\u00e7\u00e3o brasileira protege o consumidor contra cobran\u00e7as irregulares. O <a href=\"https:\/\/www.gov.br\/mj\/pt-br\/assuntos\/seus-direitos\/consumidor\/Anexos\/cdc-portugues-2013.pdf\" target=\"_blank\" rel=\"noreferrer noopener\"><strong>C\u00f3digo de Defesa do Consumidor<\/strong> <\/a>assegura mecanismos que fortalecem o pedido de devolu\u00e7\u00e3o, conforme os pontos pr\u00e1ticos listados abaixo.<\/p>\n\n\n\n<ul class=\"wp-block-list\">\n<li>Devolu\u00e7\u00e3o em dobro: valor cobrado indevidamente pode ser restitu\u00eddo em dobro.<\/li>\n\n\n\n<li>Corre\u00e7\u00e3o e juros: soma acrescida de atualiza\u00e7\u00e3o monet\u00e1ria e juros legais.<\/li>\n\n\n\n<li>Prova documental: extratos servem como evid\u00eancia do desconto irregular.<\/li>\n<\/ul>\n\n\n\n<p>Mesmo com esses direitos, especialistas alertam que agir antes do prazo facilita a vida do segurado. Solicitar o ressarcimento at\u00e9 14 de fevereiro aumenta as chances de receber rapidamente e evita complica\u00e7\u00f5es futuras no or\u00e7amento dom\u00e9stico.<\/p>\n","protected":false},"excerpt":{"rendered":"<p>Aposentados, pensionistas e servidores podem pedir at\u00e9 14 de fevereiro de 2026 a devolu\u00e7\u00e3o administrativa de descontos indevidos. Ap\u00f3s o prazo, o ressarcimento s\u00f3 ocorre via Justi\u00e7a, com mais demora e burocracia. Aposentados, pensionistas e servidores precisam ficar atentos ao ressarcimento de descontos indevidos. O prazo para solicitar a devolu\u00e7\u00e3o administrativa de valores cobrados sem [&hellip;]<\/p>\n","protected":false},"author":13,"featured_media":152307,"comment_status":"open","ping_status":"open","sticky":false,"template":"","format":"standard","meta":{"jnews-multi-image_gallery":[],"jnews_single_post":{"format":"standard"},"jnews_primary_category":[],"jnews_social_meta":[],"jnews_override_counter":[],"footnotes":""},"categories":[28],"tags":[21173,1540,174],"class_list":["post-152272","post","type-post","status-publish","format-standard","has-post-thumbnail","hentry","category-economia","tag-descontos-do-inss","tag-descontos-indevidos","tag-inss"],"yoast_head":"<!-- This site is optimized with the Yoast SEO plugin v23.8 - https:\/\/yoast.com\/wordpress\/plugins\/seo\/ -->\n<title>Aposentados t\u00eam at\u00e9 14 de fevereiro para reaver dinheiro descontado indevidamente ou podem perder tudo - Estado de Minas - Em foco<\/title>\n<meta name=\"description\" content=\"Descontos indevidos est\u00e3o afetando aposentados e pensionistas. O prazo para pedir devolu\u00e7\u00e3o termina agora em 14\/02.\" \/>\n<meta name=\"robots\" content=\"index, follow, max-snippet:-1, max-image-preview:large, max-video-preview:-1\" \/>\n<link rel=\"canonical\" href=\"https:\/\/www.em.com.br\/emfoco\/2026\/01\/10\/aposentados-tem-ate-14-de-fevereiro-para-reaver-dinheiro-descontado-indevidamente-ou-podem-perder-tudo\/\" \/>\n<meta property=\"og:locale\" content=\"pt_BR\" \/>\n<meta property=\"og:type\" content=\"article\" \/>\n<meta property=\"og:title\" content=\"Aposentados t\u00eam at\u00e9 14 de fevereiro para reaver dinheiro descontado indevidamente ou podem perder tudo - Estado de Minas - Em foco\" \/>\n<meta property=\"og:description\" content=\"Descontos indevidos est\u00e3o afetando aposentados e pensionistas. O prazo para pedir devolu\u00e7\u00e3o termina agora em 14\/02.\" \/>\n<meta property=\"og:url\" content=\"https:\/\/www.em.com.br\/emfoco\/2026\/01\/10\/aposentados-tem-ate-14-de-fevereiro-para-reaver-dinheiro-descontado-indevidamente-ou-podem-perder-tudo\/\" \/>\n<meta property=\"og:site_name\" content=\"Estado de Minas - Em foco\" \/>\n<meta property=\"article:published_time\" content=\"2026-01-10T23:25:00+00:00\" \/>\n<meta property=\"article:modified_time\" content=\"2026-01-08T15:28:37+00:00\" \/>\n<meta property=\"og:image\" content=\"https:\/\/www.em.com.br\/emfoco\/wp-content\/uploads\/2026\/01\/IA-2-31.jpg\" \/>\n\t<meta property=\"og:image:width\" content=\"1280\" \/>\n\t<meta property=\"og:image:height\" content=\"720\" \/>\n\t<meta property=\"og:image:type\" content=\"image\/jpeg\" \/>\n<meta name=\"author\" content=\"Gabriel Martins\" \/>\n<meta name=\"twitter:card\" content=\"summary_large_image\" \/>\n<meta name=\"twitter:label1\" content=\"Escrito por\" \/>\n\t<meta name=\"twitter:data1\" content=\"Gabriel Martins\" \/>\n\t<meta name=\"twitter:label2\" content=\"Est. tempo de leitura\" \/>\n\t<meta name=\"twitter:data2\" content=\"4 minutos\" \/>\n<!-- \/ Yoast SEO plugin. -->","yoast_head_json":{"title":"Aposentados t\u00eam at\u00e9 14 de fevereiro para reaver dinheiro descontado indevidamente ou podem perder tudo - Estado de Minas - Em foco","description":"Descontos indevidos est\u00e3o afetando aposentados e pensionistas. O prazo para pedir devolu\u00e7\u00e3o termina agora em 14\/02.","robots":{"index":"index","follow":"follow","max-snippet":"max-snippet:-1","max-image-preview":"max-image-preview:large","max-video-preview":"max-video-preview:-1"},"canonical":"https:\/\/www.em.com.br\/emfoco\/2026\/01\/10\/aposentados-tem-ate-14-de-fevereiro-para-reaver-dinheiro-descontado-indevidamente-ou-podem-perder-tudo\/","og_locale":"pt_BR","og_type":"article","og_title":"Aposentados t\u00eam at\u00e9 14 de fevereiro para reaver dinheiro descontado indevidamente ou podem perder tudo - Estado de Minas - Em foco","og_description":"Descontos indevidos est\u00e3o afetando aposentados e pensionistas. O prazo para pedir devolu\u00e7\u00e3o termina agora em 14\/02.","og_url":"https:\/\/www.em.com.br\/emfoco\/2026\/01\/10\/aposentados-tem-ate-14-de-fevereiro-para-reaver-dinheiro-descontado-indevidamente-ou-podem-perder-tudo\/","og_site_name":"Estado de Minas - Em foco","article_published_time":"2026-01-10T23:25:00+00:00","article_modified_time":"2026-01-08T15:28:37+00:00","og_image":[{"width":1280,"height":720,"url":"https:\/\/www.em.com.br\/emfoco\/wp-content\/uploads\/2026\/01\/IA-2-31.jpg","type":"image\/jpeg"}],"author":"Gabriel Martins","twitter_card":"summary_large_image","twitter_misc":{"Escrito por":"Gabriel Martins","Est. tempo de leitura":"4 minutos"},"schema":{"@context":"https:\/\/schema.org","@graph":[{"@type":"WebPage","@id":"https:\/\/www.em.com.br\/emfoco\/2026\/01\/10\/aposentados-tem-ate-14-de-fevereiro-para-reaver-dinheiro-descontado-indevidamente-ou-podem-perder-tudo\/","url":"https:\/\/www.em.com.br\/emfoco\/2026\/01\/10\/aposentados-tem-ate-14-de-fevereiro-para-reaver-dinheiro-descontado-indevidamente-ou-podem-perder-tudo\/","name":"Aposentados t\u00eam at\u00e9 14 de fevereiro para reaver dinheiro descontado indevidamente ou podem perder tudo - Estado de Minas - Em foco","isPartOf":{"@id":"https:\/\/www.em.com.br\/emfoco\/#website"},"primaryImageOfPage":{"@id":"https:\/\/www.em.com.br\/emfoco\/2026\/01\/10\/aposentados-tem-ate-14-de-fevereiro-para-reaver-dinheiro-descontado-indevidamente-ou-podem-perder-tudo\/#primaryimage"},"image":{"@id":"https:\/\/www.em.com.br\/emfoco\/2026\/01\/10\/aposentados-tem-ate-14-de-fevereiro-para-reaver-dinheiro-descontado-indevidamente-ou-podem-perder-tudo\/#primaryimage"},"thumbnailUrl":"https:\/\/www.em.com.br\/emfoco\/wp-content\/uploads\/2026\/01\/IA-2-31.jpg","datePublished":"2026-01-10T23:25:00+00:00","dateModified":"2026-01-08T15:28:37+00:00","author":{"@id":"https:\/\/www.em.com.br\/emfoco\/#\/schema\/person\/1c9ddeab18b98abeffef834667bcf08a"},"description":"Descontos indevidos est\u00e3o afetando aposentados e pensionistas. O prazo para pedir devolu\u00e7\u00e3o termina agora em 14\/02.","breadcrumb":{"@id":"https:\/\/www.em.com.br\/emfoco\/2026\/01\/10\/aposentados-tem-ate-14-de-fevereiro-para-reaver-dinheiro-descontado-indevidamente-ou-podem-perder-tudo\/#breadcrumb"},"inLanguage":"pt-BR","potentialAction":[{"@type":"ReadAction","target":["https:\/\/www.em.com.br\/emfoco\/2026\/01\/10\/aposentados-tem-ate-14-de-fevereiro-para-reaver-dinheiro-descontado-indevidamente-ou-podem-perder-tudo\/"]}]},{"@type":"ImageObject","inLanguage":"pt-BR","@id":"https:\/\/www.em.com.br\/emfoco\/2026\/01\/10\/aposentados-tem-ate-14-de-fevereiro-para-reaver-dinheiro-descontado-indevidamente-ou-podem-perder-tudo\/#primaryimage","url":"https:\/\/www.em.com.br\/emfoco\/wp-content\/uploads\/2026\/01\/IA-2-31.jpg","contentUrl":"https:\/\/www.em.com.br\/emfoco\/wp-content\/uploads\/2026\/01\/IA-2-31.jpg","width":1280,"height":720,"caption":"Prazo administrativo garante ressarcimento r\u00e1pido de descontos indevidos at\u00e9 fevereiro"},{"@type":"BreadcrumbList","@id":"https:\/\/www.em.com.br\/emfoco\/2026\/01\/10\/aposentados-tem-ate-14-de-fevereiro-para-reaver-dinheiro-descontado-indevidamente-ou-podem-perder-tudo\/#breadcrumb","itemListElement":[{"@type":"ListItem","position":1,"name":"In\u00edcio","item":"https:\/\/www.em.com.br\/emfoco\/"},{"@type":"ListItem","position":2,"name":"Aposentados t\u00eam at\u00e9 14 de fevereiro para reaver dinheiro descontado indevidamente ou podem perder tudo"}]},{"@type":"WebSite","@id":"https:\/\/www.em.com.br\/emfoco\/#website","url":"https:\/\/www.em.com.br\/emfoco\/","name":"Estado de Minas - Em foco","description":"Acompanhe as \u00faltimas not\u00edcias e fique bem informado sobre tudo o que acontece em Minas Gerais, Brasil e no mundo.","potentialAction":[{"@type":"SearchAction","target":{"@type":"EntryPoint","urlTemplate":"https:\/\/www.em.com.br\/emfoco\/?s={search_term_string}"},"query-input":{"@type":"PropertyValueSpecification","valueRequired":true,"valueName":"search_term_string"}}],"inLanguage":"pt-BR"},{"@type":"Person","@id":"https:\/\/www.em.com.br\/emfoco\/#\/schema\/person\/1c9ddeab18b98abeffef834667bcf08a","name":"Gabriel Martins","image":{"@type":"ImageObject","inLanguage":"pt-BR","@id":"https:\/\/www.em.com.br\/emfoco\/#\/schema\/person\/image\/","url":"https:\/\/secure.gravatar.com\/avatar\/f0f1e2efdfd88f1ad2cb08c5c2731e50?s=96&d=mm&r=g","contentUrl":"https:\/\/secure.gravatar.com\/avatar\/f0f1e2efdfd88f1ad2cb08c5c2731e50?s=96&d=mm&r=g","caption":"Gabriel Martins"},"sameAs":["https:\/\/www.em.com.br\/emfoco\/"],"url":"https:\/\/www.em.com.br\/emfoco\/author\/gabrielmartinsmyth\/"}]}},"_links":{"self":[{"href":"https:\/\/www.em.com.br\/emfoco\/wp-json\/wp\/v2\/posts\/152272","targetHints":{"allow":["GET"]}}],"collection":[{"href":"https:\/\/www.em.com.br\/emfoco\/wp-json\/wp\/v2\/posts"}],"about":[{"href":"https:\/\/www.em.com.br\/emfoco\/wp-json\/wp\/v2\/types\/post"}],"author":[{"embeddable":true,"href":"https:\/\/www.em.com.br\/emfoco\/wp-json\/wp\/v2\/users\/13"}],"replies":[{"embeddable":true,"href":"https:\/\/www.em.com.br\/emfoco\/wp-json\/wp\/v2\/comments?post=152272"}],"version-history":[{"count":1,"href":"https:\/\/www.em.com.br\/emfoco\/wp-json\/wp\/v2\/posts\/152272\/revisions"}],"predecessor-version":[{"id":152311,"href":"https:\/\/www.em.com.br\/emfoco\/wp-json\/wp\/v2\/posts\/152272\/revisions\/152311"}],"wp:featuredmedia":[{"embeddable":true,"href":"https:\/\/www.em.com.br\/emfoco\/wp-json\/wp\/v2\/media\/152307"}],"wp:attachment":[{"href":"https:\/\/www.em.com.br\/emfoco\/wp-json\/wp\/v2\/media?parent=152272"}],"wp:term":[{"taxonomy":"category","embeddable":true,"href":"https:\/\/www.em.com.br\/emfoco\/wp-json\/wp\/v2\/categories?post=152272"},{"taxonomy":"post_tag","embeddable":true,"href":"https:\/\/www.em.com.br\/emfoco\/wp-json\/wp\/v2\/tags?post=152272"}],"curies":[{"name":"wp","href":"https:\/\/api.w.org\/{rel}","templated":true}]}}