{"id":15199,"date":"2025-02-01T19:20:01","date_gmt":"2025-02-01T22:20:01","guid":{"rendered":"https:\/\/www.em.com.br\/emfoco\/?p=15199"},"modified":"2025-01-31T18:45:15","modified_gmt":"2025-01-31T21:45:15","slug":"paraiso-gelado-no-coracao-do-artico","status":"publish","type":"post","link":"https:\/\/www.em.com.br\/emfoco\/2025\/02\/01\/paraiso-gelado-no-coracao-do-artico\/","title":{"rendered":"Para\u00edso gelado no cora\u00e7\u00e3o do \u00c1rtico"},"content":{"rendered":"\n<p><a href=\"https:\/\/pt.wikipedia.org\/wiki\/Svalbard\" target=\"_blank\" rel=\"noreferrer noopener\"><strong>Svalbard<\/strong><\/a>, um dos destinos mais setentrionais do mundo, \u00e9 muitas vezes <a href=\"https:\/\/www.em.com.br\/emfoco\/2025\/01\/30\/inss-2025-alteracoes-nas-datas-de-pagamento\/\" target=\"_blank\" rel=\"noreferrer noopener\">percebido <\/a>como um lugar de extremos. Localizado bem no <strong>C\u00edrculo Polar \u00c1rtico<\/strong>, este arquip\u00e9lago \u00e9 um lugar onde o sol nunca se p\u00f5e durante o ver\u00e3o e onde a escurid\u00e3o governa durante os meses de inverno. Com t\u00e3o poucos habitantes comparados \u00e0 sua popula\u00e7\u00e3o de ursos polares, Svalbard oferece um vislumbre \u00fanico da vida em condi\u00e7\u00f5es \u00e1rticas tanto para turistas como para seus residentes.<\/p>\n\n\n\n<p>A capital, <strong>Longyearbyen<\/strong>, \u00e9 not\u00e1vel por ser a cidade mais ao norte do mundo com uma infraestrutura consider\u00e1vel. O fato de n\u00e3o ser um lugar-comum \u00e9 evidenciado pelas precau\u00e7\u00f5es que seus habitantes devem tomar para se proteger dos ursos polares e pelas condi\u00e7\u00f5es extremas em que vivem. Apesar disso, o lugar \u00e9 rico em beleza natural e abrigos de biodiversidade do \u00c1rtico.<\/p>\n\n\n<div class=\"wp-block-image\">\n<figure class=\"aligncenter size-large\"><img loading=\"lazy\" decoding=\"async\" width=\"1024\" height=\"576\" src=\"https:\/\/www.em.com.br\/emfoco\/wp-content\/uploads\/2025\/02\/Svalbard_1738332014999-1024x576.jpg\" alt=\"Para\u00edso Gelado no Cora\u00e7\u00e3o do \u00c1rtico\" class=\"wp-image-15205\" srcset=\"https:\/\/www.em.com.br\/emfoco\/wp-content\/uploads\/2025\/02\/Svalbard_1738332014999-1024x576.jpg 1024w, https:\/\/www.em.com.br\/emfoco\/wp-content\/uploads\/2025\/02\/Svalbard_1738332014999-300x169.jpg 300w, https:\/\/www.em.com.br\/emfoco\/wp-content\/uploads\/2025\/02\/Svalbard_1738332014999-768x432.jpg 768w, https:\/\/www.em.com.br\/emfoco\/wp-content\/uploads\/2025\/02\/Svalbard_1738332014999-750x422.jpg 750w, https:\/\/www.em.com.br\/emfoco\/wp-content\/uploads\/2025\/02\/Svalbard_1738332014999-1140x641.jpg 1140w, https:\/\/www.em.com.br\/emfoco\/wp-content\/uploads\/2025\/02\/Svalbard_1738332014999.jpg 1280w\" sizes=\"auto, (max-width: 1024px) 100vw, 1024px\" \/><figcaption class=\"wp-element-caption\">Cr\u00e9ditos: depositphotos.com \/ Curioso_Travel_Photography<\/figcaption><\/figure><\/div>\n\n\n<h2 class=\"wp-block-heading\">Por que o Svalbard \u00e9 \u00danico?<\/h2>\n\n\n\n<p>Svalbard \u00e9 uma regi\u00e3o que combina uma paisagem congelante com comunidades humanas e animais, oferecendo um modelo fascinante de coexist\u00eancia \u00e1rtica. Se um visitante decide explorar \u00e1reas fora da capital, \u00e9 obrigat\u00f3rio carregar um rifle para prote\u00e7\u00e3o contra ursos polares, pois as incurs\u00f5es destes n\u00e3o s\u00e3o eventos raros. Este regulamento sublinha a proximidade e abund\u00e2ncia dos ursos em rela\u00e7\u00e3o aos humanos.<\/p>\n\n\n\n<p>A aus\u00eancia de estradas entre as cidades significa que muitos locais dependem de <strong>snowmobiles<\/strong>, que ultrapassam em n\u00famero a popula\u00e7\u00e3o humana. Al\u00e9m disso, as r\u00edgidas condi\u00e7\u00f5es clim\u00e1ticas contribuem para um fen\u00f4meno interessante: entre maio e julho, o sol n\u00e3o se p\u00f5e, e entre novembro e fevereiro, ele n\u00e3o aparece. Tal ambiente molda um estilo de vida singular que atrai aventureiros de todo o mundo.<\/p>\n\n\n\n<h2 class=\"wp-block-heading\">Quais as Curiosidades de Svalbard?<\/h2>\n\n\n\n<p>Embora seja um territ\u00f3rio noruegu\u00eas, Svalbard apresenta uma variedade cultural surpreendente, com habitantes de mais de 50 nacionalidades diferentes. Essa diversidade \u00e9 facilitada pelo fato de que n\u00e3o \u00e9 exigido visto para residentes. A presen\u00e7a russa em Svalbard \u00e9 especialmente marcante em cidades como <strong>Barentsburg<\/strong>, onde a est\u00e9tica sovi\u00e9tica ainda permanece evidente em pr\u00e9dios e monumentos.<\/p>\n\n\n\n<p>A aus\u00eancia de nascimentos e sepultamentos em Svalbard \u00e9 outro aspecto curioso. As condi\u00e7\u00f5es do solo n\u00e3o permitem a decomposi\u00e7\u00e3o normal, levando \u00e0 pr\u00e1tica de transferir parturientes e falecidos para outras regi\u00f5es. Dessa maneira, Svalbard \u00e9 um lugar onde a vida \u00e9 vivenciada de maneiras inusitadas.<\/p>\n\n\n\n<h2 class=\"wp-block-heading\">Quais s\u00e3o as Atra\u00e7\u00f5es e Atividades em Svalbard?<\/h2>\n\n\n\n<p>Svalbard \u00e9 um destino dos sonhos para os entusiastas da vida selvagem e das paisagens \u00e1rticas. A observa\u00e7\u00e3o dos ursos polares, raposas \u00e1rticas e outras esp\u00e9cies ex\u00f3ticas \u00e9 uma das principais atividades tur\u00edsticas. Al\u00e9m disso, o arquip\u00e9lago abriga o &#8220;<strong>Doomsday Vault<\/strong>&#8221; ou Cofre Global de Sementes, projetado para preservar sementes como uma salvaguarda contra desastres globais.<\/p>\n\n\n\n<p>Apesar da natureza in\u00f3spita, Svalbard oferece uma rica experi\u00eancia de ecoturismo. Os visitantes podem explorar as paisagens \u00e1rticas em excurs\u00f5es organizadas, que s\u00e3o essencialmente a \u00fanica forma segura de percorrer vastas \u00e1reas desertas. A popula\u00e7\u00e3o humana \u00e9 modesta, mas criativa, e os visitantes s\u00e3o recebidos com hospitalidade para descobrir as maravilhas desse ambiente natural extremo.<\/p>\n\n\n\n<h2 class=\"wp-block-heading\">Como Planejar uma Visita a Svalbard?<\/h2>\n\n\n\n<p>Para quem sonha em explorar o \u00c1rtico sem um alto custo, Svalbard pode ser um destino vi\u00e1vel. Acess\u00edvel a partir de um voo direto de <strong>Oslo<\/strong>, esta viagem oferece uma alternativa mais pr\u00e1tica e econ\u00f4mica \u00e0s viagens para a Ant\u00e1rtica. Entusiastas do gelo encontram em Svalbard um lugar que equilibra aventura e seguran\u00e7a em um cen\u00e1rio \u00fanico e encantador.<\/p>\n\n\n\n<p>Ao planejar uma viagem, \u00e9 essencial considerar as condi\u00e7\u00f5es sazonais e garantir excurs\u00f5es guiadas adequadas. A infraestrutura tur\u00edstica oferece tudo, desde aluguel de equipamentos de seguran\u00e7a, como rifles, at\u00e9 visitas guiadas a cidades mineiras abandonadas ou habitats naturais. Svalbard se revela um lugar impressionante tanto por sua beleza quanto pela resili\u00eancia que exige de seus moradores e visitantes.<\/p>\n","protected":false},"excerpt":{"rendered":"<p>Svalbard, um dos destinos mais setentrionais do mundo, \u00e9 muitas vezes percebido como um lugar de extremos. Localizado bem no C\u00edrculo Polar \u00c1rtico, este arquip\u00e9lago \u00e9 um lugar onde o sol nunca se p\u00f5e durante o ver\u00e3o e onde a escurid\u00e3o governa durante os meses de inverno. Com t\u00e3o poucos habitantes comparados \u00e0 sua popula\u00e7\u00e3o [&hellip;]<\/p>\n","protected":false},"author":7,"featured_media":15204,"comment_status":"open","ping_status":"open","sticky":false,"template":"","format":"standard","meta":{"jnews-multi-image_gallery":[],"jnews_single_post":{"format":"standard"},"jnews_primary_category":[],"jnews_social_meta":[],"jnews_override_counter":[],"footnotes":""},"categories":[26],"tags":[4455,4462,310,4461],"class_list":["post-15199","post","type-post","status-publish","format-standard","has-post-thumbnail","hentry","category-cidades","tag-alaska","tag-artico","tag-cidade","tag-svalbard"],"yoast_head":"<!-- This site is optimized with the Yoast SEO plugin v23.8 - https:\/\/yoast.com\/wordpress\/plugins\/seo\/ -->\n<title>Para\u00edso gelado no cora\u00e7\u00e3o do \u00c1rtico - Estado de Minas - Em foco<\/title>\n<meta name=\"description\" content=\"Descubra a magia de Svalbard! Paisagens deslumbrantes, vida selvagem \u00fanica e a aurora boreal te esperam nesse para\u00edso gelado.\" \/>\n<meta name=\"robots\" content=\"index, follow, max-snippet:-1, max-image-preview:large, max-video-preview:-1\" \/>\n<link rel=\"canonical\" href=\"https:\/\/www.em.com.br\/emfoco\/2025\/02\/01\/paraiso-gelado-no-coracao-do-artico\/\" \/>\n<meta property=\"og:locale\" content=\"pt_BR\" \/>\n<meta property=\"og:type\" content=\"article\" \/>\n<meta property=\"og:title\" content=\"Para\u00edso gelado no cora\u00e7\u00e3o do \u00c1rtico - Estado de Minas - Em foco\" \/>\n<meta property=\"og:description\" content=\"Descubra a magia de Svalbard! Paisagens deslumbrantes, vida selvagem \u00fanica e a aurora boreal te esperam nesse para\u00edso gelado.\" \/>\n<meta property=\"og:url\" content=\"https:\/\/www.em.com.br\/emfoco\/2025\/02\/01\/paraiso-gelado-no-coracao-do-artico\/\" \/>\n<meta property=\"og:site_name\" content=\"Estado de Minas - Em foco\" \/>\n<meta property=\"article:published_time\" content=\"2025-02-01T22:20:01+00:00\" \/>\n<meta property=\"article:modified_time\" content=\"2025-01-31T21:45:15+00:00\" \/>\n<meta property=\"og:image\" content=\"https:\/\/www.em.com.br\/emfoco\/wp-content\/uploads\/2025\/02\/Svalbard_1738331953863.jpg\" \/>\n\t<meta property=\"og:image:width\" content=\"1280\" \/>\n\t<meta property=\"og:image:height\" content=\"720\" \/>\n\t<meta property=\"og:image:type\" content=\"image\/jpeg\" \/>\n<meta name=\"author\" content=\"Kelvin\" \/>\n<meta name=\"twitter:card\" content=\"summary_large_image\" \/>\n<meta name=\"twitter:label1\" content=\"Escrito por\" \/>\n\t<meta name=\"twitter:data1\" content=\"Kelvin\" \/>\n\t<meta name=\"twitter:label2\" content=\"Est. tempo de leitura\" \/>\n\t<meta name=\"twitter:data2\" content=\"4 minutos\" \/>\n<!-- \/ Yoast SEO plugin. -->","yoast_head_json":{"title":"Para\u00edso gelado no cora\u00e7\u00e3o do \u00c1rtico - Estado de Minas - Em foco","description":"Descubra a magia de Svalbard! Paisagens deslumbrantes, vida selvagem \u00fanica e a aurora boreal te esperam nesse para\u00edso gelado.","robots":{"index":"index","follow":"follow","max-snippet":"max-snippet:-1","max-image-preview":"max-image-preview:large","max-video-preview":"max-video-preview:-1"},"canonical":"https:\/\/www.em.com.br\/emfoco\/2025\/02\/01\/paraiso-gelado-no-coracao-do-artico\/","og_locale":"pt_BR","og_type":"article","og_title":"Para\u00edso gelado no cora\u00e7\u00e3o do \u00c1rtico - Estado de Minas - Em foco","og_description":"Descubra a magia de Svalbard! Paisagens deslumbrantes, vida selvagem \u00fanica e a aurora boreal te esperam nesse para\u00edso gelado.","og_url":"https:\/\/www.em.com.br\/emfoco\/2025\/02\/01\/paraiso-gelado-no-coracao-do-artico\/","og_site_name":"Estado de Minas - Em foco","article_published_time":"2025-02-01T22:20:01+00:00","article_modified_time":"2025-01-31T21:45:15+00:00","og_image":[{"width":1280,"height":720,"url":"https:\/\/www.em.com.br\/emfoco\/wp-content\/uploads\/2025\/02\/Svalbard_1738331953863.jpg","type":"image\/jpeg"}],"author":"Kelvin","twitter_card":"summary_large_image","twitter_misc":{"Escrito por":"Kelvin","Est. tempo de leitura":"4 minutos"},"schema":{"@context":"https:\/\/schema.org","@graph":[{"@type":"WebPage","@id":"https:\/\/www.em.com.br\/emfoco\/2025\/02\/01\/paraiso-gelado-no-coracao-do-artico\/","url":"https:\/\/www.em.com.br\/emfoco\/2025\/02\/01\/paraiso-gelado-no-coracao-do-artico\/","name":"Para\u00edso gelado no cora\u00e7\u00e3o do \u00c1rtico - Estado de Minas - Em foco","isPartOf":{"@id":"https:\/\/www.em.com.br\/emfoco\/#website"},"primaryImageOfPage":{"@id":"https:\/\/www.em.com.br\/emfoco\/2025\/02\/01\/paraiso-gelado-no-coracao-do-artico\/#primaryimage"},"image":{"@id":"https:\/\/www.em.com.br\/emfoco\/2025\/02\/01\/paraiso-gelado-no-coracao-do-artico\/#primaryimage"},"thumbnailUrl":"https:\/\/www.em.com.br\/emfoco\/wp-content\/uploads\/2025\/02\/Svalbard_1738331953863.jpg","datePublished":"2025-02-01T22:20:01+00:00","dateModified":"2025-01-31T21:45:15+00:00","author":{"@id":"https:\/\/www.em.com.br\/emfoco\/#\/schema\/person\/fb0a7f48c6fbb94b83f413a80f61917d"},"description":"Descubra a magia de Svalbard! Paisagens deslumbrantes, vida selvagem \u00fanica e a aurora boreal te esperam nesse para\u00edso gelado.","breadcrumb":{"@id":"https:\/\/www.em.com.br\/emfoco\/2025\/02\/01\/paraiso-gelado-no-coracao-do-artico\/#breadcrumb"},"inLanguage":"pt-BR","potentialAction":[{"@type":"ReadAction","target":["https:\/\/www.em.com.br\/emfoco\/2025\/02\/01\/paraiso-gelado-no-coracao-do-artico\/"]}]},{"@type":"ImageObject","inLanguage":"pt-BR","@id":"https:\/\/www.em.com.br\/emfoco\/2025\/02\/01\/paraiso-gelado-no-coracao-do-artico\/#primaryimage","url":"https:\/\/www.em.com.br\/emfoco\/wp-content\/uploads\/2025\/02\/Svalbard_1738331953863.jpg","contentUrl":"https:\/\/www.em.com.br\/emfoco\/wp-content\/uploads\/2025\/02\/Svalbard_1738331953863.jpg","width":1280,"height":720,"caption":"Svalbard - Cr\u00e9ditos: depositphotos.com \/ erectus"},{"@type":"BreadcrumbList","@id":"https:\/\/www.em.com.br\/emfoco\/2025\/02\/01\/paraiso-gelado-no-coracao-do-artico\/#breadcrumb","itemListElement":[{"@type":"ListItem","position":1,"name":"In\u00edcio","item":"https:\/\/www.em.com.br\/emfoco\/"},{"@type":"ListItem","position":2,"name":"Para\u00edso gelado no cora\u00e7\u00e3o do \u00c1rtico"}]},{"@type":"WebSite","@id":"https:\/\/www.em.com.br\/emfoco\/#website","url":"https:\/\/www.em.com.br\/emfoco\/","name":"Estado de Minas - Em foco","description":"Acompanhe as \u00faltimas not\u00edcias e fique bem informado sobre tudo o que acontece em Minas Gerais, Brasil e no mundo.","potentialAction":[{"@type":"SearchAction","target":{"@type":"EntryPoint","urlTemplate":"https:\/\/www.em.com.br\/emfoco\/?s={search_term_string}"},"query-input":{"@type":"PropertyValueSpecification","valueRequired":true,"valueName":"search_term_string"}}],"inLanguage":"pt-BR"},{"@type":"Person","@id":"https:\/\/www.em.com.br\/emfoco\/#\/schema\/person\/fb0a7f48c6fbb94b83f413a80f61917d","name":"Kelvin","image":{"@type":"ImageObject","inLanguage":"pt-BR","@id":"https:\/\/www.em.com.br\/emfoco\/#\/schema\/person\/image\/","url":"https:\/\/secure.gravatar.com\/avatar\/e74f84337e6bf6c4c5e88fbdffa05270?s=96&d=mm&r=g","contentUrl":"https:\/\/secure.gravatar.com\/avatar\/e74f84337e6bf6c4c5e88fbdffa05270?s=96&d=mm&r=g","caption":"Kelvin"},"sameAs":["https:\/\/www.em.com.br\/emfoco"],"url":"https:\/\/www.em.com.br\/emfoco\/author\/kelvinmyth\/"}]}},"_links":{"self":[{"href":"https:\/\/www.em.com.br\/emfoco\/wp-json\/wp\/v2\/posts\/15199","targetHints":{"allow":["GET"]}}],"collection":[{"href":"https:\/\/www.em.com.br\/emfoco\/wp-json\/wp\/v2\/posts"}],"about":[{"href":"https:\/\/www.em.com.br\/emfoco\/wp-json\/wp\/v2\/types\/post"}],"author":[{"embeddable":true,"href":"https:\/\/www.em.com.br\/emfoco\/wp-json\/wp\/v2\/users\/7"}],"replies":[{"embeddable":true,"href":"https:\/\/www.em.com.br\/emfoco\/wp-json\/wp\/v2\/comments?post=15199"}],"version-history":[{"count":4,"href":"https:\/\/www.em.com.br\/emfoco\/wp-json\/wp\/v2\/posts\/15199\/revisions"}],"predecessor-version":[{"id":15481,"href":"https:\/\/www.em.com.br\/emfoco\/wp-json\/wp\/v2\/posts\/15199\/revisions\/15481"}],"wp:featuredmedia":[{"embeddable":true,"href":"https:\/\/www.em.com.br\/emfoco\/wp-json\/wp\/v2\/media\/15204"}],"wp:attachment":[{"href":"https:\/\/www.em.com.br\/emfoco\/wp-json\/wp\/v2\/media?parent=15199"}],"wp:term":[{"taxonomy":"category","embeddable":true,"href":"https:\/\/www.em.com.br\/emfoco\/wp-json\/wp\/v2\/categories?post=15199"},{"taxonomy":"post_tag","embeddable":true,"href":"https:\/\/www.em.com.br\/emfoco\/wp-json\/wp\/v2\/tags?post=15199"}],"curies":[{"name":"wp","href":"https:\/\/api.w.org\/{rel}","templated":true}]}}